{"id":64094,"date":"2023-01-16T21:11:01","date_gmt":"2023-01-17T02:11:01","guid":{"rendered":"https:\/\/pagina10.com\/web\/?p=64094"},"modified":"2023-01-16T21:11:01","modified_gmt":"2023-01-17T02:11:01","slug":"representante-a-la-camara-eleva-solicitudes-al-presidente-petro-para-buscar-salida-a-la-crisis-que-atraviesa-narino","status":"publish","type":"post","link":"https:\/\/pagina10.com\/web\/representante-a-la-camara-eleva-solicitudes-al-presidente-petro-para-buscar-salida-a-la-crisis-que-atraviesa-narino\/","title":{"rendered":"Representante a la C\u00e1mara eleva solicitudes al presidente Petro para buscar salida a la crisis que atraviesa Nari\u00f1o"},"content":{"rendered":"<p style=\"text-align: justify;\">En carta dirigida al presidente Gustavo Petro, la representante a la C\u00e1mara Ruth Caicedo expuso once propuestas a trav\u00e9s de las cuales se logre mitigar la crisis registrada en el departamento de Nari\u00f1o tras el cierre de la v\u00eda Panamericana que ya complet\u00f3 siete d\u00edas.<\/p>\n<p style=\"text-align: justify;\">Entre ellas se destaca la declaratoria de estado de emergencia econ\u00f3mica, social y ecol\u00f3gica para todo el departamento as\u00ed como la exenci\u00f3n tributaria transitoria de IVA para alimentos, calzado, prendas de vestir, materiales de construcci\u00f3n, electrodom\u00e9sticos y gasodom\u00e9sticos, incluidos los cilindros para gas necesarios para el funcionamiento de estos \u00faltimos.<\/p>\n<p style=\"text-align: justify;\">As\u00ed mismo, propuso la exenci\u00f3n de impuestos para insumos adquiridos por las fuerzas militares para atender la emergencia y establecer periodos de gracia para el pago de obligaciones tributarias o permitir el pago a cuotas. Adem\u00e1s de articular con el sector financiero una l\u00ednea de alivios como periodos de gracia para empresarios que tengan obligaciones y no puedan cancelarlas.<\/p>\n<p style=\"text-align: justify;\">En cuanto al ingreso de insumos por la frontera, pidi\u00f3 establecer un acuerdo bilateral con Ecuador que permita el flujo de mercanc\u00edas libres de fletes e impuestos entre las zonas de frontera de los dos pa\u00edses, principalmente para alimentos, gasolina, medicinas entre otros art\u00edculos esenciales.<\/p>\n<p style=\"text-align: justify;\">Sumado a ello, la creaci\u00f3n de una l\u00ednea de cr\u00e9dito a cargo del Banco de Primer piso Bancoldex para empresarios del departamento que les permita financiarse durante la emergencia, esta l\u00ednea de cr\u00e9dito preferiblemente debe ser a una tasa de inter\u00e9s m\u00ednima, incluso 0%.<\/p>\n<p style=\"text-align: justify;\">Articular con las Cajas de Compensaci\u00f3n que operan en el departamento la entrega de ayudas a las personas que se encuentran adscritas a las mismas como mercados, bonos monetarios entre otros, es otra de las propuestas.<\/p>\n<p style=\"text-align: justify;\">Sumado a la autorizaci\u00f3n del env\u00edo y salida de carga hacia el departamento por v\u00eda a\u00e9rea utilizando el recientemente remodelado aeropuerto de Ipiales, y si la situaci\u00f3n no permite el aterrizaje de aviones de gran magnitud al aeropuerto, iniciar conversaciones con el Gobierno del Ecuador para que permita utilizar el aeropuerto de Tulc\u00e1n, en ese pa\u00eds vecino.<\/p>\n<p style=\"text-align: justify;\">Aprovechar el puerto de Tumaco, para que de manera fluvial se pueda suministrar los insumos necesarios por la poblaci\u00f3n e Iniciar medidas para evitar p\u00e9rdida de vidas en zonas con peligro de desastres ambientales causantes por la ola invernal\u201d, son sus dos \u00faltimas propuestas.<\/p>\n<p style=\"text-align: justify;\">\u201cTodas estas medidas y las que usted considere pertinentes van a ser de gran ayuda para mi departamento y su poblaci\u00f3n que se est\u00e1 viendo gravemente afectada\u201d, se\u00f1al\u00f3 la representante.<\/p>\n","protected":false},"excerpt":{"rendered":"<p>En carta dirigida al presidente Gustavo Petro, la representante a la C\u00e1mara Ruth Caicedo expuso once propuestas a trav\u00e9s de las cuales se logre mitigar la crisis registrada en el departamento de Nari\u00f1o tras el cierre de la v\u00eda Panamericana que ya complet\u00f3 siete d\u00edas. Entre ellas se destaca la declaratoria de estado de emergencia [&hellip;]<\/p>\n","protected":false},"author":1,"featured_media":64095,"comment_status":"open","ping_status":"open","sticky":false,"template":"","format":"standard","meta":{"footnotes":""},"categories":[84],"tags":[],"class_list":["post-64094","post","type-post","status-publish","format-standard","has-post-thumbnail","hentry","category-global-2"],"yoast_head":"<!-- This site is optimized with the Yoast SEO plugin v27.1.1 - https:\/\/yoast.com\/product\/yoast-seo-wordpress\/ -->\n<title>Representante a la C\u00e1mara eleva solicitudes al presidente Petro para buscar salida a la crisis que atraviesa Nari\u00f1o | P\u00e1gina10<\/title>\n<meta name=\"robots\" content=\"index, follow, max-snippet:-1, max-image-preview:large, max-video-preview:-1\" \/>\n<link rel=\"canonical\" href=\"https:\/\/pagina10.com\/web\/representante-a-la-camara-eleva-solicitudes-al-presidente-petro-para-buscar-salida-a-la-crisis-que-atraviesa-narino\/\" \/>\n<meta property=\"og:locale\" content=\"es_ES\" \/>\n<meta property=\"og:type\" content=\"article\" \/>\n<meta property=\"og:title\" content=\"Representante a la C\u00e1mara eleva solicitudes al presidente Petro para buscar salida a la crisis que atraviesa Nari\u00f1o | P\u00e1gina10\" \/>\n<meta property=\"og:description\" content=\"En carta dirigida al presidente Gustavo Petro, la representante a la C\u00e1mara Ruth Caicedo expuso once propuestas a trav\u00e9s de las cuales se logre mitigar la crisis registrada en el departamento de Nari\u00f1o tras el cierre de la v\u00eda Panamericana que ya complet\u00f3 siete d\u00edas. Entre ellas se destaca la declaratoria de estado de emergencia [&hellip;]\" \/>\n<meta property=\"og:url\" content=\"https:\/\/pagina10.com\/web\/representante-a-la-camara-eleva-solicitudes-al-presidente-petro-para-buscar-salida-a-la-crisis-que-atraviesa-narino\/\" \/>\n<meta property=\"og:site_name\" content=\"P\u00e1gina10\" \/>\n<meta property=\"article:publisher\" content=\"https:\/\/www.facebook.com\/pag10com\" \/>\n<meta property=\"article:published_time\" content=\"2023-01-17T02:11:01+00:00\" \/>\n<meta property=\"og:image\" content=\"https:\/\/pagina10.com\/web\/wp-content\/uploads\/2023\/01\/325666429_2574629689359377_8536553971097030447_n.jpg\" \/>\n\t<meta property=\"og:image:width\" content=\"2048\" \/>\n\t<meta property=\"og:image:height\" content=\"1366\" \/>\n\t<meta property=\"og:image:type\" content=\"image\/jpeg\" \/>\n<meta name=\"author\" content=\"P\u00e1gina 10\" \/>\n<meta name=\"twitter:card\" content=\"summary_large_image\" \/>\n<meta name=\"twitter:creator\" content=\"@Pag10com\" \/>\n<meta name=\"twitter:site\" content=\"@Pag10com\" \/>\n<meta name=\"twitter:label1\" content=\"Escrito por\" \/>\n\t<meta name=\"twitter:data1\" content=\"P\u00e1gina 10\" \/>\n\t<meta name=\"twitter:label2\" content=\"Tiempo de lectura\" \/>\n\t<meta name=\"twitter:data2\" content=\"2 minutos\" \/>\n<script type=\"application\/ld+json\" class=\"yoast-schema-graph\">{\"@context\":\"https:\/\/schema.org\",\"@graph\":[{\"@type\":\"Article\",\"@id\":\"https:\/\/pagina10.com\/web\/representante-a-la-camara-eleva-solicitudes-al-presidente-petro-para-buscar-salida-a-la-crisis-que-atraviesa-narino\/#article\",\"isPartOf\":{\"@id\":\"https:\/\/pagina10.com\/web\/representante-a-la-camara-eleva-solicitudes-al-presidente-petro-para-buscar-salida-a-la-crisis-que-atraviesa-narino\/\"},\"author\":{\"name\":\"P\u00e1gina 10\",\"@id\":\"https:\/\/pagina10.com\/web\/#\/schema\/person\/2efc4a090d25b667d3bc796798a3a81b\"},\"headline\":\"Representante a la C\u00e1mara eleva solicitudes al presidente Petro para buscar salida a la crisis que atraviesa Nari\u00f1o\",\"datePublished\":\"2023-01-17T02:11:01+00:00\",\"mainEntityOfPage\":{\"@id\":\"https:\/\/pagina10.com\/web\/representante-a-la-camara-eleva-solicitudes-al-presidente-petro-para-buscar-salida-a-la-crisis-que-atraviesa-narino\/\"},\"wordCount\":465,\"commentCount\":0,\"publisher\":{\"@id\":\"https:\/\/pagina10.com\/web\/#organization\"},\"image\":{\"@id\":\"https:\/\/pagina10.com\/web\/representante-a-la-camara-eleva-solicitudes-al-presidente-petro-para-buscar-salida-a-la-crisis-que-atraviesa-narino\/#primaryimage\"},\"thumbnailUrl\":\"https:\/\/pagina10.com\/web\/wp-content\/uploads\/2023\/01\/325666429_2574629689359377_8536553971097030447_n.jpg\",\"articleSection\":[\"Global\"],\"inLanguage\":\"es\",\"potentialAction\":[{\"@type\":\"CommentAction\",\"name\":\"Comment\",\"target\":[\"https:\/\/pagina10.com\/web\/representante-a-la-camara-eleva-solicitudes-al-presidente-petro-para-buscar-salida-a-la-crisis-que-atraviesa-narino\/#respond\"]}]},{\"@type\":\"WebPage\",\"@id\":\"https:\/\/pagina10.com\/web\/representante-a-la-camara-eleva-solicitudes-al-presidente-petro-para-buscar-salida-a-la-crisis-que-atraviesa-narino\/\",\"url\":\"https:\/\/pagina10.com\/web\/representante-a-la-camara-eleva-solicitudes-al-presidente-petro-para-buscar-salida-a-la-crisis-que-atraviesa-narino\/\",\"name\":\"Representante a la C\u00e1mara eleva solicitudes al presidente Petro para buscar salida a la crisis que atraviesa Nari\u00f1o | P\u00e1gina10\",\"isPartOf\":{\"@id\":\"https:\/\/pagina10.com\/web\/#website\"},\"primaryImageOfPage\":{\"@id\":\"https:\/\/pagina10.com\/web\/representante-a-la-camara-eleva-solicitudes-al-presidente-petro-para-buscar-salida-a-la-crisis-que-atraviesa-narino\/#primaryimage\"},\"image\":{\"@id\":\"https:\/\/pagina10.com\/web\/representante-a-la-camara-eleva-solicitudes-al-presidente-petro-para-buscar-salida-a-la-crisis-que-atraviesa-narino\/#primaryimage\"},\"thumbnailUrl\":\"https:\/\/pagina10.com\/web\/wp-content\/uploads\/2023\/01\/325666429_2574629689359377_8536553971097030447_n.jpg\",\"datePublished\":\"2023-01-17T02:11:01+00:00\",\"breadcrumb\":{\"@id\":\"https:\/\/pagina10.com\/web\/representante-a-la-camara-eleva-solicitudes-al-presidente-petro-para-buscar-salida-a-la-crisis-que-atraviesa-narino\/#breadcrumb\"},\"inLanguage\":\"es\",\"potentialAction\":[{\"@type\":\"ReadAction\",\"target\":[\"https:\/\/pagina10.com\/web\/representante-a-la-camara-eleva-solicitudes-al-presidente-petro-para-buscar-salida-a-la-crisis-que-atraviesa-narino\/\"]}]},{\"@type\":\"ImageObject\",\"inLanguage\":\"es\",\"@id\":\"https:\/\/pagina10.com\/web\/representante-a-la-camara-eleva-solicitudes-al-presidente-petro-para-buscar-salida-a-la-crisis-que-atraviesa-narino\/#primaryimage\",\"url\":\"https:\/\/pagina10.com\/web\/wp-content\/uploads\/2023\/01\/325666429_2574629689359377_8536553971097030447_n.jpg\",\"contentUrl\":\"https:\/\/pagina10.com\/web\/wp-content\/uploads\/2023\/01\/325666429_2574629689359377_8536553971097030447_n.jpg\",\"width\":2048,\"height\":1366},{\"@type\":\"BreadcrumbList\",\"@id\":\"https:\/\/pagina10.com\/web\/representante-a-la-camara-eleva-solicitudes-al-presidente-petro-para-buscar-salida-a-la-crisis-que-atraviesa-narino\/#breadcrumb\",\"itemListElement\":[{\"@type\":\"ListItem\",\"position\":1,\"name\":\"Portada\",\"item\":\"https:\/\/pagina10.com\/web\/\"},{\"@type\":\"ListItem\",\"position\":2,\"name\":\"Representante a la C\u00e1mara eleva solicitudes al presidente Petro para buscar salida a la crisis que atraviesa Nari\u00f1o\"}]},{\"@type\":\"WebSite\",\"@id\":\"https:\/\/pagina10.com\/web\/#website\",\"url\":\"https:\/\/pagina10.com\/web\/\",\"name\":\"P\u00e1gina10\",\"description\":\"Peri\u00f3dico Regional\",\"publisher\":{\"@id\":\"https:\/\/pagina10.com\/web\/#organization\"},\"alternateName\":\"P\u00e1gina10 Peri\u00f3dico Regional\",\"potentialAction\":[{\"@type\":\"SearchAction\",\"target\":{\"@type\":\"EntryPoint\",\"urlTemplate\":\"https:\/\/pagina10.com\/web\/?s={search_term_string}\"},\"query-input\":{\"@type\":\"PropertyValueSpecification\",\"valueRequired\":true,\"valueName\":\"search_term_string\"}}],\"inLanguage\":\"es\"},{\"@type\":\"Organization\",\"@id\":\"https:\/\/pagina10.com\/web\/#organization\",\"name\":\"P\u00e1gina10\",\"alternateName\":\"P\u00e1gina10 Peri\u00f3dico Regional\",\"url\":\"https:\/\/pagina10.com\/web\/\",\"logo\":{\"@type\":\"ImageObject\",\"inLanguage\":\"es\",\"@id\":\"https:\/\/pagina10.com\/web\/#\/schema\/logo\/image\/\",\"url\":\"https:\/\/pagina10.com\/web\/wp-content\/uploads\/2024\/01\/40-pagina-10-periodico-regional-pasto.jpg\",\"contentUrl\":\"https:\/\/pagina10.com\/web\/wp-content\/uploads\/2024\/01\/40-pagina-10-periodico-regional-pasto.jpg\",\"width\":1280,\"height\":720,\"caption\":\"P\u00e1gina10\"},\"image\":{\"@id\":\"https:\/\/pagina10.com\/web\/#\/schema\/logo\/image\/\"},\"sameAs\":[\"https:\/\/www.facebook.com\/pag10com\",\"https:\/\/x.com\/Pag10com\",\"https:\/\/www.instagram.com\/pagina10col\/\",\"https:\/\/youtube.com\/channel\/pag10\",\"https:\/\/www.tiktok.com\/@p10col\"]},{\"@type\":\"Person\",\"@id\":\"https:\/\/pagina10.com\/web\/#\/schema\/person\/2efc4a090d25b667d3bc796798a3a81b\",\"name\":\"P\u00e1gina 10\",\"description\":\"P\u00e1gina 10 es un peri\u00f3dico regional que nace en Colombia, en el departamento de Nari\u00f1o, con un enfoque global, fundamentado en cuatro pilares esenciales: la libertad, el pluralismo, la inclusi\u00f3n y la independencia. P\u00e1gina 10 hace referencia a Nari\u00f1o como el d\u00e9cimo departamento creado en Colombia, despu\u00e9s de un proceso pol\u00edtico liderado por actores y actrices regionales con el fin de obtener la independencia y autonom\u00eda de nuestros territorios. Con la creaci\u00f3n de P\u00e1gina 10 se pretende abrir un escenario para el dialogo, la reflexi\u00f3n y el debate que se extienda a otras geograf\u00edas de Am\u00e9rica Latina y del planeta, en una apuesta por transformar colectivamente los desaf\u00edos de un mundo contempor\u00e1neo, m\u00e1s all\u00e1 de las fronteras impuestas.\",\"url\":\"https:\/\/pagina10.com\/web\/author\/pdiezadmin\/\"}]}<\/script>\n<!-- \/ Yoast SEO plugin. -->","yoast_head_json":{"title":"Representante a la C\u00e1mara eleva solicitudes al presidente Petro para buscar salida a la crisis que atraviesa Nari\u00f1o | P\u00e1gina10","robots":{"index":"index","follow":"follow","max-snippet":"max-snippet:-1","max-image-preview":"max-image-preview:large","max-video-preview":"max-video-preview:-1"},"canonical":"https:\/\/pagina10.com\/web\/representante-a-la-camara-eleva-solicitudes-al-presidente-petro-para-buscar-salida-a-la-crisis-que-atraviesa-narino\/","og_locale":"es_ES","og_type":"article","og_title":"Representante a la C\u00e1mara eleva solicitudes al presidente Petro para buscar salida a la crisis que atraviesa Nari\u00f1o | P\u00e1gina10","og_description":"En carta dirigida al presidente Gustavo Petro, la representante a la C\u00e1mara Ruth Caicedo expuso once propuestas a trav\u00e9s de las cuales se logre mitigar la crisis registrada en el departamento de Nari\u00f1o tras el cierre de la v\u00eda Panamericana que ya complet\u00f3 siete d\u00edas. Entre ellas se destaca la declaratoria de estado de emergencia [&hellip;]","og_url":"https:\/\/pagina10.com\/web\/representante-a-la-camara-eleva-solicitudes-al-presidente-petro-para-buscar-salida-a-la-crisis-que-atraviesa-narino\/","og_site_name":"P\u00e1gina10","article_publisher":"https:\/\/www.facebook.com\/pag10com","article_published_time":"2023-01-17T02:11:01+00:00","og_image":[{"width":2048,"height":1366,"url":"https:\/\/pagina10.com\/web\/wp-content\/uploads\/2023\/01\/325666429_2574629689359377_8536553971097030447_n.jpg","type":"image\/jpeg"}],"author":"P\u00e1gina 10","twitter_card":"summary_large_image","twitter_creator":"@Pag10com","twitter_site":"@Pag10com","twitter_misc":{"Escrito por":"P\u00e1gina 10","Tiempo de lectura":"2 minutos"},"schema":{"@context":"https:\/\/schema.org","@graph":[{"@type":"Article","@id":"https:\/\/pagina10.com\/web\/representante-a-la-camara-eleva-solicitudes-al-presidente-petro-para-buscar-salida-a-la-crisis-que-atraviesa-narino\/#article","isPartOf":{"@id":"https:\/\/pagina10.com\/web\/representante-a-la-camara-eleva-solicitudes-al-presidente-petro-para-buscar-salida-a-la-crisis-que-atraviesa-narino\/"},"author":{"name":"P\u00e1gina 10","@id":"https:\/\/pagina10.com\/web\/#\/schema\/person\/2efc4a090d25b667d3bc796798a3a81b"},"headline":"Representante a la C\u00e1mara eleva solicitudes al presidente Petro para buscar salida a la crisis que atraviesa Nari\u00f1o","datePublished":"2023-01-17T02:11:01+00:00","mainEntityOfPage":{"@id":"https:\/\/pagina10.com\/web\/representante-a-la-camara-eleva-solicitudes-al-presidente-petro-para-buscar-salida-a-la-crisis-que-atraviesa-narino\/"},"wordCount":465,"commentCount":0,"publisher":{"@id":"https:\/\/pagina10.com\/web\/#organization"},"image":{"@id":"https:\/\/pagina10.com\/web\/representante-a-la-camara-eleva-solicitudes-al-presidente-petro-para-buscar-salida-a-la-crisis-que-atraviesa-narino\/#primaryimage"},"thumbnailUrl":"https:\/\/pagina10.com\/web\/wp-content\/uploads\/2023\/01\/325666429_2574629689359377_8536553971097030447_n.jpg","articleSection":["Global"],"inLanguage":"es","potentialAction":[{"@type":"CommentAction","name":"Comment","target":["https:\/\/pagina10.com\/web\/representante-a-la-camara-eleva-solicitudes-al-presidente-petro-para-buscar-salida-a-la-crisis-que-atraviesa-narino\/#respond"]}]},{"@type":"WebPage","@id":"https:\/\/pagina10.com\/web\/representante-a-la-camara-eleva-solicitudes-al-presidente-petro-para-buscar-salida-a-la-crisis-que-atraviesa-narino\/","url":"https:\/\/pagina10.com\/web\/representante-a-la-camara-eleva-solicitudes-al-presidente-petro-para-buscar-salida-a-la-crisis-que-atraviesa-narino\/","name":"Representante a la C\u00e1mara eleva solicitudes al presidente Petro para buscar salida a la crisis que atraviesa Nari\u00f1o | P\u00e1gina10","isPartOf":{"@id":"https:\/\/pagina10.com\/web\/#website"},"primaryImageOfPage":{"@id":"https:\/\/pagina10.com\/web\/representante-a-la-camara-eleva-solicitudes-al-presidente-petro-para-buscar-salida-a-la-crisis-que-atraviesa-narino\/#primaryimage"},"image":{"@id":"https:\/\/pagina10.com\/web\/representante-a-la-camara-eleva-solicitudes-al-presidente-petro-para-buscar-salida-a-la-crisis-que-atraviesa-narino\/#primaryimage"},"thumbnailUrl":"https:\/\/pagina10.com\/web\/wp-content\/uploads\/2023\/01\/325666429_2574629689359377_8536553971097030447_n.jpg","datePublished":"2023-01-17T02:11:01+00:00","breadcrumb":{"@id":"https:\/\/pagina10.com\/web\/representante-a-la-camara-eleva-solicitudes-al-presidente-petro-para-buscar-salida-a-la-crisis-que-atraviesa-narino\/#breadcrumb"},"inLanguage":"es","potentialAction":[{"@type":"ReadAction","target":["https:\/\/pagina10.com\/web\/representante-a-la-camara-eleva-solicitudes-al-presidente-petro-para-buscar-salida-a-la-crisis-que-atraviesa-narino\/"]}]},{"@type":"ImageObject","inLanguage":"es","@id":"https:\/\/pagina10.com\/web\/representante-a-la-camara-eleva-solicitudes-al-presidente-petro-para-buscar-salida-a-la-crisis-que-atraviesa-narino\/#primaryimage","url":"https:\/\/pagina10.com\/web\/wp-content\/uploads\/2023\/01\/325666429_2574629689359377_8536553971097030447_n.jpg","contentUrl":"https:\/\/pagina10.com\/web\/wp-content\/uploads\/2023\/01\/325666429_2574629689359377_8536553971097030447_n.jpg","width":2048,"height":1366},{"@type":"BreadcrumbList","@id":"https:\/\/pagina10.com\/web\/representante-a-la-camara-eleva-solicitudes-al-presidente-petro-para-buscar-salida-a-la-crisis-que-atraviesa-narino\/#breadcrumb","itemListElement":[{"@type":"ListItem","position":1,"name":"Portada","item":"https:\/\/pagina10.com\/web\/"},{"@type":"ListItem","position":2,"name":"Representante a la C\u00e1mara eleva solicitudes al presidente Petro para buscar salida a la crisis que atraviesa Nari\u00f1o"}]},{"@type":"WebSite","@id":"https:\/\/pagina10.com\/web\/#website","url":"https:\/\/pagina10.com\/web\/","name":"P\u00e1gina10","description":"Peri\u00f3dico Regional","publisher":{"@id":"https:\/\/pagina10.com\/web\/#organization"},"alternateName":"P\u00e1gina10 Peri\u00f3dico Regional","potentialAction":[{"@type":"SearchAction","target":{"@type":"EntryPoint","urlTemplate":"https:\/\/pagina10.com\/web\/?s={search_term_string}"},"query-input":{"@type":"PropertyValueSpecification","valueRequired":true,"valueName":"search_term_string"}}],"inLanguage":"es"},{"@type":"Organization","@id":"https:\/\/pagina10.com\/web\/#organization","name":"P\u00e1gina10","alternateName":"P\u00e1gina10 Peri\u00f3dico Regional","url":"https:\/\/pagina10.com\/web\/","logo":{"@type":"ImageObject","inLanguage":"es","@id":"https:\/\/pagina10.com\/web\/#\/schema\/logo\/image\/","url":"https:\/\/pagina10.com\/web\/wp-content\/uploads\/2024\/01\/40-pagina-10-periodico-regional-pasto.jpg","contentUrl":"https:\/\/pagina10.com\/web\/wp-content\/uploads\/2024\/01\/40-pagina-10-periodico-regional-pasto.jpg","width":1280,"height":720,"caption":"P\u00e1gina10"},"image":{"@id":"https:\/\/pagina10.com\/web\/#\/schema\/logo\/image\/"},"sameAs":["https:\/\/www.facebook.com\/pag10com","https:\/\/x.com\/Pag10com","https:\/\/www.instagram.com\/pagina10col\/","https:\/\/youtube.com\/channel\/pag10","https:\/\/www.tiktok.com\/@p10col"]},{"@type":"Person","@id":"https:\/\/pagina10.com\/web\/#\/schema\/person\/2efc4a090d25b667d3bc796798a3a81b","name":"P\u00e1gina 10","description":"P\u00e1gina 10 es un peri\u00f3dico regional que nace en Colombia, en el departamento de Nari\u00f1o, con un enfoque global, fundamentado en cuatro pilares esenciales: la libertad, el pluralismo, la inclusi\u00f3n y la independencia. P\u00e1gina 10 hace referencia a Nari\u00f1o como el d\u00e9cimo departamento creado en Colombia, despu\u00e9s de un proceso pol\u00edtico liderado por actores y actrices regionales con el fin de obtener la independencia y autonom\u00eda de nuestros territorios. Con la creaci\u00f3n de P\u00e1gina 10 se pretende abrir un escenario para el dialogo, la reflexi\u00f3n y el debate que se extienda a otras geograf\u00edas de Am\u00e9rica Latina y del planeta, en una apuesta por transformar colectivamente los desaf\u00edos de un mundo contempor\u00e1neo, m\u00e1s all\u00e1 de las fronteras impuestas.","url":"https:\/\/pagina10.com\/web\/author\/pdiezadmin\/"}]}},"_links":{"self":[{"href":"https:\/\/pagina10.com\/web\/wp-json\/wp\/v2\/posts\/64094","targetHints":{"allow":["GET"]}}],"collection":[{"href":"https:\/\/pagina10.com\/web\/wp-json\/wp\/v2\/posts"}],"about":[{"href":"https:\/\/pagina10.com\/web\/wp-json\/wp\/v2\/types\/post"}],"author":[{"embeddable":true,"href":"https:\/\/pagina10.com\/web\/wp-json\/wp\/v2\/users\/1"}],"replies":[{"embeddable":true,"href":"https:\/\/pagina10.com\/web\/wp-json\/wp\/v2\/comments?post=64094"}],"version-history":[{"count":1,"href":"https:\/\/pagina10.com\/web\/wp-json\/wp\/v2\/posts\/64094\/revisions"}],"predecessor-version":[{"id":64096,"href":"https:\/\/pagina10.com\/web\/wp-json\/wp\/v2\/posts\/64094\/revisions\/64096"}],"wp:featuredmedia":[{"embeddable":true,"href":"https:\/\/pagina10.com\/web\/wp-json\/wp\/v2\/media\/64095"}],"wp:attachment":[{"href":"https:\/\/pagina10.com\/web\/wp-json\/wp\/v2\/media?parent=64094"}],"wp:term":[{"taxonomy":"category","embeddable":true,"href":"https:\/\/pagina10.com\/web\/wp-json\/wp\/v2\/categories?post=64094"},{"taxonomy":"post_tag","embeddable":true,"href":"https:\/\/pagina10.com\/web\/wp-json\/wp\/v2\/tags?post=64094"}],"curies":[{"name":"wp","href":"https:\/\/api.w.org\/{rel}","templated":true}]}}