{"id":64102,"date":"2023-01-16T22:46:32","date_gmt":"2023-01-17T03:46:32","guid":{"rendered":"https:\/\/pagina10.com\/web\/?p=64102"},"modified":"2023-01-16T22:46:32","modified_gmt":"2023-01-17T03:46:32","slug":"presidente-petro-indico-que-concesiones-que-suban-precios-de-peajes-pueden-ser-sancionadas","status":"publish","type":"post","link":"https:\/\/pagina10.com\/web\/presidente-petro-indico-que-concesiones-que-suban-precios-de-peajes-pueden-ser-sancionadas\/","title":{"rendered":"Presidente Petro indic\u00f3 que concesiones que suban precios de peajes pueden ser sancionadas"},"content":{"rendered":"<p style=\"text-align: justify;\">\u201cLas concesiones que eleven tarifas de peaje sin autorizaci\u00f3n del gobierno ser\u00e1n sancionadas por la superintendencia\u201d, con este trino el presidente Gustavo Petro rechaz\u00f3 la medida tomada por al menos 75 concesiones que en todo el pa\u00eds, incluyendo Nari\u00f1o, aumentaron los costos de los peajes.<\/p>\n<p style=\"text-align: justify;\">Cabe mencionar que el Gobierno Nacional expidi\u00f3 el 15 de enero el Decreto 0050 de 2023, mediante el cual orden\u00f3 no incrementar las tarifas de peaje a veh\u00edculos que crucen por las 143 estaciones a cargo del Instituto Nacional de V\u00edas (Inv\u00edas) y de la Agencia Nacional de Infraestructura (ANI), ubicadas a lo largo del territorio nacional.<\/p>\n<p style=\"text-align: justify;\">Sin embargo, en varios peajes el incremento se hizo efectivo desde hoy y Nari\u00f1o no estuvo exento de esa determinaci\u00f3n, a pesar de la crisis que afronta debido al cierre de la v\u00eda Panamericana. En peajes como el de El Placer el precio pas\u00f3 de $12.300 a $17.000 para veh\u00edculos peque\u00f1os.<\/p>\n<p style=\"text-align: justify;\">Frente a lo ocurrido, algunas concesiones a trav\u00e9s de comunicados advirtieron que estaban en la obligaci\u00f3n de hacer los incrementos y este lunes amanecieron con nuevas tablas de tarifas. De esta manera, expusieron que la raz\u00f3n principal de que se haya presentado el alza en los precios de los peajes, es que no hacen parte de la Agencia Nacional de Infraestructura (ANI) ni del Inv\u00edas, sino que son operados por concesiones, es decir que son privados y por tanto pod\u00edan realizar dicho incremento.<\/p>\n","protected":false},"excerpt":{"rendered":"<p>\u201cLas concesiones que eleven tarifas de peaje sin autorizaci\u00f3n del gobierno ser\u00e1n sancionadas por la superintendencia\u201d, con este trino el presidente Gustavo Petro rechaz\u00f3 la medida tomada por al menos 75 concesiones que en todo el pa\u00eds, incluyendo Nari\u00f1o, aumentaron los costos de los peajes. Cabe mencionar que el Gobierno Nacional expidi\u00f3 el 15 de [&hellip;]<\/p>\n","protected":false},"author":1,"featured_media":64103,"comment_status":"open","ping_status":"open","sticky":false,"template":"","format":"standard","meta":{"footnotes":""},"categories":[84],"tags":[],"class_list":["post-64102","post","type-post","status-publish","format-standard","has-post-thumbnail","hentry","category-global-2"],"yoast_head":"<!-- This site is optimized with the Yoast SEO plugin v27.1.1 - https:\/\/yoast.com\/product\/yoast-seo-wordpress\/ -->\n<title>Presidente Petro indic\u00f3 que concesiones que suban precios de peajes pueden ser sancionadas | P\u00e1gina10<\/title>\n<meta name=\"robots\" content=\"index, follow, max-snippet:-1, max-image-preview:large, max-video-preview:-1\" \/>\n<link rel=\"canonical\" href=\"https:\/\/pagina10.com\/web\/presidente-petro-indico-que-concesiones-que-suban-precios-de-peajes-pueden-ser-sancionadas\/\" \/>\n<meta property=\"og:locale\" content=\"es_ES\" \/>\n<meta property=\"og:type\" content=\"article\" \/>\n<meta property=\"og:title\" content=\"Presidente Petro indic\u00f3 que concesiones que suban precios de peajes pueden ser sancionadas | P\u00e1gina10\" \/>\n<meta property=\"og:description\" content=\"\u201cLas concesiones que eleven tarifas de peaje sin autorizaci\u00f3n del gobierno ser\u00e1n sancionadas por la superintendencia\u201d, con este trino el presidente Gustavo Petro rechaz\u00f3 la medida tomada por al menos 75 concesiones que en todo el pa\u00eds, incluyendo Nari\u00f1o, aumentaron los costos de los peajes. Cabe mencionar que el Gobierno Nacional expidi\u00f3 el 15 de [&hellip;]\" \/>\n<meta property=\"og:url\" content=\"https:\/\/pagina10.com\/web\/presidente-petro-indico-que-concesiones-que-suban-precios-de-peajes-pueden-ser-sancionadas\/\" \/>\n<meta property=\"og:site_name\" content=\"P\u00e1gina10\" \/>\n<meta property=\"article:publisher\" content=\"https:\/\/www.facebook.com\/pag10com\" \/>\n<meta property=\"article:published_time\" content=\"2023-01-17T03:46:32+00:00\" \/>\n<meta property=\"og:image\" content=\"https:\/\/pagina10.com\/web\/wp-content\/uploads\/2023\/01\/pejae-01.jpg\" \/>\n\t<meta property=\"og:image:width\" content=\"2350\" \/>\n\t<meta property=\"og:image:height\" content=\"1429\" \/>\n\t<meta property=\"og:image:type\" content=\"image\/jpeg\" \/>\n<meta name=\"author\" content=\"P\u00e1gina 10\" \/>\n<meta name=\"twitter:card\" content=\"summary_large_image\" \/>\n<meta name=\"twitter:creator\" content=\"@Pag10com\" \/>\n<meta name=\"twitter:site\" content=\"@Pag10com\" \/>\n<meta name=\"twitter:label1\" content=\"Escrito por\" \/>\n\t<meta name=\"twitter:data1\" content=\"P\u00e1gina 10\" \/>\n\t<meta name=\"twitter:label2\" content=\"Tiempo de lectura\" \/>\n\t<meta name=\"twitter:data2\" content=\"1 minuto\" \/>\n<script type=\"application\/ld+json\" class=\"yoast-schema-graph\">{\"@context\":\"https:\/\/schema.org\",\"@graph\":[{\"@type\":\"Article\",\"@id\":\"https:\/\/pagina10.com\/web\/presidente-petro-indico-que-concesiones-que-suban-precios-de-peajes-pueden-ser-sancionadas\/#article\",\"isPartOf\":{\"@id\":\"https:\/\/pagina10.com\/web\/presidente-petro-indico-que-concesiones-que-suban-precios-de-peajes-pueden-ser-sancionadas\/\"},\"author\":{\"name\":\"P\u00e1gina 10\",\"@id\":\"https:\/\/pagina10.com\/web\/#\/schema\/person\/2efc4a090d25b667d3bc796798a3a81b\"},\"headline\":\"Presidente Petro indic\u00f3 que concesiones que suban precios de peajes pueden ser sancionadas\",\"datePublished\":\"2023-01-17T03:46:32+00:00\",\"mainEntityOfPage\":{\"@id\":\"https:\/\/pagina10.com\/web\/presidente-petro-indico-que-concesiones-que-suban-precios-de-peajes-pueden-ser-sancionadas\/\"},\"wordCount\":259,\"commentCount\":0,\"publisher\":{\"@id\":\"https:\/\/pagina10.com\/web\/#organization\"},\"image\":{\"@id\":\"https:\/\/pagina10.com\/web\/presidente-petro-indico-que-concesiones-que-suban-precios-de-peajes-pueden-ser-sancionadas\/#primaryimage\"},\"thumbnailUrl\":\"https:\/\/pagina10.com\/web\/wp-content\/uploads\/2023\/01\/pejae-01.jpg\",\"articleSection\":[\"Global\"],\"inLanguage\":\"es\",\"potentialAction\":[{\"@type\":\"CommentAction\",\"name\":\"Comment\",\"target\":[\"https:\/\/pagina10.com\/web\/presidente-petro-indico-que-concesiones-que-suban-precios-de-peajes-pueden-ser-sancionadas\/#respond\"]}]},{\"@type\":\"WebPage\",\"@id\":\"https:\/\/pagina10.com\/web\/presidente-petro-indico-que-concesiones-que-suban-precios-de-peajes-pueden-ser-sancionadas\/\",\"url\":\"https:\/\/pagina10.com\/web\/presidente-petro-indico-que-concesiones-que-suban-precios-de-peajes-pueden-ser-sancionadas\/\",\"name\":\"Presidente Petro indic\u00f3 que concesiones que suban precios de peajes pueden ser sancionadas | P\u00e1gina10\",\"isPartOf\":{\"@id\":\"https:\/\/pagina10.com\/web\/#website\"},\"primaryImageOfPage\":{\"@id\":\"https:\/\/pagina10.com\/web\/presidente-petro-indico-que-concesiones-que-suban-precios-de-peajes-pueden-ser-sancionadas\/#primaryimage\"},\"image\":{\"@id\":\"https:\/\/pagina10.com\/web\/presidente-petro-indico-que-concesiones-que-suban-precios-de-peajes-pueden-ser-sancionadas\/#primaryimage\"},\"thumbnailUrl\":\"https:\/\/pagina10.com\/web\/wp-content\/uploads\/2023\/01\/pejae-01.jpg\",\"datePublished\":\"2023-01-17T03:46:32+00:00\",\"breadcrumb\":{\"@id\":\"https:\/\/pagina10.com\/web\/presidente-petro-indico-que-concesiones-que-suban-precios-de-peajes-pueden-ser-sancionadas\/#breadcrumb\"},\"inLanguage\":\"es\",\"potentialAction\":[{\"@type\":\"ReadAction\",\"target\":[\"https:\/\/pagina10.com\/web\/presidente-petro-indico-que-concesiones-que-suban-precios-de-peajes-pueden-ser-sancionadas\/\"]}]},{\"@type\":\"ImageObject\",\"inLanguage\":\"es\",\"@id\":\"https:\/\/pagina10.com\/web\/presidente-petro-indico-que-concesiones-que-suban-precios-de-peajes-pueden-ser-sancionadas\/#primaryimage\",\"url\":\"https:\/\/pagina10.com\/web\/wp-content\/uploads\/2023\/01\/pejae-01.jpg\",\"contentUrl\":\"https:\/\/pagina10.com\/web\/wp-content\/uploads\/2023\/01\/pejae-01.jpg\",\"width\":2350,\"height\":1429},{\"@type\":\"BreadcrumbList\",\"@id\":\"https:\/\/pagina10.com\/web\/presidente-petro-indico-que-concesiones-que-suban-precios-de-peajes-pueden-ser-sancionadas\/#breadcrumb\",\"itemListElement\":[{\"@type\":\"ListItem\",\"position\":1,\"name\":\"Portada\",\"item\":\"https:\/\/pagina10.com\/web\/\"},{\"@type\":\"ListItem\",\"position\":2,\"name\":\"Presidente Petro indic\u00f3 que concesiones que suban precios de peajes pueden ser sancionadas\"}]},{\"@type\":\"WebSite\",\"@id\":\"https:\/\/pagina10.com\/web\/#website\",\"url\":\"https:\/\/pagina10.com\/web\/\",\"name\":\"P\u00e1gina10\",\"description\":\"Peri\u00f3dico Regional\",\"publisher\":{\"@id\":\"https:\/\/pagina10.com\/web\/#organization\"},\"alternateName\":\"P\u00e1gina10 Peri\u00f3dico Regional\",\"potentialAction\":[{\"@type\":\"SearchAction\",\"target\":{\"@type\":\"EntryPoint\",\"urlTemplate\":\"https:\/\/pagina10.com\/web\/?s={search_term_string}\"},\"query-input\":{\"@type\":\"PropertyValueSpecification\",\"valueRequired\":true,\"valueName\":\"search_term_string\"}}],\"inLanguage\":\"es\"},{\"@type\":\"Organization\",\"@id\":\"https:\/\/pagina10.com\/web\/#organization\",\"name\":\"P\u00e1gina10\",\"alternateName\":\"P\u00e1gina10 Peri\u00f3dico Regional\",\"url\":\"https:\/\/pagina10.com\/web\/\",\"logo\":{\"@type\":\"ImageObject\",\"inLanguage\":\"es\",\"@id\":\"https:\/\/pagina10.com\/web\/#\/schema\/logo\/image\/\",\"url\":\"https:\/\/pagina10.com\/web\/wp-content\/uploads\/2024\/01\/40-pagina-10-periodico-regional-pasto.jpg\",\"contentUrl\":\"https:\/\/pagina10.com\/web\/wp-content\/uploads\/2024\/01\/40-pagina-10-periodico-regional-pasto.jpg\",\"width\":1280,\"height\":720,\"caption\":\"P\u00e1gina10\"},\"image\":{\"@id\":\"https:\/\/pagina10.com\/web\/#\/schema\/logo\/image\/\"},\"sameAs\":[\"https:\/\/www.facebook.com\/pag10com\",\"https:\/\/x.com\/Pag10com\",\"https:\/\/www.instagram.com\/pagina10col\/\",\"https:\/\/youtube.com\/channel\/pag10\",\"https:\/\/www.tiktok.com\/@p10col\"]},{\"@type\":\"Person\",\"@id\":\"https:\/\/pagina10.com\/web\/#\/schema\/person\/2efc4a090d25b667d3bc796798a3a81b\",\"name\":\"P\u00e1gina 10\",\"description\":\"P\u00e1gina 10 es un peri\u00f3dico regional que nace en Colombia, en el departamento de Nari\u00f1o, con un enfoque global, fundamentado en cuatro pilares esenciales: la libertad, el pluralismo, la inclusi\u00f3n y la independencia. P\u00e1gina 10 hace referencia a Nari\u00f1o como el d\u00e9cimo departamento creado en Colombia, despu\u00e9s de un proceso pol\u00edtico liderado por actores y actrices regionales con el fin de obtener la independencia y autonom\u00eda de nuestros territorios. Con la creaci\u00f3n de P\u00e1gina 10 se pretende abrir un escenario para el dialogo, la reflexi\u00f3n y el debate que se extienda a otras geograf\u00edas de Am\u00e9rica Latina y del planeta, en una apuesta por transformar colectivamente los desaf\u00edos de un mundo contempor\u00e1neo, m\u00e1s all\u00e1 de las fronteras impuestas.\",\"url\":\"https:\/\/pagina10.com\/web\/author\/pdiezadmin\/\"}]}<\/script>\n<!-- \/ Yoast SEO plugin. -->","yoast_head_json":{"title":"Presidente Petro indic\u00f3 que concesiones que suban precios de peajes pueden ser sancionadas | P\u00e1gina10","robots":{"index":"index","follow":"follow","max-snippet":"max-snippet:-1","max-image-preview":"max-image-preview:large","max-video-preview":"max-video-preview:-1"},"canonical":"https:\/\/pagina10.com\/web\/presidente-petro-indico-que-concesiones-que-suban-precios-de-peajes-pueden-ser-sancionadas\/","og_locale":"es_ES","og_type":"article","og_title":"Presidente Petro indic\u00f3 que concesiones que suban precios de peajes pueden ser sancionadas | P\u00e1gina10","og_description":"\u201cLas concesiones que eleven tarifas de peaje sin autorizaci\u00f3n del gobierno ser\u00e1n sancionadas por la superintendencia\u201d, con este trino el presidente Gustavo Petro rechaz\u00f3 la medida tomada por al menos 75 concesiones que en todo el pa\u00eds, incluyendo Nari\u00f1o, aumentaron los costos de los peajes. Cabe mencionar que el Gobierno Nacional expidi\u00f3 el 15 de [&hellip;]","og_url":"https:\/\/pagina10.com\/web\/presidente-petro-indico-que-concesiones-que-suban-precios-de-peajes-pueden-ser-sancionadas\/","og_site_name":"P\u00e1gina10","article_publisher":"https:\/\/www.facebook.com\/pag10com","article_published_time":"2023-01-17T03:46:32+00:00","og_image":[{"width":2350,"height":1429,"url":"https:\/\/pagina10.com\/web\/wp-content\/uploads\/2023\/01\/pejae-01.jpg","type":"image\/jpeg"}],"author":"P\u00e1gina 10","twitter_card":"summary_large_image","twitter_creator":"@Pag10com","twitter_site":"@Pag10com","twitter_misc":{"Escrito por":"P\u00e1gina 10","Tiempo de lectura":"1 minuto"},"schema":{"@context":"https:\/\/schema.org","@graph":[{"@type":"Article","@id":"https:\/\/pagina10.com\/web\/presidente-petro-indico-que-concesiones-que-suban-precios-de-peajes-pueden-ser-sancionadas\/#article","isPartOf":{"@id":"https:\/\/pagina10.com\/web\/presidente-petro-indico-que-concesiones-que-suban-precios-de-peajes-pueden-ser-sancionadas\/"},"author":{"name":"P\u00e1gina 10","@id":"https:\/\/pagina10.com\/web\/#\/schema\/person\/2efc4a090d25b667d3bc796798a3a81b"},"headline":"Presidente Petro indic\u00f3 que concesiones que suban precios de peajes pueden ser sancionadas","datePublished":"2023-01-17T03:46:32+00:00","mainEntityOfPage":{"@id":"https:\/\/pagina10.com\/web\/presidente-petro-indico-que-concesiones-que-suban-precios-de-peajes-pueden-ser-sancionadas\/"},"wordCount":259,"commentCount":0,"publisher":{"@id":"https:\/\/pagina10.com\/web\/#organization"},"image":{"@id":"https:\/\/pagina10.com\/web\/presidente-petro-indico-que-concesiones-que-suban-precios-de-peajes-pueden-ser-sancionadas\/#primaryimage"},"thumbnailUrl":"https:\/\/pagina10.com\/web\/wp-content\/uploads\/2023\/01\/pejae-01.jpg","articleSection":["Global"],"inLanguage":"es","potentialAction":[{"@type":"CommentAction","name":"Comment","target":["https:\/\/pagina10.com\/web\/presidente-petro-indico-que-concesiones-que-suban-precios-de-peajes-pueden-ser-sancionadas\/#respond"]}]},{"@type":"WebPage","@id":"https:\/\/pagina10.com\/web\/presidente-petro-indico-que-concesiones-que-suban-precios-de-peajes-pueden-ser-sancionadas\/","url":"https:\/\/pagina10.com\/web\/presidente-petro-indico-que-concesiones-que-suban-precios-de-peajes-pueden-ser-sancionadas\/","name":"Presidente Petro indic\u00f3 que concesiones que suban precios de peajes pueden ser sancionadas | P\u00e1gina10","isPartOf":{"@id":"https:\/\/pagina10.com\/web\/#website"},"primaryImageOfPage":{"@id":"https:\/\/pagina10.com\/web\/presidente-petro-indico-que-concesiones-que-suban-precios-de-peajes-pueden-ser-sancionadas\/#primaryimage"},"image":{"@id":"https:\/\/pagina10.com\/web\/presidente-petro-indico-que-concesiones-que-suban-precios-de-peajes-pueden-ser-sancionadas\/#primaryimage"},"thumbnailUrl":"https:\/\/pagina10.com\/web\/wp-content\/uploads\/2023\/01\/pejae-01.jpg","datePublished":"2023-01-17T03:46:32+00:00","breadcrumb":{"@id":"https:\/\/pagina10.com\/web\/presidente-petro-indico-que-concesiones-que-suban-precios-de-peajes-pueden-ser-sancionadas\/#breadcrumb"},"inLanguage":"es","potentialAction":[{"@type":"ReadAction","target":["https:\/\/pagina10.com\/web\/presidente-petro-indico-que-concesiones-que-suban-precios-de-peajes-pueden-ser-sancionadas\/"]}]},{"@type":"ImageObject","inLanguage":"es","@id":"https:\/\/pagina10.com\/web\/presidente-petro-indico-que-concesiones-que-suban-precios-de-peajes-pueden-ser-sancionadas\/#primaryimage","url":"https:\/\/pagina10.com\/web\/wp-content\/uploads\/2023\/01\/pejae-01.jpg","contentUrl":"https:\/\/pagina10.com\/web\/wp-content\/uploads\/2023\/01\/pejae-01.jpg","width":2350,"height":1429},{"@type":"BreadcrumbList","@id":"https:\/\/pagina10.com\/web\/presidente-petro-indico-que-concesiones-que-suban-precios-de-peajes-pueden-ser-sancionadas\/#breadcrumb","itemListElement":[{"@type":"ListItem","position":1,"name":"Portada","item":"https:\/\/pagina10.com\/web\/"},{"@type":"ListItem","position":2,"name":"Presidente Petro indic\u00f3 que concesiones que suban precios de peajes pueden ser sancionadas"}]},{"@type":"WebSite","@id":"https:\/\/pagina10.com\/web\/#website","url":"https:\/\/pagina10.com\/web\/","name":"P\u00e1gina10","description":"Peri\u00f3dico Regional","publisher":{"@id":"https:\/\/pagina10.com\/web\/#organization"},"alternateName":"P\u00e1gina10 Peri\u00f3dico Regional","potentialAction":[{"@type":"SearchAction","target":{"@type":"EntryPoint","urlTemplate":"https:\/\/pagina10.com\/web\/?s={search_term_string}"},"query-input":{"@type":"PropertyValueSpecification","valueRequired":true,"valueName":"search_term_string"}}],"inLanguage":"es"},{"@type":"Organization","@id":"https:\/\/pagina10.com\/web\/#organization","name":"P\u00e1gina10","alternateName":"P\u00e1gina10 Peri\u00f3dico Regional","url":"https:\/\/pagina10.com\/web\/","logo":{"@type":"ImageObject","inLanguage":"es","@id":"https:\/\/pagina10.com\/web\/#\/schema\/logo\/image\/","url":"https:\/\/pagina10.com\/web\/wp-content\/uploads\/2024\/01\/40-pagina-10-periodico-regional-pasto.jpg","contentUrl":"https:\/\/pagina10.com\/web\/wp-content\/uploads\/2024\/01\/40-pagina-10-periodico-regional-pasto.jpg","width":1280,"height":720,"caption":"P\u00e1gina10"},"image":{"@id":"https:\/\/pagina10.com\/web\/#\/schema\/logo\/image\/"},"sameAs":["https:\/\/www.facebook.com\/pag10com","https:\/\/x.com\/Pag10com","https:\/\/www.instagram.com\/pagina10col\/","https:\/\/youtube.com\/channel\/pag10","https:\/\/www.tiktok.com\/@p10col"]},{"@type":"Person","@id":"https:\/\/pagina10.com\/web\/#\/schema\/person\/2efc4a090d25b667d3bc796798a3a81b","name":"P\u00e1gina 10","description":"P\u00e1gina 10 es un peri\u00f3dico regional que nace en Colombia, en el departamento de Nari\u00f1o, con un enfoque global, fundamentado en cuatro pilares esenciales: la libertad, el pluralismo, la inclusi\u00f3n y la independencia. P\u00e1gina 10 hace referencia a Nari\u00f1o como el d\u00e9cimo departamento creado en Colombia, despu\u00e9s de un proceso pol\u00edtico liderado por actores y actrices regionales con el fin de obtener la independencia y autonom\u00eda de nuestros territorios. Con la creaci\u00f3n de P\u00e1gina 10 se pretende abrir un escenario para el dialogo, la reflexi\u00f3n y el debate que se extienda a otras geograf\u00edas de Am\u00e9rica Latina y del planeta, en una apuesta por transformar colectivamente los desaf\u00edos de un mundo contempor\u00e1neo, m\u00e1s all\u00e1 de las fronteras impuestas.","url":"https:\/\/pagina10.com\/web\/author\/pdiezadmin\/"}]}},"_links":{"self":[{"href":"https:\/\/pagina10.com\/web\/wp-json\/wp\/v2\/posts\/64102","targetHints":{"allow":["GET"]}}],"collection":[{"href":"https:\/\/pagina10.com\/web\/wp-json\/wp\/v2\/posts"}],"about":[{"href":"https:\/\/pagina10.com\/web\/wp-json\/wp\/v2\/types\/post"}],"author":[{"embeddable":true,"href":"https:\/\/pagina10.com\/web\/wp-json\/wp\/v2\/users\/1"}],"replies":[{"embeddable":true,"href":"https:\/\/pagina10.com\/web\/wp-json\/wp\/v2\/comments?post=64102"}],"version-history":[{"count":1,"href":"https:\/\/pagina10.com\/web\/wp-json\/wp\/v2\/posts\/64102\/revisions"}],"predecessor-version":[{"id":64104,"href":"https:\/\/pagina10.com\/web\/wp-json\/wp\/v2\/posts\/64102\/revisions\/64104"}],"wp:featuredmedia":[{"embeddable":true,"href":"https:\/\/pagina10.com\/web\/wp-json\/wp\/v2\/media\/64103"}],"wp:attachment":[{"href":"https:\/\/pagina10.com\/web\/wp-json\/wp\/v2\/media?parent=64102"}],"wp:term":[{"taxonomy":"category","embeddable":true,"href":"https:\/\/pagina10.com\/web\/wp-json\/wp\/v2\/categories?post=64102"},{"taxonomy":"post_tag","embeddable":true,"href":"https:\/\/pagina10.com\/web\/wp-json\/wp\/v2\/tags?post=64102"}],"curies":[{"name":"wp","href":"https:\/\/api.w.org\/{rel}","templated":true}]}}