{"id":64105,"date":"2023-01-16T22:56:38","date_gmt":"2023-01-17T03:56:38","guid":{"rendered":"https:\/\/pagina10.com\/web\/?p=64105"},"modified":"2023-01-16T22:56:38","modified_gmt":"2023-01-17T03:56:38","slug":"jamas-aceptare-la-orden-de-captura-de-nuestro-ministro-velasquez-petro","status":"publish","type":"post","link":"https:\/\/pagina10.com\/web\/jamas-aceptare-la-orden-de-captura-de-nuestro-ministro-velasquez-petro\/","title":{"rendered":"\u201cJam\u00e1s aceptar\u00e9 la orden de captura de nuestro ministro Vel\u00e1squez\u201d: Petro"},"content":{"rendered":"<p style=\"text-align: justify;\">Ante el reciente se\u00f1alamiento hecho por la Fiscal\u00eda de Guatemala de iniciar acciones legales contra el ministro de Defensa de Colimba, Iv\u00e1n Vel\u00e1zquez, acusado de cometer \u201cactos ilegales y abusivos\u201d, cuando fue director de la Comisi\u00f3n Internacional contra la Impunidad de Guatemala (Cicig), el presidente Gustavo Petro sali\u00f3 en su defensa.<\/p>\n<p style=\"text-align: justify;\">Hace pocos minutos public\u00f3 el siguiente mensaje en su cuenta de Twitter. \u201cJam\u00e1s aceptar\u00e9 la orden de captura de nuestro ministro Vel\u00e1squez. Demostr\u00f3 luchar contra la corrupci\u00f3n y no permitiremos que la corrupci\u00f3n lo persiga. Nuestro embajador se llama inmediatamente a consulta\u201d.<\/p>\n<p style=\"text-align: justify;\">Cabe se\u00f1alar que Vel\u00e1squez es se\u00f1alado de permitir la aprobaci\u00f3n de acuerdos de cooperaci\u00f3n descritos por la Fiscal\u00eda de ese pa\u00eds como \u201can\u00f3malos\u201d. Dentro de las pesquisas, el fiscal tambi\u00e9n acusa a Vel\u00e1squez de tener relaciones \u201ccon dos directivos de la constructora Odebrecht en 2017\u201d.<\/p>\n<p style=\"text-align: justify;\">A su vez, el ministro public\u00f3 un comunicado donde indic\u00f3 \u201cno haber sido notificado de ning\u00fan requerimiento por parte de las autoridades de Guatemala\u201d. Adem\u00e1s, afirm\u00f3 tener la tranquilidad de haber adelantado un trabajo \u201ccon total transparencia y dentro del marco legal que amparaba el funcionamiento de la Comisi\u00f3n Internacional contra la Impunidad en Guatemala\u201d.<\/p>\n<p style=\"text-align: justify;\">Finalmente, expres\u00f3: \u201cmi compromiso con la transparencia, la justicia y la lucha contra la impunidad ha sido y seguir\u00e1 siendo la impronta de mis labores como servidor p\u00fablico y ahora como Ministro de Defensa Nacional\u201d.<\/p>\n","protected":false},"excerpt":{"rendered":"<p>Ante el reciente se\u00f1alamiento hecho por la Fiscal\u00eda de Guatemala de iniciar acciones legales contra el ministro de Defensa de Colimba, Iv\u00e1n Vel\u00e1zquez, acusado de cometer \u201cactos ilegales y abusivos\u201d, cuando fue director de la Comisi\u00f3n Internacional contra la Impunidad de Guatemala (Cicig), el presidente Gustavo Petro sali\u00f3 en su defensa. Hace pocos minutos public\u00f3 [&hellip;]<\/p>\n","protected":false},"author":1,"featured_media":64106,"comment_status":"open","ping_status":"open","sticky":false,"template":"","format":"standard","meta":{"footnotes":""},"categories":[84],"tags":[],"class_list":["post-64105","post","type-post","status-publish","format-standard","has-post-thumbnail","hentry","category-global-2"],"yoast_head":"<!-- This site is optimized with the Yoast SEO plugin v27.1.1 - https:\/\/yoast.com\/product\/yoast-seo-wordpress\/ -->\n<title>\u201cJam\u00e1s aceptar\u00e9 la orden de captura de nuestro ministro Vel\u00e1squez\u201d: Petro | P\u00e1gina10<\/title>\n<meta name=\"robots\" content=\"index, follow, max-snippet:-1, max-image-preview:large, max-video-preview:-1\" \/>\n<link rel=\"canonical\" href=\"https:\/\/pagina10.com\/web\/jamas-aceptare-la-orden-de-captura-de-nuestro-ministro-velasquez-petro\/\" \/>\n<meta property=\"og:locale\" content=\"es_ES\" \/>\n<meta property=\"og:type\" content=\"article\" \/>\n<meta property=\"og:title\" content=\"\u201cJam\u00e1s aceptar\u00e9 la orden de captura de nuestro ministro Vel\u00e1squez\u201d: Petro | P\u00e1gina10\" \/>\n<meta property=\"og:description\" content=\"Ante el reciente se\u00f1alamiento hecho por la Fiscal\u00eda de Guatemala de iniciar acciones legales contra el ministro de Defensa de Colimba, Iv\u00e1n Vel\u00e1zquez, acusado de cometer \u201cactos ilegales y abusivos\u201d, cuando fue director de la Comisi\u00f3n Internacional contra la Impunidad de Guatemala (Cicig), el presidente Gustavo Petro sali\u00f3 en su defensa. Hace pocos minutos public\u00f3 [&hellip;]\" \/>\n<meta property=\"og:url\" content=\"https:\/\/pagina10.com\/web\/jamas-aceptare-la-orden-de-captura-de-nuestro-ministro-velasquez-petro\/\" \/>\n<meta property=\"og:site_name\" content=\"P\u00e1gina10\" \/>\n<meta property=\"article:publisher\" content=\"https:\/\/www.facebook.com\/pag10com\" \/>\n<meta property=\"article:published_time\" content=\"2023-01-17T03:56:38+00:00\" \/>\n<meta property=\"og:image\" content=\"https:\/\/pagina10.com\/web\/wp-content\/uploads\/2023\/01\/LEKN55DR4NTSYPOMVXVXLBSMRQ.jpg\" \/>\n\t<meta property=\"og:image:width\" content=\"525\" \/>\n\t<meta property=\"og:image:height\" content=\"350\" \/>\n\t<meta property=\"og:image:type\" content=\"image\/jpeg\" \/>\n<meta name=\"author\" content=\"P\u00e1gina 10\" \/>\n<meta name=\"twitter:card\" content=\"summary_large_image\" \/>\n<meta name=\"twitter:creator\" content=\"@Pag10com\" \/>\n<meta name=\"twitter:site\" content=\"@Pag10com\" \/>\n<meta name=\"twitter:label1\" content=\"Escrito por\" \/>\n\t<meta name=\"twitter:data1\" content=\"P\u00e1gina 10\" \/>\n\t<meta name=\"twitter:label2\" content=\"Tiempo de lectura\" \/>\n\t<meta name=\"twitter:data2\" content=\"1 minuto\" \/>\n<script type=\"application\/ld+json\" class=\"yoast-schema-graph\">{\"@context\":\"https:\/\/schema.org\",\"@graph\":[{\"@type\":\"Article\",\"@id\":\"https:\/\/pagina10.com\/web\/jamas-aceptare-la-orden-de-captura-de-nuestro-ministro-velasquez-petro\/#article\",\"isPartOf\":{\"@id\":\"https:\/\/pagina10.com\/web\/jamas-aceptare-la-orden-de-captura-de-nuestro-ministro-velasquez-petro\/\"},\"author\":{\"name\":\"P\u00e1gina 10\",\"@id\":\"https:\/\/pagina10.com\/web\/#\/schema\/person\/2efc4a090d25b667d3bc796798a3a81b\"},\"headline\":\"\u201cJam\u00e1s aceptar\u00e9 la orden de captura de nuestro ministro Vel\u00e1squez\u201d: Petro\",\"datePublished\":\"2023-01-17T03:56:38+00:00\",\"mainEntityOfPage\":{\"@id\":\"https:\/\/pagina10.com\/web\/jamas-aceptare-la-orden-de-captura-de-nuestro-ministro-velasquez-petro\/\"},\"wordCount\":263,\"commentCount\":0,\"publisher\":{\"@id\":\"https:\/\/pagina10.com\/web\/#organization\"},\"image\":{\"@id\":\"https:\/\/pagina10.com\/web\/jamas-aceptare-la-orden-de-captura-de-nuestro-ministro-velasquez-petro\/#primaryimage\"},\"thumbnailUrl\":\"https:\/\/pagina10.com\/web\/wp-content\/uploads\/2023\/01\/LEKN55DR4NTSYPOMVXVXLBSMRQ.jpg\",\"articleSection\":[\"Global\"],\"inLanguage\":\"es\",\"potentialAction\":[{\"@type\":\"CommentAction\",\"name\":\"Comment\",\"target\":[\"https:\/\/pagina10.com\/web\/jamas-aceptare-la-orden-de-captura-de-nuestro-ministro-velasquez-petro\/#respond\"]}]},{\"@type\":\"WebPage\",\"@id\":\"https:\/\/pagina10.com\/web\/jamas-aceptare-la-orden-de-captura-de-nuestro-ministro-velasquez-petro\/\",\"url\":\"https:\/\/pagina10.com\/web\/jamas-aceptare-la-orden-de-captura-de-nuestro-ministro-velasquez-petro\/\",\"name\":\"\u201cJam\u00e1s aceptar\u00e9 la orden de captura de nuestro ministro Vel\u00e1squez\u201d: Petro | P\u00e1gina10\",\"isPartOf\":{\"@id\":\"https:\/\/pagina10.com\/web\/#website\"},\"primaryImageOfPage\":{\"@id\":\"https:\/\/pagina10.com\/web\/jamas-aceptare-la-orden-de-captura-de-nuestro-ministro-velasquez-petro\/#primaryimage\"},\"image\":{\"@id\":\"https:\/\/pagina10.com\/web\/jamas-aceptare-la-orden-de-captura-de-nuestro-ministro-velasquez-petro\/#primaryimage\"},\"thumbnailUrl\":\"https:\/\/pagina10.com\/web\/wp-content\/uploads\/2023\/01\/LEKN55DR4NTSYPOMVXVXLBSMRQ.jpg\",\"datePublished\":\"2023-01-17T03:56:38+00:00\",\"breadcrumb\":{\"@id\":\"https:\/\/pagina10.com\/web\/jamas-aceptare-la-orden-de-captura-de-nuestro-ministro-velasquez-petro\/#breadcrumb\"},\"inLanguage\":\"es\",\"potentialAction\":[{\"@type\":\"ReadAction\",\"target\":[\"https:\/\/pagina10.com\/web\/jamas-aceptare-la-orden-de-captura-de-nuestro-ministro-velasquez-petro\/\"]}]},{\"@type\":\"ImageObject\",\"inLanguage\":\"es\",\"@id\":\"https:\/\/pagina10.com\/web\/jamas-aceptare-la-orden-de-captura-de-nuestro-ministro-velasquez-petro\/#primaryimage\",\"url\":\"https:\/\/pagina10.com\/web\/wp-content\/uploads\/2023\/01\/LEKN55DR4NTSYPOMVXVXLBSMRQ.jpg\",\"contentUrl\":\"https:\/\/pagina10.com\/web\/wp-content\/uploads\/2023\/01\/LEKN55DR4NTSYPOMVXVXLBSMRQ.jpg\",\"width\":525,\"height\":350,\"caption\":\"Foto: Presidencia de la Rep\u00fablica\"},{\"@type\":\"BreadcrumbList\",\"@id\":\"https:\/\/pagina10.com\/web\/jamas-aceptare-la-orden-de-captura-de-nuestro-ministro-velasquez-petro\/#breadcrumb\",\"itemListElement\":[{\"@type\":\"ListItem\",\"position\":1,\"name\":\"Portada\",\"item\":\"https:\/\/pagina10.com\/web\/\"},{\"@type\":\"ListItem\",\"position\":2,\"name\":\"\u201cJam\u00e1s aceptar\u00e9 la orden de captura de nuestro ministro Vel\u00e1squez\u201d: Petro\"}]},{\"@type\":\"WebSite\",\"@id\":\"https:\/\/pagina10.com\/web\/#website\",\"url\":\"https:\/\/pagina10.com\/web\/\",\"name\":\"P\u00e1gina10\",\"description\":\"Peri\u00f3dico Regional\",\"publisher\":{\"@id\":\"https:\/\/pagina10.com\/web\/#organization\"},\"alternateName\":\"P\u00e1gina10 Peri\u00f3dico Regional\",\"potentialAction\":[{\"@type\":\"SearchAction\",\"target\":{\"@type\":\"EntryPoint\",\"urlTemplate\":\"https:\/\/pagina10.com\/web\/?s={search_term_string}\"},\"query-input\":{\"@type\":\"PropertyValueSpecification\",\"valueRequired\":true,\"valueName\":\"search_term_string\"}}],\"inLanguage\":\"es\"},{\"@type\":\"Organization\",\"@id\":\"https:\/\/pagina10.com\/web\/#organization\",\"name\":\"P\u00e1gina10\",\"alternateName\":\"P\u00e1gina10 Peri\u00f3dico Regional\",\"url\":\"https:\/\/pagina10.com\/web\/\",\"logo\":{\"@type\":\"ImageObject\",\"inLanguage\":\"es\",\"@id\":\"https:\/\/pagina10.com\/web\/#\/schema\/logo\/image\/\",\"url\":\"https:\/\/pagina10.com\/web\/wp-content\/uploads\/2024\/01\/40-pagina-10-periodico-regional-pasto.jpg\",\"contentUrl\":\"https:\/\/pagina10.com\/web\/wp-content\/uploads\/2024\/01\/40-pagina-10-periodico-regional-pasto.jpg\",\"width\":1280,\"height\":720,\"caption\":\"P\u00e1gina10\"},\"image\":{\"@id\":\"https:\/\/pagina10.com\/web\/#\/schema\/logo\/image\/\"},\"sameAs\":[\"https:\/\/www.facebook.com\/pag10com\",\"https:\/\/x.com\/Pag10com\",\"https:\/\/www.instagram.com\/pagina10col\/\",\"https:\/\/youtube.com\/channel\/pag10\",\"https:\/\/www.tiktok.com\/@p10col\"]},{\"@type\":\"Person\",\"@id\":\"https:\/\/pagina10.com\/web\/#\/schema\/person\/2efc4a090d25b667d3bc796798a3a81b\",\"name\":\"P\u00e1gina 10\",\"description\":\"P\u00e1gina 10 es un peri\u00f3dico regional que nace en Colombia, en el departamento de Nari\u00f1o, con un enfoque global, fundamentado en cuatro pilares esenciales: la libertad, el pluralismo, la inclusi\u00f3n y la independencia. P\u00e1gina 10 hace referencia a Nari\u00f1o como el d\u00e9cimo departamento creado en Colombia, despu\u00e9s de un proceso pol\u00edtico liderado por actores y actrices regionales con el fin de obtener la independencia y autonom\u00eda de nuestros territorios. Con la creaci\u00f3n de P\u00e1gina 10 se pretende abrir un escenario para el dialogo, la reflexi\u00f3n y el debate que se extienda a otras geograf\u00edas de Am\u00e9rica Latina y del planeta, en una apuesta por transformar colectivamente los desaf\u00edos de un mundo contempor\u00e1neo, m\u00e1s all\u00e1 de las fronteras impuestas.\",\"url\":\"https:\/\/pagina10.com\/web\/author\/pdiezadmin\/\"}]}<\/script>\n<!-- \/ Yoast SEO plugin. -->","yoast_head_json":{"title":"\u201cJam\u00e1s aceptar\u00e9 la orden de captura de nuestro ministro Vel\u00e1squez\u201d: Petro | P\u00e1gina10","robots":{"index":"index","follow":"follow","max-snippet":"max-snippet:-1","max-image-preview":"max-image-preview:large","max-video-preview":"max-video-preview:-1"},"canonical":"https:\/\/pagina10.com\/web\/jamas-aceptare-la-orden-de-captura-de-nuestro-ministro-velasquez-petro\/","og_locale":"es_ES","og_type":"article","og_title":"\u201cJam\u00e1s aceptar\u00e9 la orden de captura de nuestro ministro Vel\u00e1squez\u201d: Petro | P\u00e1gina10","og_description":"Ante el reciente se\u00f1alamiento hecho por la Fiscal\u00eda de Guatemala de iniciar acciones legales contra el ministro de Defensa de Colimba, Iv\u00e1n Vel\u00e1zquez, acusado de cometer \u201cactos ilegales y abusivos\u201d, cuando fue director de la Comisi\u00f3n Internacional contra la Impunidad de Guatemala (Cicig), el presidente Gustavo Petro sali\u00f3 en su defensa. Hace pocos minutos public\u00f3 [&hellip;]","og_url":"https:\/\/pagina10.com\/web\/jamas-aceptare-la-orden-de-captura-de-nuestro-ministro-velasquez-petro\/","og_site_name":"P\u00e1gina10","article_publisher":"https:\/\/www.facebook.com\/pag10com","article_published_time":"2023-01-17T03:56:38+00:00","og_image":[{"width":525,"height":350,"url":"https:\/\/pagina10.com\/web\/wp-content\/uploads\/2023\/01\/LEKN55DR4NTSYPOMVXVXLBSMRQ.jpg","type":"image\/jpeg"}],"author":"P\u00e1gina 10","twitter_card":"summary_large_image","twitter_creator":"@Pag10com","twitter_site":"@Pag10com","twitter_misc":{"Escrito por":"P\u00e1gina 10","Tiempo de lectura":"1 minuto"},"schema":{"@context":"https:\/\/schema.org","@graph":[{"@type":"Article","@id":"https:\/\/pagina10.com\/web\/jamas-aceptare-la-orden-de-captura-de-nuestro-ministro-velasquez-petro\/#article","isPartOf":{"@id":"https:\/\/pagina10.com\/web\/jamas-aceptare-la-orden-de-captura-de-nuestro-ministro-velasquez-petro\/"},"author":{"name":"P\u00e1gina 10","@id":"https:\/\/pagina10.com\/web\/#\/schema\/person\/2efc4a090d25b667d3bc796798a3a81b"},"headline":"\u201cJam\u00e1s aceptar\u00e9 la orden de captura de nuestro ministro Vel\u00e1squez\u201d: Petro","datePublished":"2023-01-17T03:56:38+00:00","mainEntityOfPage":{"@id":"https:\/\/pagina10.com\/web\/jamas-aceptare-la-orden-de-captura-de-nuestro-ministro-velasquez-petro\/"},"wordCount":263,"commentCount":0,"publisher":{"@id":"https:\/\/pagina10.com\/web\/#organization"},"image":{"@id":"https:\/\/pagina10.com\/web\/jamas-aceptare-la-orden-de-captura-de-nuestro-ministro-velasquez-petro\/#primaryimage"},"thumbnailUrl":"https:\/\/pagina10.com\/web\/wp-content\/uploads\/2023\/01\/LEKN55DR4NTSYPOMVXVXLBSMRQ.jpg","articleSection":["Global"],"inLanguage":"es","potentialAction":[{"@type":"CommentAction","name":"Comment","target":["https:\/\/pagina10.com\/web\/jamas-aceptare-la-orden-de-captura-de-nuestro-ministro-velasquez-petro\/#respond"]}]},{"@type":"WebPage","@id":"https:\/\/pagina10.com\/web\/jamas-aceptare-la-orden-de-captura-de-nuestro-ministro-velasquez-petro\/","url":"https:\/\/pagina10.com\/web\/jamas-aceptare-la-orden-de-captura-de-nuestro-ministro-velasquez-petro\/","name":"\u201cJam\u00e1s aceptar\u00e9 la orden de captura de nuestro ministro Vel\u00e1squez\u201d: Petro | P\u00e1gina10","isPartOf":{"@id":"https:\/\/pagina10.com\/web\/#website"},"primaryImageOfPage":{"@id":"https:\/\/pagina10.com\/web\/jamas-aceptare-la-orden-de-captura-de-nuestro-ministro-velasquez-petro\/#primaryimage"},"image":{"@id":"https:\/\/pagina10.com\/web\/jamas-aceptare-la-orden-de-captura-de-nuestro-ministro-velasquez-petro\/#primaryimage"},"thumbnailUrl":"https:\/\/pagina10.com\/web\/wp-content\/uploads\/2023\/01\/LEKN55DR4NTSYPOMVXVXLBSMRQ.jpg","datePublished":"2023-01-17T03:56:38+00:00","breadcrumb":{"@id":"https:\/\/pagina10.com\/web\/jamas-aceptare-la-orden-de-captura-de-nuestro-ministro-velasquez-petro\/#breadcrumb"},"inLanguage":"es","potentialAction":[{"@type":"ReadAction","target":["https:\/\/pagina10.com\/web\/jamas-aceptare-la-orden-de-captura-de-nuestro-ministro-velasquez-petro\/"]}]},{"@type":"ImageObject","inLanguage":"es","@id":"https:\/\/pagina10.com\/web\/jamas-aceptare-la-orden-de-captura-de-nuestro-ministro-velasquez-petro\/#primaryimage","url":"https:\/\/pagina10.com\/web\/wp-content\/uploads\/2023\/01\/LEKN55DR4NTSYPOMVXVXLBSMRQ.jpg","contentUrl":"https:\/\/pagina10.com\/web\/wp-content\/uploads\/2023\/01\/LEKN55DR4NTSYPOMVXVXLBSMRQ.jpg","width":525,"height":350,"caption":"Foto: Presidencia de la Rep\u00fablica"},{"@type":"BreadcrumbList","@id":"https:\/\/pagina10.com\/web\/jamas-aceptare-la-orden-de-captura-de-nuestro-ministro-velasquez-petro\/#breadcrumb","itemListElement":[{"@type":"ListItem","position":1,"name":"Portada","item":"https:\/\/pagina10.com\/web\/"},{"@type":"ListItem","position":2,"name":"\u201cJam\u00e1s aceptar\u00e9 la orden de captura de nuestro ministro Vel\u00e1squez\u201d: Petro"}]},{"@type":"WebSite","@id":"https:\/\/pagina10.com\/web\/#website","url":"https:\/\/pagina10.com\/web\/","name":"P\u00e1gina10","description":"Peri\u00f3dico Regional","publisher":{"@id":"https:\/\/pagina10.com\/web\/#organization"},"alternateName":"P\u00e1gina10 Peri\u00f3dico Regional","potentialAction":[{"@type":"SearchAction","target":{"@type":"EntryPoint","urlTemplate":"https:\/\/pagina10.com\/web\/?s={search_term_string}"},"query-input":{"@type":"PropertyValueSpecification","valueRequired":true,"valueName":"search_term_string"}}],"inLanguage":"es"},{"@type":"Organization","@id":"https:\/\/pagina10.com\/web\/#organization","name":"P\u00e1gina10","alternateName":"P\u00e1gina10 Peri\u00f3dico Regional","url":"https:\/\/pagina10.com\/web\/","logo":{"@type":"ImageObject","inLanguage":"es","@id":"https:\/\/pagina10.com\/web\/#\/schema\/logo\/image\/","url":"https:\/\/pagina10.com\/web\/wp-content\/uploads\/2024\/01\/40-pagina-10-periodico-regional-pasto.jpg","contentUrl":"https:\/\/pagina10.com\/web\/wp-content\/uploads\/2024\/01\/40-pagina-10-periodico-regional-pasto.jpg","width":1280,"height":720,"caption":"P\u00e1gina10"},"image":{"@id":"https:\/\/pagina10.com\/web\/#\/schema\/logo\/image\/"},"sameAs":["https:\/\/www.facebook.com\/pag10com","https:\/\/x.com\/Pag10com","https:\/\/www.instagram.com\/pagina10col\/","https:\/\/youtube.com\/channel\/pag10","https:\/\/www.tiktok.com\/@p10col"]},{"@type":"Person","@id":"https:\/\/pagina10.com\/web\/#\/schema\/person\/2efc4a090d25b667d3bc796798a3a81b","name":"P\u00e1gina 10","description":"P\u00e1gina 10 es un peri\u00f3dico regional que nace en Colombia, en el departamento de Nari\u00f1o, con un enfoque global, fundamentado en cuatro pilares esenciales: la libertad, el pluralismo, la inclusi\u00f3n y la independencia. P\u00e1gina 10 hace referencia a Nari\u00f1o como el d\u00e9cimo departamento creado en Colombia, despu\u00e9s de un proceso pol\u00edtico liderado por actores y actrices regionales con el fin de obtener la independencia y autonom\u00eda de nuestros territorios. Con la creaci\u00f3n de P\u00e1gina 10 se pretende abrir un escenario para el dialogo, la reflexi\u00f3n y el debate que se extienda a otras geograf\u00edas de Am\u00e9rica Latina y del planeta, en una apuesta por transformar colectivamente los desaf\u00edos de un mundo contempor\u00e1neo, m\u00e1s all\u00e1 de las fronteras impuestas.","url":"https:\/\/pagina10.com\/web\/author\/pdiezadmin\/"}]}},"_links":{"self":[{"href":"https:\/\/pagina10.com\/web\/wp-json\/wp\/v2\/posts\/64105","targetHints":{"allow":["GET"]}}],"collection":[{"href":"https:\/\/pagina10.com\/web\/wp-json\/wp\/v2\/posts"}],"about":[{"href":"https:\/\/pagina10.com\/web\/wp-json\/wp\/v2\/types\/post"}],"author":[{"embeddable":true,"href":"https:\/\/pagina10.com\/web\/wp-json\/wp\/v2\/users\/1"}],"replies":[{"embeddable":true,"href":"https:\/\/pagina10.com\/web\/wp-json\/wp\/v2\/comments?post=64105"}],"version-history":[{"count":1,"href":"https:\/\/pagina10.com\/web\/wp-json\/wp\/v2\/posts\/64105\/revisions"}],"predecessor-version":[{"id":64107,"href":"https:\/\/pagina10.com\/web\/wp-json\/wp\/v2\/posts\/64105\/revisions\/64107"}],"wp:featuredmedia":[{"embeddable":true,"href":"https:\/\/pagina10.com\/web\/wp-json\/wp\/v2\/media\/64106"}],"wp:attachment":[{"href":"https:\/\/pagina10.com\/web\/wp-json\/wp\/v2\/media?parent=64105"}],"wp:term":[{"taxonomy":"category","embeddable":true,"href":"https:\/\/pagina10.com\/web\/wp-json\/wp\/v2\/categories?post=64105"},{"taxonomy":"post_tag","embeddable":true,"href":"https:\/\/pagina10.com\/web\/wp-json\/wp\/v2\/tags?post=64105"}],"curies":[{"name":"wp","href":"https:\/\/api.w.org\/{rel}","templated":true}]}}