{"id":64113,"date":"2023-01-17T13:27:59","date_gmt":"2023-01-17T18:27:59","guid":{"rendered":"https:\/\/pagina10.com\/web\/?p=64113"},"modified":"2023-01-17T13:27:59","modified_gmt":"2023-01-17T18:27:59","slug":"comunidades-indigenas-estarian-impidiendo-obras-para-recuperar-paso-en-la-via-panamericana","status":"publish","type":"post","link":"https:\/\/pagina10.com\/web\/comunidades-indigenas-estarian-impidiendo-obras-para-recuperar-paso-en-la-via-panamericana\/","title":{"rendered":"Comunidades ind\u00edgenas estar\u00edan impidiendo obras para recuperar paso en la v\u00eda Panamericana"},"content":{"rendered":"<p style=\"text-align: justify;\">Una grave denuncia hizo el ministro de Transporte, Guillermo Reyes, frente a la posici\u00f3n asumida por comunidades ind\u00edgenas de no permitir el avance de las obras de rehabilitaci\u00f3n de la v\u00eda Panamericana, hasta tanto no se les repare econ\u00f3micamente ya que aducen que esos predios les pertenecen.<\/p>\n<p style=\"text-align: justify;\">\u201cEste territorio es de la Agencia de Tierras, pero lo tiene en su poder unas comunidades ind\u00edgenas que hasta hoy aparecieron, y que bloquearon la entrada de maquinaria hasta que se les compense con plata. Me parece que es un tema grav\u00edsimo\u201d, se\u00f1al\u00f3 el funcionario.<\/p>\n<p style=\"text-align: justify;\">\u201cQuiero aclarar que las demoras que se presenten en las obras se derivar\u00e1n de las presiones y chantajes de estos sectores ind\u00edgenas\u201d, dijo. De igual forma, indic\u00f3 que en la variante que pretende construir para que puedan pasar camiones de carga, se necesita un puente y v\u00edas de acceso que esperaban dejar habilitadas entre 70 y 120 d\u00edas. Sin embargo, aclar\u00f3 que si no les dejan entrar maquinaria no podr\u00e1n trabajar.<\/p>\n<p style=\"text-align: justify;\">En este sentido, precis\u00f3 que el Ministerio del Interior dio la orden de que un funcionario de alto nivel de esa dependencia en compa\u00f1\u00eda del viceministro del Transporte, Eduardo Enr\u00edquez, llegue a un acuerdo con los ind\u00edgenas.<\/p>\n","protected":false},"excerpt":{"rendered":"<p>Una grave denuncia hizo el ministro de Transporte, Guillermo Reyes, frente a la posici\u00f3n asumida por comunidades ind\u00edgenas de no permitir el avance de las obras de rehabilitaci\u00f3n de la v\u00eda Panamericana, hasta tanto no se les repare econ\u00f3micamente ya que aducen que esos predios les pertenecen. \u201cEste territorio es de la Agencia de Tierras, [&hellip;]<\/p>\n","protected":false},"author":1,"featured_media":64114,"comment_status":"open","ping_status":"open","sticky":false,"template":"","format":"standard","meta":{"footnotes":""},"categories":[84],"tags":[],"class_list":["post-64113","post","type-post","status-publish","format-standard","has-post-thumbnail","hentry","category-global-2"],"yoast_head":"<!-- This site is optimized with the Yoast SEO plugin v27.1.1 - https:\/\/yoast.com\/product\/yoast-seo-wordpress\/ -->\n<title>Comunidades ind\u00edgenas estar\u00edan impidiendo obras para recuperar paso en la v\u00eda Panamericana | P\u00e1gina10<\/title>\n<meta name=\"robots\" content=\"index, follow, max-snippet:-1, max-image-preview:large, max-video-preview:-1\" \/>\n<link rel=\"canonical\" href=\"https:\/\/pagina10.com\/web\/comunidades-indigenas-estarian-impidiendo-obras-para-recuperar-paso-en-la-via-panamericana\/\" \/>\n<meta property=\"og:locale\" content=\"es_ES\" \/>\n<meta property=\"og:type\" content=\"article\" \/>\n<meta property=\"og:title\" content=\"Comunidades ind\u00edgenas estar\u00edan impidiendo obras para recuperar paso en la v\u00eda Panamericana | P\u00e1gina10\" \/>\n<meta property=\"og:description\" content=\"Una grave denuncia hizo el ministro de Transporte, Guillermo Reyes, frente a la posici\u00f3n asumida por comunidades ind\u00edgenas de no permitir el avance de las obras de rehabilitaci\u00f3n de la v\u00eda Panamericana, hasta tanto no se les repare econ\u00f3micamente ya que aducen que esos predios les pertenecen. \u201cEste territorio es de la Agencia de Tierras, [&hellip;]\" \/>\n<meta property=\"og:url\" content=\"https:\/\/pagina10.com\/web\/comunidades-indigenas-estarian-impidiendo-obras-para-recuperar-paso-en-la-via-panamericana\/\" \/>\n<meta property=\"og:site_name\" content=\"P\u00e1gina10\" \/>\n<meta property=\"article:publisher\" content=\"https:\/\/www.facebook.com\/pag10com\" \/>\n<meta property=\"article:published_time\" content=\"2023-01-17T18:27:59+00:00\" \/>\n<meta property=\"og:image\" content=\"https:\/\/pagina10.com\/web\/wp-content\/uploads\/2023\/01\/GSJKTCCEKBEEBBCPUZGW3CTAZ4.png\" \/>\n\t<meta property=\"og:image:width\" content=\"630\" \/>\n\t<meta property=\"og:image:height\" content=\"313\" \/>\n\t<meta property=\"og:image:type\" content=\"image\/png\" \/>\n<meta name=\"author\" content=\"P\u00e1gina 10\" \/>\n<meta name=\"twitter:card\" content=\"summary_large_image\" \/>\n<meta name=\"twitter:creator\" content=\"@Pag10com\" \/>\n<meta name=\"twitter:site\" content=\"@Pag10com\" \/>\n<meta name=\"twitter:label1\" content=\"Escrito por\" \/>\n\t<meta name=\"twitter:data1\" content=\"P\u00e1gina 10\" \/>\n\t<meta name=\"twitter:label2\" content=\"Tiempo de lectura\" \/>\n\t<meta name=\"twitter:data2\" content=\"1 minuto\" \/>\n<script type=\"application\/ld+json\" class=\"yoast-schema-graph\">{\"@context\":\"https:\/\/schema.org\",\"@graph\":[{\"@type\":\"Article\",\"@id\":\"https:\/\/pagina10.com\/web\/comunidades-indigenas-estarian-impidiendo-obras-para-recuperar-paso-en-la-via-panamericana\/#article\",\"isPartOf\":{\"@id\":\"https:\/\/pagina10.com\/web\/comunidades-indigenas-estarian-impidiendo-obras-para-recuperar-paso-en-la-via-panamericana\/\"},\"author\":{\"name\":\"P\u00e1gina 10\",\"@id\":\"https:\/\/pagina10.com\/web\/#\/schema\/person\/2efc4a090d25b667d3bc796798a3a81b\"},\"headline\":\"Comunidades ind\u00edgenas estar\u00edan impidiendo obras para recuperar paso en la v\u00eda Panamericana\",\"datePublished\":\"2023-01-17T18:27:59+00:00\",\"mainEntityOfPage\":{\"@id\":\"https:\/\/pagina10.com\/web\/comunidades-indigenas-estarian-impidiendo-obras-para-recuperar-paso-en-la-via-panamericana\/\"},\"wordCount\":229,\"commentCount\":0,\"publisher\":{\"@id\":\"https:\/\/pagina10.com\/web\/#organization\"},\"image\":{\"@id\":\"https:\/\/pagina10.com\/web\/comunidades-indigenas-estarian-impidiendo-obras-para-recuperar-paso-en-la-via-panamericana\/#primaryimage\"},\"thumbnailUrl\":\"https:\/\/pagina10.com\/web\/wp-content\/uploads\/2023\/01\/GSJKTCCEKBEEBBCPUZGW3CTAZ4.png\",\"articleSection\":[\"Global\"],\"inLanguage\":\"es\",\"potentialAction\":[{\"@type\":\"CommentAction\",\"name\":\"Comment\",\"target\":[\"https:\/\/pagina10.com\/web\/comunidades-indigenas-estarian-impidiendo-obras-para-recuperar-paso-en-la-via-panamericana\/#respond\"]}]},{\"@type\":\"WebPage\",\"@id\":\"https:\/\/pagina10.com\/web\/comunidades-indigenas-estarian-impidiendo-obras-para-recuperar-paso-en-la-via-panamericana\/\",\"url\":\"https:\/\/pagina10.com\/web\/comunidades-indigenas-estarian-impidiendo-obras-para-recuperar-paso-en-la-via-panamericana\/\",\"name\":\"Comunidades ind\u00edgenas estar\u00edan impidiendo obras para recuperar paso en la v\u00eda Panamericana | P\u00e1gina10\",\"isPartOf\":{\"@id\":\"https:\/\/pagina10.com\/web\/#website\"},\"primaryImageOfPage\":{\"@id\":\"https:\/\/pagina10.com\/web\/comunidades-indigenas-estarian-impidiendo-obras-para-recuperar-paso-en-la-via-panamericana\/#primaryimage\"},\"image\":{\"@id\":\"https:\/\/pagina10.com\/web\/comunidades-indigenas-estarian-impidiendo-obras-para-recuperar-paso-en-la-via-panamericana\/#primaryimage\"},\"thumbnailUrl\":\"https:\/\/pagina10.com\/web\/wp-content\/uploads\/2023\/01\/GSJKTCCEKBEEBBCPUZGW3CTAZ4.png\",\"datePublished\":\"2023-01-17T18:27:59+00:00\",\"breadcrumb\":{\"@id\":\"https:\/\/pagina10.com\/web\/comunidades-indigenas-estarian-impidiendo-obras-para-recuperar-paso-en-la-via-panamericana\/#breadcrumb\"},\"inLanguage\":\"es\",\"potentialAction\":[{\"@type\":\"ReadAction\",\"target\":[\"https:\/\/pagina10.com\/web\/comunidades-indigenas-estarian-impidiendo-obras-para-recuperar-paso-en-la-via-panamericana\/\"]}]},{\"@type\":\"ImageObject\",\"inLanguage\":\"es\",\"@id\":\"https:\/\/pagina10.com\/web\/comunidades-indigenas-estarian-impidiendo-obras-para-recuperar-paso-en-la-via-panamericana\/#primaryimage\",\"url\":\"https:\/\/pagina10.com\/web\/wp-content\/uploads\/2023\/01\/GSJKTCCEKBEEBBCPUZGW3CTAZ4.png\",\"contentUrl\":\"https:\/\/pagina10.com\/web\/wp-content\/uploads\/2023\/01\/GSJKTCCEKBEEBBCPUZGW3CTAZ4.png\",\"width\":630,\"height\":313},{\"@type\":\"BreadcrumbList\",\"@id\":\"https:\/\/pagina10.com\/web\/comunidades-indigenas-estarian-impidiendo-obras-para-recuperar-paso-en-la-via-panamericana\/#breadcrumb\",\"itemListElement\":[{\"@type\":\"ListItem\",\"position\":1,\"name\":\"Portada\",\"item\":\"https:\/\/pagina10.com\/web\/\"},{\"@type\":\"ListItem\",\"position\":2,\"name\":\"Comunidades ind\u00edgenas estar\u00edan impidiendo obras para recuperar paso en la v\u00eda Panamericana\"}]},{\"@type\":\"WebSite\",\"@id\":\"https:\/\/pagina10.com\/web\/#website\",\"url\":\"https:\/\/pagina10.com\/web\/\",\"name\":\"P\u00e1gina10\",\"description\":\"Peri\u00f3dico Regional\",\"publisher\":{\"@id\":\"https:\/\/pagina10.com\/web\/#organization\"},\"alternateName\":\"P\u00e1gina10 Peri\u00f3dico Regional\",\"potentialAction\":[{\"@type\":\"SearchAction\",\"target\":{\"@type\":\"EntryPoint\",\"urlTemplate\":\"https:\/\/pagina10.com\/web\/?s={search_term_string}\"},\"query-input\":{\"@type\":\"PropertyValueSpecification\",\"valueRequired\":true,\"valueName\":\"search_term_string\"}}],\"inLanguage\":\"es\"},{\"@type\":\"Organization\",\"@id\":\"https:\/\/pagina10.com\/web\/#organization\",\"name\":\"P\u00e1gina10\",\"alternateName\":\"P\u00e1gina10 Peri\u00f3dico Regional\",\"url\":\"https:\/\/pagina10.com\/web\/\",\"logo\":{\"@type\":\"ImageObject\",\"inLanguage\":\"es\",\"@id\":\"https:\/\/pagina10.com\/web\/#\/schema\/logo\/image\/\",\"url\":\"https:\/\/pagina10.com\/web\/wp-content\/uploads\/2024\/01\/40-pagina-10-periodico-regional-pasto.jpg\",\"contentUrl\":\"https:\/\/pagina10.com\/web\/wp-content\/uploads\/2024\/01\/40-pagina-10-periodico-regional-pasto.jpg\",\"width\":1280,\"height\":720,\"caption\":\"P\u00e1gina10\"},\"image\":{\"@id\":\"https:\/\/pagina10.com\/web\/#\/schema\/logo\/image\/\"},\"sameAs\":[\"https:\/\/www.facebook.com\/pag10com\",\"https:\/\/x.com\/Pag10com\",\"https:\/\/www.instagram.com\/pagina10col\/\",\"https:\/\/youtube.com\/channel\/pag10\",\"https:\/\/www.tiktok.com\/@p10col\"]},{\"@type\":\"Person\",\"@id\":\"https:\/\/pagina10.com\/web\/#\/schema\/person\/2efc4a090d25b667d3bc796798a3a81b\",\"name\":\"P\u00e1gina 10\",\"description\":\"P\u00e1gina 10 es un peri\u00f3dico regional que nace en Colombia, en el departamento de Nari\u00f1o, con un enfoque global, fundamentado en cuatro pilares esenciales: la libertad, el pluralismo, la inclusi\u00f3n y la independencia. P\u00e1gina 10 hace referencia a Nari\u00f1o como el d\u00e9cimo departamento creado en Colombia, despu\u00e9s de un proceso pol\u00edtico liderado por actores y actrices regionales con el fin de obtener la independencia y autonom\u00eda de nuestros territorios. Con la creaci\u00f3n de P\u00e1gina 10 se pretende abrir un escenario para el dialogo, la reflexi\u00f3n y el debate que se extienda a otras geograf\u00edas de Am\u00e9rica Latina y del planeta, en una apuesta por transformar colectivamente los desaf\u00edos de un mundo contempor\u00e1neo, m\u00e1s all\u00e1 de las fronteras impuestas.\",\"url\":\"https:\/\/pagina10.com\/web\/author\/pdiezadmin\/\"}]}<\/script>\n<!-- \/ Yoast SEO plugin. -->","yoast_head_json":{"title":"Comunidades ind\u00edgenas estar\u00edan impidiendo obras para recuperar paso en la v\u00eda Panamericana | P\u00e1gina10","robots":{"index":"index","follow":"follow","max-snippet":"max-snippet:-1","max-image-preview":"max-image-preview:large","max-video-preview":"max-video-preview:-1"},"canonical":"https:\/\/pagina10.com\/web\/comunidades-indigenas-estarian-impidiendo-obras-para-recuperar-paso-en-la-via-panamericana\/","og_locale":"es_ES","og_type":"article","og_title":"Comunidades ind\u00edgenas estar\u00edan impidiendo obras para recuperar paso en la v\u00eda Panamericana | P\u00e1gina10","og_description":"Una grave denuncia hizo el ministro de Transporte, Guillermo Reyes, frente a la posici\u00f3n asumida por comunidades ind\u00edgenas de no permitir el avance de las obras de rehabilitaci\u00f3n de la v\u00eda Panamericana, hasta tanto no se les repare econ\u00f3micamente ya que aducen que esos predios les pertenecen. \u201cEste territorio es de la Agencia de Tierras, [&hellip;]","og_url":"https:\/\/pagina10.com\/web\/comunidades-indigenas-estarian-impidiendo-obras-para-recuperar-paso-en-la-via-panamericana\/","og_site_name":"P\u00e1gina10","article_publisher":"https:\/\/www.facebook.com\/pag10com","article_published_time":"2023-01-17T18:27:59+00:00","og_image":[{"width":630,"height":313,"url":"https:\/\/pagina10.com\/web\/wp-content\/uploads\/2023\/01\/GSJKTCCEKBEEBBCPUZGW3CTAZ4.png","type":"image\/png"}],"author":"P\u00e1gina 10","twitter_card":"summary_large_image","twitter_creator":"@Pag10com","twitter_site":"@Pag10com","twitter_misc":{"Escrito por":"P\u00e1gina 10","Tiempo de lectura":"1 minuto"},"schema":{"@context":"https:\/\/schema.org","@graph":[{"@type":"Article","@id":"https:\/\/pagina10.com\/web\/comunidades-indigenas-estarian-impidiendo-obras-para-recuperar-paso-en-la-via-panamericana\/#article","isPartOf":{"@id":"https:\/\/pagina10.com\/web\/comunidades-indigenas-estarian-impidiendo-obras-para-recuperar-paso-en-la-via-panamericana\/"},"author":{"name":"P\u00e1gina 10","@id":"https:\/\/pagina10.com\/web\/#\/schema\/person\/2efc4a090d25b667d3bc796798a3a81b"},"headline":"Comunidades ind\u00edgenas estar\u00edan impidiendo obras para recuperar paso en la v\u00eda Panamericana","datePublished":"2023-01-17T18:27:59+00:00","mainEntityOfPage":{"@id":"https:\/\/pagina10.com\/web\/comunidades-indigenas-estarian-impidiendo-obras-para-recuperar-paso-en-la-via-panamericana\/"},"wordCount":229,"commentCount":0,"publisher":{"@id":"https:\/\/pagina10.com\/web\/#organization"},"image":{"@id":"https:\/\/pagina10.com\/web\/comunidades-indigenas-estarian-impidiendo-obras-para-recuperar-paso-en-la-via-panamericana\/#primaryimage"},"thumbnailUrl":"https:\/\/pagina10.com\/web\/wp-content\/uploads\/2023\/01\/GSJKTCCEKBEEBBCPUZGW3CTAZ4.png","articleSection":["Global"],"inLanguage":"es","potentialAction":[{"@type":"CommentAction","name":"Comment","target":["https:\/\/pagina10.com\/web\/comunidades-indigenas-estarian-impidiendo-obras-para-recuperar-paso-en-la-via-panamericana\/#respond"]}]},{"@type":"WebPage","@id":"https:\/\/pagina10.com\/web\/comunidades-indigenas-estarian-impidiendo-obras-para-recuperar-paso-en-la-via-panamericana\/","url":"https:\/\/pagina10.com\/web\/comunidades-indigenas-estarian-impidiendo-obras-para-recuperar-paso-en-la-via-panamericana\/","name":"Comunidades ind\u00edgenas estar\u00edan impidiendo obras para recuperar paso en la v\u00eda Panamericana | P\u00e1gina10","isPartOf":{"@id":"https:\/\/pagina10.com\/web\/#website"},"primaryImageOfPage":{"@id":"https:\/\/pagina10.com\/web\/comunidades-indigenas-estarian-impidiendo-obras-para-recuperar-paso-en-la-via-panamericana\/#primaryimage"},"image":{"@id":"https:\/\/pagina10.com\/web\/comunidades-indigenas-estarian-impidiendo-obras-para-recuperar-paso-en-la-via-panamericana\/#primaryimage"},"thumbnailUrl":"https:\/\/pagina10.com\/web\/wp-content\/uploads\/2023\/01\/GSJKTCCEKBEEBBCPUZGW3CTAZ4.png","datePublished":"2023-01-17T18:27:59+00:00","breadcrumb":{"@id":"https:\/\/pagina10.com\/web\/comunidades-indigenas-estarian-impidiendo-obras-para-recuperar-paso-en-la-via-panamericana\/#breadcrumb"},"inLanguage":"es","potentialAction":[{"@type":"ReadAction","target":["https:\/\/pagina10.com\/web\/comunidades-indigenas-estarian-impidiendo-obras-para-recuperar-paso-en-la-via-panamericana\/"]}]},{"@type":"ImageObject","inLanguage":"es","@id":"https:\/\/pagina10.com\/web\/comunidades-indigenas-estarian-impidiendo-obras-para-recuperar-paso-en-la-via-panamericana\/#primaryimage","url":"https:\/\/pagina10.com\/web\/wp-content\/uploads\/2023\/01\/GSJKTCCEKBEEBBCPUZGW3CTAZ4.png","contentUrl":"https:\/\/pagina10.com\/web\/wp-content\/uploads\/2023\/01\/GSJKTCCEKBEEBBCPUZGW3CTAZ4.png","width":630,"height":313},{"@type":"BreadcrumbList","@id":"https:\/\/pagina10.com\/web\/comunidades-indigenas-estarian-impidiendo-obras-para-recuperar-paso-en-la-via-panamericana\/#breadcrumb","itemListElement":[{"@type":"ListItem","position":1,"name":"Portada","item":"https:\/\/pagina10.com\/web\/"},{"@type":"ListItem","position":2,"name":"Comunidades ind\u00edgenas estar\u00edan impidiendo obras para recuperar paso en la v\u00eda Panamericana"}]},{"@type":"WebSite","@id":"https:\/\/pagina10.com\/web\/#website","url":"https:\/\/pagina10.com\/web\/","name":"P\u00e1gina10","description":"Peri\u00f3dico Regional","publisher":{"@id":"https:\/\/pagina10.com\/web\/#organization"},"alternateName":"P\u00e1gina10 Peri\u00f3dico Regional","potentialAction":[{"@type":"SearchAction","target":{"@type":"EntryPoint","urlTemplate":"https:\/\/pagina10.com\/web\/?s={search_term_string}"},"query-input":{"@type":"PropertyValueSpecification","valueRequired":true,"valueName":"search_term_string"}}],"inLanguage":"es"},{"@type":"Organization","@id":"https:\/\/pagina10.com\/web\/#organization","name":"P\u00e1gina10","alternateName":"P\u00e1gina10 Peri\u00f3dico Regional","url":"https:\/\/pagina10.com\/web\/","logo":{"@type":"ImageObject","inLanguage":"es","@id":"https:\/\/pagina10.com\/web\/#\/schema\/logo\/image\/","url":"https:\/\/pagina10.com\/web\/wp-content\/uploads\/2024\/01\/40-pagina-10-periodico-regional-pasto.jpg","contentUrl":"https:\/\/pagina10.com\/web\/wp-content\/uploads\/2024\/01\/40-pagina-10-periodico-regional-pasto.jpg","width":1280,"height":720,"caption":"P\u00e1gina10"},"image":{"@id":"https:\/\/pagina10.com\/web\/#\/schema\/logo\/image\/"},"sameAs":["https:\/\/www.facebook.com\/pag10com","https:\/\/x.com\/Pag10com","https:\/\/www.instagram.com\/pagina10col\/","https:\/\/youtube.com\/channel\/pag10","https:\/\/www.tiktok.com\/@p10col"]},{"@type":"Person","@id":"https:\/\/pagina10.com\/web\/#\/schema\/person\/2efc4a090d25b667d3bc796798a3a81b","name":"P\u00e1gina 10","description":"P\u00e1gina 10 es un peri\u00f3dico regional que nace en Colombia, en el departamento de Nari\u00f1o, con un enfoque global, fundamentado en cuatro pilares esenciales: la libertad, el pluralismo, la inclusi\u00f3n y la independencia. P\u00e1gina 10 hace referencia a Nari\u00f1o como el d\u00e9cimo departamento creado en Colombia, despu\u00e9s de un proceso pol\u00edtico liderado por actores y actrices regionales con el fin de obtener la independencia y autonom\u00eda de nuestros territorios. Con la creaci\u00f3n de P\u00e1gina 10 se pretende abrir un escenario para el dialogo, la reflexi\u00f3n y el debate que se extienda a otras geograf\u00edas de Am\u00e9rica Latina y del planeta, en una apuesta por transformar colectivamente los desaf\u00edos de un mundo contempor\u00e1neo, m\u00e1s all\u00e1 de las fronteras impuestas.","url":"https:\/\/pagina10.com\/web\/author\/pdiezadmin\/"}]}},"_links":{"self":[{"href":"https:\/\/pagina10.com\/web\/wp-json\/wp\/v2\/posts\/64113","targetHints":{"allow":["GET"]}}],"collection":[{"href":"https:\/\/pagina10.com\/web\/wp-json\/wp\/v2\/posts"}],"about":[{"href":"https:\/\/pagina10.com\/web\/wp-json\/wp\/v2\/types\/post"}],"author":[{"embeddable":true,"href":"https:\/\/pagina10.com\/web\/wp-json\/wp\/v2\/users\/1"}],"replies":[{"embeddable":true,"href":"https:\/\/pagina10.com\/web\/wp-json\/wp\/v2\/comments?post=64113"}],"version-history":[{"count":1,"href":"https:\/\/pagina10.com\/web\/wp-json\/wp\/v2\/posts\/64113\/revisions"}],"predecessor-version":[{"id":64115,"href":"https:\/\/pagina10.com\/web\/wp-json\/wp\/v2\/posts\/64113\/revisions\/64115"}],"wp:featuredmedia":[{"embeddable":true,"href":"https:\/\/pagina10.com\/web\/wp-json\/wp\/v2\/media\/64114"}],"wp:attachment":[{"href":"https:\/\/pagina10.com\/web\/wp-json\/wp\/v2\/media?parent=64113"}],"wp:term":[{"taxonomy":"category","embeddable":true,"href":"https:\/\/pagina10.com\/web\/wp-json\/wp\/v2\/categories?post=64113"},{"taxonomy":"post_tag","embeddable":true,"href":"https:\/\/pagina10.com\/web\/wp-json\/wp\/v2\/tags?post=64113"}],"curies":[{"name":"wp","href":"https:\/\/api.w.org\/{rel}","templated":true}]}}