{"id":64152,"date":"2023-01-26T09:04:06","date_gmt":"2023-01-26T14:04:06","guid":{"rendered":"https:\/\/pagina10.com\/web\/?p=64152"},"modified":"2023-01-26T09:04:06","modified_gmt":"2023-01-26T14:04:06","slug":"avante-setp-obligado-a-suspender-obras-por-desabastecimiento","status":"publish","type":"post","link":"https:\/\/pagina10.com\/web\/avante-setp-obligado-a-suspender-obras-por-desabastecimiento\/","title":{"rendered":"Avante Setp obligado a suspender obras por desabastecimiento"},"content":{"rendered":"<p style=\"text-align: justify;\">La Alcald\u00eda de Pasto, a trav\u00e9s de Avante SETP informa a la comunidad que ante el cierre total de la v\u00eda Pasto \u2013 Popay\u00e1n, que ha generado desabastecimiento de insumos y materiales al sur del Pa\u00eds, se ve obligado a suspender todos los frentes de trabajo que conllevan a la implementaci\u00f3n del Sistema Estrat\u00e9gico de Transporte P\u00fablico de Pasto. El gerente de Avante, Lucas Teodoro Ortiz Silva, dio a conocer que, dentro de la suspensi\u00f3n de obras, se genera un alto impacto social, en empleos directos m\u00e1s de 200 personas se ver\u00e1n afectadas con sus contratos laborales por parte de los consorcios que ejecutan las obras de la entidad y de manera indirecta, alrededor de 2000 personas sentir\u00e1n los efectos de est\u00e1s suspensiones.<\/p>\n<p style=\"text-align: justify;\">Las obras afectadas son: patio taller Brice\u00f1o, patio taller Chapal, glorieta Chapal, construcci\u00f3n vial y renovaci\u00f3n de espacio p\u00fablico en el corregimiento de Catambuco, instalaci\u00f3n de paraderos cubiertos y el mejoramiento del espacio p\u00fablico en el parque de Lourdes. Desde Avante SETP se est\u00e1 atento a las medidas que instaure el Gobierno Nacional para mejorar la dif\u00edcil situaci\u00f3n que atraviesa el sur del departamento.<\/p>\n","protected":false},"excerpt":{"rendered":"<p>La Alcald\u00eda de Pasto, a trav\u00e9s de Avante SETP informa a la comunidad que ante el cierre total de la v\u00eda Pasto \u2013 Popay\u00e1n, que ha generado desabastecimiento de insumos y materiales al sur del Pa\u00eds, se ve obligado a suspender todos los frentes de trabajo que conllevan a la implementaci\u00f3n del Sistema Estrat\u00e9gico de [&hellip;]<\/p>\n","protected":false},"author":1,"featured_media":64248,"comment_status":"open","ping_status":"open","sticky":false,"template":"","format":"standard","meta":{"footnotes":""},"categories":[82],"tags":[],"class_list":["post-64152","post","type-post","status-publish","format-standard","has-post-thumbnail","hentry","category-ciudad-2"],"yoast_head":"<!-- This site is optimized with the Yoast SEO plugin v27.1.1 - https:\/\/yoast.com\/product\/yoast-seo-wordpress\/ -->\n<title>Avante Setp obligado a suspender obras por desabastecimiento | P\u00e1gina10<\/title>\n<meta name=\"robots\" content=\"index, follow, max-snippet:-1, max-image-preview:large, max-video-preview:-1\" \/>\n<link rel=\"canonical\" href=\"https:\/\/pagina10.com\/web\/avante-setp-obligado-a-suspender-obras-por-desabastecimiento\/\" \/>\n<meta property=\"og:locale\" content=\"es_ES\" \/>\n<meta property=\"og:type\" content=\"article\" \/>\n<meta property=\"og:title\" content=\"Avante Setp obligado a suspender obras por desabastecimiento | P\u00e1gina10\" \/>\n<meta property=\"og:description\" content=\"La Alcald\u00eda de Pasto, a trav\u00e9s de Avante SETP informa a la comunidad que ante el cierre total de la v\u00eda Pasto \u2013 Popay\u00e1n, que ha generado desabastecimiento de insumos y materiales al sur del Pa\u00eds, se ve obligado a suspender todos los frentes de trabajo que conllevan a la implementaci\u00f3n del Sistema Estrat\u00e9gico de [&hellip;]\" \/>\n<meta property=\"og:url\" content=\"https:\/\/pagina10.com\/web\/avante-setp-obligado-a-suspender-obras-por-desabastecimiento\/\" \/>\n<meta property=\"og:site_name\" content=\"P\u00e1gina10\" \/>\n<meta property=\"article:publisher\" content=\"https:\/\/www.facebook.com\/pag10com\" \/>\n<meta property=\"article:published_time\" content=\"2023-01-26T14:04:06+00:00\" \/>\n<meta property=\"og:image\" content=\"https:\/\/pagina10.com\/web\/wp-content\/uploads\/2023\/01\/323901558_6633205996705817_6186472286909091163_n.jpg\" \/>\n\t<meta property=\"og:image:width\" content=\"980\" \/>\n\t<meta property=\"og:image:height\" content=\"751\" \/>\n\t<meta property=\"og:image:type\" content=\"image\/jpeg\" \/>\n<meta name=\"author\" content=\"P\u00e1gina 10\" \/>\n<meta name=\"twitter:card\" content=\"summary_large_image\" \/>\n<meta name=\"twitter:creator\" content=\"@Pag10com\" \/>\n<meta name=\"twitter:site\" content=\"@Pag10com\" \/>\n<meta name=\"twitter:label1\" content=\"Escrito por\" \/>\n\t<meta name=\"twitter:data1\" content=\"P\u00e1gina 10\" \/>\n\t<meta name=\"twitter:label2\" content=\"Tiempo de lectura\" \/>\n\t<meta name=\"twitter:data2\" content=\"1 minuto\" \/>\n<script type=\"application\/ld+json\" class=\"yoast-schema-graph\">{\"@context\":\"https:\/\/schema.org\",\"@graph\":[{\"@type\":\"Article\",\"@id\":\"https:\/\/pagina10.com\/web\/avante-setp-obligado-a-suspender-obras-por-desabastecimiento\/#article\",\"isPartOf\":{\"@id\":\"https:\/\/pagina10.com\/web\/avante-setp-obligado-a-suspender-obras-por-desabastecimiento\/\"},\"author\":{\"name\":\"P\u00e1gina 10\",\"@id\":\"https:\/\/pagina10.com\/web\/#\/schema\/person\/2efc4a090d25b667d3bc796798a3a81b\"},\"headline\":\"Avante Setp obligado a suspender obras por desabastecimiento\",\"datePublished\":\"2023-01-26T14:04:06+00:00\",\"mainEntityOfPage\":{\"@id\":\"https:\/\/pagina10.com\/web\/avante-setp-obligado-a-suspender-obras-por-desabastecimiento\/\"},\"wordCount\":213,\"commentCount\":0,\"publisher\":{\"@id\":\"https:\/\/pagina10.com\/web\/#organization\"},\"image\":{\"@id\":\"https:\/\/pagina10.com\/web\/avante-setp-obligado-a-suspender-obras-por-desabastecimiento\/#primaryimage\"},\"thumbnailUrl\":\"https:\/\/pagina10.com\/web\/wp-content\/uploads\/2023\/01\/323901558_6633205996705817_6186472286909091163_n.jpg\",\"articleSection\":[\"Ciudad\"],\"inLanguage\":\"es\",\"potentialAction\":[{\"@type\":\"CommentAction\",\"name\":\"Comment\",\"target\":[\"https:\/\/pagina10.com\/web\/avante-setp-obligado-a-suspender-obras-por-desabastecimiento\/#respond\"]}]},{\"@type\":\"WebPage\",\"@id\":\"https:\/\/pagina10.com\/web\/avante-setp-obligado-a-suspender-obras-por-desabastecimiento\/\",\"url\":\"https:\/\/pagina10.com\/web\/avante-setp-obligado-a-suspender-obras-por-desabastecimiento\/\",\"name\":\"Avante Setp obligado a suspender obras por desabastecimiento | P\u00e1gina10\",\"isPartOf\":{\"@id\":\"https:\/\/pagina10.com\/web\/#website\"},\"primaryImageOfPage\":{\"@id\":\"https:\/\/pagina10.com\/web\/avante-setp-obligado-a-suspender-obras-por-desabastecimiento\/#primaryimage\"},\"image\":{\"@id\":\"https:\/\/pagina10.com\/web\/avante-setp-obligado-a-suspender-obras-por-desabastecimiento\/#primaryimage\"},\"thumbnailUrl\":\"https:\/\/pagina10.com\/web\/wp-content\/uploads\/2023\/01\/323901558_6633205996705817_6186472286909091163_n.jpg\",\"datePublished\":\"2023-01-26T14:04:06+00:00\",\"breadcrumb\":{\"@id\":\"https:\/\/pagina10.com\/web\/avante-setp-obligado-a-suspender-obras-por-desabastecimiento\/#breadcrumb\"},\"inLanguage\":\"es\",\"potentialAction\":[{\"@type\":\"ReadAction\",\"target\":[\"https:\/\/pagina10.com\/web\/avante-setp-obligado-a-suspender-obras-por-desabastecimiento\/\"]}]},{\"@type\":\"ImageObject\",\"inLanguage\":\"es\",\"@id\":\"https:\/\/pagina10.com\/web\/avante-setp-obligado-a-suspender-obras-por-desabastecimiento\/#primaryimage\",\"url\":\"https:\/\/pagina10.com\/web\/wp-content\/uploads\/2023\/01\/323901558_6633205996705817_6186472286909091163_n.jpg\",\"contentUrl\":\"https:\/\/pagina10.com\/web\/wp-content\/uploads\/2023\/01\/323901558_6633205996705817_6186472286909091163_n.jpg\",\"width\":980,\"height\":751},{\"@type\":\"BreadcrumbList\",\"@id\":\"https:\/\/pagina10.com\/web\/avante-setp-obligado-a-suspender-obras-por-desabastecimiento\/#breadcrumb\",\"itemListElement\":[{\"@type\":\"ListItem\",\"position\":1,\"name\":\"Portada\",\"item\":\"https:\/\/pagina10.com\/web\/\"},{\"@type\":\"ListItem\",\"position\":2,\"name\":\"Avante Setp obligado a suspender obras por desabastecimiento\"}]},{\"@type\":\"WebSite\",\"@id\":\"https:\/\/pagina10.com\/web\/#website\",\"url\":\"https:\/\/pagina10.com\/web\/\",\"name\":\"P\u00e1gina10\",\"description\":\"Peri\u00f3dico Regional\",\"publisher\":{\"@id\":\"https:\/\/pagina10.com\/web\/#organization\"},\"alternateName\":\"P\u00e1gina10 Peri\u00f3dico Regional\",\"potentialAction\":[{\"@type\":\"SearchAction\",\"target\":{\"@type\":\"EntryPoint\",\"urlTemplate\":\"https:\/\/pagina10.com\/web\/?s={search_term_string}\"},\"query-input\":{\"@type\":\"PropertyValueSpecification\",\"valueRequired\":true,\"valueName\":\"search_term_string\"}}],\"inLanguage\":\"es\"},{\"@type\":\"Organization\",\"@id\":\"https:\/\/pagina10.com\/web\/#organization\",\"name\":\"P\u00e1gina10\",\"alternateName\":\"P\u00e1gina10 Peri\u00f3dico Regional\",\"url\":\"https:\/\/pagina10.com\/web\/\",\"logo\":{\"@type\":\"ImageObject\",\"inLanguage\":\"es\",\"@id\":\"https:\/\/pagina10.com\/web\/#\/schema\/logo\/image\/\",\"url\":\"https:\/\/pagina10.com\/web\/wp-content\/uploads\/2024\/01\/40-pagina-10-periodico-regional-pasto.jpg\",\"contentUrl\":\"https:\/\/pagina10.com\/web\/wp-content\/uploads\/2024\/01\/40-pagina-10-periodico-regional-pasto.jpg\",\"width\":1280,\"height\":720,\"caption\":\"P\u00e1gina10\"},\"image\":{\"@id\":\"https:\/\/pagina10.com\/web\/#\/schema\/logo\/image\/\"},\"sameAs\":[\"https:\/\/www.facebook.com\/pag10com\",\"https:\/\/x.com\/Pag10com\",\"https:\/\/www.instagram.com\/pagina10col\/\",\"https:\/\/youtube.com\/channel\/pag10\",\"https:\/\/www.tiktok.com\/@p10col\"]},{\"@type\":\"Person\",\"@id\":\"https:\/\/pagina10.com\/web\/#\/schema\/person\/2efc4a090d25b667d3bc796798a3a81b\",\"name\":\"P\u00e1gina 10\",\"description\":\"P\u00e1gina 10 es un peri\u00f3dico regional que nace en Colombia, en el departamento de Nari\u00f1o, con un enfoque global, fundamentado en cuatro pilares esenciales: la libertad, el pluralismo, la inclusi\u00f3n y la independencia. P\u00e1gina 10 hace referencia a Nari\u00f1o como el d\u00e9cimo departamento creado en Colombia, despu\u00e9s de un proceso pol\u00edtico liderado por actores y actrices regionales con el fin de obtener la independencia y autonom\u00eda de nuestros territorios. Con la creaci\u00f3n de P\u00e1gina 10 se pretende abrir un escenario para el dialogo, la reflexi\u00f3n y el debate que se extienda a otras geograf\u00edas de Am\u00e9rica Latina y del planeta, en una apuesta por transformar colectivamente los desaf\u00edos de un mundo contempor\u00e1neo, m\u00e1s all\u00e1 de las fronteras impuestas.\",\"url\":\"https:\/\/pagina10.com\/web\/author\/pdiezadmin\/\"}]}<\/script>\n<!-- \/ Yoast SEO plugin. -->","yoast_head_json":{"title":"Avante Setp obligado a suspender obras por desabastecimiento | P\u00e1gina10","robots":{"index":"index","follow":"follow","max-snippet":"max-snippet:-1","max-image-preview":"max-image-preview:large","max-video-preview":"max-video-preview:-1"},"canonical":"https:\/\/pagina10.com\/web\/avante-setp-obligado-a-suspender-obras-por-desabastecimiento\/","og_locale":"es_ES","og_type":"article","og_title":"Avante Setp obligado a suspender obras por desabastecimiento | P\u00e1gina10","og_description":"La Alcald\u00eda de Pasto, a trav\u00e9s de Avante SETP informa a la comunidad que ante el cierre total de la v\u00eda Pasto \u2013 Popay\u00e1n, que ha generado desabastecimiento de insumos y materiales al sur del Pa\u00eds, se ve obligado a suspender todos los frentes de trabajo que conllevan a la implementaci\u00f3n del Sistema Estrat\u00e9gico de [&hellip;]","og_url":"https:\/\/pagina10.com\/web\/avante-setp-obligado-a-suspender-obras-por-desabastecimiento\/","og_site_name":"P\u00e1gina10","article_publisher":"https:\/\/www.facebook.com\/pag10com","article_published_time":"2023-01-26T14:04:06+00:00","og_image":[{"width":980,"height":751,"url":"https:\/\/pagina10.com\/web\/wp-content\/uploads\/2023\/01\/323901558_6633205996705817_6186472286909091163_n.jpg","type":"image\/jpeg"}],"author":"P\u00e1gina 10","twitter_card":"summary_large_image","twitter_creator":"@Pag10com","twitter_site":"@Pag10com","twitter_misc":{"Escrito por":"P\u00e1gina 10","Tiempo de lectura":"1 minuto"},"schema":{"@context":"https:\/\/schema.org","@graph":[{"@type":"Article","@id":"https:\/\/pagina10.com\/web\/avante-setp-obligado-a-suspender-obras-por-desabastecimiento\/#article","isPartOf":{"@id":"https:\/\/pagina10.com\/web\/avante-setp-obligado-a-suspender-obras-por-desabastecimiento\/"},"author":{"name":"P\u00e1gina 10","@id":"https:\/\/pagina10.com\/web\/#\/schema\/person\/2efc4a090d25b667d3bc796798a3a81b"},"headline":"Avante Setp obligado a suspender obras por desabastecimiento","datePublished":"2023-01-26T14:04:06+00:00","mainEntityOfPage":{"@id":"https:\/\/pagina10.com\/web\/avante-setp-obligado-a-suspender-obras-por-desabastecimiento\/"},"wordCount":213,"commentCount":0,"publisher":{"@id":"https:\/\/pagina10.com\/web\/#organization"},"image":{"@id":"https:\/\/pagina10.com\/web\/avante-setp-obligado-a-suspender-obras-por-desabastecimiento\/#primaryimage"},"thumbnailUrl":"https:\/\/pagina10.com\/web\/wp-content\/uploads\/2023\/01\/323901558_6633205996705817_6186472286909091163_n.jpg","articleSection":["Ciudad"],"inLanguage":"es","potentialAction":[{"@type":"CommentAction","name":"Comment","target":["https:\/\/pagina10.com\/web\/avante-setp-obligado-a-suspender-obras-por-desabastecimiento\/#respond"]}]},{"@type":"WebPage","@id":"https:\/\/pagina10.com\/web\/avante-setp-obligado-a-suspender-obras-por-desabastecimiento\/","url":"https:\/\/pagina10.com\/web\/avante-setp-obligado-a-suspender-obras-por-desabastecimiento\/","name":"Avante Setp obligado a suspender obras por desabastecimiento | P\u00e1gina10","isPartOf":{"@id":"https:\/\/pagina10.com\/web\/#website"},"primaryImageOfPage":{"@id":"https:\/\/pagina10.com\/web\/avante-setp-obligado-a-suspender-obras-por-desabastecimiento\/#primaryimage"},"image":{"@id":"https:\/\/pagina10.com\/web\/avante-setp-obligado-a-suspender-obras-por-desabastecimiento\/#primaryimage"},"thumbnailUrl":"https:\/\/pagina10.com\/web\/wp-content\/uploads\/2023\/01\/323901558_6633205996705817_6186472286909091163_n.jpg","datePublished":"2023-01-26T14:04:06+00:00","breadcrumb":{"@id":"https:\/\/pagina10.com\/web\/avante-setp-obligado-a-suspender-obras-por-desabastecimiento\/#breadcrumb"},"inLanguage":"es","potentialAction":[{"@type":"ReadAction","target":["https:\/\/pagina10.com\/web\/avante-setp-obligado-a-suspender-obras-por-desabastecimiento\/"]}]},{"@type":"ImageObject","inLanguage":"es","@id":"https:\/\/pagina10.com\/web\/avante-setp-obligado-a-suspender-obras-por-desabastecimiento\/#primaryimage","url":"https:\/\/pagina10.com\/web\/wp-content\/uploads\/2023\/01\/323901558_6633205996705817_6186472286909091163_n.jpg","contentUrl":"https:\/\/pagina10.com\/web\/wp-content\/uploads\/2023\/01\/323901558_6633205996705817_6186472286909091163_n.jpg","width":980,"height":751},{"@type":"BreadcrumbList","@id":"https:\/\/pagina10.com\/web\/avante-setp-obligado-a-suspender-obras-por-desabastecimiento\/#breadcrumb","itemListElement":[{"@type":"ListItem","position":1,"name":"Portada","item":"https:\/\/pagina10.com\/web\/"},{"@type":"ListItem","position":2,"name":"Avante Setp obligado a suspender obras por desabastecimiento"}]},{"@type":"WebSite","@id":"https:\/\/pagina10.com\/web\/#website","url":"https:\/\/pagina10.com\/web\/","name":"P\u00e1gina10","description":"Peri\u00f3dico Regional","publisher":{"@id":"https:\/\/pagina10.com\/web\/#organization"},"alternateName":"P\u00e1gina10 Peri\u00f3dico Regional","potentialAction":[{"@type":"SearchAction","target":{"@type":"EntryPoint","urlTemplate":"https:\/\/pagina10.com\/web\/?s={search_term_string}"},"query-input":{"@type":"PropertyValueSpecification","valueRequired":true,"valueName":"search_term_string"}}],"inLanguage":"es"},{"@type":"Organization","@id":"https:\/\/pagina10.com\/web\/#organization","name":"P\u00e1gina10","alternateName":"P\u00e1gina10 Peri\u00f3dico Regional","url":"https:\/\/pagina10.com\/web\/","logo":{"@type":"ImageObject","inLanguage":"es","@id":"https:\/\/pagina10.com\/web\/#\/schema\/logo\/image\/","url":"https:\/\/pagina10.com\/web\/wp-content\/uploads\/2024\/01\/40-pagina-10-periodico-regional-pasto.jpg","contentUrl":"https:\/\/pagina10.com\/web\/wp-content\/uploads\/2024\/01\/40-pagina-10-periodico-regional-pasto.jpg","width":1280,"height":720,"caption":"P\u00e1gina10"},"image":{"@id":"https:\/\/pagina10.com\/web\/#\/schema\/logo\/image\/"},"sameAs":["https:\/\/www.facebook.com\/pag10com","https:\/\/x.com\/Pag10com","https:\/\/www.instagram.com\/pagina10col\/","https:\/\/youtube.com\/channel\/pag10","https:\/\/www.tiktok.com\/@p10col"]},{"@type":"Person","@id":"https:\/\/pagina10.com\/web\/#\/schema\/person\/2efc4a090d25b667d3bc796798a3a81b","name":"P\u00e1gina 10","description":"P\u00e1gina 10 es un peri\u00f3dico regional que nace en Colombia, en el departamento de Nari\u00f1o, con un enfoque global, fundamentado en cuatro pilares esenciales: la libertad, el pluralismo, la inclusi\u00f3n y la independencia. P\u00e1gina 10 hace referencia a Nari\u00f1o como el d\u00e9cimo departamento creado en Colombia, despu\u00e9s de un proceso pol\u00edtico liderado por actores y actrices regionales con el fin de obtener la independencia y autonom\u00eda de nuestros territorios. Con la creaci\u00f3n de P\u00e1gina 10 se pretende abrir un escenario para el dialogo, la reflexi\u00f3n y el debate que se extienda a otras geograf\u00edas de Am\u00e9rica Latina y del planeta, en una apuesta por transformar colectivamente los desaf\u00edos de un mundo contempor\u00e1neo, m\u00e1s all\u00e1 de las fronteras impuestas.","url":"https:\/\/pagina10.com\/web\/author\/pdiezadmin\/"}]}},"_links":{"self":[{"href":"https:\/\/pagina10.com\/web\/wp-json\/wp\/v2\/posts\/64152","targetHints":{"allow":["GET"]}}],"collection":[{"href":"https:\/\/pagina10.com\/web\/wp-json\/wp\/v2\/posts"}],"about":[{"href":"https:\/\/pagina10.com\/web\/wp-json\/wp\/v2\/types\/post"}],"author":[{"embeddable":true,"href":"https:\/\/pagina10.com\/web\/wp-json\/wp\/v2\/users\/1"}],"replies":[{"embeddable":true,"href":"https:\/\/pagina10.com\/web\/wp-json\/wp\/v2\/comments?post=64152"}],"version-history":[{"count":2,"href":"https:\/\/pagina10.com\/web\/wp-json\/wp\/v2\/posts\/64152\/revisions"}],"predecessor-version":[{"id":64249,"href":"https:\/\/pagina10.com\/web\/wp-json\/wp\/v2\/posts\/64152\/revisions\/64249"}],"wp:featuredmedia":[{"embeddable":true,"href":"https:\/\/pagina10.com\/web\/wp-json\/wp\/v2\/media\/64248"}],"wp:attachment":[{"href":"https:\/\/pagina10.com\/web\/wp-json\/wp\/v2\/media?parent=64152"}],"wp:term":[{"taxonomy":"category","embeddable":true,"href":"https:\/\/pagina10.com\/web\/wp-json\/wp\/v2\/categories?post=64152"},{"taxonomy":"post_tag","embeddable":true,"href":"https:\/\/pagina10.com\/web\/wp-json\/wp\/v2\/tags?post=64152"}],"curies":[{"name":"wp","href":"https:\/\/api.w.org\/{rel}","templated":true}]}}