{"id":64174,"date":"2023-01-20T13:29:01","date_gmt":"2023-01-20T18:29:01","guid":{"rendered":"https:\/\/pagina10.com\/web\/?p=64174"},"modified":"2023-01-20T13:29:01","modified_gmt":"2023-01-20T18:29:01","slug":"comunidad-de-cujacal-inconforme-tras-actuacion-de-ingeniero-que-les-habria-sustraido-el-agua-de-los-distritos-de-riego","status":"publish","type":"post","link":"https:\/\/pagina10.com\/web\/comunidad-de-cujacal-inconforme-tras-actuacion-de-ingeniero-que-les-habria-sustraido-el-agua-de-los-distritos-de-riego\/","title":{"rendered":"Comunidad de Cujacal inconforme tras actuaci\u00f3n de ingeniero que les habr\u00eda sustra\u00eddo el agua de los distritos de riego"},"content":{"rendered":"<p style=\"text-align: justify;\">En esta semana se realiz\u00f3 la audiencia p\u00fabica contra el ingeniero Jairo Juvencio Zamora, gerente del proyecto EPROCOM, a quien la comunidad de la vereda Cujacal, en el corregimiento de Buesaquillo, acusa de haberle cortado el agua con la que se abastec\u00edan los distritos de riego del sector.<\/p>\n<p style=\"text-align: justify;\">Seg\u00fan el antrop\u00f3logo Danilo Palacios, Zamora se neg\u00f3 a conciliar argumentando que hace a\u00f1os un campesino le alz\u00f3 la voz. \u201cLo de Cujacal es uno de los tantos casos de acaparamiento de agua y atropello a comunidades rurales en Pasto. Corponari\u00f1o, que debi\u00f3 estar en la audiencia de cumplimiento y en la comisi\u00f3n accidental del Concejo, parece estar al servicio de intereses privados porque no asisti\u00f3\u201d, dijo.<\/p>\n<p style=\"text-align: justify;\">El proyecto construido por el Grupo Sol\u00edn Bienes y Ra\u00edces de la ciudad de Barranquilla y representado en Pasto por el ingeniero Jairo Juvencio Zamora Espa\u00f1a, fue dise\u00f1ado para generar grandes \u00e1reas de almacenamiento, cuenta con 46 bodegas, 10 showroom, 10 oficinas, 3 salas de juntas, auditorio para 242 personas, porter\u00edas de seguridad privada 24 horas y dise\u00f1o estrat\u00e9gico para el tr\u00e1fico de veh\u00edculos pesados articulados. Cuenta con 3 etapas para un total de 130.000 metros cuadrados construidos.<\/p>\n","protected":false},"excerpt":{"rendered":"<p>En esta semana se realiz\u00f3 la audiencia p\u00fabica contra el ingeniero Jairo Juvencio Zamora, gerente del proyecto EPROCOM, a quien la comunidad de la vereda Cujacal, en el corregimiento de Buesaquillo, acusa de haberle cortado el agua con la que se abastec\u00edan los distritos de riego del sector. Seg\u00fan el antrop\u00f3logo Danilo Palacios, Zamora se [&hellip;]<\/p>\n","protected":false},"author":1,"featured_media":64175,"comment_status":"open","ping_status":"open","sticky":false,"template":"","format":"standard","meta":{"footnotes":""},"categories":[84],"tags":[],"class_list":["post-64174","post","type-post","status-publish","format-standard","has-post-thumbnail","hentry","category-global-2"],"yoast_head":"<!-- This site is optimized with the Yoast SEO plugin v27.1.1 - https:\/\/yoast.com\/product\/yoast-seo-wordpress\/ -->\n<title>Comunidad de Cujacal inconforme tras actuaci\u00f3n de ingeniero que les habr\u00eda sustra\u00eddo el agua de los distritos de riego | P\u00e1gina10<\/title>\n<meta name=\"robots\" content=\"index, follow, max-snippet:-1, max-image-preview:large, max-video-preview:-1\" \/>\n<link rel=\"canonical\" href=\"https:\/\/pagina10.com\/web\/comunidad-de-cujacal-inconforme-tras-actuacion-de-ingeniero-que-les-habria-sustraido-el-agua-de-los-distritos-de-riego\/\" \/>\n<meta property=\"og:locale\" content=\"es_ES\" \/>\n<meta property=\"og:type\" content=\"article\" \/>\n<meta property=\"og:title\" content=\"Comunidad de Cujacal inconforme tras actuaci\u00f3n de ingeniero que les habr\u00eda sustra\u00eddo el agua de los distritos de riego | P\u00e1gina10\" \/>\n<meta property=\"og:description\" content=\"En esta semana se realiz\u00f3 la audiencia p\u00fabica contra el ingeniero Jairo Juvencio Zamora, gerente del proyecto EPROCOM, a quien la comunidad de la vereda Cujacal, en el corregimiento de Buesaquillo, acusa de haberle cortado el agua con la que se abastec\u00edan los distritos de riego del sector. Seg\u00fan el antrop\u00f3logo Danilo Palacios, Zamora se [&hellip;]\" \/>\n<meta property=\"og:url\" content=\"https:\/\/pagina10.com\/web\/comunidad-de-cujacal-inconforme-tras-actuacion-de-ingeniero-que-les-habria-sustraido-el-agua-de-los-distritos-de-riego\/\" \/>\n<meta property=\"og:site_name\" content=\"P\u00e1gina10\" \/>\n<meta property=\"article:publisher\" content=\"https:\/\/www.facebook.com\/pag10com\" \/>\n<meta property=\"article:published_time\" content=\"2023-01-20T18:29:01+00:00\" \/>\n<meta property=\"og:image\" content=\"https:\/\/pagina10.com\/web\/wp-content\/uploads\/2023\/01\/FmsJE92WAAQOLu2.jpg\" \/>\n\t<meta property=\"og:image:width\" content=\"680\" \/>\n\t<meta property=\"og:image:height\" content=\"511\" \/>\n\t<meta property=\"og:image:type\" content=\"image\/jpeg\" \/>\n<meta name=\"author\" content=\"P\u00e1gina 10\" \/>\n<meta name=\"twitter:card\" content=\"summary_large_image\" \/>\n<meta name=\"twitter:creator\" content=\"@Pag10com\" \/>\n<meta name=\"twitter:site\" content=\"@Pag10com\" \/>\n<meta name=\"twitter:label1\" content=\"Escrito por\" \/>\n\t<meta name=\"twitter:data1\" content=\"P\u00e1gina 10\" \/>\n\t<meta name=\"twitter:label2\" content=\"Tiempo de lectura\" \/>\n\t<meta name=\"twitter:data2\" content=\"1 minuto\" \/>\n<script type=\"application\/ld+json\" class=\"yoast-schema-graph\">{\"@context\":\"https:\/\/schema.org\",\"@graph\":[{\"@type\":\"Article\",\"@id\":\"https:\/\/pagina10.com\/web\/comunidad-de-cujacal-inconforme-tras-actuacion-de-ingeniero-que-les-habria-sustraido-el-agua-de-los-distritos-de-riego\/#article\",\"isPartOf\":{\"@id\":\"https:\/\/pagina10.com\/web\/comunidad-de-cujacal-inconforme-tras-actuacion-de-ingeniero-que-les-habria-sustraido-el-agua-de-los-distritos-de-riego\/\"},\"author\":{\"name\":\"P\u00e1gina 10\",\"@id\":\"https:\/\/pagina10.com\/web\/#\/schema\/person\/2efc4a090d25b667d3bc796798a3a81b\"},\"headline\":\"Comunidad de Cujacal inconforme tras actuaci\u00f3n de ingeniero que les habr\u00eda sustra\u00eddo el agua de los distritos de riego\",\"datePublished\":\"2023-01-20T18:29:01+00:00\",\"mainEntityOfPage\":{\"@id\":\"https:\/\/pagina10.com\/web\/comunidad-de-cujacal-inconforme-tras-actuacion-de-ingeniero-que-les-habria-sustraido-el-agua-de-los-distritos-de-riego\/\"},\"wordCount\":223,\"commentCount\":0,\"publisher\":{\"@id\":\"https:\/\/pagina10.com\/web\/#organization\"},\"image\":{\"@id\":\"https:\/\/pagina10.com\/web\/comunidad-de-cujacal-inconforme-tras-actuacion-de-ingeniero-que-les-habria-sustraido-el-agua-de-los-distritos-de-riego\/#primaryimage\"},\"thumbnailUrl\":\"https:\/\/pagina10.com\/web\/wp-content\/uploads\/2023\/01\/FmsJE92WAAQOLu2.jpg\",\"articleSection\":[\"Global\"],\"inLanguage\":\"es\",\"potentialAction\":[{\"@type\":\"CommentAction\",\"name\":\"Comment\",\"target\":[\"https:\/\/pagina10.com\/web\/comunidad-de-cujacal-inconforme-tras-actuacion-de-ingeniero-que-les-habria-sustraido-el-agua-de-los-distritos-de-riego\/#respond\"]}]},{\"@type\":\"WebPage\",\"@id\":\"https:\/\/pagina10.com\/web\/comunidad-de-cujacal-inconforme-tras-actuacion-de-ingeniero-que-les-habria-sustraido-el-agua-de-los-distritos-de-riego\/\",\"url\":\"https:\/\/pagina10.com\/web\/comunidad-de-cujacal-inconforme-tras-actuacion-de-ingeniero-que-les-habria-sustraido-el-agua-de-los-distritos-de-riego\/\",\"name\":\"Comunidad de Cujacal inconforme tras actuaci\u00f3n de ingeniero que les habr\u00eda sustra\u00eddo el agua de los distritos de riego | P\u00e1gina10\",\"isPartOf\":{\"@id\":\"https:\/\/pagina10.com\/web\/#website\"},\"primaryImageOfPage\":{\"@id\":\"https:\/\/pagina10.com\/web\/comunidad-de-cujacal-inconforme-tras-actuacion-de-ingeniero-que-les-habria-sustraido-el-agua-de-los-distritos-de-riego\/#primaryimage\"},\"image\":{\"@id\":\"https:\/\/pagina10.com\/web\/comunidad-de-cujacal-inconforme-tras-actuacion-de-ingeniero-que-les-habria-sustraido-el-agua-de-los-distritos-de-riego\/#primaryimage\"},\"thumbnailUrl\":\"https:\/\/pagina10.com\/web\/wp-content\/uploads\/2023\/01\/FmsJE92WAAQOLu2.jpg\",\"datePublished\":\"2023-01-20T18:29:01+00:00\",\"breadcrumb\":{\"@id\":\"https:\/\/pagina10.com\/web\/comunidad-de-cujacal-inconforme-tras-actuacion-de-ingeniero-que-les-habria-sustraido-el-agua-de-los-distritos-de-riego\/#breadcrumb\"},\"inLanguage\":\"es\",\"potentialAction\":[{\"@type\":\"ReadAction\",\"target\":[\"https:\/\/pagina10.com\/web\/comunidad-de-cujacal-inconforme-tras-actuacion-de-ingeniero-que-les-habria-sustraido-el-agua-de-los-distritos-de-riego\/\"]}]},{\"@type\":\"ImageObject\",\"inLanguage\":\"es\",\"@id\":\"https:\/\/pagina10.com\/web\/comunidad-de-cujacal-inconforme-tras-actuacion-de-ingeniero-que-les-habria-sustraido-el-agua-de-los-distritos-de-riego\/#primaryimage\",\"url\":\"https:\/\/pagina10.com\/web\/wp-content\/uploads\/2023\/01\/FmsJE92WAAQOLu2.jpg\",\"contentUrl\":\"https:\/\/pagina10.com\/web\/wp-content\/uploads\/2023\/01\/FmsJE92WAAQOLu2.jpg\",\"width\":680,\"height\":511},{\"@type\":\"BreadcrumbList\",\"@id\":\"https:\/\/pagina10.com\/web\/comunidad-de-cujacal-inconforme-tras-actuacion-de-ingeniero-que-les-habria-sustraido-el-agua-de-los-distritos-de-riego\/#breadcrumb\",\"itemListElement\":[{\"@type\":\"ListItem\",\"position\":1,\"name\":\"Portada\",\"item\":\"https:\/\/pagina10.com\/web\/\"},{\"@type\":\"ListItem\",\"position\":2,\"name\":\"Comunidad de Cujacal inconforme tras actuaci\u00f3n de ingeniero que les habr\u00eda sustra\u00eddo el agua de los distritos de riego\"}]},{\"@type\":\"WebSite\",\"@id\":\"https:\/\/pagina10.com\/web\/#website\",\"url\":\"https:\/\/pagina10.com\/web\/\",\"name\":\"P\u00e1gina10\",\"description\":\"Peri\u00f3dico Regional\",\"publisher\":{\"@id\":\"https:\/\/pagina10.com\/web\/#organization\"},\"alternateName\":\"P\u00e1gina10 Peri\u00f3dico Regional\",\"potentialAction\":[{\"@type\":\"SearchAction\",\"target\":{\"@type\":\"EntryPoint\",\"urlTemplate\":\"https:\/\/pagina10.com\/web\/?s={search_term_string}\"},\"query-input\":{\"@type\":\"PropertyValueSpecification\",\"valueRequired\":true,\"valueName\":\"search_term_string\"}}],\"inLanguage\":\"es\"},{\"@type\":\"Organization\",\"@id\":\"https:\/\/pagina10.com\/web\/#organization\",\"name\":\"P\u00e1gina10\",\"alternateName\":\"P\u00e1gina10 Peri\u00f3dico Regional\",\"url\":\"https:\/\/pagina10.com\/web\/\",\"logo\":{\"@type\":\"ImageObject\",\"inLanguage\":\"es\",\"@id\":\"https:\/\/pagina10.com\/web\/#\/schema\/logo\/image\/\",\"url\":\"https:\/\/pagina10.com\/web\/wp-content\/uploads\/2024\/01\/40-pagina-10-periodico-regional-pasto.jpg\",\"contentUrl\":\"https:\/\/pagina10.com\/web\/wp-content\/uploads\/2024\/01\/40-pagina-10-periodico-regional-pasto.jpg\",\"width\":1280,\"height\":720,\"caption\":\"P\u00e1gina10\"},\"image\":{\"@id\":\"https:\/\/pagina10.com\/web\/#\/schema\/logo\/image\/\"},\"sameAs\":[\"https:\/\/www.facebook.com\/pag10com\",\"https:\/\/x.com\/Pag10com\",\"https:\/\/www.instagram.com\/pagina10col\/\",\"https:\/\/youtube.com\/channel\/pag10\",\"https:\/\/www.tiktok.com\/@p10col\"]},{\"@type\":\"Person\",\"@id\":\"https:\/\/pagina10.com\/web\/#\/schema\/person\/2efc4a090d25b667d3bc796798a3a81b\",\"name\":\"P\u00e1gina 10\",\"description\":\"P\u00e1gina 10 es un peri\u00f3dico regional que nace en Colombia, en el departamento de Nari\u00f1o, con un enfoque global, fundamentado en cuatro pilares esenciales: la libertad, el pluralismo, la inclusi\u00f3n y la independencia. P\u00e1gina 10 hace referencia a Nari\u00f1o como el d\u00e9cimo departamento creado en Colombia, despu\u00e9s de un proceso pol\u00edtico liderado por actores y actrices regionales con el fin de obtener la independencia y autonom\u00eda de nuestros territorios. Con la creaci\u00f3n de P\u00e1gina 10 se pretende abrir un escenario para el dialogo, la reflexi\u00f3n y el debate que se extienda a otras geograf\u00edas de Am\u00e9rica Latina y del planeta, en una apuesta por transformar colectivamente los desaf\u00edos de un mundo contempor\u00e1neo, m\u00e1s all\u00e1 de las fronteras impuestas.\",\"url\":\"https:\/\/pagina10.com\/web\/author\/pdiezadmin\/\"}]}<\/script>\n<!-- \/ Yoast SEO plugin. -->","yoast_head_json":{"title":"Comunidad de Cujacal inconforme tras actuaci\u00f3n de ingeniero que les habr\u00eda sustra\u00eddo el agua de los distritos de riego | P\u00e1gina10","robots":{"index":"index","follow":"follow","max-snippet":"max-snippet:-1","max-image-preview":"max-image-preview:large","max-video-preview":"max-video-preview:-1"},"canonical":"https:\/\/pagina10.com\/web\/comunidad-de-cujacal-inconforme-tras-actuacion-de-ingeniero-que-les-habria-sustraido-el-agua-de-los-distritos-de-riego\/","og_locale":"es_ES","og_type":"article","og_title":"Comunidad de Cujacal inconforme tras actuaci\u00f3n de ingeniero que les habr\u00eda sustra\u00eddo el agua de los distritos de riego | P\u00e1gina10","og_description":"En esta semana se realiz\u00f3 la audiencia p\u00fabica contra el ingeniero Jairo Juvencio Zamora, gerente del proyecto EPROCOM, a quien la comunidad de la vereda Cujacal, en el corregimiento de Buesaquillo, acusa de haberle cortado el agua con la que se abastec\u00edan los distritos de riego del sector. Seg\u00fan el antrop\u00f3logo Danilo Palacios, Zamora se [&hellip;]","og_url":"https:\/\/pagina10.com\/web\/comunidad-de-cujacal-inconforme-tras-actuacion-de-ingeniero-que-les-habria-sustraido-el-agua-de-los-distritos-de-riego\/","og_site_name":"P\u00e1gina10","article_publisher":"https:\/\/www.facebook.com\/pag10com","article_published_time":"2023-01-20T18:29:01+00:00","og_image":[{"width":680,"height":511,"url":"https:\/\/pagina10.com\/web\/wp-content\/uploads\/2023\/01\/FmsJE92WAAQOLu2.jpg","type":"image\/jpeg"}],"author":"P\u00e1gina 10","twitter_card":"summary_large_image","twitter_creator":"@Pag10com","twitter_site":"@Pag10com","twitter_misc":{"Escrito por":"P\u00e1gina 10","Tiempo de lectura":"1 minuto"},"schema":{"@context":"https:\/\/schema.org","@graph":[{"@type":"Article","@id":"https:\/\/pagina10.com\/web\/comunidad-de-cujacal-inconforme-tras-actuacion-de-ingeniero-que-les-habria-sustraido-el-agua-de-los-distritos-de-riego\/#article","isPartOf":{"@id":"https:\/\/pagina10.com\/web\/comunidad-de-cujacal-inconforme-tras-actuacion-de-ingeniero-que-les-habria-sustraido-el-agua-de-los-distritos-de-riego\/"},"author":{"name":"P\u00e1gina 10","@id":"https:\/\/pagina10.com\/web\/#\/schema\/person\/2efc4a090d25b667d3bc796798a3a81b"},"headline":"Comunidad de Cujacal inconforme tras actuaci\u00f3n de ingeniero que les habr\u00eda sustra\u00eddo el agua de los distritos de riego","datePublished":"2023-01-20T18:29:01+00:00","mainEntityOfPage":{"@id":"https:\/\/pagina10.com\/web\/comunidad-de-cujacal-inconforme-tras-actuacion-de-ingeniero-que-les-habria-sustraido-el-agua-de-los-distritos-de-riego\/"},"wordCount":223,"commentCount":0,"publisher":{"@id":"https:\/\/pagina10.com\/web\/#organization"},"image":{"@id":"https:\/\/pagina10.com\/web\/comunidad-de-cujacal-inconforme-tras-actuacion-de-ingeniero-que-les-habria-sustraido-el-agua-de-los-distritos-de-riego\/#primaryimage"},"thumbnailUrl":"https:\/\/pagina10.com\/web\/wp-content\/uploads\/2023\/01\/FmsJE92WAAQOLu2.jpg","articleSection":["Global"],"inLanguage":"es","potentialAction":[{"@type":"CommentAction","name":"Comment","target":["https:\/\/pagina10.com\/web\/comunidad-de-cujacal-inconforme-tras-actuacion-de-ingeniero-que-les-habria-sustraido-el-agua-de-los-distritos-de-riego\/#respond"]}]},{"@type":"WebPage","@id":"https:\/\/pagina10.com\/web\/comunidad-de-cujacal-inconforme-tras-actuacion-de-ingeniero-que-les-habria-sustraido-el-agua-de-los-distritos-de-riego\/","url":"https:\/\/pagina10.com\/web\/comunidad-de-cujacal-inconforme-tras-actuacion-de-ingeniero-que-les-habria-sustraido-el-agua-de-los-distritos-de-riego\/","name":"Comunidad de Cujacal inconforme tras actuaci\u00f3n de ingeniero que les habr\u00eda sustra\u00eddo el agua de los distritos de riego | P\u00e1gina10","isPartOf":{"@id":"https:\/\/pagina10.com\/web\/#website"},"primaryImageOfPage":{"@id":"https:\/\/pagina10.com\/web\/comunidad-de-cujacal-inconforme-tras-actuacion-de-ingeniero-que-les-habria-sustraido-el-agua-de-los-distritos-de-riego\/#primaryimage"},"image":{"@id":"https:\/\/pagina10.com\/web\/comunidad-de-cujacal-inconforme-tras-actuacion-de-ingeniero-que-les-habria-sustraido-el-agua-de-los-distritos-de-riego\/#primaryimage"},"thumbnailUrl":"https:\/\/pagina10.com\/web\/wp-content\/uploads\/2023\/01\/FmsJE92WAAQOLu2.jpg","datePublished":"2023-01-20T18:29:01+00:00","breadcrumb":{"@id":"https:\/\/pagina10.com\/web\/comunidad-de-cujacal-inconforme-tras-actuacion-de-ingeniero-que-les-habria-sustraido-el-agua-de-los-distritos-de-riego\/#breadcrumb"},"inLanguage":"es","potentialAction":[{"@type":"ReadAction","target":["https:\/\/pagina10.com\/web\/comunidad-de-cujacal-inconforme-tras-actuacion-de-ingeniero-que-les-habria-sustraido-el-agua-de-los-distritos-de-riego\/"]}]},{"@type":"ImageObject","inLanguage":"es","@id":"https:\/\/pagina10.com\/web\/comunidad-de-cujacal-inconforme-tras-actuacion-de-ingeniero-que-les-habria-sustraido-el-agua-de-los-distritos-de-riego\/#primaryimage","url":"https:\/\/pagina10.com\/web\/wp-content\/uploads\/2023\/01\/FmsJE92WAAQOLu2.jpg","contentUrl":"https:\/\/pagina10.com\/web\/wp-content\/uploads\/2023\/01\/FmsJE92WAAQOLu2.jpg","width":680,"height":511},{"@type":"BreadcrumbList","@id":"https:\/\/pagina10.com\/web\/comunidad-de-cujacal-inconforme-tras-actuacion-de-ingeniero-que-les-habria-sustraido-el-agua-de-los-distritos-de-riego\/#breadcrumb","itemListElement":[{"@type":"ListItem","position":1,"name":"Portada","item":"https:\/\/pagina10.com\/web\/"},{"@type":"ListItem","position":2,"name":"Comunidad de Cujacal inconforme tras actuaci\u00f3n de ingeniero que les habr\u00eda sustra\u00eddo el agua de los distritos de riego"}]},{"@type":"WebSite","@id":"https:\/\/pagina10.com\/web\/#website","url":"https:\/\/pagina10.com\/web\/","name":"P\u00e1gina10","description":"Peri\u00f3dico Regional","publisher":{"@id":"https:\/\/pagina10.com\/web\/#organization"},"alternateName":"P\u00e1gina10 Peri\u00f3dico Regional","potentialAction":[{"@type":"SearchAction","target":{"@type":"EntryPoint","urlTemplate":"https:\/\/pagina10.com\/web\/?s={search_term_string}"},"query-input":{"@type":"PropertyValueSpecification","valueRequired":true,"valueName":"search_term_string"}}],"inLanguage":"es"},{"@type":"Organization","@id":"https:\/\/pagina10.com\/web\/#organization","name":"P\u00e1gina10","alternateName":"P\u00e1gina10 Peri\u00f3dico Regional","url":"https:\/\/pagina10.com\/web\/","logo":{"@type":"ImageObject","inLanguage":"es","@id":"https:\/\/pagina10.com\/web\/#\/schema\/logo\/image\/","url":"https:\/\/pagina10.com\/web\/wp-content\/uploads\/2024\/01\/40-pagina-10-periodico-regional-pasto.jpg","contentUrl":"https:\/\/pagina10.com\/web\/wp-content\/uploads\/2024\/01\/40-pagina-10-periodico-regional-pasto.jpg","width":1280,"height":720,"caption":"P\u00e1gina10"},"image":{"@id":"https:\/\/pagina10.com\/web\/#\/schema\/logo\/image\/"},"sameAs":["https:\/\/www.facebook.com\/pag10com","https:\/\/x.com\/Pag10com","https:\/\/www.instagram.com\/pagina10col\/","https:\/\/youtube.com\/channel\/pag10","https:\/\/www.tiktok.com\/@p10col"]},{"@type":"Person","@id":"https:\/\/pagina10.com\/web\/#\/schema\/person\/2efc4a090d25b667d3bc796798a3a81b","name":"P\u00e1gina 10","description":"P\u00e1gina 10 es un peri\u00f3dico regional que nace en Colombia, en el departamento de Nari\u00f1o, con un enfoque global, fundamentado en cuatro pilares esenciales: la libertad, el pluralismo, la inclusi\u00f3n y la independencia. P\u00e1gina 10 hace referencia a Nari\u00f1o como el d\u00e9cimo departamento creado en Colombia, despu\u00e9s de un proceso pol\u00edtico liderado por actores y actrices regionales con el fin de obtener la independencia y autonom\u00eda de nuestros territorios. Con la creaci\u00f3n de P\u00e1gina 10 se pretende abrir un escenario para el dialogo, la reflexi\u00f3n y el debate que se extienda a otras geograf\u00edas de Am\u00e9rica Latina y del planeta, en una apuesta por transformar colectivamente los desaf\u00edos de un mundo contempor\u00e1neo, m\u00e1s all\u00e1 de las fronteras impuestas.","url":"https:\/\/pagina10.com\/web\/author\/pdiezadmin\/"}]}},"_links":{"self":[{"href":"https:\/\/pagina10.com\/web\/wp-json\/wp\/v2\/posts\/64174","targetHints":{"allow":["GET"]}}],"collection":[{"href":"https:\/\/pagina10.com\/web\/wp-json\/wp\/v2\/posts"}],"about":[{"href":"https:\/\/pagina10.com\/web\/wp-json\/wp\/v2\/types\/post"}],"author":[{"embeddable":true,"href":"https:\/\/pagina10.com\/web\/wp-json\/wp\/v2\/users\/1"}],"replies":[{"embeddable":true,"href":"https:\/\/pagina10.com\/web\/wp-json\/wp\/v2\/comments?post=64174"}],"version-history":[{"count":1,"href":"https:\/\/pagina10.com\/web\/wp-json\/wp\/v2\/posts\/64174\/revisions"}],"predecessor-version":[{"id":64176,"href":"https:\/\/pagina10.com\/web\/wp-json\/wp\/v2\/posts\/64174\/revisions\/64176"}],"wp:featuredmedia":[{"embeddable":true,"href":"https:\/\/pagina10.com\/web\/wp-json\/wp\/v2\/media\/64175"}],"wp:attachment":[{"href":"https:\/\/pagina10.com\/web\/wp-json\/wp\/v2\/media?parent=64174"}],"wp:term":[{"taxonomy":"category","embeddable":true,"href":"https:\/\/pagina10.com\/web\/wp-json\/wp\/v2\/categories?post=64174"},{"taxonomy":"post_tag","embeddable":true,"href":"https:\/\/pagina10.com\/web\/wp-json\/wp\/v2\/tags?post=64174"}],"curies":[{"name":"wp","href":"https:\/\/api.w.org\/{rel}","templated":true}]}}