{"id":64220,"date":"2023-01-24T09:54:34","date_gmt":"2023-01-24T14:54:34","guid":{"rendered":"https:\/\/pagina10.com\/web\/?p=64220"},"modified":"2023-01-24T09:54:34","modified_gmt":"2023-01-24T14:54:34","slug":"semblanza-de-un-narinense-con-alma-de-marinero","status":"publish","type":"post","link":"https:\/\/pagina10.com\/web\/semblanza-de-un-narinense-con-alma-de-marinero\/","title":{"rendered":"Semblanza de un nari\u00f1ense con alma de marinero"},"content":{"rendered":"<p style=\"text-align: justify;\">\u201cAmar es escuchar\u201d. Las palabras que les compartiremos a continuaci\u00f3n son intento por recoger lo que este ilustre hijo de Nari\u00f1o, Segundo Libardo Belalc\u00e1zar Mart\u00ednez, comparti\u00f3 en diversas conversaciones con familiares y amigos, as\u00ed como hacer un r\u00e1pido recorrido por los senderos de su vida, lo cual implica\u00a0 viajar por\u00a0 la geograf\u00eda, la cultura,\u00a0 el mestizaje, y los hechos de la historia de Colombia que marcaron sus existencia.<\/p>\n<p style=\"text-align: justify;\">\n<p style=\"text-align: justify;\">Se podr\u00eda decir que fue un campesino nacido en Pupiales en 1936, quien curs\u00f3 sus primeros a\u00f1os de educaci\u00f3n b\u00e1sica en la escuela estatal \u201cNi\u00f1o Jes\u00fas de Praga\u201d, dirigida por los Hermanos Maristas. Por dificultades econ\u00f3micas tuvo que emigrar a Bogot\u00e1; ciudad a la que lleg\u00f3 con una maleta y muchos sue\u00f1os.<\/p>\n<p style=\"text-align: justify;\">El primero era reponerse de la situaci\u00f3n financiera y poder volver pronto a su tierra natal. La ilusi\u00f3n de \u201cregresar\u201d nunca la pudo cumplir porque Dios ten\u00eda otros destinos para su vida. Sin embargo jam\u00e1s perdi\u00f3 el contacto con su terru\u00f1o.<\/p>\n<p style=\"text-align: justify;\">\n<p style=\"text-align: justify;\">En su bolso de sue\u00f1os ten\u00eda otro que era el de conocer el mundo, y este lo sedujo y lo motiv\u00f3 a ingresar a la Marina en el a\u00f1o de 1955 como Soldado de Infanter\u00eda en la ciudad de Cartagena.\u00a0\u00a0 De aqu\u00ed fue trasladado a la Fuerza Naval del Sur, encargada del control y vigilancia de los r\u00edos Putumayo y Caquet\u00e1, durante el periodo correspondiente a agosto de 1960 hasta mayo de 1961. All\u00ed se encontr\u00f3 con la ambivalente situaci\u00f3n tan presente en nuestro pa\u00eds : la agobiante violencia y la fascinaci\u00f3n paisaj\u00edstica, cultural e hist\u00f3rica de las regiones de los Llanos Orientales de Colombia. Cuando estuvo de regreso en Cartagena, pudo conocer algunas ciudades de Estados Unidos, y Centroam\u00e9rica, entre las cuales se cuenta la ciudad de Panam\u00e1; debido a que fue asignado al buque insignia de la armada de aquella\u00a0 \u00e9poca . Tambi\u00e9n continu\u00f3 con sus estudios de administraci\u00f3n que lo llevaron a ocupar el cargo de Almacenista de\u00a0 la Fuerza Naval del Atl\u00e1ntico.<\/p>\n<p style=\"text-align: justify;\">\n<p style=\"text-align: justify;\">En esta etapa de su vida , se enamor\u00f3 de una hermosa mujer de ra\u00edces alemanas, africanas y espa\u00f1olas, nacida en el Carmen de Bol\u00edvar. Los dos rompieron el paradigma de las diferencias culturales y entonces se casaron en el a\u00f1o de 1963, \u201cEl pastuso y la Coste\u00f1a\u201d, como los llamaban familiarmente, y en Cartagena, naci\u00f3 su primera hija. Con el tiempo consolidaron un bonito hogar con sus tres hijos. Un matrimonio que dur\u00f3 59 a\u00f1os.<\/p>\n<p style=\"text-align: justify;\">\n<p style=\"text-align: justify;\">Debido a una enfermedad de \u201cla coste\u00f1a\u201d fue trasladado a la ciudad de Bogot\u00e1 en marzo de 1965. Finalmente, se retir\u00f3 de la armada en febrero de 1968.Con la experiencia y los conocimientos estructurados en la instituci\u00f3n naval, entr\u00f3 a trabajar a la cooperativa de la Caja Agraria y posteriormente a la Caja de Compensaci\u00f3n Familiar Cafam. Sus paisanos l\u00edderes en emprendimiento\u00a0 Jos\u00e9 El\u00edas del Hierro de Pupiales y Arcesio Guerrero P\u00e9rez de Pasto reconocieron su potencial y lo acogieron para que laborara en estas entidades.<\/p>\n<p style=\"text-align: justify;\">\n<p style=\"text-align: justify;\">Fue en Cafam donde florecieron todas sus capacidades administrativas, negociadoras y de liderazgo. Lo cual le permiti\u00f3 ocupar cargos de administrador de supermercados como Cafam 51, Normand\u00eda, Modelia, Pasadena, jefe de compras especiales, y jefe de la bodega. Aqu\u00ed labor\u00f3 desde 1972 hasta 1995.<\/p>\n<p style=\"text-align: justify;\">\n<p style=\"text-align: justify;\">Durante su vida cultiv\u00f3 varios aspectos relevantes como son:<\/p>\n<p style=\"text-align: justify;\">-La alegr\u00eda de vivir que brinda el disfrutar\u00a0 las actividades relacionadas con el \u00e1mbito familiar, viajar por tierra a la Costa y a Nari\u00f1o con el anhelo de visitar a sus parientes<\/p>\n<p style=\"text-align: justify;\">\n<p style=\"text-align: justify;\">-La afici\u00f3n por el f\u00fatbol: El deportivo Pasto, Santa Fe, y el apoyo al Junior de Barranquilla, equipo del alma de su querida esposa.<\/p>\n<p style=\"text-align: justify;\">\n<p style=\"text-align: justify;\">-El gozo por la jardiner\u00eda, cuidando con esmero y dedicaci\u00f3n las plantas como remembranza de su tierra y de su vida de campesino.<\/p>\n<p style=\"text-align: justify;\">\n<p style=\"text-align: justify;\">-El amor a la cultura aut\u00f3ctona nari\u00f1ense que inclu\u00eda: hablar el quechua, participar en la colonia pupile\u00f1a, promocionar los chistes pastusos, el diccionario nari\u00f1ense, la m\u00fasica andina, la ecuatoriana y la nari\u00f1ense. Para \u00e9l era un verdadero placer escuchar canciones como por ejemplo: la vasija de barro, la naranja, la guane\u00f1a, la vida es un sue\u00f1o, el romance de mi destino y tantas otras.<\/p>\n<p style=\"text-align: justify;\">\n<p style=\"text-align: justify;\">-El agrado por la lectura, lo cual lo llevaba a traer a la casa colecciones de literatura y enciclopedias.<\/p>\n<p style=\"text-align: justify;\">\n<p style=\"text-align: justify;\">-El estar bien informado sobre la actualidad, escuchando las noticias y leyendo los peri\u00f3dicos.<\/p>\n<p style=\"text-align: justify;\">\n<p style=\"text-align: justify;\">-El gusto por una conversaci\u00f3n amena y las reuniones con \u201cel k\u00ednder\u201d, nombre de su grupo de amigos contempor\u00e1neos, paisanos y pensionados.<\/p>\n<p style=\"text-align: justify;\">\n<p style=\"text-align: justify;\">Esta es la remembranza de un nari\u00f1ense, ejemplo de respeto, responsabilidad, perseverancia, osad\u00eda y valor; que brind\u00f3 siempre un trato amable y cordial a todo el que conoc\u00eda. Fue coherente con sus valores humanos y en su identidad regional y nacional. Para el ser pupiale\u00f1o, nari\u00f1ense y colombiano, lo llenaban de j\u00fabilo, transmitiendo siempre la alegr\u00eda de vivir la vida. Y como a todo nari\u00f1ense que se respeta le gustaba proclamar el \u201cViva Pasto carajo\u201d, la mejor muestra de su autenticidad.<\/p>\n<p style=\"text-align: justify;\">\n<p style=\"text-align: justify;\">Rendirle un homenaje a Segundo Libardo Belalc\u00e1zar Mart\u00ednez (1936-2022), es hacerlo extensivo a todas aquellas personas, que como \u00e9l, nos han dejado ense\u00f1anzas, experiencias, ejemplos de superaci\u00f3n, generosidad y amor, que trascienden en el tiempo para recordarlas y resaltarlas.<\/p>\n<p style=\"text-align: justify;\">\n","protected":false},"excerpt":{"rendered":"<p>\u201cAmar es escuchar\u201d. Las palabras que les compartiremos a continuaci\u00f3n son intento por recoger lo que este ilustre hijo de Nari\u00f1o, Segundo Libardo Belalc\u00e1zar Mart\u00ednez, comparti\u00f3 en diversas conversaciones con familiares y amigos, as\u00ed como hacer un r\u00e1pido recorrido por los senderos de su vida, lo cual implica\u00a0 viajar por\u00a0 la geograf\u00eda, la cultura,\u00a0 el [&hellip;]<\/p>\n","protected":false},"author":1,"featured_media":64221,"comment_status":"open","ping_status":"open","sticky":false,"template":"","format":"standard","meta":{"footnotes":""},"categories":[53],"tags":[],"class_list":["post-64220","post","type-post","status-publish","format-standard","has-post-thumbnail","hentry","category-regiones"],"yoast_head":"<!-- This site is optimized with the Yoast SEO plugin v27.1.1 - https:\/\/yoast.com\/product\/yoast-seo-wordpress\/ -->\n<title>Semblanza de un nari\u00f1ense con alma de marinero | P\u00e1gina10<\/title>\n<meta name=\"robots\" content=\"index, follow, max-snippet:-1, max-image-preview:large, max-video-preview:-1\" \/>\n<link rel=\"canonical\" href=\"https:\/\/pagina10.com\/web\/semblanza-de-un-narinense-con-alma-de-marinero\/\" \/>\n<meta property=\"og:locale\" content=\"es_ES\" \/>\n<meta property=\"og:type\" content=\"article\" \/>\n<meta property=\"og:title\" content=\"Semblanza de un nari\u00f1ense con alma de marinero | P\u00e1gina10\" \/>\n<meta property=\"og:description\" content=\"\u201cAmar es escuchar\u201d. Las palabras que les compartiremos a continuaci\u00f3n son intento por recoger lo que este ilustre hijo de Nari\u00f1o, Segundo Libardo Belalc\u00e1zar Mart\u00ednez, comparti\u00f3 en diversas conversaciones con familiares y amigos, as\u00ed como hacer un r\u00e1pido recorrido por los senderos de su vida, lo cual implica viajar por la geograf\u00eda, la cultura, el [&hellip;]\" \/>\n<meta property=\"og:url\" content=\"https:\/\/pagina10.com\/web\/semblanza-de-un-narinense-con-alma-de-marinero\/\" \/>\n<meta property=\"og:site_name\" content=\"P\u00e1gina10\" \/>\n<meta property=\"article:publisher\" content=\"https:\/\/www.facebook.com\/pag10com\" \/>\n<meta property=\"article:published_time\" content=\"2023-01-24T14:54:34+00:00\" \/>\n<meta property=\"og:image\" content=\"https:\/\/pagina10.com\/web\/wp-content\/uploads\/2023\/01\/WhatsApp-Image-2023-01-24-at-9.53.54-AM.jpeg\" \/>\n\t<meta property=\"og:image:width\" content=\"1024\" \/>\n\t<meta property=\"og:image:height\" content=\"728\" \/>\n\t<meta property=\"og:image:type\" content=\"image\/jpeg\" \/>\n<meta name=\"author\" content=\"P\u00e1gina 10\" \/>\n<meta name=\"twitter:card\" content=\"summary_large_image\" \/>\n<meta name=\"twitter:creator\" content=\"@Pag10com\" \/>\n<meta name=\"twitter:site\" content=\"@Pag10com\" \/>\n<meta name=\"twitter:label1\" content=\"Escrito por\" \/>\n\t<meta name=\"twitter:data1\" content=\"P\u00e1gina 10\" \/>\n\t<meta name=\"twitter:label2\" content=\"Tiempo de lectura\" \/>\n\t<meta name=\"twitter:data2\" content=\"5 minutos\" \/>\n<script type=\"application\/ld+json\" class=\"yoast-schema-graph\">{\"@context\":\"https:\/\/schema.org\",\"@graph\":[{\"@type\":\"Article\",\"@id\":\"https:\/\/pagina10.com\/web\/semblanza-de-un-narinense-con-alma-de-marinero\/#article\",\"isPartOf\":{\"@id\":\"https:\/\/pagina10.com\/web\/semblanza-de-un-narinense-con-alma-de-marinero\/\"},\"author\":{\"name\":\"P\u00e1gina 10\",\"@id\":\"https:\/\/pagina10.com\/web\/#\/schema\/person\/2efc4a090d25b667d3bc796798a3a81b\"},\"headline\":\"Semblanza de un nari\u00f1ense con alma de marinero\",\"datePublished\":\"2023-01-24T14:54:34+00:00\",\"mainEntityOfPage\":{\"@id\":\"https:\/\/pagina10.com\/web\/semblanza-de-un-narinense-con-alma-de-marinero\/\"},\"wordCount\":933,\"commentCount\":0,\"publisher\":{\"@id\":\"https:\/\/pagina10.com\/web\/#organization\"},\"image\":{\"@id\":\"https:\/\/pagina10.com\/web\/semblanza-de-un-narinense-con-alma-de-marinero\/#primaryimage\"},\"thumbnailUrl\":\"https:\/\/pagina10.com\/web\/wp-content\/uploads\/2023\/01\/WhatsApp-Image-2023-01-24-at-9.53.54-AM.jpeg\",\"articleSection\":[\"Regiones\"],\"inLanguage\":\"es\",\"potentialAction\":[{\"@type\":\"CommentAction\",\"name\":\"Comment\",\"target\":[\"https:\/\/pagina10.com\/web\/semblanza-de-un-narinense-con-alma-de-marinero\/#respond\"]}]},{\"@type\":\"WebPage\",\"@id\":\"https:\/\/pagina10.com\/web\/semblanza-de-un-narinense-con-alma-de-marinero\/\",\"url\":\"https:\/\/pagina10.com\/web\/semblanza-de-un-narinense-con-alma-de-marinero\/\",\"name\":\"Semblanza de un nari\u00f1ense con alma de marinero | P\u00e1gina10\",\"isPartOf\":{\"@id\":\"https:\/\/pagina10.com\/web\/#website\"},\"primaryImageOfPage\":{\"@id\":\"https:\/\/pagina10.com\/web\/semblanza-de-un-narinense-con-alma-de-marinero\/#primaryimage\"},\"image\":{\"@id\":\"https:\/\/pagina10.com\/web\/semblanza-de-un-narinense-con-alma-de-marinero\/#primaryimage\"},\"thumbnailUrl\":\"https:\/\/pagina10.com\/web\/wp-content\/uploads\/2023\/01\/WhatsApp-Image-2023-01-24-at-9.53.54-AM.jpeg\",\"datePublished\":\"2023-01-24T14:54:34+00:00\",\"breadcrumb\":{\"@id\":\"https:\/\/pagina10.com\/web\/semblanza-de-un-narinense-con-alma-de-marinero\/#breadcrumb\"},\"inLanguage\":\"es\",\"potentialAction\":[{\"@type\":\"ReadAction\",\"target\":[\"https:\/\/pagina10.com\/web\/semblanza-de-un-narinense-con-alma-de-marinero\/\"]}]},{\"@type\":\"ImageObject\",\"inLanguage\":\"es\",\"@id\":\"https:\/\/pagina10.com\/web\/semblanza-de-un-narinense-con-alma-de-marinero\/#primaryimage\",\"url\":\"https:\/\/pagina10.com\/web\/wp-content\/uploads\/2023\/01\/WhatsApp-Image-2023-01-24-at-9.53.54-AM.jpeg\",\"contentUrl\":\"https:\/\/pagina10.com\/web\/wp-content\/uploads\/2023\/01\/WhatsApp-Image-2023-01-24-at-9.53.54-AM.jpeg\",\"width\":1024,\"height\":728},{\"@type\":\"BreadcrumbList\",\"@id\":\"https:\/\/pagina10.com\/web\/semblanza-de-un-narinense-con-alma-de-marinero\/#breadcrumb\",\"itemListElement\":[{\"@type\":\"ListItem\",\"position\":1,\"name\":\"Portada\",\"item\":\"https:\/\/pagina10.com\/web\/\"},{\"@type\":\"ListItem\",\"position\":2,\"name\":\"Semblanza de un nari\u00f1ense con alma de marinero\"}]},{\"@type\":\"WebSite\",\"@id\":\"https:\/\/pagina10.com\/web\/#website\",\"url\":\"https:\/\/pagina10.com\/web\/\",\"name\":\"P\u00e1gina10\",\"description\":\"Peri\u00f3dico Regional\",\"publisher\":{\"@id\":\"https:\/\/pagina10.com\/web\/#organization\"},\"alternateName\":\"P\u00e1gina10 Peri\u00f3dico Regional\",\"potentialAction\":[{\"@type\":\"SearchAction\",\"target\":{\"@type\":\"EntryPoint\",\"urlTemplate\":\"https:\/\/pagina10.com\/web\/?s={search_term_string}\"},\"query-input\":{\"@type\":\"PropertyValueSpecification\",\"valueRequired\":true,\"valueName\":\"search_term_string\"}}],\"inLanguage\":\"es\"},{\"@type\":\"Organization\",\"@id\":\"https:\/\/pagina10.com\/web\/#organization\",\"name\":\"P\u00e1gina10\",\"alternateName\":\"P\u00e1gina10 Peri\u00f3dico Regional\",\"url\":\"https:\/\/pagina10.com\/web\/\",\"logo\":{\"@type\":\"ImageObject\",\"inLanguage\":\"es\",\"@id\":\"https:\/\/pagina10.com\/web\/#\/schema\/logo\/image\/\",\"url\":\"https:\/\/pagina10.com\/web\/wp-content\/uploads\/2024\/01\/40-pagina-10-periodico-regional-pasto.jpg\",\"contentUrl\":\"https:\/\/pagina10.com\/web\/wp-content\/uploads\/2024\/01\/40-pagina-10-periodico-regional-pasto.jpg\",\"width\":1280,\"height\":720,\"caption\":\"P\u00e1gina10\"},\"image\":{\"@id\":\"https:\/\/pagina10.com\/web\/#\/schema\/logo\/image\/\"},\"sameAs\":[\"https:\/\/www.facebook.com\/pag10com\",\"https:\/\/x.com\/Pag10com\",\"https:\/\/www.instagram.com\/pagina10col\/\",\"https:\/\/youtube.com\/channel\/pag10\",\"https:\/\/www.tiktok.com\/@p10col\"]},{\"@type\":\"Person\",\"@id\":\"https:\/\/pagina10.com\/web\/#\/schema\/person\/2efc4a090d25b667d3bc796798a3a81b\",\"name\":\"P\u00e1gina 10\",\"description\":\"P\u00e1gina 10 es un peri\u00f3dico regional que nace en Colombia, en el departamento de Nari\u00f1o, con un enfoque global, fundamentado en cuatro pilares esenciales: la libertad, el pluralismo, la inclusi\u00f3n y la independencia. P\u00e1gina 10 hace referencia a Nari\u00f1o como el d\u00e9cimo departamento creado en Colombia, despu\u00e9s de un proceso pol\u00edtico liderado por actores y actrices regionales con el fin de obtener la independencia y autonom\u00eda de nuestros territorios. Con la creaci\u00f3n de P\u00e1gina 10 se pretende abrir un escenario para el dialogo, la reflexi\u00f3n y el debate que se extienda a otras geograf\u00edas de Am\u00e9rica Latina y del planeta, en una apuesta por transformar colectivamente los desaf\u00edos de un mundo contempor\u00e1neo, m\u00e1s all\u00e1 de las fronteras impuestas.\",\"url\":\"https:\/\/pagina10.com\/web\/author\/pdiezadmin\/\"}]}<\/script>\n<!-- \/ Yoast SEO plugin. -->","yoast_head_json":{"title":"Semblanza de un nari\u00f1ense con alma de marinero | P\u00e1gina10","robots":{"index":"index","follow":"follow","max-snippet":"max-snippet:-1","max-image-preview":"max-image-preview:large","max-video-preview":"max-video-preview:-1"},"canonical":"https:\/\/pagina10.com\/web\/semblanza-de-un-narinense-con-alma-de-marinero\/","og_locale":"es_ES","og_type":"article","og_title":"Semblanza de un nari\u00f1ense con alma de marinero | P\u00e1gina10","og_description":"\u201cAmar es escuchar\u201d. Las palabras que les compartiremos a continuaci\u00f3n son intento por recoger lo que este ilustre hijo de Nari\u00f1o, Segundo Libardo Belalc\u00e1zar Mart\u00ednez, comparti\u00f3 en diversas conversaciones con familiares y amigos, as\u00ed como hacer un r\u00e1pido recorrido por los senderos de su vida, lo cual implica viajar por la geograf\u00eda, la cultura, el [&hellip;]","og_url":"https:\/\/pagina10.com\/web\/semblanza-de-un-narinense-con-alma-de-marinero\/","og_site_name":"P\u00e1gina10","article_publisher":"https:\/\/www.facebook.com\/pag10com","article_published_time":"2023-01-24T14:54:34+00:00","og_image":[{"width":1024,"height":728,"url":"https:\/\/pagina10.com\/web\/wp-content\/uploads\/2023\/01\/WhatsApp-Image-2023-01-24-at-9.53.54-AM.jpeg","type":"image\/jpeg"}],"author":"P\u00e1gina 10","twitter_card":"summary_large_image","twitter_creator":"@Pag10com","twitter_site":"@Pag10com","twitter_misc":{"Escrito por":"P\u00e1gina 10","Tiempo de lectura":"5 minutos"},"schema":{"@context":"https:\/\/schema.org","@graph":[{"@type":"Article","@id":"https:\/\/pagina10.com\/web\/semblanza-de-un-narinense-con-alma-de-marinero\/#article","isPartOf":{"@id":"https:\/\/pagina10.com\/web\/semblanza-de-un-narinense-con-alma-de-marinero\/"},"author":{"name":"P\u00e1gina 10","@id":"https:\/\/pagina10.com\/web\/#\/schema\/person\/2efc4a090d25b667d3bc796798a3a81b"},"headline":"Semblanza de un nari\u00f1ense con alma de marinero","datePublished":"2023-01-24T14:54:34+00:00","mainEntityOfPage":{"@id":"https:\/\/pagina10.com\/web\/semblanza-de-un-narinense-con-alma-de-marinero\/"},"wordCount":933,"commentCount":0,"publisher":{"@id":"https:\/\/pagina10.com\/web\/#organization"},"image":{"@id":"https:\/\/pagina10.com\/web\/semblanza-de-un-narinense-con-alma-de-marinero\/#primaryimage"},"thumbnailUrl":"https:\/\/pagina10.com\/web\/wp-content\/uploads\/2023\/01\/WhatsApp-Image-2023-01-24-at-9.53.54-AM.jpeg","articleSection":["Regiones"],"inLanguage":"es","potentialAction":[{"@type":"CommentAction","name":"Comment","target":["https:\/\/pagina10.com\/web\/semblanza-de-un-narinense-con-alma-de-marinero\/#respond"]}]},{"@type":"WebPage","@id":"https:\/\/pagina10.com\/web\/semblanza-de-un-narinense-con-alma-de-marinero\/","url":"https:\/\/pagina10.com\/web\/semblanza-de-un-narinense-con-alma-de-marinero\/","name":"Semblanza de un nari\u00f1ense con alma de marinero | P\u00e1gina10","isPartOf":{"@id":"https:\/\/pagina10.com\/web\/#website"},"primaryImageOfPage":{"@id":"https:\/\/pagina10.com\/web\/semblanza-de-un-narinense-con-alma-de-marinero\/#primaryimage"},"image":{"@id":"https:\/\/pagina10.com\/web\/semblanza-de-un-narinense-con-alma-de-marinero\/#primaryimage"},"thumbnailUrl":"https:\/\/pagina10.com\/web\/wp-content\/uploads\/2023\/01\/WhatsApp-Image-2023-01-24-at-9.53.54-AM.jpeg","datePublished":"2023-01-24T14:54:34+00:00","breadcrumb":{"@id":"https:\/\/pagina10.com\/web\/semblanza-de-un-narinense-con-alma-de-marinero\/#breadcrumb"},"inLanguage":"es","potentialAction":[{"@type":"ReadAction","target":["https:\/\/pagina10.com\/web\/semblanza-de-un-narinense-con-alma-de-marinero\/"]}]},{"@type":"ImageObject","inLanguage":"es","@id":"https:\/\/pagina10.com\/web\/semblanza-de-un-narinense-con-alma-de-marinero\/#primaryimage","url":"https:\/\/pagina10.com\/web\/wp-content\/uploads\/2023\/01\/WhatsApp-Image-2023-01-24-at-9.53.54-AM.jpeg","contentUrl":"https:\/\/pagina10.com\/web\/wp-content\/uploads\/2023\/01\/WhatsApp-Image-2023-01-24-at-9.53.54-AM.jpeg","width":1024,"height":728},{"@type":"BreadcrumbList","@id":"https:\/\/pagina10.com\/web\/semblanza-de-un-narinense-con-alma-de-marinero\/#breadcrumb","itemListElement":[{"@type":"ListItem","position":1,"name":"Portada","item":"https:\/\/pagina10.com\/web\/"},{"@type":"ListItem","position":2,"name":"Semblanza de un nari\u00f1ense con alma de marinero"}]},{"@type":"WebSite","@id":"https:\/\/pagina10.com\/web\/#website","url":"https:\/\/pagina10.com\/web\/","name":"P\u00e1gina10","description":"Peri\u00f3dico Regional","publisher":{"@id":"https:\/\/pagina10.com\/web\/#organization"},"alternateName":"P\u00e1gina10 Peri\u00f3dico Regional","potentialAction":[{"@type":"SearchAction","target":{"@type":"EntryPoint","urlTemplate":"https:\/\/pagina10.com\/web\/?s={search_term_string}"},"query-input":{"@type":"PropertyValueSpecification","valueRequired":true,"valueName":"search_term_string"}}],"inLanguage":"es"},{"@type":"Organization","@id":"https:\/\/pagina10.com\/web\/#organization","name":"P\u00e1gina10","alternateName":"P\u00e1gina10 Peri\u00f3dico Regional","url":"https:\/\/pagina10.com\/web\/","logo":{"@type":"ImageObject","inLanguage":"es","@id":"https:\/\/pagina10.com\/web\/#\/schema\/logo\/image\/","url":"https:\/\/pagina10.com\/web\/wp-content\/uploads\/2024\/01\/40-pagina-10-periodico-regional-pasto.jpg","contentUrl":"https:\/\/pagina10.com\/web\/wp-content\/uploads\/2024\/01\/40-pagina-10-periodico-regional-pasto.jpg","width":1280,"height":720,"caption":"P\u00e1gina10"},"image":{"@id":"https:\/\/pagina10.com\/web\/#\/schema\/logo\/image\/"},"sameAs":["https:\/\/www.facebook.com\/pag10com","https:\/\/x.com\/Pag10com","https:\/\/www.instagram.com\/pagina10col\/","https:\/\/youtube.com\/channel\/pag10","https:\/\/www.tiktok.com\/@p10col"]},{"@type":"Person","@id":"https:\/\/pagina10.com\/web\/#\/schema\/person\/2efc4a090d25b667d3bc796798a3a81b","name":"P\u00e1gina 10","description":"P\u00e1gina 10 es un peri\u00f3dico regional que nace en Colombia, en el departamento de Nari\u00f1o, con un enfoque global, fundamentado en cuatro pilares esenciales: la libertad, el pluralismo, la inclusi\u00f3n y la independencia. P\u00e1gina 10 hace referencia a Nari\u00f1o como el d\u00e9cimo departamento creado en Colombia, despu\u00e9s de un proceso pol\u00edtico liderado por actores y actrices regionales con el fin de obtener la independencia y autonom\u00eda de nuestros territorios. Con la creaci\u00f3n de P\u00e1gina 10 se pretende abrir un escenario para el dialogo, la reflexi\u00f3n y el debate que se extienda a otras geograf\u00edas de Am\u00e9rica Latina y del planeta, en una apuesta por transformar colectivamente los desaf\u00edos de un mundo contempor\u00e1neo, m\u00e1s all\u00e1 de las fronteras impuestas.","url":"https:\/\/pagina10.com\/web\/author\/pdiezadmin\/"}]}},"_links":{"self":[{"href":"https:\/\/pagina10.com\/web\/wp-json\/wp\/v2\/posts\/64220","targetHints":{"allow":["GET"]}}],"collection":[{"href":"https:\/\/pagina10.com\/web\/wp-json\/wp\/v2\/posts"}],"about":[{"href":"https:\/\/pagina10.com\/web\/wp-json\/wp\/v2\/types\/post"}],"author":[{"embeddable":true,"href":"https:\/\/pagina10.com\/web\/wp-json\/wp\/v2\/users\/1"}],"replies":[{"embeddable":true,"href":"https:\/\/pagina10.com\/web\/wp-json\/wp\/v2\/comments?post=64220"}],"version-history":[{"count":1,"href":"https:\/\/pagina10.com\/web\/wp-json\/wp\/v2\/posts\/64220\/revisions"}],"predecessor-version":[{"id":64222,"href":"https:\/\/pagina10.com\/web\/wp-json\/wp\/v2\/posts\/64220\/revisions\/64222"}],"wp:featuredmedia":[{"embeddable":true,"href":"https:\/\/pagina10.com\/web\/wp-json\/wp\/v2\/media\/64221"}],"wp:attachment":[{"href":"https:\/\/pagina10.com\/web\/wp-json\/wp\/v2\/media?parent=64220"}],"wp:term":[{"taxonomy":"category","embeddable":true,"href":"https:\/\/pagina10.com\/web\/wp-json\/wp\/v2\/categories?post=64220"},{"taxonomy":"post_tag","embeddable":true,"href":"https:\/\/pagina10.com\/web\/wp-json\/wp\/v2\/tags?post=64220"}],"curies":[{"name":"wp","href":"https:\/\/api.w.org\/{rel}","templated":true}]}}