{"id":64236,"date":"2023-01-25T17:36:53","date_gmt":"2023-01-25T22:36:53","guid":{"rendered":"https:\/\/pagina10.com\/web\/?p=64236"},"modified":"2023-01-25T17:37:08","modified_gmt":"2023-01-25T22:37:08","slug":"el-gobierno-esta-trabajando-para-facilitar-el-transporte-de-productos-del-suroccidente-del-pais-consejero-luis-fernando-velasco","status":"publish","type":"post","link":"https:\/\/pagina10.com\/web\/el-gobierno-esta-trabajando-para-facilitar-el-transporte-de-productos-del-suroccidente-del-pais-consejero-luis-fernando-velasco\/","title":{"rendered":"\u2018El Gobierno est\u00e1 trabajando para facilitar el transporte de productos del suroccidente del pa\u00eds\u2019: Consejero Luis Fernando Velasco"},"content":{"rendered":"<p style=\"text-align: justify;\">Tambi\u00e9n se est\u00e1n buscando soluciones conjuntas para temas importantes como v\u00edas y distribuci\u00f3n de GLP.<\/p>\n<p style=\"text-align: justify;\">\u2022Entidades como Mintransporte, MinMinas, Minagricultura, MinComercio, MinEducaci\u00f3n, MinInterior, la UNGRD y Canciller\u00eda est\u00e1n comprometidas con la atenci\u00f3n a la crisis, que est\u00e1 afectando especialmente a los departamentos de Cauca, Nari\u00f1o y Putumayo.<\/p>\n<p style=\"text-align: justify;\">\n<p style=\"text-align: justify;\">En un trabajo articulado con la Gobernaci\u00f3n de Nari\u00f1o y entidades de orden nacional, el Consejero Presidencial para las Regiones, Luis Fernando Velasco, lider\u00f3 una reuni\u00f3n en la que se tomaron decisiones importantes con respecto a la emergencia que atraviesa el suroccidente del pa\u00eds, que afecta espec\u00edficamente a los departamentos de Cauca, Nari\u00f1o y Putumayo.<\/p>\n<p style=\"text-align: justify;\">El Consejero anunci\u00f3 que se acord\u00f3 un mecanismo jur\u00eddico, que fue aprobado por el Consejo de Ministros para facilitar el transporte de productos como leche al resto del pa\u00eds.<\/p>\n<p style=\"text-align: justify;\">\u201cEstamos construyendo el mecanismo que permitir\u00e1 el subsidio al flete de este producto para evitar que se pierda una leche que necesita los territorios. Desde el Gobierno nacional vamos a responderle a los peque\u00f1os productores\u201d, indic\u00f3.<\/p>\n<p style=\"text-align: justify;\">Y agreg\u00f3: \u201cA trav\u00e9s de buques y sistemas alternos de transporte, estamos asegurando sacar otro tipo de productos y llevar a la regi\u00f3n materiales de construcci\u00f3n, insumos agropecuarios y otras cosas que est\u00e1 necesitando la poblaci\u00f3n\u201d.<\/p>\n<p style=\"text-align: justify;\">Asimismo, mencion\u00f3 que para los distribuidores de GLP tambi\u00e9n se est\u00e1 perfeccionando un mecanismo, por lo que se solicit\u00f3 que se mantengan los precios que se ten\u00edan antes de la emergencia, puesto que el Gobierno responder\u00e1 por el diferencial.<\/p>\n<p style=\"text-align: justify;\">Frente al tema vial, explic\u00f3: \u201cCon la gesti\u00f3n de Inv\u00edas, podemos decir que ya contamos con maquinaria en la v\u00eda que de El Hoyo comunica a El Tambo y estamos trabajando en el mantenimiento de la misma. Se est\u00e1 avanzando de manera bastante \u00e1gil la variante sobre la misma V\u00eda Panamericana, que se perdi\u00f3 con este desastre: dos kil\u00f3metros que se est\u00e1n trabajando con agilidad, pero con responsabilidad. En variantes como la del peaje que del Mango sube a la Sierra y baja a Rosas tambi\u00e9n se est\u00e1 haciendo un mantenimiento\u201d.<\/p>\n<p style=\"text-align: justify;\">El Consejero Velasco, quien est\u00e1 a cargo de coordinar las acciones que permitan contrarrestar la crisis, agradeci\u00f3 a las autoridades locales del sur del pa\u00eds por el apoyo que est\u00e1n brindando y afirm\u00f3 que en los pr\u00f3ximos d\u00edas continuar\u00e1 con el seguimiento de dichas acciones y la implementaci\u00f3n de otras para poder garantizar soluciones permanentes a la comunidad.<\/p>\n<p style=\"text-align: justify;\">Finalmente, es importante mencionar que entidades como el Ministerio de Transporte, Ministerio de Comercio, Ministerio de Agricultura, Ministerio del Interior, Ministerio de Educaci\u00f3n, Canciller\u00eda, Unidad Nacional de Gesti\u00f3n del Riesgo y Desastres, Agencia Nacional de Tierras, Agencia de Renovaci\u00f3n del Territorio e Inv\u00edas, entre otras, est\u00e1n trabajando de forma articulada con la Consejer\u00eda Presidencial para las Regiones con el fin de atender la crisis y solventar los problemas que afectan al territorio.<\/p>\n","protected":false},"excerpt":{"rendered":"<p>Tambi\u00e9n se est\u00e1n buscando soluciones conjuntas para temas importantes como v\u00edas y distribuci\u00f3n de GLP. \u2022Entidades como Mintransporte, MinMinas, Minagricultura, MinComercio, MinEducaci\u00f3n, MinInterior, la UNGRD y Canciller\u00eda est\u00e1n comprometidas con la atenci\u00f3n a la crisis, que est\u00e1 afectando especialmente a los departamentos de Cauca, Nari\u00f1o y Putumayo. En un trabajo articulado con la Gobernaci\u00f3n de [&hellip;]<\/p>\n","protected":false},"author":1,"featured_media":64237,"comment_status":"open","ping_status":"open","sticky":false,"template":"","format":"standard","meta":{"footnotes":""},"categories":[53],"tags":[],"class_list":["post-64236","post","type-post","status-publish","format-standard","has-post-thumbnail","hentry","category-regiones"],"yoast_head":"<!-- This site is optimized with the Yoast SEO plugin v27.1.1 - https:\/\/yoast.com\/product\/yoast-seo-wordpress\/ -->\n<title>\u2018El Gobierno est\u00e1 trabajando para facilitar el transporte de productos del suroccidente del pa\u00eds\u2019: Consejero Luis Fernando Velasco | P\u00e1gina10<\/title>\n<meta name=\"robots\" content=\"index, follow, max-snippet:-1, max-image-preview:large, max-video-preview:-1\" \/>\n<link rel=\"canonical\" href=\"https:\/\/pagina10.com\/web\/el-gobierno-esta-trabajando-para-facilitar-el-transporte-de-productos-del-suroccidente-del-pais-consejero-luis-fernando-velasco\/\" \/>\n<meta property=\"og:locale\" content=\"es_ES\" \/>\n<meta property=\"og:type\" content=\"article\" \/>\n<meta property=\"og:title\" content=\"\u2018El Gobierno est\u00e1 trabajando para facilitar el transporte de productos del suroccidente del pa\u00eds\u2019: Consejero Luis Fernando Velasco | P\u00e1gina10\" \/>\n<meta property=\"og:description\" content=\"Tambi\u00e9n se est\u00e1n buscando soluciones conjuntas para temas importantes como v\u00edas y distribuci\u00f3n de GLP. \u2022Entidades como Mintransporte, MinMinas, Minagricultura, MinComercio, MinEducaci\u00f3n, MinInterior, la UNGRD y Canciller\u00eda est\u00e1n comprometidas con la atenci\u00f3n a la crisis, que est\u00e1 afectando especialmente a los departamentos de Cauca, Nari\u00f1o y Putumayo. En un trabajo articulado con la Gobernaci\u00f3n de [&hellip;]\" \/>\n<meta property=\"og:url\" content=\"https:\/\/pagina10.com\/web\/el-gobierno-esta-trabajando-para-facilitar-el-transporte-de-productos-del-suroccidente-del-pais-consejero-luis-fernando-velasco\/\" \/>\n<meta property=\"og:site_name\" content=\"P\u00e1gina10\" \/>\n<meta property=\"article:publisher\" content=\"https:\/\/www.facebook.com\/pag10com\" \/>\n<meta property=\"article:published_time\" content=\"2023-01-25T22:36:53+00:00\" \/>\n<meta property=\"article:modified_time\" content=\"2023-01-25T22:37:08+00:00\" \/>\n<meta property=\"og:image\" content=\"https:\/\/pagina10.com\/web\/wp-content\/uploads\/2023\/01\/WhatsApp-Image-2023-01-25-at-5.36.07-PM.jpeg\" \/>\n\t<meta property=\"og:image:width\" content=\"1024\" \/>\n\t<meta property=\"og:image:height\" content=\"682\" \/>\n\t<meta property=\"og:image:type\" content=\"image\/jpeg\" \/>\n<meta name=\"author\" content=\"P\u00e1gina 10\" \/>\n<meta name=\"twitter:card\" content=\"summary_large_image\" \/>\n<meta name=\"twitter:creator\" content=\"@Pag10com\" \/>\n<meta name=\"twitter:site\" content=\"@Pag10com\" \/>\n<meta name=\"twitter:label1\" content=\"Escrito por\" \/>\n\t<meta name=\"twitter:data1\" content=\"P\u00e1gina 10\" \/>\n\t<meta name=\"twitter:label2\" content=\"Tiempo de lectura\" \/>\n\t<meta name=\"twitter:data2\" content=\"3 minutos\" \/>\n<script type=\"application\/ld+json\" class=\"yoast-schema-graph\">{\"@context\":\"https:\/\/schema.org\",\"@graph\":[{\"@type\":\"Article\",\"@id\":\"https:\/\/pagina10.com\/web\/el-gobierno-esta-trabajando-para-facilitar-el-transporte-de-productos-del-suroccidente-del-pais-consejero-luis-fernando-velasco\/#article\",\"isPartOf\":{\"@id\":\"https:\/\/pagina10.com\/web\/el-gobierno-esta-trabajando-para-facilitar-el-transporte-de-productos-del-suroccidente-del-pais-consejero-luis-fernando-velasco\/\"},\"author\":{\"name\":\"P\u00e1gina 10\",\"@id\":\"https:\/\/pagina10.com\/web\/#\/schema\/person\/2efc4a090d25b667d3bc796798a3a81b\"},\"headline\":\"\u2018El Gobierno est\u00e1 trabajando para facilitar el transporte de productos del suroccidente del pa\u00eds\u2019: Consejero Luis Fernando Velasco\",\"datePublished\":\"2023-01-25T22:36:53+00:00\",\"dateModified\":\"2023-01-25T22:37:08+00:00\",\"mainEntityOfPage\":{\"@id\":\"https:\/\/pagina10.com\/web\/el-gobierno-esta-trabajando-para-facilitar-el-transporte-de-productos-del-suroccidente-del-pais-consejero-luis-fernando-velasco\/\"},\"wordCount\":525,\"commentCount\":0,\"publisher\":{\"@id\":\"https:\/\/pagina10.com\/web\/#organization\"},\"image\":{\"@id\":\"https:\/\/pagina10.com\/web\/el-gobierno-esta-trabajando-para-facilitar-el-transporte-de-productos-del-suroccidente-del-pais-consejero-luis-fernando-velasco\/#primaryimage\"},\"thumbnailUrl\":\"https:\/\/pagina10.com\/web\/wp-content\/uploads\/2023\/01\/WhatsApp-Image-2023-01-25-at-5.36.07-PM.jpeg\",\"articleSection\":[\"Regiones\"],\"inLanguage\":\"es\",\"potentialAction\":[{\"@type\":\"CommentAction\",\"name\":\"Comment\",\"target\":[\"https:\/\/pagina10.com\/web\/el-gobierno-esta-trabajando-para-facilitar-el-transporte-de-productos-del-suroccidente-del-pais-consejero-luis-fernando-velasco\/#respond\"]}]},{\"@type\":\"WebPage\",\"@id\":\"https:\/\/pagina10.com\/web\/el-gobierno-esta-trabajando-para-facilitar-el-transporte-de-productos-del-suroccidente-del-pais-consejero-luis-fernando-velasco\/\",\"url\":\"https:\/\/pagina10.com\/web\/el-gobierno-esta-trabajando-para-facilitar-el-transporte-de-productos-del-suroccidente-del-pais-consejero-luis-fernando-velasco\/\",\"name\":\"\u2018El Gobierno est\u00e1 trabajando para facilitar el transporte de productos del suroccidente del pa\u00eds\u2019: Consejero Luis Fernando Velasco | P\u00e1gina10\",\"isPartOf\":{\"@id\":\"https:\/\/pagina10.com\/web\/#website\"},\"primaryImageOfPage\":{\"@id\":\"https:\/\/pagina10.com\/web\/el-gobierno-esta-trabajando-para-facilitar-el-transporte-de-productos-del-suroccidente-del-pais-consejero-luis-fernando-velasco\/#primaryimage\"},\"image\":{\"@id\":\"https:\/\/pagina10.com\/web\/el-gobierno-esta-trabajando-para-facilitar-el-transporte-de-productos-del-suroccidente-del-pais-consejero-luis-fernando-velasco\/#primaryimage\"},\"thumbnailUrl\":\"https:\/\/pagina10.com\/web\/wp-content\/uploads\/2023\/01\/WhatsApp-Image-2023-01-25-at-5.36.07-PM.jpeg\",\"datePublished\":\"2023-01-25T22:36:53+00:00\",\"dateModified\":\"2023-01-25T22:37:08+00:00\",\"breadcrumb\":{\"@id\":\"https:\/\/pagina10.com\/web\/el-gobierno-esta-trabajando-para-facilitar-el-transporte-de-productos-del-suroccidente-del-pais-consejero-luis-fernando-velasco\/#breadcrumb\"},\"inLanguage\":\"es\",\"potentialAction\":[{\"@type\":\"ReadAction\",\"target\":[\"https:\/\/pagina10.com\/web\/el-gobierno-esta-trabajando-para-facilitar-el-transporte-de-productos-del-suroccidente-del-pais-consejero-luis-fernando-velasco\/\"]}]},{\"@type\":\"ImageObject\",\"inLanguage\":\"es\",\"@id\":\"https:\/\/pagina10.com\/web\/el-gobierno-esta-trabajando-para-facilitar-el-transporte-de-productos-del-suroccidente-del-pais-consejero-luis-fernando-velasco\/#primaryimage\",\"url\":\"https:\/\/pagina10.com\/web\/wp-content\/uploads\/2023\/01\/WhatsApp-Image-2023-01-25-at-5.36.07-PM.jpeg\",\"contentUrl\":\"https:\/\/pagina10.com\/web\/wp-content\/uploads\/2023\/01\/WhatsApp-Image-2023-01-25-at-5.36.07-PM.jpeg\",\"width\":1024,\"height\":682},{\"@type\":\"BreadcrumbList\",\"@id\":\"https:\/\/pagina10.com\/web\/el-gobierno-esta-trabajando-para-facilitar-el-transporte-de-productos-del-suroccidente-del-pais-consejero-luis-fernando-velasco\/#breadcrumb\",\"itemListElement\":[{\"@type\":\"ListItem\",\"position\":1,\"name\":\"Portada\",\"item\":\"https:\/\/pagina10.com\/web\/\"},{\"@type\":\"ListItem\",\"position\":2,\"name\":\"\u2018El Gobierno est\u00e1 trabajando para facilitar el transporte de productos del suroccidente del pa\u00eds\u2019: Consejero Luis Fernando Velasco\"}]},{\"@type\":\"WebSite\",\"@id\":\"https:\/\/pagina10.com\/web\/#website\",\"url\":\"https:\/\/pagina10.com\/web\/\",\"name\":\"P\u00e1gina10\",\"description\":\"Peri\u00f3dico Regional\",\"publisher\":{\"@id\":\"https:\/\/pagina10.com\/web\/#organization\"},\"alternateName\":\"P\u00e1gina10 Peri\u00f3dico Regional\",\"potentialAction\":[{\"@type\":\"SearchAction\",\"target\":{\"@type\":\"EntryPoint\",\"urlTemplate\":\"https:\/\/pagina10.com\/web\/?s={search_term_string}\"},\"query-input\":{\"@type\":\"PropertyValueSpecification\",\"valueRequired\":true,\"valueName\":\"search_term_string\"}}],\"inLanguage\":\"es\"},{\"@type\":\"Organization\",\"@id\":\"https:\/\/pagina10.com\/web\/#organization\",\"name\":\"P\u00e1gina10\",\"alternateName\":\"P\u00e1gina10 Peri\u00f3dico Regional\",\"url\":\"https:\/\/pagina10.com\/web\/\",\"logo\":{\"@type\":\"ImageObject\",\"inLanguage\":\"es\",\"@id\":\"https:\/\/pagina10.com\/web\/#\/schema\/logo\/image\/\",\"url\":\"https:\/\/pagina10.com\/web\/wp-content\/uploads\/2024\/01\/40-pagina-10-periodico-regional-pasto.jpg\",\"contentUrl\":\"https:\/\/pagina10.com\/web\/wp-content\/uploads\/2024\/01\/40-pagina-10-periodico-regional-pasto.jpg\",\"width\":1280,\"height\":720,\"caption\":\"P\u00e1gina10\"},\"image\":{\"@id\":\"https:\/\/pagina10.com\/web\/#\/schema\/logo\/image\/\"},\"sameAs\":[\"https:\/\/www.facebook.com\/pag10com\",\"https:\/\/x.com\/Pag10com\",\"https:\/\/www.instagram.com\/pagina10col\/\",\"https:\/\/youtube.com\/channel\/pag10\",\"https:\/\/www.tiktok.com\/@p10col\"]},{\"@type\":\"Person\",\"@id\":\"https:\/\/pagina10.com\/web\/#\/schema\/person\/2efc4a090d25b667d3bc796798a3a81b\",\"name\":\"P\u00e1gina 10\",\"description\":\"P\u00e1gina 10 es un peri\u00f3dico regional que nace en Colombia, en el departamento de Nari\u00f1o, con un enfoque global, fundamentado en cuatro pilares esenciales: la libertad, el pluralismo, la inclusi\u00f3n y la independencia. P\u00e1gina 10 hace referencia a Nari\u00f1o como el d\u00e9cimo departamento creado en Colombia, despu\u00e9s de un proceso pol\u00edtico liderado por actores y actrices regionales con el fin de obtener la independencia y autonom\u00eda de nuestros territorios. Con la creaci\u00f3n de P\u00e1gina 10 se pretende abrir un escenario para el dialogo, la reflexi\u00f3n y el debate que se extienda a otras geograf\u00edas de Am\u00e9rica Latina y del planeta, en una apuesta por transformar colectivamente los desaf\u00edos de un mundo contempor\u00e1neo, m\u00e1s all\u00e1 de las fronteras impuestas.\",\"url\":\"https:\/\/pagina10.com\/web\/author\/pdiezadmin\/\"}]}<\/script>\n<!-- \/ Yoast SEO plugin. -->","yoast_head_json":{"title":"\u2018El Gobierno est\u00e1 trabajando para facilitar el transporte de productos del suroccidente del pa\u00eds\u2019: Consejero Luis Fernando Velasco | P\u00e1gina10","robots":{"index":"index","follow":"follow","max-snippet":"max-snippet:-1","max-image-preview":"max-image-preview:large","max-video-preview":"max-video-preview:-1"},"canonical":"https:\/\/pagina10.com\/web\/el-gobierno-esta-trabajando-para-facilitar-el-transporte-de-productos-del-suroccidente-del-pais-consejero-luis-fernando-velasco\/","og_locale":"es_ES","og_type":"article","og_title":"\u2018El Gobierno est\u00e1 trabajando para facilitar el transporte de productos del suroccidente del pa\u00eds\u2019: Consejero Luis Fernando Velasco | P\u00e1gina10","og_description":"Tambi\u00e9n se est\u00e1n buscando soluciones conjuntas para temas importantes como v\u00edas y distribuci\u00f3n de GLP. \u2022Entidades como Mintransporte, MinMinas, Minagricultura, MinComercio, MinEducaci\u00f3n, MinInterior, la UNGRD y Canciller\u00eda est\u00e1n comprometidas con la atenci\u00f3n a la crisis, que est\u00e1 afectando especialmente a los departamentos de Cauca, Nari\u00f1o y Putumayo. En un trabajo articulado con la Gobernaci\u00f3n de [&hellip;]","og_url":"https:\/\/pagina10.com\/web\/el-gobierno-esta-trabajando-para-facilitar-el-transporte-de-productos-del-suroccidente-del-pais-consejero-luis-fernando-velasco\/","og_site_name":"P\u00e1gina10","article_publisher":"https:\/\/www.facebook.com\/pag10com","article_published_time":"2023-01-25T22:36:53+00:00","article_modified_time":"2023-01-25T22:37:08+00:00","og_image":[{"width":1024,"height":682,"url":"https:\/\/pagina10.com\/web\/wp-content\/uploads\/2023\/01\/WhatsApp-Image-2023-01-25-at-5.36.07-PM.jpeg","type":"image\/jpeg"}],"author":"P\u00e1gina 10","twitter_card":"summary_large_image","twitter_creator":"@Pag10com","twitter_site":"@Pag10com","twitter_misc":{"Escrito por":"P\u00e1gina 10","Tiempo de lectura":"3 minutos"},"schema":{"@context":"https:\/\/schema.org","@graph":[{"@type":"Article","@id":"https:\/\/pagina10.com\/web\/el-gobierno-esta-trabajando-para-facilitar-el-transporte-de-productos-del-suroccidente-del-pais-consejero-luis-fernando-velasco\/#article","isPartOf":{"@id":"https:\/\/pagina10.com\/web\/el-gobierno-esta-trabajando-para-facilitar-el-transporte-de-productos-del-suroccidente-del-pais-consejero-luis-fernando-velasco\/"},"author":{"name":"P\u00e1gina 10","@id":"https:\/\/pagina10.com\/web\/#\/schema\/person\/2efc4a090d25b667d3bc796798a3a81b"},"headline":"\u2018El Gobierno est\u00e1 trabajando para facilitar el transporte de productos del suroccidente del pa\u00eds\u2019: Consejero Luis Fernando Velasco","datePublished":"2023-01-25T22:36:53+00:00","dateModified":"2023-01-25T22:37:08+00:00","mainEntityOfPage":{"@id":"https:\/\/pagina10.com\/web\/el-gobierno-esta-trabajando-para-facilitar-el-transporte-de-productos-del-suroccidente-del-pais-consejero-luis-fernando-velasco\/"},"wordCount":525,"commentCount":0,"publisher":{"@id":"https:\/\/pagina10.com\/web\/#organization"},"image":{"@id":"https:\/\/pagina10.com\/web\/el-gobierno-esta-trabajando-para-facilitar-el-transporte-de-productos-del-suroccidente-del-pais-consejero-luis-fernando-velasco\/#primaryimage"},"thumbnailUrl":"https:\/\/pagina10.com\/web\/wp-content\/uploads\/2023\/01\/WhatsApp-Image-2023-01-25-at-5.36.07-PM.jpeg","articleSection":["Regiones"],"inLanguage":"es","potentialAction":[{"@type":"CommentAction","name":"Comment","target":["https:\/\/pagina10.com\/web\/el-gobierno-esta-trabajando-para-facilitar-el-transporte-de-productos-del-suroccidente-del-pais-consejero-luis-fernando-velasco\/#respond"]}]},{"@type":"WebPage","@id":"https:\/\/pagina10.com\/web\/el-gobierno-esta-trabajando-para-facilitar-el-transporte-de-productos-del-suroccidente-del-pais-consejero-luis-fernando-velasco\/","url":"https:\/\/pagina10.com\/web\/el-gobierno-esta-trabajando-para-facilitar-el-transporte-de-productos-del-suroccidente-del-pais-consejero-luis-fernando-velasco\/","name":"\u2018El Gobierno est\u00e1 trabajando para facilitar el transporte de productos del suroccidente del pa\u00eds\u2019: Consejero Luis Fernando Velasco | P\u00e1gina10","isPartOf":{"@id":"https:\/\/pagina10.com\/web\/#website"},"primaryImageOfPage":{"@id":"https:\/\/pagina10.com\/web\/el-gobierno-esta-trabajando-para-facilitar-el-transporte-de-productos-del-suroccidente-del-pais-consejero-luis-fernando-velasco\/#primaryimage"},"image":{"@id":"https:\/\/pagina10.com\/web\/el-gobierno-esta-trabajando-para-facilitar-el-transporte-de-productos-del-suroccidente-del-pais-consejero-luis-fernando-velasco\/#primaryimage"},"thumbnailUrl":"https:\/\/pagina10.com\/web\/wp-content\/uploads\/2023\/01\/WhatsApp-Image-2023-01-25-at-5.36.07-PM.jpeg","datePublished":"2023-01-25T22:36:53+00:00","dateModified":"2023-01-25T22:37:08+00:00","breadcrumb":{"@id":"https:\/\/pagina10.com\/web\/el-gobierno-esta-trabajando-para-facilitar-el-transporte-de-productos-del-suroccidente-del-pais-consejero-luis-fernando-velasco\/#breadcrumb"},"inLanguage":"es","potentialAction":[{"@type":"ReadAction","target":["https:\/\/pagina10.com\/web\/el-gobierno-esta-trabajando-para-facilitar-el-transporte-de-productos-del-suroccidente-del-pais-consejero-luis-fernando-velasco\/"]}]},{"@type":"ImageObject","inLanguage":"es","@id":"https:\/\/pagina10.com\/web\/el-gobierno-esta-trabajando-para-facilitar-el-transporte-de-productos-del-suroccidente-del-pais-consejero-luis-fernando-velasco\/#primaryimage","url":"https:\/\/pagina10.com\/web\/wp-content\/uploads\/2023\/01\/WhatsApp-Image-2023-01-25-at-5.36.07-PM.jpeg","contentUrl":"https:\/\/pagina10.com\/web\/wp-content\/uploads\/2023\/01\/WhatsApp-Image-2023-01-25-at-5.36.07-PM.jpeg","width":1024,"height":682},{"@type":"BreadcrumbList","@id":"https:\/\/pagina10.com\/web\/el-gobierno-esta-trabajando-para-facilitar-el-transporte-de-productos-del-suroccidente-del-pais-consejero-luis-fernando-velasco\/#breadcrumb","itemListElement":[{"@type":"ListItem","position":1,"name":"Portada","item":"https:\/\/pagina10.com\/web\/"},{"@type":"ListItem","position":2,"name":"\u2018El Gobierno est\u00e1 trabajando para facilitar el transporte de productos del suroccidente del pa\u00eds\u2019: Consejero Luis Fernando Velasco"}]},{"@type":"WebSite","@id":"https:\/\/pagina10.com\/web\/#website","url":"https:\/\/pagina10.com\/web\/","name":"P\u00e1gina10","description":"Peri\u00f3dico Regional","publisher":{"@id":"https:\/\/pagina10.com\/web\/#organization"},"alternateName":"P\u00e1gina10 Peri\u00f3dico Regional","potentialAction":[{"@type":"SearchAction","target":{"@type":"EntryPoint","urlTemplate":"https:\/\/pagina10.com\/web\/?s={search_term_string}"},"query-input":{"@type":"PropertyValueSpecification","valueRequired":true,"valueName":"search_term_string"}}],"inLanguage":"es"},{"@type":"Organization","@id":"https:\/\/pagina10.com\/web\/#organization","name":"P\u00e1gina10","alternateName":"P\u00e1gina10 Peri\u00f3dico Regional","url":"https:\/\/pagina10.com\/web\/","logo":{"@type":"ImageObject","inLanguage":"es","@id":"https:\/\/pagina10.com\/web\/#\/schema\/logo\/image\/","url":"https:\/\/pagina10.com\/web\/wp-content\/uploads\/2024\/01\/40-pagina-10-periodico-regional-pasto.jpg","contentUrl":"https:\/\/pagina10.com\/web\/wp-content\/uploads\/2024\/01\/40-pagina-10-periodico-regional-pasto.jpg","width":1280,"height":720,"caption":"P\u00e1gina10"},"image":{"@id":"https:\/\/pagina10.com\/web\/#\/schema\/logo\/image\/"},"sameAs":["https:\/\/www.facebook.com\/pag10com","https:\/\/x.com\/Pag10com","https:\/\/www.instagram.com\/pagina10col\/","https:\/\/youtube.com\/channel\/pag10","https:\/\/www.tiktok.com\/@p10col"]},{"@type":"Person","@id":"https:\/\/pagina10.com\/web\/#\/schema\/person\/2efc4a090d25b667d3bc796798a3a81b","name":"P\u00e1gina 10","description":"P\u00e1gina 10 es un peri\u00f3dico regional que nace en Colombia, en el departamento de Nari\u00f1o, con un enfoque global, fundamentado en cuatro pilares esenciales: la libertad, el pluralismo, la inclusi\u00f3n y la independencia. P\u00e1gina 10 hace referencia a Nari\u00f1o como el d\u00e9cimo departamento creado en Colombia, despu\u00e9s de un proceso pol\u00edtico liderado por actores y actrices regionales con el fin de obtener la independencia y autonom\u00eda de nuestros territorios. Con la creaci\u00f3n de P\u00e1gina 10 se pretende abrir un escenario para el dialogo, la reflexi\u00f3n y el debate que se extienda a otras geograf\u00edas de Am\u00e9rica Latina y del planeta, en una apuesta por transformar colectivamente los desaf\u00edos de un mundo contempor\u00e1neo, m\u00e1s all\u00e1 de las fronteras impuestas.","url":"https:\/\/pagina10.com\/web\/author\/pdiezadmin\/"}]}},"_links":{"self":[{"href":"https:\/\/pagina10.com\/web\/wp-json\/wp\/v2\/posts\/64236","targetHints":{"allow":["GET"]}}],"collection":[{"href":"https:\/\/pagina10.com\/web\/wp-json\/wp\/v2\/posts"}],"about":[{"href":"https:\/\/pagina10.com\/web\/wp-json\/wp\/v2\/types\/post"}],"author":[{"embeddable":true,"href":"https:\/\/pagina10.com\/web\/wp-json\/wp\/v2\/users\/1"}],"replies":[{"embeddable":true,"href":"https:\/\/pagina10.com\/web\/wp-json\/wp\/v2\/comments?post=64236"}],"version-history":[{"count":2,"href":"https:\/\/pagina10.com\/web\/wp-json\/wp\/v2\/posts\/64236\/revisions"}],"predecessor-version":[{"id":64239,"href":"https:\/\/pagina10.com\/web\/wp-json\/wp\/v2\/posts\/64236\/revisions\/64239"}],"wp:featuredmedia":[{"embeddable":true,"href":"https:\/\/pagina10.com\/web\/wp-json\/wp\/v2\/media\/64237"}],"wp:attachment":[{"href":"https:\/\/pagina10.com\/web\/wp-json\/wp\/v2\/media?parent=64236"}],"wp:term":[{"taxonomy":"category","embeddable":true,"href":"https:\/\/pagina10.com\/web\/wp-json\/wp\/v2\/categories?post=64236"},{"taxonomy":"post_tag","embeddable":true,"href":"https:\/\/pagina10.com\/web\/wp-json\/wp\/v2\/tags?post=64236"}],"curies":[{"name":"wp","href":"https:\/\/api.w.org\/{rel}","templated":true}]}}