{"id":64240,"date":"2023-01-25T22:56:19","date_gmt":"2023-01-26T03:56:19","guid":{"rendered":"https:\/\/pagina10.com\/web\/?p=64240"},"modified":"2023-01-25T23:15:02","modified_gmt":"2023-01-26T04:15:02","slug":"la-falta-del-padre-gallardo-en-tiempos-borrascosos","status":"publish","type":"post","link":"https:\/\/pagina10.com\/web\/la-falta-del-padre-gallardo-en-tiempos-borrascosos\/","title":{"rendered":"La falta del padre Gallardo en tiempos borrascosos"},"content":{"rendered":"<p style=\"text-align: justify;\"><strong>Por Omar Ra\u00fal Mart\u00ednez Guerra<\/strong><\/p>\n<p style=\"text-align: justify;\">\n<p style=\"text-align: justify;\">As\u00ed es. Pod\u00eda abandonar la sacrist\u00eda ipso facto o interrumpir al confesado si era preciso, con tal de, acucioso y afanoso, hacerse presente en el lugar donde la comunidad, la ciudadan\u00eda o el pueblo lo pidiera, para esperar de \u00e9l su franca intervenci\u00f3n ante a un hecho de iniquidad; una sinraz\u00f3n de un mandatario; un acto m\u00e1s de abandono desde el poder central.<\/p>\n<p style=\"text-align: justify;\">El padre Luis Antonio Gallardo fue el vocero natural del pueblo nari\u00f1ense, cabeza por muchos a\u00f1os en la conducci\u00f3n de manifestaciones hist\u00f3ricas, todas justas. Si bien su nombre pudiera ser desconocido por las generaciones m\u00e1s recientes, no es una locura pensar que el Padre Gallardo es el personaje m\u00e1s conocido y famoso en la Patria chica.<\/p>\n<p style=\"text-align: justify;\">\n<p style=\"text-align: justify;\">\u00a0Fiel a sus principios, cimentados en el Jes\u00fas de t\u00fanica y sandalias como su \u00fanico equipaje, que le hizo andar liviano sobre un camino pedregoso por los terrenos de Jud\u00e1, Gallardo profesaba la doctrina del amor al pr\u00f3jimo, mientras sus fuerzas esplendorosas le permit\u00edan andar presuroso de un lugar a otro sin descanso, en este caso por las tierras de Nari\u00f1o.<\/p>\n<p style=\"text-align: justify;\">Por dem\u00e1s muy reconocida era su voz recia y un lenguaje claro, directo y portentoso, matizado por \u00a0el humor inseparable que hac\u00eda reconocible lo que para unos era un pecado, para los dem\u00e1s un laudable \u00a0don: la irreverencia, esa inspiraci\u00f3n\u00a0 \u00a0de rebelarse ante las vetustas maneras oficiales de la sociedad y de la nunciatura ortodoxa, con sus pompas y semejanzas, \u00a0o \u00a0de las formalidades de cart\u00f3n con las que \u00a0el mundo ha perpetuado la fatua separaci\u00f3n entre clases sociales, entre etnias y entre razas, entre poderosos y sumisos, en una humanidad que olvid\u00f3 o ignor\u00f3 desde un comienzo que el color de la sangre es el mismo en todos \u00a0( y en todas) , independientemente que se nazca en Par\u00eds o en Iscuand\u00e9, o que nadie, pero absolutamente nadie es eterno sobre el planeta tierra.<\/p>\n<p style=\"text-align: justify;\">La impertinencia motivada , que debe ser lo m\u00e1s parecido al estado de gracia, hacia parte consubstancial del padre \u00a0Gallardo, y le facilitaba de contera el trato con sus semejantes, el perd\u00f3n de los pecados de los feligreses perdidos sin esperanza ni remedio, la evangelizaci\u00f3n en las comunas sin nombre y hasta los arrebatados discursos en pleno Parque de Nari\u00f1o, en Pasto, con los que conmov\u00eda el alma \u00a0de su pueblo para la rebeli\u00f3n ardorosa\u00a0 , por la defensa de los derechos quebrantados, entre ellos el derecho a gozar de los bienes y servicios del Estado, del agua potable, de la energ\u00eda el\u00e9ctrica, de la carretera terminada.<\/p>\n<p style=\"text-align: justify;\">Profesor hora c\u00e1tedra de psicolog\u00eda en la Escuela Normal de Pasto, me resulta ineludible recordar el lejano incidente en donde el padre hac\u00eda gala de su inimitable estilo, para hacer conciencia, en esta ocasi\u00f3n bendita, sobre la utilizaci\u00f3n ignominiosa de la figura femenina en los anuncios comerciales, (lo que hac\u00eda soslayar en su criterio una sociedad aficionada a violar el sexto mandamiento), siempre de la mano de la su ya mencionada virtud, su fastuosa irreverencia:<\/p>\n<ul style=\"text-align: justify;\">\n<li>\u00a1\u201cHoy en d\u00eda, -nos advert\u00eda nuestro conspicuo docente- nada se vende en el comercio sin utilizar publicitariamente los desnudos femeninos: \u00a1para vender neveras, viejas en pelota, para vender cigarrillos, viejas en pelota, para vender calzones, viejas en pelota\u2026\u201d!<\/li>\n<li>Para entrar al seminario conciliar, viejas en pelota, fue la t\u00edmida acotaci\u00f3n del atrevido alumno que hoy esto escribe.<\/li>\n<li>\u201cNo Jodas, Martinez, tampoco te vayas al extremo\u201d \u2026 su respuesta sorprendida.<\/li>\n<\/ul>\n<p style=\"text-align: justify;\">\n<p style=\"text-align: justify;\">Viv\u00eda Gallardo los tiempos m\u00e1s ex\u00f3ticos de la cristiandad en Am\u00e9rica Latina. Digo ex\u00f3ticos en cuanto rehuy\u00f3 de la sotana (quiero decir, no siempre la usaba) y proclam\u00f3 los mensajes m\u00e1s radicales dirigidos a cuestionar la opulencia fuera de control de unas minor\u00edas dominantes, pero sobre todo a la naturaleza corrupta e incompetente de las castas adue\u00f1adas del poder p\u00fablico en Colombia, desde los tiempos del mismo Matusal\u00e9n.<\/p>\n<p style=\"text-align: justify;\">No me consta si perteneci\u00f3 formalmente o no al movimiento de Golconda, pero actuaba exactamente como tal. Fueron los tiempos de un clero rebelde y revolucionario, representado por una agrupaci\u00f3n de sacerdotes latinoamericanos, entre los cuales se distinguieron Camilo Torres Restrepo en Colombia y el Obispo Helder Camara en Brasil, inspirados en la teor\u00eda de la Liberaci\u00f3n, entre los a\u00f1os sesenta y setenta. La Iglesia Cat\u00f3lica con una falange encargada de denunciar la desigualdad en la distribuci\u00f3n de la riqueza, haciendo m\u00e1s pobres a los pobres, ya obreros, ya campesinos, ora asalariados, que propon\u00eda el evangelio de Jes\u00fas como el camino para transformar una sociedad inicua.<\/p>\n<p style=\"text-align: justify;\">Esta remembranza surge en momentos agobiantes para el departamento de Nari\u00f1o, cuando un alud m\u00e1s entre los tantos que se producen en el a\u00f1o, han bloqueado su principal carretera, por la que se comunica con el resto de Colombia. El derrumbe en Rosas, Cauca.<\/p>\n<p style=\"text-align: justify;\">La historia se repite. O, mejor dicho, la historia no es m\u00e1s que una fotocopia que revela una situaci\u00f3n social id\u00e9ntica a la vivida meses atr\u00e1s por la ca\u00edda de la banca y los cuarenta d\u00edas y cuarenta noches que dur\u00f3 la instalaci\u00f3n de un provisional puente met\u00e1lico, el \u00fanico que quedaba en oferta en la naci\u00f3n. A pesar de ser provisional, el puentecito sigue all\u00ed, inc\u00f3lume, como testimonio a la vieja leyenda del sur olvidado. Y como fotocopia tambi\u00e9n, sigamos, un poco m\u00e1s atr\u00e1s, de la toma de la Panamericana por los ind\u00edgenas misak en el sur del Cauca; y adem\u00e1s de los bloqueos en las v\u00edas del Valle, cuando el estallido social en el 2021. Y as\u00ed por siempre.<\/p>\n<p style=\"text-align: justify;\">En cuentas claras, si el a\u00f1o de actividad social, econ\u00f3mica y productiva dura 12 meses en cualquier lugar del mundo, los a\u00f1os en Nari\u00f1o pueden bien no pasar de 10 meses cada uno. Son cuentas que el DNP, el DANE y todos los organismos en Bogot\u00e1 poco conocen, y si los conocen poco parece importarles.<\/p>\n<p style=\"text-align: justify;\">\u00bfQu\u00e9 hay detr\u00e1s de todo esto, que la gente lo denomina con raz\u00f3n como el abandono hist\u00f3rico del Gobierno Nacional hacia Nari\u00f1o?<\/p>\n<p style=\"text-align: justify;\">Pues hay m\u00e1s de cierto que otra cosa: apenas hace 2 d\u00edas, el domingo 22 de enero de 2023 en la p\u00e1gina editorial del peri\u00f3dico m\u00e1s poderoso de Colombia, El Tiempo, el ex vicepresidente German Vargas Lleras y duro cr\u00edtico del gobierno nacional, nos recuerda que la doble calzada Pasto Popay\u00e1n empez\u00f3 a estructurarse\u00a0 y a elaborarse sus dise\u00f1os en el 2015, cuando el presidente Santos la incluy\u00f3 en la ola 3 del programa de Concesiones 4G, pero que \u201cinfortunadamente el entonces ministro de Hacienda, el conservador Mauricio C\u00e1rdenas la dej\u00f3 por fuera\u201d por darle prioridad a la v\u00eda Bucaramanga-Pamplona-C\u00facuta.<\/p>\n<p style=\"text-align: justify;\">Sostiene Vargas Lleras que \u201cLa ANI del gobierno Duque\u2026recibi\u00f3 este proyecto estructurado, con estudios, dise\u00f1os, presupuesto y dem\u00e1s. Casi 2 a\u00f1os despu\u00e9s, en abril 2020, anunci\u00f3 que esta v\u00eda, Pasto Popay\u00e1n era su prioridad y que la estar\u00eda contratando antes de terminar su mandato en agosto del 2022. \u201cPues ni fue su prioridad ni tampoco la licit\u00f3,\u201d concluye el ex vicepresidente.<\/p>\n<p style=\"text-align: justify;\">M\u00e1s adelante y frente al anuncio del presidente Petro sobre esta obra, el columnista deja ver su temor sobre la probable terminaci\u00f3n de la v\u00eda en el 2030, \u201csi es que se logra contratar\u201d, pues teme que la \u201cinseguridad jur\u00eddica en los contratos de concesiones \u201char\u00e1 muy poco interesante que alguien vuelva a contratar\u201d por la medida anunciada por el presidente de \u201cno autorizar incrementos en los peajes a cargo de la ANI e Invias en este a\u00f1o 2023\u201d. Esta opini\u00f3n es de capital importancia porque es sabido que las doble calzadas se construyen por concesi\u00f3n. La otra fuente ser\u00eda con recursos del presupuesto nacional o cr\u00e9dito externo. Nada f\u00e1cil si son 12 billones.<\/p>\n<p style=\"text-align: justify;\">De esto al menos quedan cuatro claras conclusiones:<\/p>\n<p style=\"text-align: justify;\">La primera es preguntarse, \u00bfqu\u00e9 hac\u00edan o que dijeron entonces nuestros senadores y representantes a la negativa del ministro C\u00e1rdenas de no priorizar la v\u00eda? (en el gobierno Santos).\u00a0\u00a0 \u00bfQu\u00e9 hicieron los mismos ante el presidente Duque para que cumpliera su palabra? \u00bfNo fueron los mismos congresistas nari\u00f1enses del oficialismo, quienes le dieron pleno y absoluto respaldo a Duque en todas sus decisiones durante sus 4 largos a\u00f1os? \u00bfA cambio de que le dieron carta libre a Duque? Y la \u00faltima pregunta: \u00bfCu\u00e1l fue la gesti\u00f3n del gobernador de Nari\u00f1o, Camilo Romero, en el \u00a0gobierno de Iv\u00e1n Duque para que \u201cel proyecto estructurado, con estudios, dise\u00f1o, presupuesto y dem\u00e1s\u201d se negara a ejecutarlo en el 2020?<\/p>\n<p style=\"text-align: justify;\">La segunda conclusi\u00f3n nos lleva a recapacitar sobre una ausencia de liderazgo en Nari\u00f1o. No existe unidad ni vocer\u00eda respetable en el Congreso Nacional que est\u00e9 atenta a sustentar o a defender la financiaci\u00f3n de grandes obras. No hay organizaci\u00f3n social, asociaci\u00f3n ni universidad alguna que tenga una unidad de investigaci\u00f3n y seguimiento a los asuntos de inter\u00e9s vital para su poblaci\u00f3n. Cada parlamentario, cada entidad, todo grupo, toda instituci\u00f3n en lo suyo. El director de Pagina10, un medio period\u00edstico con importante audiencia (curiosamente m\u00e1s consultado por fuera de Nari\u00f1o) nos sorprendi\u00f3 con una propuesta para promover un bloque de parlamentarios nari\u00f1enses con mayor\u00eda del Pacto Hist\u00f3rico, y un debate permanente sobre grandes temas de inter\u00e9s. Poco se sabe de respuestas. O nada.<\/p>\n<p style=\"text-align: justify;\">La tercera conclusi\u00f3n: los grandes l\u00edderes nari\u00f1enses hicieron su tarea y la hicieron bien. De all\u00ed \u00e9sta remembranza del sacerdote Luis Antonio Gallardo. Personas como \u00e9l dieron la batalla desde la plaza p\u00fablica porque nunca aspiraron al congreso, ni buscaron figuraci\u00f3n o cargos p\u00fablicos. Su entrega absoluta fue por la gente.<\/p>\n<p style=\"text-align: justify;\">La cuarta y \u00faltima: Puesto que no han faltado las cr\u00edticas a Petro por demorarse 11 d\u00edas en visitar a Nari\u00f1o, desconociendo que entre Uribe y Duque pasaron 4.380 d\u00edas con visitas, pero sin soluciones, es hora de aunar fuerzas c\u00edvicas y de unificar voluntades y discursos y porque no, venciendo el escepticismo cr\u00edtico de la oposici\u00f3n feroz. El alud de Rosas genera en estos d\u00edas el m\u00e1s grave aislamiento. Lo duro apenas comienza y eso todo el mundo lo sabe.<\/p>\n<p style=\"text-align: justify;\">Alguien tiene que hacer algo. Los anuncios del presidente Petro en el consejo de ministros, realizado en Ipiales el 21 y 22 de enero, apuntan de manera inmediata a solucionar los problemas de transporte vial provisional y de abastecimiento, compra de cosechas, industrializaci\u00f3n de productos l\u00e1cteos, gratuidad de fletes a transportadores, provisi\u00f3n de gasolina y gas.<\/p>\n<p style=\"text-align: justify;\">M\u00e1s all\u00e1, el presidente har\u00eda nuevo consejo de ministros en Ipiales para evaluar los primeros resultados y entonces perfilar las obras de gran aliento, entre las cuales deber\u00e1n estar la doble calzada Pasto \u2013Popay\u00e1n; la proyecci\u00f3n del puerto de Tumaco, otra de las grandes obras aplazadas; la carretera a Mocoa y el puerto alterno de inmigraci\u00f3n al Ecuador por el rio Mataje.<\/p>\n<p style=\"text-align: justify;\">Nos corresponde estar atentos como ciudadanos al seguimiento de los hechos, con veedur\u00eda ciudadana y control social, que son instrumentos democr\u00e1ticos de pobre uso en el medio, muy \u00fatiles para verificar que las \u00f3rdenes del Ejecutivo Nacional se cumplan y que los contratistas y los interventores se ajusten estrictamente a lo pactado, sin decaer en coimas, pr\u00f3rrogas y dem\u00e1s vicios que han degradado los procesos contractuales al extremo. Pudiera ser que de esta crisis surja la redenci\u00f3n de muchos frentes olvidados.<\/p>\n<p style=\"text-align: justify;\">Rosario Villalba, una de las familiares que vive y cuida del padre, quien a sus 87 a\u00f1os sigue madrugando, leyendo y caminando por los alrededores de la avenida Colombia, me hablaba en pasados d\u00edas sobre la iniciativa para que la Universidad de Nari\u00f1o, de la cual el sacerdote es su profesor jubilado, creara la c\u00e1tedra de Movimientos Sociales, en honor al mismo.<\/p>\n<p style=\"text-align: justify;\">No tanto para que lo alaben, pienso yo, porque eso a \u00e9l no le gusta, sino para convertir la clase en una reflexi\u00f3n y en una pr\u00e1ctica para renovar mentalidades, capaces de trabajar solidariamente por su pueblo, de ejercer el liderazgo y el manejo del poder p\u00fablico con sapiencia y eficiencia, sin miedo y sin atracos el tesoro nacional. De devolverle al pueblo de Nari\u00f1o la esperanza por mantener las condiciones de una vida digna, m\u00e1s que merecida.<\/p>\n<p style=\"text-align: justify;\">Ese es el aut\u00e9ntico fin de la educaci\u00f3n, que no solo graduar bachilleres o profesionales por millares, ni competir por resultados de las pruebas, ni mucho menos repetir descendencias impasibles, atosigadas de informaci\u00f3n banal, esclavizadas por la tecnolog\u00eda digital, vac\u00edas de ese aliento que ahora, en plena crisis, extra\u00f1amos.<\/p>\n<p style=\"text-align: justify;\">\n<p style=\"text-align: justify;\">\n<p style=\"text-align: justify;\">\n<p style=\"text-align: justify;\"><strong>\u00a0<\/strong><\/p>\n<p style=\"text-align: justify;\"><strong>\u00a0<\/strong><\/p>\n<p style=\"text-align: justify;\"><strong>\u00a0<\/strong><\/p>\n<p style=\"text-align: justify;\"><strong>\u00a0<\/strong><\/p>\n<p style=\"text-align: justify;\"><strong>\u00a0<\/strong><\/p>\n<p style=\"text-align: justify;\"><strong>\u00a0<\/strong><\/p>\n","protected":false},"excerpt":{"rendered":"<p>Por Omar Ra\u00fal Mart\u00ednez Guerra As\u00ed es. Pod\u00eda abandonar la sacrist\u00eda ipso facto o interrumpir al confesado si era preciso, con tal de, acucioso y afanoso, hacerse presente en el lugar donde la comunidad, la ciudadan\u00eda o el pueblo lo pidiera, para esperar de \u00e9l su franca intervenci\u00f3n ante a un hecho de iniquidad; una [&hellip;]<\/p>\n","protected":false},"author":15,"featured_media":64241,"comment_status":"open","ping_status":"open","sticky":false,"template":"","format":"standard","meta":{"footnotes":""},"categories":[53],"tags":[],"class_list":["post-64240","post","type-post","status-publish","format-standard","has-post-thumbnail","hentry","category-regiones"],"yoast_head":"<!-- This site is optimized with the Yoast SEO plugin v27.1.1 - https:\/\/yoast.com\/product\/yoast-seo-wordpress\/ -->\n<title>La falta del padre Gallardo en tiempos borrascosos | P\u00e1gina10<\/title>\n<meta name=\"robots\" content=\"index, follow, max-snippet:-1, max-image-preview:large, max-video-preview:-1\" \/>\n<link rel=\"canonical\" href=\"https:\/\/pagina10.com\/web\/la-falta-del-padre-gallardo-en-tiempos-borrascosos\/\" \/>\n<meta property=\"og:locale\" content=\"es_ES\" \/>\n<meta property=\"og:type\" content=\"article\" \/>\n<meta property=\"og:title\" content=\"La falta del padre Gallardo en tiempos borrascosos | P\u00e1gina10\" \/>\n<meta property=\"og:description\" content=\"Por Omar Ra\u00fal Mart\u00ednez Guerra As\u00ed es. Pod\u00eda abandonar la sacrist\u00eda ipso facto o interrumpir al confesado si era preciso, con tal de, acucioso y afanoso, hacerse presente en el lugar donde la comunidad, la ciudadan\u00eda o el pueblo lo pidiera, para esperar de \u00e9l su franca intervenci\u00f3n ante a un hecho de iniquidad; una [&hellip;]\" \/>\n<meta property=\"og:url\" content=\"https:\/\/pagina10.com\/web\/la-falta-del-padre-gallardo-en-tiempos-borrascosos\/\" \/>\n<meta property=\"og:site_name\" content=\"P\u00e1gina10\" \/>\n<meta property=\"article:publisher\" content=\"https:\/\/www.facebook.com\/pag10com\" \/>\n<meta property=\"article:published_time\" content=\"2023-01-26T03:56:19+00:00\" \/>\n<meta property=\"article:modified_time\" content=\"2023-01-26T04:15:02+00:00\" \/>\n<meta property=\"og:image\" content=\"https:\/\/pagina10.com\/web\/wp-content\/uploads\/2023\/01\/WhatsApp-Image-2023-01-25-at-10.55.36-PM.jpeg\" \/>\n\t<meta property=\"og:image:width\" content=\"1024\" \/>\n\t<meta property=\"og:image:height\" content=\"604\" \/>\n\t<meta property=\"og:image:type\" content=\"image\/jpeg\" \/>\n<meta name=\"author\" content=\"Columnista Invitado\" \/>\n<meta name=\"twitter:card\" content=\"summary_large_image\" \/>\n<meta name=\"twitter:creator\" content=\"@Pag10com\" \/>\n<meta name=\"twitter:site\" content=\"@Pag10com\" \/>\n<meta name=\"twitter:label1\" content=\"Escrito por\" \/>\n\t<meta name=\"twitter:data1\" content=\"Columnista Invitado\" \/>\n\t<meta name=\"twitter:label2\" content=\"Tiempo de lectura\" \/>\n\t<meta name=\"twitter:data2\" content=\"11 minutos\" \/>\n<script type=\"application\/ld+json\" class=\"yoast-schema-graph\">{\"@context\":\"https:\/\/schema.org\",\"@graph\":[{\"@type\":\"Article\",\"@id\":\"https:\/\/pagina10.com\/web\/la-falta-del-padre-gallardo-en-tiempos-borrascosos\/#article\",\"isPartOf\":{\"@id\":\"https:\/\/pagina10.com\/web\/la-falta-del-padre-gallardo-en-tiempos-borrascosos\/\"},\"author\":{\"name\":\"Columnista Invitado\",\"@id\":\"https:\/\/pagina10.com\/web\/#\/schema\/person\/21249ac8e46fa849c3df7b78feed163e\"},\"headline\":\"La falta del padre Gallardo en tiempos borrascosos\",\"datePublished\":\"2023-01-26T03:56:19+00:00\",\"dateModified\":\"2023-01-26T04:15:02+00:00\",\"mainEntityOfPage\":{\"@id\":\"https:\/\/pagina10.com\/web\/la-falta-del-padre-gallardo-en-tiempos-borrascosos\/\"},\"wordCount\":2202,\"commentCount\":0,\"publisher\":{\"@id\":\"https:\/\/pagina10.com\/web\/#organization\"},\"image\":{\"@id\":\"https:\/\/pagina10.com\/web\/la-falta-del-padre-gallardo-en-tiempos-borrascosos\/#primaryimage\"},\"thumbnailUrl\":\"https:\/\/pagina10.com\/web\/wp-content\/uploads\/2023\/01\/WhatsApp-Image-2023-01-25-at-10.55.36-PM.jpeg\",\"articleSection\":[\"Regiones\"],\"inLanguage\":\"es\",\"potentialAction\":[{\"@type\":\"CommentAction\",\"name\":\"Comment\",\"target\":[\"https:\/\/pagina10.com\/web\/la-falta-del-padre-gallardo-en-tiempos-borrascosos\/#respond\"]}]},{\"@type\":\"WebPage\",\"@id\":\"https:\/\/pagina10.com\/web\/la-falta-del-padre-gallardo-en-tiempos-borrascosos\/\",\"url\":\"https:\/\/pagina10.com\/web\/la-falta-del-padre-gallardo-en-tiempos-borrascosos\/\",\"name\":\"La falta del padre Gallardo en tiempos borrascosos | P\u00e1gina10\",\"isPartOf\":{\"@id\":\"https:\/\/pagina10.com\/web\/#website\"},\"primaryImageOfPage\":{\"@id\":\"https:\/\/pagina10.com\/web\/la-falta-del-padre-gallardo-en-tiempos-borrascosos\/#primaryimage\"},\"image\":{\"@id\":\"https:\/\/pagina10.com\/web\/la-falta-del-padre-gallardo-en-tiempos-borrascosos\/#primaryimage\"},\"thumbnailUrl\":\"https:\/\/pagina10.com\/web\/wp-content\/uploads\/2023\/01\/WhatsApp-Image-2023-01-25-at-10.55.36-PM.jpeg\",\"datePublished\":\"2023-01-26T03:56:19+00:00\",\"dateModified\":\"2023-01-26T04:15:02+00:00\",\"breadcrumb\":{\"@id\":\"https:\/\/pagina10.com\/web\/la-falta-del-padre-gallardo-en-tiempos-borrascosos\/#breadcrumb\"},\"inLanguage\":\"es\",\"potentialAction\":[{\"@type\":\"ReadAction\",\"target\":[\"https:\/\/pagina10.com\/web\/la-falta-del-padre-gallardo-en-tiempos-borrascosos\/\"]}]},{\"@type\":\"ImageObject\",\"inLanguage\":\"es\",\"@id\":\"https:\/\/pagina10.com\/web\/la-falta-del-padre-gallardo-en-tiempos-borrascosos\/#primaryimage\",\"url\":\"https:\/\/pagina10.com\/web\/wp-content\/uploads\/2023\/01\/WhatsApp-Image-2023-01-25-at-10.55.36-PM.jpeg\",\"contentUrl\":\"https:\/\/pagina10.com\/web\/wp-content\/uploads\/2023\/01\/WhatsApp-Image-2023-01-25-at-10.55.36-PM.jpeg\",\"width\":1024,\"height\":604},{\"@type\":\"BreadcrumbList\",\"@id\":\"https:\/\/pagina10.com\/web\/la-falta-del-padre-gallardo-en-tiempos-borrascosos\/#breadcrumb\",\"itemListElement\":[{\"@type\":\"ListItem\",\"position\":1,\"name\":\"Portada\",\"item\":\"https:\/\/pagina10.com\/web\/\"},{\"@type\":\"ListItem\",\"position\":2,\"name\":\"La falta del padre Gallardo en tiempos borrascosos\"}]},{\"@type\":\"WebSite\",\"@id\":\"https:\/\/pagina10.com\/web\/#website\",\"url\":\"https:\/\/pagina10.com\/web\/\",\"name\":\"P\u00e1gina10\",\"description\":\"Peri\u00f3dico Regional\",\"publisher\":{\"@id\":\"https:\/\/pagina10.com\/web\/#organization\"},\"alternateName\":\"P\u00e1gina10 Peri\u00f3dico Regional\",\"potentialAction\":[{\"@type\":\"SearchAction\",\"target\":{\"@type\":\"EntryPoint\",\"urlTemplate\":\"https:\/\/pagina10.com\/web\/?s={search_term_string}\"},\"query-input\":{\"@type\":\"PropertyValueSpecification\",\"valueRequired\":true,\"valueName\":\"search_term_string\"}}],\"inLanguage\":\"es\"},{\"@type\":\"Organization\",\"@id\":\"https:\/\/pagina10.com\/web\/#organization\",\"name\":\"P\u00e1gina10\",\"alternateName\":\"P\u00e1gina10 Peri\u00f3dico Regional\",\"url\":\"https:\/\/pagina10.com\/web\/\",\"logo\":{\"@type\":\"ImageObject\",\"inLanguage\":\"es\",\"@id\":\"https:\/\/pagina10.com\/web\/#\/schema\/logo\/image\/\",\"url\":\"https:\/\/pagina10.com\/web\/wp-content\/uploads\/2024\/01\/40-pagina-10-periodico-regional-pasto.jpg\",\"contentUrl\":\"https:\/\/pagina10.com\/web\/wp-content\/uploads\/2024\/01\/40-pagina-10-periodico-regional-pasto.jpg\",\"width\":1280,\"height\":720,\"caption\":\"P\u00e1gina10\"},\"image\":{\"@id\":\"https:\/\/pagina10.com\/web\/#\/schema\/logo\/image\/\"},\"sameAs\":[\"https:\/\/www.facebook.com\/pag10com\",\"https:\/\/x.com\/Pag10com\",\"https:\/\/www.instagram.com\/pagina10col\/\",\"https:\/\/youtube.com\/channel\/pag10\",\"https:\/\/www.tiktok.com\/@p10col\"]},{\"@type\":\"Person\",\"@id\":\"https:\/\/pagina10.com\/web\/#\/schema\/person\/21249ac8e46fa849c3df7b78feed163e\",\"name\":\"Columnista Invitado\",\"url\":\"https:\/\/pagina10.com\/web\/author\/invitado\/\"}]}<\/script>\n<!-- \/ Yoast SEO plugin. -->","yoast_head_json":{"title":"La falta del padre Gallardo en tiempos borrascosos | P\u00e1gina10","robots":{"index":"index","follow":"follow","max-snippet":"max-snippet:-1","max-image-preview":"max-image-preview:large","max-video-preview":"max-video-preview:-1"},"canonical":"https:\/\/pagina10.com\/web\/la-falta-del-padre-gallardo-en-tiempos-borrascosos\/","og_locale":"es_ES","og_type":"article","og_title":"La falta del padre Gallardo en tiempos borrascosos | P\u00e1gina10","og_description":"Por Omar Ra\u00fal Mart\u00ednez Guerra As\u00ed es. Pod\u00eda abandonar la sacrist\u00eda ipso facto o interrumpir al confesado si era preciso, con tal de, acucioso y afanoso, hacerse presente en el lugar donde la comunidad, la ciudadan\u00eda o el pueblo lo pidiera, para esperar de \u00e9l su franca intervenci\u00f3n ante a un hecho de iniquidad; una [&hellip;]","og_url":"https:\/\/pagina10.com\/web\/la-falta-del-padre-gallardo-en-tiempos-borrascosos\/","og_site_name":"P\u00e1gina10","article_publisher":"https:\/\/www.facebook.com\/pag10com","article_published_time":"2023-01-26T03:56:19+00:00","article_modified_time":"2023-01-26T04:15:02+00:00","og_image":[{"width":1024,"height":604,"url":"https:\/\/pagina10.com\/web\/wp-content\/uploads\/2023\/01\/WhatsApp-Image-2023-01-25-at-10.55.36-PM.jpeg","type":"image\/jpeg"}],"author":"Columnista Invitado","twitter_card":"summary_large_image","twitter_creator":"@Pag10com","twitter_site":"@Pag10com","twitter_misc":{"Escrito por":"Columnista Invitado","Tiempo de lectura":"11 minutos"},"schema":{"@context":"https:\/\/schema.org","@graph":[{"@type":"Article","@id":"https:\/\/pagina10.com\/web\/la-falta-del-padre-gallardo-en-tiempos-borrascosos\/#article","isPartOf":{"@id":"https:\/\/pagina10.com\/web\/la-falta-del-padre-gallardo-en-tiempos-borrascosos\/"},"author":{"name":"Columnista Invitado","@id":"https:\/\/pagina10.com\/web\/#\/schema\/person\/21249ac8e46fa849c3df7b78feed163e"},"headline":"La falta del padre Gallardo en tiempos borrascosos","datePublished":"2023-01-26T03:56:19+00:00","dateModified":"2023-01-26T04:15:02+00:00","mainEntityOfPage":{"@id":"https:\/\/pagina10.com\/web\/la-falta-del-padre-gallardo-en-tiempos-borrascosos\/"},"wordCount":2202,"commentCount":0,"publisher":{"@id":"https:\/\/pagina10.com\/web\/#organization"},"image":{"@id":"https:\/\/pagina10.com\/web\/la-falta-del-padre-gallardo-en-tiempos-borrascosos\/#primaryimage"},"thumbnailUrl":"https:\/\/pagina10.com\/web\/wp-content\/uploads\/2023\/01\/WhatsApp-Image-2023-01-25-at-10.55.36-PM.jpeg","articleSection":["Regiones"],"inLanguage":"es","potentialAction":[{"@type":"CommentAction","name":"Comment","target":["https:\/\/pagina10.com\/web\/la-falta-del-padre-gallardo-en-tiempos-borrascosos\/#respond"]}]},{"@type":"WebPage","@id":"https:\/\/pagina10.com\/web\/la-falta-del-padre-gallardo-en-tiempos-borrascosos\/","url":"https:\/\/pagina10.com\/web\/la-falta-del-padre-gallardo-en-tiempos-borrascosos\/","name":"La falta del padre Gallardo en tiempos borrascosos | P\u00e1gina10","isPartOf":{"@id":"https:\/\/pagina10.com\/web\/#website"},"primaryImageOfPage":{"@id":"https:\/\/pagina10.com\/web\/la-falta-del-padre-gallardo-en-tiempos-borrascosos\/#primaryimage"},"image":{"@id":"https:\/\/pagina10.com\/web\/la-falta-del-padre-gallardo-en-tiempos-borrascosos\/#primaryimage"},"thumbnailUrl":"https:\/\/pagina10.com\/web\/wp-content\/uploads\/2023\/01\/WhatsApp-Image-2023-01-25-at-10.55.36-PM.jpeg","datePublished":"2023-01-26T03:56:19+00:00","dateModified":"2023-01-26T04:15:02+00:00","breadcrumb":{"@id":"https:\/\/pagina10.com\/web\/la-falta-del-padre-gallardo-en-tiempos-borrascosos\/#breadcrumb"},"inLanguage":"es","potentialAction":[{"@type":"ReadAction","target":["https:\/\/pagina10.com\/web\/la-falta-del-padre-gallardo-en-tiempos-borrascosos\/"]}]},{"@type":"ImageObject","inLanguage":"es","@id":"https:\/\/pagina10.com\/web\/la-falta-del-padre-gallardo-en-tiempos-borrascosos\/#primaryimage","url":"https:\/\/pagina10.com\/web\/wp-content\/uploads\/2023\/01\/WhatsApp-Image-2023-01-25-at-10.55.36-PM.jpeg","contentUrl":"https:\/\/pagina10.com\/web\/wp-content\/uploads\/2023\/01\/WhatsApp-Image-2023-01-25-at-10.55.36-PM.jpeg","width":1024,"height":604},{"@type":"BreadcrumbList","@id":"https:\/\/pagina10.com\/web\/la-falta-del-padre-gallardo-en-tiempos-borrascosos\/#breadcrumb","itemListElement":[{"@type":"ListItem","position":1,"name":"Portada","item":"https:\/\/pagina10.com\/web\/"},{"@type":"ListItem","position":2,"name":"La falta del padre Gallardo en tiempos borrascosos"}]},{"@type":"WebSite","@id":"https:\/\/pagina10.com\/web\/#website","url":"https:\/\/pagina10.com\/web\/","name":"P\u00e1gina10","description":"Peri\u00f3dico Regional","publisher":{"@id":"https:\/\/pagina10.com\/web\/#organization"},"alternateName":"P\u00e1gina10 Peri\u00f3dico Regional","potentialAction":[{"@type":"SearchAction","target":{"@type":"EntryPoint","urlTemplate":"https:\/\/pagina10.com\/web\/?s={search_term_string}"},"query-input":{"@type":"PropertyValueSpecification","valueRequired":true,"valueName":"search_term_string"}}],"inLanguage":"es"},{"@type":"Organization","@id":"https:\/\/pagina10.com\/web\/#organization","name":"P\u00e1gina10","alternateName":"P\u00e1gina10 Peri\u00f3dico Regional","url":"https:\/\/pagina10.com\/web\/","logo":{"@type":"ImageObject","inLanguage":"es","@id":"https:\/\/pagina10.com\/web\/#\/schema\/logo\/image\/","url":"https:\/\/pagina10.com\/web\/wp-content\/uploads\/2024\/01\/40-pagina-10-periodico-regional-pasto.jpg","contentUrl":"https:\/\/pagina10.com\/web\/wp-content\/uploads\/2024\/01\/40-pagina-10-periodico-regional-pasto.jpg","width":1280,"height":720,"caption":"P\u00e1gina10"},"image":{"@id":"https:\/\/pagina10.com\/web\/#\/schema\/logo\/image\/"},"sameAs":["https:\/\/www.facebook.com\/pag10com","https:\/\/x.com\/Pag10com","https:\/\/www.instagram.com\/pagina10col\/","https:\/\/youtube.com\/channel\/pag10","https:\/\/www.tiktok.com\/@p10col"]},{"@type":"Person","@id":"https:\/\/pagina10.com\/web\/#\/schema\/person\/21249ac8e46fa849c3df7b78feed163e","name":"Columnista Invitado","url":"https:\/\/pagina10.com\/web\/author\/invitado\/"}]}},"_links":{"self":[{"href":"https:\/\/pagina10.com\/web\/wp-json\/wp\/v2\/posts\/64240","targetHints":{"allow":["GET"]}}],"collection":[{"href":"https:\/\/pagina10.com\/web\/wp-json\/wp\/v2\/posts"}],"about":[{"href":"https:\/\/pagina10.com\/web\/wp-json\/wp\/v2\/types\/post"}],"author":[{"embeddable":true,"href":"https:\/\/pagina10.com\/web\/wp-json\/wp\/v2\/users\/15"}],"replies":[{"embeddable":true,"href":"https:\/\/pagina10.com\/web\/wp-json\/wp\/v2\/comments?post=64240"}],"version-history":[{"count":2,"href":"https:\/\/pagina10.com\/web\/wp-json\/wp\/v2\/posts\/64240\/revisions"}],"predecessor-version":[{"id":64247,"href":"https:\/\/pagina10.com\/web\/wp-json\/wp\/v2\/posts\/64240\/revisions\/64247"}],"wp:featuredmedia":[{"embeddable":true,"href":"https:\/\/pagina10.com\/web\/wp-json\/wp\/v2\/media\/64241"}],"wp:attachment":[{"href":"https:\/\/pagina10.com\/web\/wp-json\/wp\/v2\/media?parent=64240"}],"wp:term":[{"taxonomy":"category","embeddable":true,"href":"https:\/\/pagina10.com\/web\/wp-json\/wp\/v2\/categories?post=64240"},{"taxonomy":"post_tag","embeddable":true,"href":"https:\/\/pagina10.com\/web\/wp-json\/wp\/v2\/tags?post=64240"}],"curies":[{"name":"wp","href":"https:\/\/api.w.org\/{rel}","templated":true}]}}