{"id":64253,"date":"2023-01-26T21:59:25","date_gmt":"2023-01-27T02:59:25","guid":{"rendered":"https:\/\/pagina10.com\/web\/?p=64253"},"modified":"2023-01-26T21:59:25","modified_gmt":"2023-01-27T02:59:25","slug":"gobierno-departamental-busca-estrategias-para-apoyar-a-sectores-productivos-golpeados-por-la-emergencia","status":"publish","type":"post","link":"https:\/\/pagina10.com\/web\/gobierno-departamental-busca-estrategias-para-apoyar-a-sectores-productivos-golpeados-por-la-emergencia\/","title":{"rendered":"Gobierno Departamental busca estrategias para apoyar a sectores productivos golpeados por la emergencia"},"content":{"rendered":"<p style=\"text-align: justify;\">Gobernador de Nari\u00f1o, Jhon Rojas, sostuvo en el municipio de Guachucal di\u00e1logo con representantes del sector l\u00e1cteo, papero y panelero de Nari\u00f1o, con el objetivo de buscar soluciones prontas para los productores que se han visto afectados por la emergencia a causa del deslizamiento en la v\u00eda Panamericana.<\/p>\n<p style=\"text-align: justify;\">Esta reuni\u00f3n fue coordinada y programada por Colacteos, junto al Consejo gremial y empresarial de Nari\u00f1o, en cabeza de su presidenta Soraya Arias, y acompa\u00f1ada por el Alcalde de este Municipio, el Alcalde de Pasto y el Director de la C\u00e1mara de Comercio de Pasto, entreotros<br \/>\n\u201cLo primero que vamos a buscar, es como se transportan los 400.000 litros de leche que sacan los peque\u00f1os productores y que la \u00fanica forma es llevarlo al centro del pa\u00eds para que sea procesada, ya que las empresas que est\u00e1n en el sitio no cuentan con la capacidad resolutiva. Estamos viendo la forma de darle prioridad al transporte por la v\u00eda Mocoa \u2013 San Francisco y tambi\u00e9n ver la posibilidad por el Cauca por la v\u00eda Piedra Sentada \u2013 El Tambo, corredor en el cual iniciar\u00e1n proceso de mejoramiento\u201d, indic\u00f3 el Gobernador de Nari\u00f1o, Jhon Rojas.<\/p>\n<p style=\"text-align: justify;\">\u201cHacemos una solicitud al Gobierno Nacional, teniendo en cuenta que nosotros desde el paro del 2021 luchamos por unos precios justos en los insumos, el costo de producci\u00f3n de un litro de leche es quiz\u00e1s m\u00e1s de a lo que nos lo pagan que son $2.100, pero eso no lo han mirado, m\u00e1s bien cada d\u00eda nos incrementan, las sales y el concentrado tienen un precio elevado\u201d, se\u00f1al\u00f3 Mabel Villareal, Representante Asociaci\u00f3n L\u00e1cteos San Nicol\u00e1s.<br \/>\nDurante la reuni\u00f3n se insisti\u00f3 en la necesidad de reiterarle al Gobierno Nacional la solicitud de generaci\u00f3n de alivios para esta cadena productiva, como el subsidio al flete, adem\u00e1s de la claridad del subsidio al flete del combustible entre otros.<\/p>\n<p style=\"text-align: justify;\">\u201cSolicitamos que a trav\u00e9s del del memorado que se expidi\u00f3 el 23 de enero por parte de la Direcci\u00f3n de Hidrocarburos, del Ministerio de Minas y Energ\u00eda, se nos garantice, regule y dictamine una orientaci\u00f3n especifica para fijar el precio final del combustible, quien va a asumir el flete, cu\u00e1l va a ser el precio final al consumidor y de donde se va a sacar los recursos por parte del Ministerio para compensar a los propietarios de las estaciones de servicio este sobrecosto\u201d, manifest\u00f3 el Alcalde de T\u00faquerres, Juan Fernando L\u00f3pez.<\/p>\n<p style=\"text-align: justify;\">Desde la administraci\u00f3n departamental se contin\u00faa trabajando en conjunto con el Gobierno Nacional, los gremios y empresas privadas por ejecutar las estrategias de contenci\u00f3n de la emergencia para la comunidad nari\u00f1ense.<\/p>\n","protected":false},"excerpt":{"rendered":"<p>Gobernador de Nari\u00f1o, Jhon Rojas, sostuvo en el municipio de Guachucal di\u00e1logo con representantes del sector l\u00e1cteo, papero y panelero de Nari\u00f1o, con el objetivo de buscar soluciones prontas para los productores que se han visto afectados por la emergencia a causa del deslizamiento en la v\u00eda Panamericana. Esta reuni\u00f3n fue coordinada y programada por [&hellip;]<\/p>\n","protected":false},"author":1,"featured_media":64254,"comment_status":"open","ping_status":"open","sticky":false,"template":"","format":"standard","meta":{"footnotes":""},"categories":[53],"tags":[],"class_list":["post-64253","post","type-post","status-publish","format-standard","has-post-thumbnail","hentry","category-regiones"],"yoast_head":"<!-- This site is optimized with the Yoast SEO plugin v27.1.1 - https:\/\/yoast.com\/product\/yoast-seo-wordpress\/ -->\n<title>Gobierno Departamental busca estrategias para apoyar a sectores productivos golpeados por la emergencia | P\u00e1gina10<\/title>\n<meta name=\"robots\" content=\"index, follow, max-snippet:-1, max-image-preview:large, max-video-preview:-1\" \/>\n<link rel=\"canonical\" href=\"https:\/\/pagina10.com\/web\/gobierno-departamental-busca-estrategias-para-apoyar-a-sectores-productivos-golpeados-por-la-emergencia\/\" \/>\n<meta property=\"og:locale\" content=\"es_ES\" \/>\n<meta property=\"og:type\" content=\"article\" \/>\n<meta property=\"og:title\" content=\"Gobierno Departamental busca estrategias para apoyar a sectores productivos golpeados por la emergencia | P\u00e1gina10\" \/>\n<meta property=\"og:description\" content=\"Gobernador de Nari\u00f1o, Jhon Rojas, sostuvo en el municipio de Guachucal di\u00e1logo con representantes del sector l\u00e1cteo, papero y panelero de Nari\u00f1o, con el objetivo de buscar soluciones prontas para los productores que se han visto afectados por la emergencia a causa del deslizamiento en la v\u00eda Panamericana. Esta reuni\u00f3n fue coordinada y programada por [&hellip;]\" \/>\n<meta property=\"og:url\" content=\"https:\/\/pagina10.com\/web\/gobierno-departamental-busca-estrategias-para-apoyar-a-sectores-productivos-golpeados-por-la-emergencia\/\" \/>\n<meta property=\"og:site_name\" content=\"P\u00e1gina10\" \/>\n<meta property=\"article:publisher\" content=\"https:\/\/www.facebook.com\/pag10com\" \/>\n<meta property=\"article:published_time\" content=\"2023-01-27T02:59:25+00:00\" \/>\n<meta property=\"og:image\" content=\"https:\/\/pagina10.com\/web\/wp-content\/uploads\/2023\/01\/326172453_964641924920068_2926275226245914123_n.jpg\" \/>\n\t<meta property=\"og:image:width\" content=\"1616\" \/>\n\t<meta property=\"og:image:height\" content=\"1080\" \/>\n\t<meta property=\"og:image:type\" content=\"image\/jpeg\" \/>\n<meta name=\"author\" content=\"P\u00e1gina 10\" \/>\n<meta name=\"twitter:card\" content=\"summary_large_image\" \/>\n<meta name=\"twitter:creator\" content=\"@Pag10com\" \/>\n<meta name=\"twitter:site\" content=\"@Pag10com\" \/>\n<meta name=\"twitter:label1\" content=\"Escrito por\" \/>\n\t<meta name=\"twitter:data1\" content=\"P\u00e1gina 10\" \/>\n\t<meta name=\"twitter:label2\" content=\"Tiempo de lectura\" \/>\n\t<meta name=\"twitter:data2\" content=\"2 minutos\" \/>\n<script type=\"application\/ld+json\" class=\"yoast-schema-graph\">{\"@context\":\"https:\/\/schema.org\",\"@graph\":[{\"@type\":\"Article\",\"@id\":\"https:\/\/pagina10.com\/web\/gobierno-departamental-busca-estrategias-para-apoyar-a-sectores-productivos-golpeados-por-la-emergencia\/#article\",\"isPartOf\":{\"@id\":\"https:\/\/pagina10.com\/web\/gobierno-departamental-busca-estrategias-para-apoyar-a-sectores-productivos-golpeados-por-la-emergencia\/\"},\"author\":{\"name\":\"P\u00e1gina 10\",\"@id\":\"https:\/\/pagina10.com\/web\/#\/schema\/person\/2efc4a090d25b667d3bc796798a3a81b\"},\"headline\":\"Gobierno Departamental busca estrategias para apoyar a sectores productivos golpeados por la emergencia\",\"datePublished\":\"2023-01-27T02:59:25+00:00\",\"mainEntityOfPage\":{\"@id\":\"https:\/\/pagina10.com\/web\/gobierno-departamental-busca-estrategias-para-apoyar-a-sectores-productivos-golpeados-por-la-emergencia\/\"},\"wordCount\":475,\"commentCount\":0,\"publisher\":{\"@id\":\"https:\/\/pagina10.com\/web\/#organization\"},\"image\":{\"@id\":\"https:\/\/pagina10.com\/web\/gobierno-departamental-busca-estrategias-para-apoyar-a-sectores-productivos-golpeados-por-la-emergencia\/#primaryimage\"},\"thumbnailUrl\":\"https:\/\/pagina10.com\/web\/wp-content\/uploads\/2023\/01\/326172453_964641924920068_2926275226245914123_n.jpg\",\"articleSection\":[\"Regiones\"],\"inLanguage\":\"es\",\"potentialAction\":[{\"@type\":\"CommentAction\",\"name\":\"Comment\",\"target\":[\"https:\/\/pagina10.com\/web\/gobierno-departamental-busca-estrategias-para-apoyar-a-sectores-productivos-golpeados-por-la-emergencia\/#respond\"]}]},{\"@type\":\"WebPage\",\"@id\":\"https:\/\/pagina10.com\/web\/gobierno-departamental-busca-estrategias-para-apoyar-a-sectores-productivos-golpeados-por-la-emergencia\/\",\"url\":\"https:\/\/pagina10.com\/web\/gobierno-departamental-busca-estrategias-para-apoyar-a-sectores-productivos-golpeados-por-la-emergencia\/\",\"name\":\"Gobierno Departamental busca estrategias para apoyar a sectores productivos golpeados por la emergencia | P\u00e1gina10\",\"isPartOf\":{\"@id\":\"https:\/\/pagina10.com\/web\/#website\"},\"primaryImageOfPage\":{\"@id\":\"https:\/\/pagina10.com\/web\/gobierno-departamental-busca-estrategias-para-apoyar-a-sectores-productivos-golpeados-por-la-emergencia\/#primaryimage\"},\"image\":{\"@id\":\"https:\/\/pagina10.com\/web\/gobierno-departamental-busca-estrategias-para-apoyar-a-sectores-productivos-golpeados-por-la-emergencia\/#primaryimage\"},\"thumbnailUrl\":\"https:\/\/pagina10.com\/web\/wp-content\/uploads\/2023\/01\/326172453_964641924920068_2926275226245914123_n.jpg\",\"datePublished\":\"2023-01-27T02:59:25+00:00\",\"breadcrumb\":{\"@id\":\"https:\/\/pagina10.com\/web\/gobierno-departamental-busca-estrategias-para-apoyar-a-sectores-productivos-golpeados-por-la-emergencia\/#breadcrumb\"},\"inLanguage\":\"es\",\"potentialAction\":[{\"@type\":\"ReadAction\",\"target\":[\"https:\/\/pagina10.com\/web\/gobierno-departamental-busca-estrategias-para-apoyar-a-sectores-productivos-golpeados-por-la-emergencia\/\"]}]},{\"@type\":\"ImageObject\",\"inLanguage\":\"es\",\"@id\":\"https:\/\/pagina10.com\/web\/gobierno-departamental-busca-estrategias-para-apoyar-a-sectores-productivos-golpeados-por-la-emergencia\/#primaryimage\",\"url\":\"https:\/\/pagina10.com\/web\/wp-content\/uploads\/2023\/01\/326172453_964641924920068_2926275226245914123_n.jpg\",\"contentUrl\":\"https:\/\/pagina10.com\/web\/wp-content\/uploads\/2023\/01\/326172453_964641924920068_2926275226245914123_n.jpg\",\"width\":1616,\"height\":1080},{\"@type\":\"BreadcrumbList\",\"@id\":\"https:\/\/pagina10.com\/web\/gobierno-departamental-busca-estrategias-para-apoyar-a-sectores-productivos-golpeados-por-la-emergencia\/#breadcrumb\",\"itemListElement\":[{\"@type\":\"ListItem\",\"position\":1,\"name\":\"Portada\",\"item\":\"https:\/\/pagina10.com\/web\/\"},{\"@type\":\"ListItem\",\"position\":2,\"name\":\"Gobierno Departamental busca estrategias para apoyar a sectores productivos golpeados por la emergencia\"}]},{\"@type\":\"WebSite\",\"@id\":\"https:\/\/pagina10.com\/web\/#website\",\"url\":\"https:\/\/pagina10.com\/web\/\",\"name\":\"P\u00e1gina10\",\"description\":\"Peri\u00f3dico Regional\",\"publisher\":{\"@id\":\"https:\/\/pagina10.com\/web\/#organization\"},\"alternateName\":\"P\u00e1gina10 Peri\u00f3dico Regional\",\"potentialAction\":[{\"@type\":\"SearchAction\",\"target\":{\"@type\":\"EntryPoint\",\"urlTemplate\":\"https:\/\/pagina10.com\/web\/?s={search_term_string}\"},\"query-input\":{\"@type\":\"PropertyValueSpecification\",\"valueRequired\":true,\"valueName\":\"search_term_string\"}}],\"inLanguage\":\"es\"},{\"@type\":\"Organization\",\"@id\":\"https:\/\/pagina10.com\/web\/#organization\",\"name\":\"P\u00e1gina10\",\"alternateName\":\"P\u00e1gina10 Peri\u00f3dico Regional\",\"url\":\"https:\/\/pagina10.com\/web\/\",\"logo\":{\"@type\":\"ImageObject\",\"inLanguage\":\"es\",\"@id\":\"https:\/\/pagina10.com\/web\/#\/schema\/logo\/image\/\",\"url\":\"https:\/\/pagina10.com\/web\/wp-content\/uploads\/2024\/01\/40-pagina-10-periodico-regional-pasto.jpg\",\"contentUrl\":\"https:\/\/pagina10.com\/web\/wp-content\/uploads\/2024\/01\/40-pagina-10-periodico-regional-pasto.jpg\",\"width\":1280,\"height\":720,\"caption\":\"P\u00e1gina10\"},\"image\":{\"@id\":\"https:\/\/pagina10.com\/web\/#\/schema\/logo\/image\/\"},\"sameAs\":[\"https:\/\/www.facebook.com\/pag10com\",\"https:\/\/x.com\/Pag10com\",\"https:\/\/www.instagram.com\/pagina10col\/\",\"https:\/\/youtube.com\/channel\/pag10\",\"https:\/\/www.tiktok.com\/@p10col\"]},{\"@type\":\"Person\",\"@id\":\"https:\/\/pagina10.com\/web\/#\/schema\/person\/2efc4a090d25b667d3bc796798a3a81b\",\"name\":\"P\u00e1gina 10\",\"description\":\"P\u00e1gina 10 es un peri\u00f3dico regional que nace en Colombia, en el departamento de Nari\u00f1o, con un enfoque global, fundamentado en cuatro pilares esenciales: la libertad, el pluralismo, la inclusi\u00f3n y la independencia. P\u00e1gina 10 hace referencia a Nari\u00f1o como el d\u00e9cimo departamento creado en Colombia, despu\u00e9s de un proceso pol\u00edtico liderado por actores y actrices regionales con el fin de obtener la independencia y autonom\u00eda de nuestros territorios. Con la creaci\u00f3n de P\u00e1gina 10 se pretende abrir un escenario para el dialogo, la reflexi\u00f3n y el debate que se extienda a otras geograf\u00edas de Am\u00e9rica Latina y del planeta, en una apuesta por transformar colectivamente los desaf\u00edos de un mundo contempor\u00e1neo, m\u00e1s all\u00e1 de las fronteras impuestas.\",\"url\":\"https:\/\/pagina10.com\/web\/author\/pdiezadmin\/\"}]}<\/script>\n<!-- \/ Yoast SEO plugin. -->","yoast_head_json":{"title":"Gobierno Departamental busca estrategias para apoyar a sectores productivos golpeados por la emergencia | P\u00e1gina10","robots":{"index":"index","follow":"follow","max-snippet":"max-snippet:-1","max-image-preview":"max-image-preview:large","max-video-preview":"max-video-preview:-1"},"canonical":"https:\/\/pagina10.com\/web\/gobierno-departamental-busca-estrategias-para-apoyar-a-sectores-productivos-golpeados-por-la-emergencia\/","og_locale":"es_ES","og_type":"article","og_title":"Gobierno Departamental busca estrategias para apoyar a sectores productivos golpeados por la emergencia | P\u00e1gina10","og_description":"Gobernador de Nari\u00f1o, Jhon Rojas, sostuvo en el municipio de Guachucal di\u00e1logo con representantes del sector l\u00e1cteo, papero y panelero de Nari\u00f1o, con el objetivo de buscar soluciones prontas para los productores que se han visto afectados por la emergencia a causa del deslizamiento en la v\u00eda Panamericana. Esta reuni\u00f3n fue coordinada y programada por [&hellip;]","og_url":"https:\/\/pagina10.com\/web\/gobierno-departamental-busca-estrategias-para-apoyar-a-sectores-productivos-golpeados-por-la-emergencia\/","og_site_name":"P\u00e1gina10","article_publisher":"https:\/\/www.facebook.com\/pag10com","article_published_time":"2023-01-27T02:59:25+00:00","og_image":[{"width":1616,"height":1080,"url":"https:\/\/pagina10.com\/web\/wp-content\/uploads\/2023\/01\/326172453_964641924920068_2926275226245914123_n.jpg","type":"image\/jpeg"}],"author":"P\u00e1gina 10","twitter_card":"summary_large_image","twitter_creator":"@Pag10com","twitter_site":"@Pag10com","twitter_misc":{"Escrito por":"P\u00e1gina 10","Tiempo de lectura":"2 minutos"},"schema":{"@context":"https:\/\/schema.org","@graph":[{"@type":"Article","@id":"https:\/\/pagina10.com\/web\/gobierno-departamental-busca-estrategias-para-apoyar-a-sectores-productivos-golpeados-por-la-emergencia\/#article","isPartOf":{"@id":"https:\/\/pagina10.com\/web\/gobierno-departamental-busca-estrategias-para-apoyar-a-sectores-productivos-golpeados-por-la-emergencia\/"},"author":{"name":"P\u00e1gina 10","@id":"https:\/\/pagina10.com\/web\/#\/schema\/person\/2efc4a090d25b667d3bc796798a3a81b"},"headline":"Gobierno Departamental busca estrategias para apoyar a sectores productivos golpeados por la emergencia","datePublished":"2023-01-27T02:59:25+00:00","mainEntityOfPage":{"@id":"https:\/\/pagina10.com\/web\/gobierno-departamental-busca-estrategias-para-apoyar-a-sectores-productivos-golpeados-por-la-emergencia\/"},"wordCount":475,"commentCount":0,"publisher":{"@id":"https:\/\/pagina10.com\/web\/#organization"},"image":{"@id":"https:\/\/pagina10.com\/web\/gobierno-departamental-busca-estrategias-para-apoyar-a-sectores-productivos-golpeados-por-la-emergencia\/#primaryimage"},"thumbnailUrl":"https:\/\/pagina10.com\/web\/wp-content\/uploads\/2023\/01\/326172453_964641924920068_2926275226245914123_n.jpg","articleSection":["Regiones"],"inLanguage":"es","potentialAction":[{"@type":"CommentAction","name":"Comment","target":["https:\/\/pagina10.com\/web\/gobierno-departamental-busca-estrategias-para-apoyar-a-sectores-productivos-golpeados-por-la-emergencia\/#respond"]}]},{"@type":"WebPage","@id":"https:\/\/pagina10.com\/web\/gobierno-departamental-busca-estrategias-para-apoyar-a-sectores-productivos-golpeados-por-la-emergencia\/","url":"https:\/\/pagina10.com\/web\/gobierno-departamental-busca-estrategias-para-apoyar-a-sectores-productivos-golpeados-por-la-emergencia\/","name":"Gobierno Departamental busca estrategias para apoyar a sectores productivos golpeados por la emergencia | P\u00e1gina10","isPartOf":{"@id":"https:\/\/pagina10.com\/web\/#website"},"primaryImageOfPage":{"@id":"https:\/\/pagina10.com\/web\/gobierno-departamental-busca-estrategias-para-apoyar-a-sectores-productivos-golpeados-por-la-emergencia\/#primaryimage"},"image":{"@id":"https:\/\/pagina10.com\/web\/gobierno-departamental-busca-estrategias-para-apoyar-a-sectores-productivos-golpeados-por-la-emergencia\/#primaryimage"},"thumbnailUrl":"https:\/\/pagina10.com\/web\/wp-content\/uploads\/2023\/01\/326172453_964641924920068_2926275226245914123_n.jpg","datePublished":"2023-01-27T02:59:25+00:00","breadcrumb":{"@id":"https:\/\/pagina10.com\/web\/gobierno-departamental-busca-estrategias-para-apoyar-a-sectores-productivos-golpeados-por-la-emergencia\/#breadcrumb"},"inLanguage":"es","potentialAction":[{"@type":"ReadAction","target":["https:\/\/pagina10.com\/web\/gobierno-departamental-busca-estrategias-para-apoyar-a-sectores-productivos-golpeados-por-la-emergencia\/"]}]},{"@type":"ImageObject","inLanguage":"es","@id":"https:\/\/pagina10.com\/web\/gobierno-departamental-busca-estrategias-para-apoyar-a-sectores-productivos-golpeados-por-la-emergencia\/#primaryimage","url":"https:\/\/pagina10.com\/web\/wp-content\/uploads\/2023\/01\/326172453_964641924920068_2926275226245914123_n.jpg","contentUrl":"https:\/\/pagina10.com\/web\/wp-content\/uploads\/2023\/01\/326172453_964641924920068_2926275226245914123_n.jpg","width":1616,"height":1080},{"@type":"BreadcrumbList","@id":"https:\/\/pagina10.com\/web\/gobierno-departamental-busca-estrategias-para-apoyar-a-sectores-productivos-golpeados-por-la-emergencia\/#breadcrumb","itemListElement":[{"@type":"ListItem","position":1,"name":"Portada","item":"https:\/\/pagina10.com\/web\/"},{"@type":"ListItem","position":2,"name":"Gobierno Departamental busca estrategias para apoyar a sectores productivos golpeados por la emergencia"}]},{"@type":"WebSite","@id":"https:\/\/pagina10.com\/web\/#website","url":"https:\/\/pagina10.com\/web\/","name":"P\u00e1gina10","description":"Peri\u00f3dico Regional","publisher":{"@id":"https:\/\/pagina10.com\/web\/#organization"},"alternateName":"P\u00e1gina10 Peri\u00f3dico Regional","potentialAction":[{"@type":"SearchAction","target":{"@type":"EntryPoint","urlTemplate":"https:\/\/pagina10.com\/web\/?s={search_term_string}"},"query-input":{"@type":"PropertyValueSpecification","valueRequired":true,"valueName":"search_term_string"}}],"inLanguage":"es"},{"@type":"Organization","@id":"https:\/\/pagina10.com\/web\/#organization","name":"P\u00e1gina10","alternateName":"P\u00e1gina10 Peri\u00f3dico Regional","url":"https:\/\/pagina10.com\/web\/","logo":{"@type":"ImageObject","inLanguage":"es","@id":"https:\/\/pagina10.com\/web\/#\/schema\/logo\/image\/","url":"https:\/\/pagina10.com\/web\/wp-content\/uploads\/2024\/01\/40-pagina-10-periodico-regional-pasto.jpg","contentUrl":"https:\/\/pagina10.com\/web\/wp-content\/uploads\/2024\/01\/40-pagina-10-periodico-regional-pasto.jpg","width":1280,"height":720,"caption":"P\u00e1gina10"},"image":{"@id":"https:\/\/pagina10.com\/web\/#\/schema\/logo\/image\/"},"sameAs":["https:\/\/www.facebook.com\/pag10com","https:\/\/x.com\/Pag10com","https:\/\/www.instagram.com\/pagina10col\/","https:\/\/youtube.com\/channel\/pag10","https:\/\/www.tiktok.com\/@p10col"]},{"@type":"Person","@id":"https:\/\/pagina10.com\/web\/#\/schema\/person\/2efc4a090d25b667d3bc796798a3a81b","name":"P\u00e1gina 10","description":"P\u00e1gina 10 es un peri\u00f3dico regional que nace en Colombia, en el departamento de Nari\u00f1o, con un enfoque global, fundamentado en cuatro pilares esenciales: la libertad, el pluralismo, la inclusi\u00f3n y la independencia. P\u00e1gina 10 hace referencia a Nari\u00f1o como el d\u00e9cimo departamento creado en Colombia, despu\u00e9s de un proceso pol\u00edtico liderado por actores y actrices regionales con el fin de obtener la independencia y autonom\u00eda de nuestros territorios. Con la creaci\u00f3n de P\u00e1gina 10 se pretende abrir un escenario para el dialogo, la reflexi\u00f3n y el debate que se extienda a otras geograf\u00edas de Am\u00e9rica Latina y del planeta, en una apuesta por transformar colectivamente los desaf\u00edos de un mundo contempor\u00e1neo, m\u00e1s all\u00e1 de las fronteras impuestas.","url":"https:\/\/pagina10.com\/web\/author\/pdiezadmin\/"}]}},"_links":{"self":[{"href":"https:\/\/pagina10.com\/web\/wp-json\/wp\/v2\/posts\/64253","targetHints":{"allow":["GET"]}}],"collection":[{"href":"https:\/\/pagina10.com\/web\/wp-json\/wp\/v2\/posts"}],"about":[{"href":"https:\/\/pagina10.com\/web\/wp-json\/wp\/v2\/types\/post"}],"author":[{"embeddable":true,"href":"https:\/\/pagina10.com\/web\/wp-json\/wp\/v2\/users\/1"}],"replies":[{"embeddable":true,"href":"https:\/\/pagina10.com\/web\/wp-json\/wp\/v2\/comments?post=64253"}],"version-history":[{"count":1,"href":"https:\/\/pagina10.com\/web\/wp-json\/wp\/v2\/posts\/64253\/revisions"}],"predecessor-version":[{"id":64255,"href":"https:\/\/pagina10.com\/web\/wp-json\/wp\/v2\/posts\/64253\/revisions\/64255"}],"wp:featuredmedia":[{"embeddable":true,"href":"https:\/\/pagina10.com\/web\/wp-json\/wp\/v2\/media\/64254"}],"wp:attachment":[{"href":"https:\/\/pagina10.com\/web\/wp-json\/wp\/v2\/media?parent=64253"}],"wp:term":[{"taxonomy":"category","embeddable":true,"href":"https:\/\/pagina10.com\/web\/wp-json\/wp\/v2\/categories?post=64253"},{"taxonomy":"post_tag","embeddable":true,"href":"https:\/\/pagina10.com\/web\/wp-json\/wp\/v2\/tags?post=64253"}],"curies":[{"name":"wp","href":"https:\/\/api.w.org\/{rel}","templated":true}]}}