{"id":64262,"date":"2023-01-27T11:23:32","date_gmt":"2023-01-27T16:23:32","guid":{"rendered":"https:\/\/pagina10.com\/web\/?p=64262"},"modified":"2023-01-27T11:23:32","modified_gmt":"2023-01-27T16:23:32","slug":"nuevo-golpe-contra-la-mineria-ilegal-en-narino","status":"publish","type":"post","link":"https:\/\/pagina10.com\/web\/nuevo-golpe-contra-la-mineria-ilegal-en-narino\/","title":{"rendered":"Nuevo golpe contra la miner\u00eda ilegal en Nari\u00f1o"},"content":{"rendered":"<p style=\"text-align: justify;\">En una operaci\u00f3n conjunta entre su Fuerza A\u00e9rea Colombiana y el Ej\u00e9rcito Nacional, coordinada con la Polic\u00eda Nacional e interagencial con la Fiscal\u00eda General de la Naci\u00f3n, se propin\u00f3 un contundente golpe contra la extracci\u00f3n il\u00edcita de yacimientos mineros, en el departamento de Nari\u00f1o.<\/p>\n<p style=\"text-align: justify;\">En el desarrollo de la operaci\u00f3n se inutilizaron 8 excavadoras y 3 motores tipo cummins dedicados a la explotaci\u00f3n ilegal de oro en \u00e1rea rural de los municipios de Mag\u00fc\u00ed Pay\u00e1n y Roberto Pay\u00e1n; all\u00ed, fueron intervenidas 16 unidades de producci\u00f3n minera ilegal,\u00a0las cuales produc\u00edan mensualmente 9 kilogramos de oro aproximadamente, equivalentes a 2.430 millones de pesos.<\/p>\n<p style=\"text-align: justify;\">Este resultado contra los delitos ambientales, se logr\u00f3 gracias a la articulaci\u00f3n, coordinaci\u00f3n y planeaci\u00f3n de las capacidades de la Fuerza P\u00fablica, donde mediante misiones de inteligencia, vigilancia y reconocimiento a\u00e9reo y terrestre, se identificaron los lugares en los que se llevaba a cabo la actividad il\u00edcita.<\/p>\n<p style=\"text-align: justify;\">Desde el suroccidente del pa\u00eds su Fuerza A\u00e9rea Colombiana continuar\u00e1 trabajando articuladamente con la Fuerza P\u00fablica y dem\u00e1s entidades del estado para llevar a cabo estas operaciones que tienen la finalidad de recuperar las \u00e1reas naturales del pa\u00eds afectadas por el delito de la miner\u00eda ilegal.<\/p>\n","protected":false},"excerpt":{"rendered":"<p>En una operaci\u00f3n conjunta entre su Fuerza A\u00e9rea Colombiana y el Ej\u00e9rcito Nacional, coordinada con la Polic\u00eda Nacional e interagencial con la Fiscal\u00eda General de la Naci\u00f3n, se propin\u00f3 un contundente golpe contra la extracci\u00f3n il\u00edcita de yacimientos mineros, en el departamento de Nari\u00f1o. En el desarrollo de la operaci\u00f3n se inutilizaron 8 excavadoras y [&hellip;]<\/p>\n","protected":false},"author":1,"featured_media":64263,"comment_status":"open","ping_status":"open","sticky":false,"template":"","format":"standard","meta":{"footnotes":""},"categories":[13],"tags":[],"class_list":["post-64262","post","type-post","status-publish","format-standard","has-post-thumbnail","hentry","category-economia"],"yoast_head":"<!-- This site is optimized with the Yoast SEO plugin v27.1.1 - https:\/\/yoast.com\/product\/yoast-seo-wordpress\/ -->\n<title>Nuevo golpe contra la miner\u00eda ilegal en Nari\u00f1o | P\u00e1gina10<\/title>\n<meta name=\"robots\" content=\"index, follow, max-snippet:-1, max-image-preview:large, max-video-preview:-1\" \/>\n<link rel=\"canonical\" href=\"https:\/\/pagina10.com\/web\/nuevo-golpe-contra-la-mineria-ilegal-en-narino\/\" \/>\n<meta property=\"og:locale\" content=\"es_ES\" \/>\n<meta property=\"og:type\" content=\"article\" \/>\n<meta property=\"og:title\" content=\"Nuevo golpe contra la miner\u00eda ilegal en Nari\u00f1o | P\u00e1gina10\" \/>\n<meta property=\"og:description\" content=\"En una operaci\u00f3n conjunta entre su Fuerza A\u00e9rea Colombiana y el Ej\u00e9rcito Nacional, coordinada con la Polic\u00eda Nacional e interagencial con la Fiscal\u00eda General de la Naci\u00f3n, se propin\u00f3 un contundente golpe contra la extracci\u00f3n il\u00edcita de yacimientos mineros, en el departamento de Nari\u00f1o. En el desarrollo de la operaci\u00f3n se inutilizaron 8 excavadoras y [&hellip;]\" \/>\n<meta property=\"og:url\" content=\"https:\/\/pagina10.com\/web\/nuevo-golpe-contra-la-mineria-ilegal-en-narino\/\" \/>\n<meta property=\"og:site_name\" content=\"P\u00e1gina10\" \/>\n<meta property=\"article:publisher\" content=\"https:\/\/www.facebook.com\/pag10com\" \/>\n<meta property=\"article:published_time\" content=\"2023-01-27T16:23:32+00:00\" \/>\n<meta property=\"og:image\" content=\"https:\/\/pagina10.com\/web\/wp-content\/uploads\/2023\/01\/WhatsApp-Image-2023-01-27-at-9.03.57-AM.jpeg\" \/>\n\t<meta property=\"og:image:width\" content=\"824\" \/>\n\t<meta property=\"og:image:height\" content=\"616\" \/>\n\t<meta property=\"og:image:type\" content=\"image\/jpeg\" \/>\n<meta name=\"author\" content=\"P\u00e1gina 10\" \/>\n<meta name=\"twitter:card\" content=\"summary_large_image\" \/>\n<meta name=\"twitter:creator\" content=\"@Pag10com\" \/>\n<meta name=\"twitter:site\" content=\"@Pag10com\" \/>\n<meta name=\"twitter:label1\" content=\"Escrito por\" \/>\n\t<meta name=\"twitter:data1\" content=\"P\u00e1gina 10\" \/>\n\t<meta name=\"twitter:label2\" content=\"Tiempo de lectura\" \/>\n\t<meta name=\"twitter:data2\" content=\"1 minuto\" \/>\n<script type=\"application\/ld+json\" class=\"yoast-schema-graph\">{\"@context\":\"https:\/\/schema.org\",\"@graph\":[{\"@type\":\"Article\",\"@id\":\"https:\/\/pagina10.com\/web\/nuevo-golpe-contra-la-mineria-ilegal-en-narino\/#article\",\"isPartOf\":{\"@id\":\"https:\/\/pagina10.com\/web\/nuevo-golpe-contra-la-mineria-ilegal-en-narino\/\"},\"author\":{\"name\":\"P\u00e1gina 10\",\"@id\":\"https:\/\/pagina10.com\/web\/#\/schema\/person\/2efc4a090d25b667d3bc796798a3a81b\"},\"headline\":\"Nuevo golpe contra la miner\u00eda ilegal en Nari\u00f1o\",\"datePublished\":\"2023-01-27T16:23:32+00:00\",\"mainEntityOfPage\":{\"@id\":\"https:\/\/pagina10.com\/web\/nuevo-golpe-contra-la-mineria-ilegal-en-narino\/\"},\"wordCount\":227,\"commentCount\":0,\"publisher\":{\"@id\":\"https:\/\/pagina10.com\/web\/#organization\"},\"image\":{\"@id\":\"https:\/\/pagina10.com\/web\/nuevo-golpe-contra-la-mineria-ilegal-en-narino\/#primaryimage\"},\"thumbnailUrl\":\"https:\/\/pagina10.com\/web\/wp-content\/uploads\/2023\/01\/WhatsApp-Image-2023-01-27-at-9.03.57-AM.jpeg\",\"articleSection\":[\"Econom\u00eda\"],\"inLanguage\":\"es\",\"potentialAction\":[{\"@type\":\"CommentAction\",\"name\":\"Comment\",\"target\":[\"https:\/\/pagina10.com\/web\/nuevo-golpe-contra-la-mineria-ilegal-en-narino\/#respond\"]}]},{\"@type\":\"WebPage\",\"@id\":\"https:\/\/pagina10.com\/web\/nuevo-golpe-contra-la-mineria-ilegal-en-narino\/\",\"url\":\"https:\/\/pagina10.com\/web\/nuevo-golpe-contra-la-mineria-ilegal-en-narino\/\",\"name\":\"Nuevo golpe contra la miner\u00eda ilegal en Nari\u00f1o | P\u00e1gina10\",\"isPartOf\":{\"@id\":\"https:\/\/pagina10.com\/web\/#website\"},\"primaryImageOfPage\":{\"@id\":\"https:\/\/pagina10.com\/web\/nuevo-golpe-contra-la-mineria-ilegal-en-narino\/#primaryimage\"},\"image\":{\"@id\":\"https:\/\/pagina10.com\/web\/nuevo-golpe-contra-la-mineria-ilegal-en-narino\/#primaryimage\"},\"thumbnailUrl\":\"https:\/\/pagina10.com\/web\/wp-content\/uploads\/2023\/01\/WhatsApp-Image-2023-01-27-at-9.03.57-AM.jpeg\",\"datePublished\":\"2023-01-27T16:23:32+00:00\",\"breadcrumb\":{\"@id\":\"https:\/\/pagina10.com\/web\/nuevo-golpe-contra-la-mineria-ilegal-en-narino\/#breadcrumb\"},\"inLanguage\":\"es\",\"potentialAction\":[{\"@type\":\"ReadAction\",\"target\":[\"https:\/\/pagina10.com\/web\/nuevo-golpe-contra-la-mineria-ilegal-en-narino\/\"]}]},{\"@type\":\"ImageObject\",\"inLanguage\":\"es\",\"@id\":\"https:\/\/pagina10.com\/web\/nuevo-golpe-contra-la-mineria-ilegal-en-narino\/#primaryimage\",\"url\":\"https:\/\/pagina10.com\/web\/wp-content\/uploads\/2023\/01\/WhatsApp-Image-2023-01-27-at-9.03.57-AM.jpeg\",\"contentUrl\":\"https:\/\/pagina10.com\/web\/wp-content\/uploads\/2023\/01\/WhatsApp-Image-2023-01-27-at-9.03.57-AM.jpeg\",\"width\":824,\"height\":616},{\"@type\":\"BreadcrumbList\",\"@id\":\"https:\/\/pagina10.com\/web\/nuevo-golpe-contra-la-mineria-ilegal-en-narino\/#breadcrumb\",\"itemListElement\":[{\"@type\":\"ListItem\",\"position\":1,\"name\":\"Portada\",\"item\":\"https:\/\/pagina10.com\/web\/\"},{\"@type\":\"ListItem\",\"position\":2,\"name\":\"Nuevo golpe contra la miner\u00eda ilegal en Nari\u00f1o\"}]},{\"@type\":\"WebSite\",\"@id\":\"https:\/\/pagina10.com\/web\/#website\",\"url\":\"https:\/\/pagina10.com\/web\/\",\"name\":\"P\u00e1gina10\",\"description\":\"Peri\u00f3dico Regional\",\"publisher\":{\"@id\":\"https:\/\/pagina10.com\/web\/#organization\"},\"alternateName\":\"P\u00e1gina10 Peri\u00f3dico Regional\",\"potentialAction\":[{\"@type\":\"SearchAction\",\"target\":{\"@type\":\"EntryPoint\",\"urlTemplate\":\"https:\/\/pagina10.com\/web\/?s={search_term_string}\"},\"query-input\":{\"@type\":\"PropertyValueSpecification\",\"valueRequired\":true,\"valueName\":\"search_term_string\"}}],\"inLanguage\":\"es\"},{\"@type\":\"Organization\",\"@id\":\"https:\/\/pagina10.com\/web\/#organization\",\"name\":\"P\u00e1gina10\",\"alternateName\":\"P\u00e1gina10 Peri\u00f3dico Regional\",\"url\":\"https:\/\/pagina10.com\/web\/\",\"logo\":{\"@type\":\"ImageObject\",\"inLanguage\":\"es\",\"@id\":\"https:\/\/pagina10.com\/web\/#\/schema\/logo\/image\/\",\"url\":\"https:\/\/pagina10.com\/web\/wp-content\/uploads\/2024\/01\/40-pagina-10-periodico-regional-pasto.jpg\",\"contentUrl\":\"https:\/\/pagina10.com\/web\/wp-content\/uploads\/2024\/01\/40-pagina-10-periodico-regional-pasto.jpg\",\"width\":1280,\"height\":720,\"caption\":\"P\u00e1gina10\"},\"image\":{\"@id\":\"https:\/\/pagina10.com\/web\/#\/schema\/logo\/image\/\"},\"sameAs\":[\"https:\/\/www.facebook.com\/pag10com\",\"https:\/\/x.com\/Pag10com\",\"https:\/\/www.instagram.com\/pagina10col\/\",\"https:\/\/youtube.com\/channel\/pag10\",\"https:\/\/www.tiktok.com\/@p10col\"]},{\"@type\":\"Person\",\"@id\":\"https:\/\/pagina10.com\/web\/#\/schema\/person\/2efc4a090d25b667d3bc796798a3a81b\",\"name\":\"P\u00e1gina 10\",\"description\":\"P\u00e1gina 10 es un peri\u00f3dico regional que nace en Colombia, en el departamento de Nari\u00f1o, con un enfoque global, fundamentado en cuatro pilares esenciales: la libertad, el pluralismo, la inclusi\u00f3n y la independencia. P\u00e1gina 10 hace referencia a Nari\u00f1o como el d\u00e9cimo departamento creado en Colombia, despu\u00e9s de un proceso pol\u00edtico liderado por actores y actrices regionales con el fin de obtener la independencia y autonom\u00eda de nuestros territorios. Con la creaci\u00f3n de P\u00e1gina 10 se pretende abrir un escenario para el dialogo, la reflexi\u00f3n y el debate que se extienda a otras geograf\u00edas de Am\u00e9rica Latina y del planeta, en una apuesta por transformar colectivamente los desaf\u00edos de un mundo contempor\u00e1neo, m\u00e1s all\u00e1 de las fronteras impuestas.\",\"url\":\"https:\/\/pagina10.com\/web\/author\/pdiezadmin\/\"}]}<\/script>\n<!-- \/ Yoast SEO plugin. -->","yoast_head_json":{"title":"Nuevo golpe contra la miner\u00eda ilegal en Nari\u00f1o | P\u00e1gina10","robots":{"index":"index","follow":"follow","max-snippet":"max-snippet:-1","max-image-preview":"max-image-preview:large","max-video-preview":"max-video-preview:-1"},"canonical":"https:\/\/pagina10.com\/web\/nuevo-golpe-contra-la-mineria-ilegal-en-narino\/","og_locale":"es_ES","og_type":"article","og_title":"Nuevo golpe contra la miner\u00eda ilegal en Nari\u00f1o | P\u00e1gina10","og_description":"En una operaci\u00f3n conjunta entre su Fuerza A\u00e9rea Colombiana y el Ej\u00e9rcito Nacional, coordinada con la Polic\u00eda Nacional e interagencial con la Fiscal\u00eda General de la Naci\u00f3n, se propin\u00f3 un contundente golpe contra la extracci\u00f3n il\u00edcita de yacimientos mineros, en el departamento de Nari\u00f1o. En el desarrollo de la operaci\u00f3n se inutilizaron 8 excavadoras y [&hellip;]","og_url":"https:\/\/pagina10.com\/web\/nuevo-golpe-contra-la-mineria-ilegal-en-narino\/","og_site_name":"P\u00e1gina10","article_publisher":"https:\/\/www.facebook.com\/pag10com","article_published_time":"2023-01-27T16:23:32+00:00","og_image":[{"width":824,"height":616,"url":"https:\/\/pagina10.com\/web\/wp-content\/uploads\/2023\/01\/WhatsApp-Image-2023-01-27-at-9.03.57-AM.jpeg","type":"image\/jpeg"}],"author":"P\u00e1gina 10","twitter_card":"summary_large_image","twitter_creator":"@Pag10com","twitter_site":"@Pag10com","twitter_misc":{"Escrito por":"P\u00e1gina 10","Tiempo de lectura":"1 minuto"},"schema":{"@context":"https:\/\/schema.org","@graph":[{"@type":"Article","@id":"https:\/\/pagina10.com\/web\/nuevo-golpe-contra-la-mineria-ilegal-en-narino\/#article","isPartOf":{"@id":"https:\/\/pagina10.com\/web\/nuevo-golpe-contra-la-mineria-ilegal-en-narino\/"},"author":{"name":"P\u00e1gina 10","@id":"https:\/\/pagina10.com\/web\/#\/schema\/person\/2efc4a090d25b667d3bc796798a3a81b"},"headline":"Nuevo golpe contra la miner\u00eda ilegal en Nari\u00f1o","datePublished":"2023-01-27T16:23:32+00:00","mainEntityOfPage":{"@id":"https:\/\/pagina10.com\/web\/nuevo-golpe-contra-la-mineria-ilegal-en-narino\/"},"wordCount":227,"commentCount":0,"publisher":{"@id":"https:\/\/pagina10.com\/web\/#organization"},"image":{"@id":"https:\/\/pagina10.com\/web\/nuevo-golpe-contra-la-mineria-ilegal-en-narino\/#primaryimage"},"thumbnailUrl":"https:\/\/pagina10.com\/web\/wp-content\/uploads\/2023\/01\/WhatsApp-Image-2023-01-27-at-9.03.57-AM.jpeg","articleSection":["Econom\u00eda"],"inLanguage":"es","potentialAction":[{"@type":"CommentAction","name":"Comment","target":["https:\/\/pagina10.com\/web\/nuevo-golpe-contra-la-mineria-ilegal-en-narino\/#respond"]}]},{"@type":"WebPage","@id":"https:\/\/pagina10.com\/web\/nuevo-golpe-contra-la-mineria-ilegal-en-narino\/","url":"https:\/\/pagina10.com\/web\/nuevo-golpe-contra-la-mineria-ilegal-en-narino\/","name":"Nuevo golpe contra la miner\u00eda ilegal en Nari\u00f1o | P\u00e1gina10","isPartOf":{"@id":"https:\/\/pagina10.com\/web\/#website"},"primaryImageOfPage":{"@id":"https:\/\/pagina10.com\/web\/nuevo-golpe-contra-la-mineria-ilegal-en-narino\/#primaryimage"},"image":{"@id":"https:\/\/pagina10.com\/web\/nuevo-golpe-contra-la-mineria-ilegal-en-narino\/#primaryimage"},"thumbnailUrl":"https:\/\/pagina10.com\/web\/wp-content\/uploads\/2023\/01\/WhatsApp-Image-2023-01-27-at-9.03.57-AM.jpeg","datePublished":"2023-01-27T16:23:32+00:00","breadcrumb":{"@id":"https:\/\/pagina10.com\/web\/nuevo-golpe-contra-la-mineria-ilegal-en-narino\/#breadcrumb"},"inLanguage":"es","potentialAction":[{"@type":"ReadAction","target":["https:\/\/pagina10.com\/web\/nuevo-golpe-contra-la-mineria-ilegal-en-narino\/"]}]},{"@type":"ImageObject","inLanguage":"es","@id":"https:\/\/pagina10.com\/web\/nuevo-golpe-contra-la-mineria-ilegal-en-narino\/#primaryimage","url":"https:\/\/pagina10.com\/web\/wp-content\/uploads\/2023\/01\/WhatsApp-Image-2023-01-27-at-9.03.57-AM.jpeg","contentUrl":"https:\/\/pagina10.com\/web\/wp-content\/uploads\/2023\/01\/WhatsApp-Image-2023-01-27-at-9.03.57-AM.jpeg","width":824,"height":616},{"@type":"BreadcrumbList","@id":"https:\/\/pagina10.com\/web\/nuevo-golpe-contra-la-mineria-ilegal-en-narino\/#breadcrumb","itemListElement":[{"@type":"ListItem","position":1,"name":"Portada","item":"https:\/\/pagina10.com\/web\/"},{"@type":"ListItem","position":2,"name":"Nuevo golpe contra la miner\u00eda ilegal en Nari\u00f1o"}]},{"@type":"WebSite","@id":"https:\/\/pagina10.com\/web\/#website","url":"https:\/\/pagina10.com\/web\/","name":"P\u00e1gina10","description":"Peri\u00f3dico Regional","publisher":{"@id":"https:\/\/pagina10.com\/web\/#organization"},"alternateName":"P\u00e1gina10 Peri\u00f3dico Regional","potentialAction":[{"@type":"SearchAction","target":{"@type":"EntryPoint","urlTemplate":"https:\/\/pagina10.com\/web\/?s={search_term_string}"},"query-input":{"@type":"PropertyValueSpecification","valueRequired":true,"valueName":"search_term_string"}}],"inLanguage":"es"},{"@type":"Organization","@id":"https:\/\/pagina10.com\/web\/#organization","name":"P\u00e1gina10","alternateName":"P\u00e1gina10 Peri\u00f3dico Regional","url":"https:\/\/pagina10.com\/web\/","logo":{"@type":"ImageObject","inLanguage":"es","@id":"https:\/\/pagina10.com\/web\/#\/schema\/logo\/image\/","url":"https:\/\/pagina10.com\/web\/wp-content\/uploads\/2024\/01\/40-pagina-10-periodico-regional-pasto.jpg","contentUrl":"https:\/\/pagina10.com\/web\/wp-content\/uploads\/2024\/01\/40-pagina-10-periodico-regional-pasto.jpg","width":1280,"height":720,"caption":"P\u00e1gina10"},"image":{"@id":"https:\/\/pagina10.com\/web\/#\/schema\/logo\/image\/"},"sameAs":["https:\/\/www.facebook.com\/pag10com","https:\/\/x.com\/Pag10com","https:\/\/www.instagram.com\/pagina10col\/","https:\/\/youtube.com\/channel\/pag10","https:\/\/www.tiktok.com\/@p10col"]},{"@type":"Person","@id":"https:\/\/pagina10.com\/web\/#\/schema\/person\/2efc4a090d25b667d3bc796798a3a81b","name":"P\u00e1gina 10","description":"P\u00e1gina 10 es un peri\u00f3dico regional que nace en Colombia, en el departamento de Nari\u00f1o, con un enfoque global, fundamentado en cuatro pilares esenciales: la libertad, el pluralismo, la inclusi\u00f3n y la independencia. P\u00e1gina 10 hace referencia a Nari\u00f1o como el d\u00e9cimo departamento creado en Colombia, despu\u00e9s de un proceso pol\u00edtico liderado por actores y actrices regionales con el fin de obtener la independencia y autonom\u00eda de nuestros territorios. Con la creaci\u00f3n de P\u00e1gina 10 se pretende abrir un escenario para el dialogo, la reflexi\u00f3n y el debate que se extienda a otras geograf\u00edas de Am\u00e9rica Latina y del planeta, en una apuesta por transformar colectivamente los desaf\u00edos de un mundo contempor\u00e1neo, m\u00e1s all\u00e1 de las fronteras impuestas.","url":"https:\/\/pagina10.com\/web\/author\/pdiezadmin\/"}]}},"_links":{"self":[{"href":"https:\/\/pagina10.com\/web\/wp-json\/wp\/v2\/posts\/64262","targetHints":{"allow":["GET"]}}],"collection":[{"href":"https:\/\/pagina10.com\/web\/wp-json\/wp\/v2\/posts"}],"about":[{"href":"https:\/\/pagina10.com\/web\/wp-json\/wp\/v2\/types\/post"}],"author":[{"embeddable":true,"href":"https:\/\/pagina10.com\/web\/wp-json\/wp\/v2\/users\/1"}],"replies":[{"embeddable":true,"href":"https:\/\/pagina10.com\/web\/wp-json\/wp\/v2\/comments?post=64262"}],"version-history":[{"count":1,"href":"https:\/\/pagina10.com\/web\/wp-json\/wp\/v2\/posts\/64262\/revisions"}],"predecessor-version":[{"id":64264,"href":"https:\/\/pagina10.com\/web\/wp-json\/wp\/v2\/posts\/64262\/revisions\/64264"}],"wp:featuredmedia":[{"embeddable":true,"href":"https:\/\/pagina10.com\/web\/wp-json\/wp\/v2\/media\/64263"}],"wp:attachment":[{"href":"https:\/\/pagina10.com\/web\/wp-json\/wp\/v2\/media?parent=64262"}],"wp:term":[{"taxonomy":"category","embeddable":true,"href":"https:\/\/pagina10.com\/web\/wp-json\/wp\/v2\/categories?post=64262"},{"taxonomy":"post_tag","embeddable":true,"href":"https:\/\/pagina10.com\/web\/wp-json\/wp\/v2\/tags?post=64262"}],"curies":[{"name":"wp","href":"https:\/\/api.w.org\/{rel}","templated":true}]}}