{"id":64298,"date":"2023-01-30T22:20:41","date_gmt":"2023-01-31T03:20:41","guid":{"rendered":"https:\/\/pagina10.com\/web\/?p=64298"},"modified":"2023-01-30T22:20:41","modified_gmt":"2023-01-31T03:20:41","slug":"pastuso-juanjo-narvaez-jugara-en-el-leganes-de-espana","status":"publish","type":"post","link":"https:\/\/pagina10.com\/web\/pastuso-juanjo-narvaez-jugara-en-el-leganes-de-espana\/","title":{"rendered":"Pastuso \u2018Juanjo\u2019 Narv\u00e1ez jugar\u00e1 en el Legan\u00e9s de Espa\u00f1a"},"content":{"rendered":"<p style=\"text-align: justify;\">Tras su salida del Real Valladolid el delantero pastuso Juan Jos\u00e9 Narv\u00e1ez fue confirmado en las \u00faltimas horas como nuevo refuerzo del Legan\u00e9s, equipo de la segunda divisi\u00f3n del f\u00fatbol espa\u00f1ol. De esta manera, el club se convierte en el s\u00e9ptimo del cual ha hecho parte en ese pa\u00eds europeo.<\/p>\n<p style=\"text-align: justify;\">El futbolista se incorpora de inmediato a las \u00f3rdenes de Imanol Idiakez y ya podr\u00eda estar disponible para el pr\u00f3ximo encuentro de los pepineros, este s\u00e1bado a las 16:15 ante el Sporting de Gij\u00f3n.<\/p>\n<p style=\"text-align: justify;\">Juanjo Narv\u00e1ez debut\u00f3 como profesional en Deportivo Pasto, en 2011; luego se fue a Espa\u00f1a al Real Madrid juvenil y al Real Madrid Castilla, pasando al real Betis B, en d\u00f3nde jug\u00f3 en divisiones menores. Luego, entre Primera y Segunda Divisi\u00f3n pas\u00f3 por Real Betis, C\u00f3rdoba FC, Almer\u00eda, Las Palmas, Real Zaragoza, Valladolid y ahora llega al Legan\u00e9s.<\/p>\n","protected":false},"excerpt":{"rendered":"<p>Tras su salida del Real Valladolid el delantero pastuso Juan Jos\u00e9 Narv\u00e1ez fue confirmado en las \u00faltimas horas como nuevo refuerzo del Legan\u00e9s, equipo de la segunda divisi\u00f3n del f\u00fatbol espa\u00f1ol. De esta manera, el club se convierte en el s\u00e9ptimo del cual ha hecho parte en ese pa\u00eds europeo. El futbolista se incorpora de [&hellip;]<\/p>\n","protected":false},"author":1,"featured_media":64300,"comment_status":"open","ping_status":"open","sticky":false,"template":"","format":"standard","meta":{"footnotes":""},"categories":[86],"tags":[],"class_list":["post-64298","post","type-post","status-publish","format-standard","has-post-thumbnail","hentry","category-deportes-2"],"yoast_head":"<!-- This site is optimized with the Yoast SEO plugin v27.1.1 - https:\/\/yoast.com\/product\/yoast-seo-wordpress\/ -->\n<title>Pastuso \u2018Juanjo\u2019 Narv\u00e1ez jugar\u00e1 en el Legan\u00e9s de Espa\u00f1a | P\u00e1gina10<\/title>\n<meta name=\"robots\" content=\"index, follow, max-snippet:-1, max-image-preview:large, max-video-preview:-1\" \/>\n<link rel=\"canonical\" href=\"https:\/\/pagina10.com\/web\/pastuso-juanjo-narvaez-jugara-en-el-leganes-de-espana\/\" \/>\n<meta property=\"og:locale\" content=\"es_ES\" \/>\n<meta property=\"og:type\" content=\"article\" \/>\n<meta property=\"og:title\" content=\"Pastuso \u2018Juanjo\u2019 Narv\u00e1ez jugar\u00e1 en el Legan\u00e9s de Espa\u00f1a | P\u00e1gina10\" \/>\n<meta property=\"og:description\" content=\"Tras su salida del Real Valladolid el delantero pastuso Juan Jos\u00e9 Narv\u00e1ez fue confirmado en las \u00faltimas horas como nuevo refuerzo del Legan\u00e9s, equipo de la segunda divisi\u00f3n del f\u00fatbol espa\u00f1ol. De esta manera, el club se convierte en el s\u00e9ptimo del cual ha hecho parte en ese pa\u00eds europeo. El futbolista se incorpora de [&hellip;]\" \/>\n<meta property=\"og:url\" content=\"https:\/\/pagina10.com\/web\/pastuso-juanjo-narvaez-jugara-en-el-leganes-de-espana\/\" \/>\n<meta property=\"og:site_name\" content=\"P\u00e1gina10\" \/>\n<meta property=\"article:publisher\" content=\"https:\/\/www.facebook.com\/pag10com\" \/>\n<meta property=\"article:published_time\" content=\"2023-01-31T03:20:41+00:00\" \/>\n<meta property=\"og:image\" content=\"https:\/\/pagina10.com\/web\/wp-content\/uploads\/2023\/01\/327058141_738683157930187_3893756276747698495_n.jpg\" \/>\n\t<meta property=\"og:image:width\" content=\"1200\" \/>\n\t<meta property=\"og:image:height\" content=\"675\" \/>\n\t<meta property=\"og:image:type\" content=\"image\/jpeg\" \/>\n<meta name=\"author\" content=\"P\u00e1gina 10\" \/>\n<meta name=\"twitter:card\" content=\"summary_large_image\" \/>\n<meta name=\"twitter:creator\" content=\"@Pag10com\" \/>\n<meta name=\"twitter:site\" content=\"@Pag10com\" \/>\n<meta name=\"twitter:label1\" content=\"Escrito por\" \/>\n\t<meta name=\"twitter:data1\" content=\"P\u00e1gina 10\" \/>\n\t<meta name=\"twitter:label2\" content=\"Tiempo de lectura\" \/>\n\t<meta name=\"twitter:data2\" content=\"1 minuto\" \/>\n<script type=\"application\/ld+json\" class=\"yoast-schema-graph\">{\"@context\":\"https:\/\/schema.org\",\"@graph\":[{\"@type\":\"Article\",\"@id\":\"https:\/\/pagina10.com\/web\/pastuso-juanjo-narvaez-jugara-en-el-leganes-de-espana\/#article\",\"isPartOf\":{\"@id\":\"https:\/\/pagina10.com\/web\/pastuso-juanjo-narvaez-jugara-en-el-leganes-de-espana\/\"},\"author\":{\"name\":\"P\u00e1gina 10\",\"@id\":\"https:\/\/pagina10.com\/web\/#\/schema\/person\/2efc4a090d25b667d3bc796798a3a81b\"},\"headline\":\"Pastuso \u2018Juanjo\u2019 Narv\u00e1ez jugar\u00e1 en el Legan\u00e9s de Espa\u00f1a\",\"datePublished\":\"2023-01-31T03:20:41+00:00\",\"mainEntityOfPage\":{\"@id\":\"https:\/\/pagina10.com\/web\/pastuso-juanjo-narvaez-jugara-en-el-leganes-de-espana\/\"},\"wordCount\":170,\"commentCount\":0,\"publisher\":{\"@id\":\"https:\/\/pagina10.com\/web\/#organization\"},\"image\":{\"@id\":\"https:\/\/pagina10.com\/web\/pastuso-juanjo-narvaez-jugara-en-el-leganes-de-espana\/#primaryimage\"},\"thumbnailUrl\":\"https:\/\/pagina10.com\/web\/wp-content\/uploads\/2023\/01\/327058141_738683157930187_3893756276747698495_n.jpg\",\"articleSection\":[\"Deportes\"],\"inLanguage\":\"es\",\"potentialAction\":[{\"@type\":\"CommentAction\",\"name\":\"Comment\",\"target\":[\"https:\/\/pagina10.com\/web\/pastuso-juanjo-narvaez-jugara-en-el-leganes-de-espana\/#respond\"]}]},{\"@type\":\"WebPage\",\"@id\":\"https:\/\/pagina10.com\/web\/pastuso-juanjo-narvaez-jugara-en-el-leganes-de-espana\/\",\"url\":\"https:\/\/pagina10.com\/web\/pastuso-juanjo-narvaez-jugara-en-el-leganes-de-espana\/\",\"name\":\"Pastuso \u2018Juanjo\u2019 Narv\u00e1ez jugar\u00e1 en el Legan\u00e9s de Espa\u00f1a | P\u00e1gina10\",\"isPartOf\":{\"@id\":\"https:\/\/pagina10.com\/web\/#website\"},\"primaryImageOfPage\":{\"@id\":\"https:\/\/pagina10.com\/web\/pastuso-juanjo-narvaez-jugara-en-el-leganes-de-espana\/#primaryimage\"},\"image\":{\"@id\":\"https:\/\/pagina10.com\/web\/pastuso-juanjo-narvaez-jugara-en-el-leganes-de-espana\/#primaryimage\"},\"thumbnailUrl\":\"https:\/\/pagina10.com\/web\/wp-content\/uploads\/2023\/01\/327058141_738683157930187_3893756276747698495_n.jpg\",\"datePublished\":\"2023-01-31T03:20:41+00:00\",\"breadcrumb\":{\"@id\":\"https:\/\/pagina10.com\/web\/pastuso-juanjo-narvaez-jugara-en-el-leganes-de-espana\/#breadcrumb\"},\"inLanguage\":\"es\",\"potentialAction\":[{\"@type\":\"ReadAction\",\"target\":[\"https:\/\/pagina10.com\/web\/pastuso-juanjo-narvaez-jugara-en-el-leganes-de-espana\/\"]}]},{\"@type\":\"ImageObject\",\"inLanguage\":\"es\",\"@id\":\"https:\/\/pagina10.com\/web\/pastuso-juanjo-narvaez-jugara-en-el-leganes-de-espana\/#primaryimage\",\"url\":\"https:\/\/pagina10.com\/web\/wp-content\/uploads\/2023\/01\/327058141_738683157930187_3893756276747698495_n.jpg\",\"contentUrl\":\"https:\/\/pagina10.com\/web\/wp-content\/uploads\/2023\/01\/327058141_738683157930187_3893756276747698495_n.jpg\",\"width\":1200,\"height\":675},{\"@type\":\"BreadcrumbList\",\"@id\":\"https:\/\/pagina10.com\/web\/pastuso-juanjo-narvaez-jugara-en-el-leganes-de-espana\/#breadcrumb\",\"itemListElement\":[{\"@type\":\"ListItem\",\"position\":1,\"name\":\"Portada\",\"item\":\"https:\/\/pagina10.com\/web\/\"},{\"@type\":\"ListItem\",\"position\":2,\"name\":\"Pastuso \u2018Juanjo\u2019 Narv\u00e1ez jugar\u00e1 en el Legan\u00e9s de Espa\u00f1a\"}]},{\"@type\":\"WebSite\",\"@id\":\"https:\/\/pagina10.com\/web\/#website\",\"url\":\"https:\/\/pagina10.com\/web\/\",\"name\":\"P\u00e1gina10\",\"description\":\"Peri\u00f3dico Regional\",\"publisher\":{\"@id\":\"https:\/\/pagina10.com\/web\/#organization\"},\"alternateName\":\"P\u00e1gina10 Peri\u00f3dico Regional\",\"potentialAction\":[{\"@type\":\"SearchAction\",\"target\":{\"@type\":\"EntryPoint\",\"urlTemplate\":\"https:\/\/pagina10.com\/web\/?s={search_term_string}\"},\"query-input\":{\"@type\":\"PropertyValueSpecification\",\"valueRequired\":true,\"valueName\":\"search_term_string\"}}],\"inLanguage\":\"es\"},{\"@type\":\"Organization\",\"@id\":\"https:\/\/pagina10.com\/web\/#organization\",\"name\":\"P\u00e1gina10\",\"alternateName\":\"P\u00e1gina10 Peri\u00f3dico Regional\",\"url\":\"https:\/\/pagina10.com\/web\/\",\"logo\":{\"@type\":\"ImageObject\",\"inLanguage\":\"es\",\"@id\":\"https:\/\/pagina10.com\/web\/#\/schema\/logo\/image\/\",\"url\":\"https:\/\/pagina10.com\/web\/wp-content\/uploads\/2024\/01\/40-pagina-10-periodico-regional-pasto.jpg\",\"contentUrl\":\"https:\/\/pagina10.com\/web\/wp-content\/uploads\/2024\/01\/40-pagina-10-periodico-regional-pasto.jpg\",\"width\":1280,\"height\":720,\"caption\":\"P\u00e1gina10\"},\"image\":{\"@id\":\"https:\/\/pagina10.com\/web\/#\/schema\/logo\/image\/\"},\"sameAs\":[\"https:\/\/www.facebook.com\/pag10com\",\"https:\/\/x.com\/Pag10com\",\"https:\/\/www.instagram.com\/pagina10col\/\",\"https:\/\/youtube.com\/channel\/pag10\",\"https:\/\/www.tiktok.com\/@p10col\"]},{\"@type\":\"Person\",\"@id\":\"https:\/\/pagina10.com\/web\/#\/schema\/person\/2efc4a090d25b667d3bc796798a3a81b\",\"name\":\"P\u00e1gina 10\",\"description\":\"P\u00e1gina 10 es un peri\u00f3dico regional que nace en Colombia, en el departamento de Nari\u00f1o, con un enfoque global, fundamentado en cuatro pilares esenciales: la libertad, el pluralismo, la inclusi\u00f3n y la independencia. P\u00e1gina 10 hace referencia a Nari\u00f1o como el d\u00e9cimo departamento creado en Colombia, despu\u00e9s de un proceso pol\u00edtico liderado por actores y actrices regionales con el fin de obtener la independencia y autonom\u00eda de nuestros territorios. Con la creaci\u00f3n de P\u00e1gina 10 se pretende abrir un escenario para el dialogo, la reflexi\u00f3n y el debate que se extienda a otras geograf\u00edas de Am\u00e9rica Latina y del planeta, en una apuesta por transformar colectivamente los desaf\u00edos de un mundo contempor\u00e1neo, m\u00e1s all\u00e1 de las fronteras impuestas.\",\"url\":\"https:\/\/pagina10.com\/web\/author\/pdiezadmin\/\"}]}<\/script>\n<!-- \/ Yoast SEO plugin. -->","yoast_head_json":{"title":"Pastuso \u2018Juanjo\u2019 Narv\u00e1ez jugar\u00e1 en el Legan\u00e9s de Espa\u00f1a | P\u00e1gina10","robots":{"index":"index","follow":"follow","max-snippet":"max-snippet:-1","max-image-preview":"max-image-preview:large","max-video-preview":"max-video-preview:-1"},"canonical":"https:\/\/pagina10.com\/web\/pastuso-juanjo-narvaez-jugara-en-el-leganes-de-espana\/","og_locale":"es_ES","og_type":"article","og_title":"Pastuso \u2018Juanjo\u2019 Narv\u00e1ez jugar\u00e1 en el Legan\u00e9s de Espa\u00f1a | P\u00e1gina10","og_description":"Tras su salida del Real Valladolid el delantero pastuso Juan Jos\u00e9 Narv\u00e1ez fue confirmado en las \u00faltimas horas como nuevo refuerzo del Legan\u00e9s, equipo de la segunda divisi\u00f3n del f\u00fatbol espa\u00f1ol. De esta manera, el club se convierte en el s\u00e9ptimo del cual ha hecho parte en ese pa\u00eds europeo. El futbolista se incorpora de [&hellip;]","og_url":"https:\/\/pagina10.com\/web\/pastuso-juanjo-narvaez-jugara-en-el-leganes-de-espana\/","og_site_name":"P\u00e1gina10","article_publisher":"https:\/\/www.facebook.com\/pag10com","article_published_time":"2023-01-31T03:20:41+00:00","og_image":[{"width":1200,"height":675,"url":"https:\/\/pagina10.com\/web\/wp-content\/uploads\/2023\/01\/327058141_738683157930187_3893756276747698495_n.jpg","type":"image\/jpeg"}],"author":"P\u00e1gina 10","twitter_card":"summary_large_image","twitter_creator":"@Pag10com","twitter_site":"@Pag10com","twitter_misc":{"Escrito por":"P\u00e1gina 10","Tiempo de lectura":"1 minuto"},"schema":{"@context":"https:\/\/schema.org","@graph":[{"@type":"Article","@id":"https:\/\/pagina10.com\/web\/pastuso-juanjo-narvaez-jugara-en-el-leganes-de-espana\/#article","isPartOf":{"@id":"https:\/\/pagina10.com\/web\/pastuso-juanjo-narvaez-jugara-en-el-leganes-de-espana\/"},"author":{"name":"P\u00e1gina 10","@id":"https:\/\/pagina10.com\/web\/#\/schema\/person\/2efc4a090d25b667d3bc796798a3a81b"},"headline":"Pastuso \u2018Juanjo\u2019 Narv\u00e1ez jugar\u00e1 en el Legan\u00e9s de Espa\u00f1a","datePublished":"2023-01-31T03:20:41+00:00","mainEntityOfPage":{"@id":"https:\/\/pagina10.com\/web\/pastuso-juanjo-narvaez-jugara-en-el-leganes-de-espana\/"},"wordCount":170,"commentCount":0,"publisher":{"@id":"https:\/\/pagina10.com\/web\/#organization"},"image":{"@id":"https:\/\/pagina10.com\/web\/pastuso-juanjo-narvaez-jugara-en-el-leganes-de-espana\/#primaryimage"},"thumbnailUrl":"https:\/\/pagina10.com\/web\/wp-content\/uploads\/2023\/01\/327058141_738683157930187_3893756276747698495_n.jpg","articleSection":["Deportes"],"inLanguage":"es","potentialAction":[{"@type":"CommentAction","name":"Comment","target":["https:\/\/pagina10.com\/web\/pastuso-juanjo-narvaez-jugara-en-el-leganes-de-espana\/#respond"]}]},{"@type":"WebPage","@id":"https:\/\/pagina10.com\/web\/pastuso-juanjo-narvaez-jugara-en-el-leganes-de-espana\/","url":"https:\/\/pagina10.com\/web\/pastuso-juanjo-narvaez-jugara-en-el-leganes-de-espana\/","name":"Pastuso \u2018Juanjo\u2019 Narv\u00e1ez jugar\u00e1 en el Legan\u00e9s de Espa\u00f1a | P\u00e1gina10","isPartOf":{"@id":"https:\/\/pagina10.com\/web\/#website"},"primaryImageOfPage":{"@id":"https:\/\/pagina10.com\/web\/pastuso-juanjo-narvaez-jugara-en-el-leganes-de-espana\/#primaryimage"},"image":{"@id":"https:\/\/pagina10.com\/web\/pastuso-juanjo-narvaez-jugara-en-el-leganes-de-espana\/#primaryimage"},"thumbnailUrl":"https:\/\/pagina10.com\/web\/wp-content\/uploads\/2023\/01\/327058141_738683157930187_3893756276747698495_n.jpg","datePublished":"2023-01-31T03:20:41+00:00","breadcrumb":{"@id":"https:\/\/pagina10.com\/web\/pastuso-juanjo-narvaez-jugara-en-el-leganes-de-espana\/#breadcrumb"},"inLanguage":"es","potentialAction":[{"@type":"ReadAction","target":["https:\/\/pagina10.com\/web\/pastuso-juanjo-narvaez-jugara-en-el-leganes-de-espana\/"]}]},{"@type":"ImageObject","inLanguage":"es","@id":"https:\/\/pagina10.com\/web\/pastuso-juanjo-narvaez-jugara-en-el-leganes-de-espana\/#primaryimage","url":"https:\/\/pagina10.com\/web\/wp-content\/uploads\/2023\/01\/327058141_738683157930187_3893756276747698495_n.jpg","contentUrl":"https:\/\/pagina10.com\/web\/wp-content\/uploads\/2023\/01\/327058141_738683157930187_3893756276747698495_n.jpg","width":1200,"height":675},{"@type":"BreadcrumbList","@id":"https:\/\/pagina10.com\/web\/pastuso-juanjo-narvaez-jugara-en-el-leganes-de-espana\/#breadcrumb","itemListElement":[{"@type":"ListItem","position":1,"name":"Portada","item":"https:\/\/pagina10.com\/web\/"},{"@type":"ListItem","position":2,"name":"Pastuso \u2018Juanjo\u2019 Narv\u00e1ez jugar\u00e1 en el Legan\u00e9s de Espa\u00f1a"}]},{"@type":"WebSite","@id":"https:\/\/pagina10.com\/web\/#website","url":"https:\/\/pagina10.com\/web\/","name":"P\u00e1gina10","description":"Peri\u00f3dico Regional","publisher":{"@id":"https:\/\/pagina10.com\/web\/#organization"},"alternateName":"P\u00e1gina10 Peri\u00f3dico Regional","potentialAction":[{"@type":"SearchAction","target":{"@type":"EntryPoint","urlTemplate":"https:\/\/pagina10.com\/web\/?s={search_term_string}"},"query-input":{"@type":"PropertyValueSpecification","valueRequired":true,"valueName":"search_term_string"}}],"inLanguage":"es"},{"@type":"Organization","@id":"https:\/\/pagina10.com\/web\/#organization","name":"P\u00e1gina10","alternateName":"P\u00e1gina10 Peri\u00f3dico Regional","url":"https:\/\/pagina10.com\/web\/","logo":{"@type":"ImageObject","inLanguage":"es","@id":"https:\/\/pagina10.com\/web\/#\/schema\/logo\/image\/","url":"https:\/\/pagina10.com\/web\/wp-content\/uploads\/2024\/01\/40-pagina-10-periodico-regional-pasto.jpg","contentUrl":"https:\/\/pagina10.com\/web\/wp-content\/uploads\/2024\/01\/40-pagina-10-periodico-regional-pasto.jpg","width":1280,"height":720,"caption":"P\u00e1gina10"},"image":{"@id":"https:\/\/pagina10.com\/web\/#\/schema\/logo\/image\/"},"sameAs":["https:\/\/www.facebook.com\/pag10com","https:\/\/x.com\/Pag10com","https:\/\/www.instagram.com\/pagina10col\/","https:\/\/youtube.com\/channel\/pag10","https:\/\/www.tiktok.com\/@p10col"]},{"@type":"Person","@id":"https:\/\/pagina10.com\/web\/#\/schema\/person\/2efc4a090d25b667d3bc796798a3a81b","name":"P\u00e1gina 10","description":"P\u00e1gina 10 es un peri\u00f3dico regional que nace en Colombia, en el departamento de Nari\u00f1o, con un enfoque global, fundamentado en cuatro pilares esenciales: la libertad, el pluralismo, la inclusi\u00f3n y la independencia. P\u00e1gina 10 hace referencia a Nari\u00f1o como el d\u00e9cimo departamento creado en Colombia, despu\u00e9s de un proceso pol\u00edtico liderado por actores y actrices regionales con el fin de obtener la independencia y autonom\u00eda de nuestros territorios. Con la creaci\u00f3n de P\u00e1gina 10 se pretende abrir un escenario para el dialogo, la reflexi\u00f3n y el debate que se extienda a otras geograf\u00edas de Am\u00e9rica Latina y del planeta, en una apuesta por transformar colectivamente los desaf\u00edos de un mundo contempor\u00e1neo, m\u00e1s all\u00e1 de las fronteras impuestas.","url":"https:\/\/pagina10.com\/web\/author\/pdiezadmin\/"}]}},"_links":{"self":[{"href":"https:\/\/pagina10.com\/web\/wp-json\/wp\/v2\/posts\/64298","targetHints":{"allow":["GET"]}}],"collection":[{"href":"https:\/\/pagina10.com\/web\/wp-json\/wp\/v2\/posts"}],"about":[{"href":"https:\/\/pagina10.com\/web\/wp-json\/wp\/v2\/types\/post"}],"author":[{"embeddable":true,"href":"https:\/\/pagina10.com\/web\/wp-json\/wp\/v2\/users\/1"}],"replies":[{"embeddable":true,"href":"https:\/\/pagina10.com\/web\/wp-json\/wp\/v2\/comments?post=64298"}],"version-history":[{"count":1,"href":"https:\/\/pagina10.com\/web\/wp-json\/wp\/v2\/posts\/64298\/revisions"}],"predecessor-version":[{"id":64301,"href":"https:\/\/pagina10.com\/web\/wp-json\/wp\/v2\/posts\/64298\/revisions\/64301"}],"wp:featuredmedia":[{"embeddable":true,"href":"https:\/\/pagina10.com\/web\/wp-json\/wp\/v2\/media\/64300"}],"wp:attachment":[{"href":"https:\/\/pagina10.com\/web\/wp-json\/wp\/v2\/media?parent=64298"}],"wp:term":[{"taxonomy":"category","embeddable":true,"href":"https:\/\/pagina10.com\/web\/wp-json\/wp\/v2\/categories?post=64298"},{"taxonomy":"post_tag","embeddable":true,"href":"https:\/\/pagina10.com\/web\/wp-json\/wp\/v2\/tags?post=64298"}],"curies":[{"name":"wp","href":"https:\/\/api.w.org\/{rel}","templated":true}]}}