{"id":64305,"date":"2023-01-31T11:22:04","date_gmt":"2023-01-31T16:22:04","guid":{"rendered":"https:\/\/pagina10.com\/web\/?p=64305"},"modified":"2023-01-31T18:26:21","modified_gmt":"2023-01-31T23:26:21","slug":"central-unitaria-de-trabajadores-de-narino-se-unira-a-marcha-nacional-en-favor-del-gobierno-petro","status":"publish","type":"post","link":"https:\/\/pagina10.com\/web\/central-unitaria-de-trabajadores-de-narino-se-unira-a-marcha-nacional-en-favor-del-gobierno-petro\/","title":{"rendered":"Central unitaria de trabajadores de Nari\u00f1o se unir\u00e1 a marcha nacional en favor del gobierno Petro"},"content":{"rendered":"<p style=\"text-align: justify;\">Ante los anuncios del presidente Gustavo Petro de llamar a la ciudadan\u00eda a que respalde las reformas sociales de la salud, laboral y pensional, la Central Unitaria de Trabajadores de Nari\u00f1o confirm\u00f3 su participaci\u00f3n en la gran movilizaci\u00f3n nacional programada para el pr\u00f3ximo 14 de febrero.<\/p>\n<p style=\"text-align: justify;\">Seg\u00fan Henry Santacruz, presidente de la CUT en el departamento, la reforma de salud est\u00e1 encaminada a eliminar la intermediaci\u00f3n financiera, es decir, las EPS; eliminar la intermediaci\u00f3n laboral; fortalecer la red p\u00fablica hospitalaria y la atenci\u00f3n primaria en salud.<\/p>\n<p style=\"text-align: justify;\">A\u00f1adi\u00f3 que en las sesiones ordinarias del 16 de marzo, la Ministra de Trabajo ha anunciado la presentaci\u00f3n de las reformas laboral y pensional. \u201cLa laboral debe atender los reiterados reclamos de los trabajadores de que la contrataci\u00f3n laboral se haga seg\u00fan la normatividad del trabajo decente de la OIT\u201d, dijo.<\/p>\n<p style=\"text-align: justify;\">As\u00ed mismo, se\u00f1al\u00f3 que la reforma pensional \u201clo ha reiterado el mismo presidente estar\u00eda asegurando un ingreso solidario como una renta b\u00e1sica para la vejez de medio salario m\u00ednimo y el fortalecimiento de Colpensiones para atender mayoritariamente a los trabajadores en el r\u00e9gimen de prima media, debilitando a los fondos privados\u201d.<\/p>\n<p style=\"text-align: justify;\">Santacruz precis\u00f3 que el gobierno de Gustavo Petro \u201crecoge m\u00faltiples de las reivindicaciones que desde la CUT hemos demandado y contenidas en la agenda laboral que le presentamos al gobierno del cambio y por tal ser\u00eda un paso adelante en los derechos de los trabajadores y la mayor\u00eda ciudadana del pa\u00eds\u201d.<\/p>\n<p style=\"text-align: justify;\">Y adem\u00e1s sostuvo que \u201cel gran empresariado, los mega ricos y los pol\u00edticos neoliberales, vienen oponi\u00e9ndose a dichas reformas y actualmente desarrollan una gran campa\u00f1a en los medios de comunicaci\u00f3n y ante los congresistas para ver como las hunden o las vuelven inocuas\u201d.<\/p>\n<p style=\"text-align: justify;\">Por lo tanto, se\u00f1al\u00f3 la necesidad de recurrir a la movilizaci\u00f3n social, virtual y en la calle, \u201cpara remover estos escollos del neoliberalismo y fortalecer al gobierno para que puedan ser aprobadas\u201d.<\/p>\n","protected":false},"excerpt":{"rendered":"<p>Ante los anuncios del presidente Gustavo Petro de llamar a la ciudadan\u00eda a que respalde las reformas sociales de la salud, laboral y pensional, la Central Unitaria de Trabajadores de Nari\u00f1o confirm\u00f3 su participaci\u00f3n en la gran movilizaci\u00f3n nacional programada para el pr\u00f3ximo 14 de febrero. Seg\u00fan Henry Santacruz, presidente de la CUT en el [&hellip;]<\/p>\n","protected":false},"author":1,"featured_media":64306,"comment_status":"open","ping_status":"open","sticky":false,"template":"","format":"standard","meta":{"footnotes":""},"categories":[84],"tags":[],"class_list":["post-64305","post","type-post","status-publish","format-standard","has-post-thumbnail","hentry","category-global-2"],"yoast_head":"<!-- This site is optimized with the Yoast SEO plugin v27.1.1 - https:\/\/yoast.com\/product\/yoast-seo-wordpress\/ -->\n<title>Central unitaria de trabajadores de Nari\u00f1o se unir\u00e1 a marcha nacional en favor del gobierno Petro | P\u00e1gina10<\/title>\n<meta name=\"robots\" content=\"index, follow, max-snippet:-1, max-image-preview:large, max-video-preview:-1\" \/>\n<link rel=\"canonical\" href=\"https:\/\/pagina10.com\/web\/central-unitaria-de-trabajadores-de-narino-se-unira-a-marcha-nacional-en-favor-del-gobierno-petro\/\" \/>\n<meta property=\"og:locale\" content=\"es_ES\" \/>\n<meta property=\"og:type\" content=\"article\" \/>\n<meta property=\"og:title\" content=\"Central unitaria de trabajadores de Nari\u00f1o se unir\u00e1 a marcha nacional en favor del gobierno Petro | P\u00e1gina10\" \/>\n<meta property=\"og:description\" content=\"Ante los anuncios del presidente Gustavo Petro de llamar a la ciudadan\u00eda a que respalde las reformas sociales de la salud, laboral y pensional, la Central Unitaria de Trabajadores de Nari\u00f1o confirm\u00f3 su participaci\u00f3n en la gran movilizaci\u00f3n nacional programada para el pr\u00f3ximo 14 de febrero. Seg\u00fan Henry Santacruz, presidente de la CUT en el [&hellip;]\" \/>\n<meta property=\"og:url\" content=\"https:\/\/pagina10.com\/web\/central-unitaria-de-trabajadores-de-narino-se-unira-a-marcha-nacional-en-favor-del-gobierno-petro\/\" \/>\n<meta property=\"og:site_name\" content=\"P\u00e1gina10\" \/>\n<meta property=\"article:publisher\" content=\"https:\/\/www.facebook.com\/pag10com\" \/>\n<meta property=\"article:published_time\" content=\"2023-01-31T16:22:04+00:00\" \/>\n<meta property=\"article:modified_time\" content=\"2023-01-31T23:26:21+00:00\" \/>\n<meta property=\"og:image\" content=\"https:\/\/pagina10.com\/web\/wp-content\/uploads\/2023\/01\/6374011943584.jpeg\" \/>\n\t<meta property=\"og:image:width\" content=\"1600\" \/>\n\t<meta property=\"og:image:height\" content=\"1066\" \/>\n\t<meta property=\"og:image:type\" content=\"image\/jpeg\" \/>\n<meta name=\"author\" content=\"P\u00e1gina 10\" \/>\n<meta name=\"twitter:card\" content=\"summary_large_image\" \/>\n<meta name=\"twitter:creator\" content=\"@Pag10com\" \/>\n<meta name=\"twitter:site\" content=\"@Pag10com\" \/>\n<meta name=\"twitter:label1\" content=\"Escrito por\" \/>\n\t<meta name=\"twitter:data1\" content=\"P\u00e1gina 10\" \/>\n\t<meta name=\"twitter:label2\" content=\"Tiempo de lectura\" \/>\n\t<meta name=\"twitter:data2\" content=\"2 minutos\" \/>\n<script type=\"application\/ld+json\" class=\"yoast-schema-graph\">{\"@context\":\"https:\/\/schema.org\",\"@graph\":[{\"@type\":\"Article\",\"@id\":\"https:\/\/pagina10.com\/web\/central-unitaria-de-trabajadores-de-narino-se-unira-a-marcha-nacional-en-favor-del-gobierno-petro\/#article\",\"isPartOf\":{\"@id\":\"https:\/\/pagina10.com\/web\/central-unitaria-de-trabajadores-de-narino-se-unira-a-marcha-nacional-en-favor-del-gobierno-petro\/\"},\"author\":{\"name\":\"P\u00e1gina 10\",\"@id\":\"https:\/\/pagina10.com\/web\/#\/schema\/person\/2efc4a090d25b667d3bc796798a3a81b\"},\"headline\":\"Central unitaria de trabajadores de Nari\u00f1o se unir\u00e1 a marcha nacional en favor del gobierno Petro\",\"datePublished\":\"2023-01-31T16:22:04+00:00\",\"dateModified\":\"2023-01-31T23:26:21+00:00\",\"mainEntityOfPage\":{\"@id\":\"https:\/\/pagina10.com\/web\/central-unitaria-de-trabajadores-de-narino-se-unira-a-marcha-nacional-en-favor-del-gobierno-petro\/\"},\"wordCount\":359,\"commentCount\":0,\"publisher\":{\"@id\":\"https:\/\/pagina10.com\/web\/#organization\"},\"image\":{\"@id\":\"https:\/\/pagina10.com\/web\/central-unitaria-de-trabajadores-de-narino-se-unira-a-marcha-nacional-en-favor-del-gobierno-petro\/#primaryimage\"},\"thumbnailUrl\":\"https:\/\/pagina10.com\/web\/wp-content\/uploads\/2023\/01\/6374011943584.jpeg\",\"articleSection\":[\"Global\"],\"inLanguage\":\"es\",\"potentialAction\":[{\"@type\":\"CommentAction\",\"name\":\"Comment\",\"target\":[\"https:\/\/pagina10.com\/web\/central-unitaria-de-trabajadores-de-narino-se-unira-a-marcha-nacional-en-favor-del-gobierno-petro\/#respond\"]}]},{\"@type\":\"WebPage\",\"@id\":\"https:\/\/pagina10.com\/web\/central-unitaria-de-trabajadores-de-narino-se-unira-a-marcha-nacional-en-favor-del-gobierno-petro\/\",\"url\":\"https:\/\/pagina10.com\/web\/central-unitaria-de-trabajadores-de-narino-se-unira-a-marcha-nacional-en-favor-del-gobierno-petro\/\",\"name\":\"Central unitaria de trabajadores de Nari\u00f1o se unir\u00e1 a marcha nacional en favor del gobierno Petro | P\u00e1gina10\",\"isPartOf\":{\"@id\":\"https:\/\/pagina10.com\/web\/#website\"},\"primaryImageOfPage\":{\"@id\":\"https:\/\/pagina10.com\/web\/central-unitaria-de-trabajadores-de-narino-se-unira-a-marcha-nacional-en-favor-del-gobierno-petro\/#primaryimage\"},\"image\":{\"@id\":\"https:\/\/pagina10.com\/web\/central-unitaria-de-trabajadores-de-narino-se-unira-a-marcha-nacional-en-favor-del-gobierno-petro\/#primaryimage\"},\"thumbnailUrl\":\"https:\/\/pagina10.com\/web\/wp-content\/uploads\/2023\/01\/6374011943584.jpeg\",\"datePublished\":\"2023-01-31T16:22:04+00:00\",\"dateModified\":\"2023-01-31T23:26:21+00:00\",\"breadcrumb\":{\"@id\":\"https:\/\/pagina10.com\/web\/central-unitaria-de-trabajadores-de-narino-se-unira-a-marcha-nacional-en-favor-del-gobierno-petro\/#breadcrumb\"},\"inLanguage\":\"es\",\"potentialAction\":[{\"@type\":\"ReadAction\",\"target\":[\"https:\/\/pagina10.com\/web\/central-unitaria-de-trabajadores-de-narino-se-unira-a-marcha-nacional-en-favor-del-gobierno-petro\/\"]}]},{\"@type\":\"ImageObject\",\"inLanguage\":\"es\",\"@id\":\"https:\/\/pagina10.com\/web\/central-unitaria-de-trabajadores-de-narino-se-unira-a-marcha-nacional-en-favor-del-gobierno-petro\/#primaryimage\",\"url\":\"https:\/\/pagina10.com\/web\/wp-content\/uploads\/2023\/01\/6374011943584.jpeg\",\"contentUrl\":\"https:\/\/pagina10.com\/web\/wp-content\/uploads\/2023\/01\/6374011943584.jpeg\",\"width\":1600,\"height\":1066},{\"@type\":\"BreadcrumbList\",\"@id\":\"https:\/\/pagina10.com\/web\/central-unitaria-de-trabajadores-de-narino-se-unira-a-marcha-nacional-en-favor-del-gobierno-petro\/#breadcrumb\",\"itemListElement\":[{\"@type\":\"ListItem\",\"position\":1,\"name\":\"Portada\",\"item\":\"https:\/\/pagina10.com\/web\/\"},{\"@type\":\"ListItem\",\"position\":2,\"name\":\"Central unitaria de trabajadores de Nari\u00f1o se unir\u00e1 a marcha nacional en favor del gobierno Petro\"}]},{\"@type\":\"WebSite\",\"@id\":\"https:\/\/pagina10.com\/web\/#website\",\"url\":\"https:\/\/pagina10.com\/web\/\",\"name\":\"P\u00e1gina10\",\"description\":\"Peri\u00f3dico Regional\",\"publisher\":{\"@id\":\"https:\/\/pagina10.com\/web\/#organization\"},\"alternateName\":\"P\u00e1gina10 Peri\u00f3dico Regional\",\"potentialAction\":[{\"@type\":\"SearchAction\",\"target\":{\"@type\":\"EntryPoint\",\"urlTemplate\":\"https:\/\/pagina10.com\/web\/?s={search_term_string}\"},\"query-input\":{\"@type\":\"PropertyValueSpecification\",\"valueRequired\":true,\"valueName\":\"search_term_string\"}}],\"inLanguage\":\"es\"},{\"@type\":\"Organization\",\"@id\":\"https:\/\/pagina10.com\/web\/#organization\",\"name\":\"P\u00e1gina10\",\"alternateName\":\"P\u00e1gina10 Peri\u00f3dico Regional\",\"url\":\"https:\/\/pagina10.com\/web\/\",\"logo\":{\"@type\":\"ImageObject\",\"inLanguage\":\"es\",\"@id\":\"https:\/\/pagina10.com\/web\/#\/schema\/logo\/image\/\",\"url\":\"https:\/\/pagina10.com\/web\/wp-content\/uploads\/2024\/01\/40-pagina-10-periodico-regional-pasto.jpg\",\"contentUrl\":\"https:\/\/pagina10.com\/web\/wp-content\/uploads\/2024\/01\/40-pagina-10-periodico-regional-pasto.jpg\",\"width\":1280,\"height\":720,\"caption\":\"P\u00e1gina10\"},\"image\":{\"@id\":\"https:\/\/pagina10.com\/web\/#\/schema\/logo\/image\/\"},\"sameAs\":[\"https:\/\/www.facebook.com\/pag10com\",\"https:\/\/x.com\/Pag10com\",\"https:\/\/www.instagram.com\/pagina10col\/\",\"https:\/\/youtube.com\/channel\/pag10\",\"https:\/\/www.tiktok.com\/@p10col\"]},{\"@type\":\"Person\",\"@id\":\"https:\/\/pagina10.com\/web\/#\/schema\/person\/2efc4a090d25b667d3bc796798a3a81b\",\"name\":\"P\u00e1gina 10\",\"description\":\"P\u00e1gina 10 es un peri\u00f3dico regional que nace en Colombia, en el departamento de Nari\u00f1o, con un enfoque global, fundamentado en cuatro pilares esenciales: la libertad, el pluralismo, la inclusi\u00f3n y la independencia. P\u00e1gina 10 hace referencia a Nari\u00f1o como el d\u00e9cimo departamento creado en Colombia, despu\u00e9s de un proceso pol\u00edtico liderado por actores y actrices regionales con el fin de obtener la independencia y autonom\u00eda de nuestros territorios. Con la creaci\u00f3n de P\u00e1gina 10 se pretende abrir un escenario para el dialogo, la reflexi\u00f3n y el debate que se extienda a otras geograf\u00edas de Am\u00e9rica Latina y del planeta, en una apuesta por transformar colectivamente los desaf\u00edos de un mundo contempor\u00e1neo, m\u00e1s all\u00e1 de las fronteras impuestas.\",\"url\":\"https:\/\/pagina10.com\/web\/author\/pdiezadmin\/\"}]}<\/script>\n<!-- \/ Yoast SEO plugin. -->","yoast_head_json":{"title":"Central unitaria de trabajadores de Nari\u00f1o se unir\u00e1 a marcha nacional en favor del gobierno Petro | P\u00e1gina10","robots":{"index":"index","follow":"follow","max-snippet":"max-snippet:-1","max-image-preview":"max-image-preview:large","max-video-preview":"max-video-preview:-1"},"canonical":"https:\/\/pagina10.com\/web\/central-unitaria-de-trabajadores-de-narino-se-unira-a-marcha-nacional-en-favor-del-gobierno-petro\/","og_locale":"es_ES","og_type":"article","og_title":"Central unitaria de trabajadores de Nari\u00f1o se unir\u00e1 a marcha nacional en favor del gobierno Petro | P\u00e1gina10","og_description":"Ante los anuncios del presidente Gustavo Petro de llamar a la ciudadan\u00eda a que respalde las reformas sociales de la salud, laboral y pensional, la Central Unitaria de Trabajadores de Nari\u00f1o confirm\u00f3 su participaci\u00f3n en la gran movilizaci\u00f3n nacional programada para el pr\u00f3ximo 14 de febrero. Seg\u00fan Henry Santacruz, presidente de la CUT en el [&hellip;]","og_url":"https:\/\/pagina10.com\/web\/central-unitaria-de-trabajadores-de-narino-se-unira-a-marcha-nacional-en-favor-del-gobierno-petro\/","og_site_name":"P\u00e1gina10","article_publisher":"https:\/\/www.facebook.com\/pag10com","article_published_time":"2023-01-31T16:22:04+00:00","article_modified_time":"2023-01-31T23:26:21+00:00","og_image":[{"width":1600,"height":1066,"url":"https:\/\/pagina10.com\/web\/wp-content\/uploads\/2023\/01\/6374011943584.jpeg","type":"image\/jpeg"}],"author":"P\u00e1gina 10","twitter_card":"summary_large_image","twitter_creator":"@Pag10com","twitter_site":"@Pag10com","twitter_misc":{"Escrito por":"P\u00e1gina 10","Tiempo de lectura":"2 minutos"},"schema":{"@context":"https:\/\/schema.org","@graph":[{"@type":"Article","@id":"https:\/\/pagina10.com\/web\/central-unitaria-de-trabajadores-de-narino-se-unira-a-marcha-nacional-en-favor-del-gobierno-petro\/#article","isPartOf":{"@id":"https:\/\/pagina10.com\/web\/central-unitaria-de-trabajadores-de-narino-se-unira-a-marcha-nacional-en-favor-del-gobierno-petro\/"},"author":{"name":"P\u00e1gina 10","@id":"https:\/\/pagina10.com\/web\/#\/schema\/person\/2efc4a090d25b667d3bc796798a3a81b"},"headline":"Central unitaria de trabajadores de Nari\u00f1o se unir\u00e1 a marcha nacional en favor del gobierno Petro","datePublished":"2023-01-31T16:22:04+00:00","dateModified":"2023-01-31T23:26:21+00:00","mainEntityOfPage":{"@id":"https:\/\/pagina10.com\/web\/central-unitaria-de-trabajadores-de-narino-se-unira-a-marcha-nacional-en-favor-del-gobierno-petro\/"},"wordCount":359,"commentCount":0,"publisher":{"@id":"https:\/\/pagina10.com\/web\/#organization"},"image":{"@id":"https:\/\/pagina10.com\/web\/central-unitaria-de-trabajadores-de-narino-se-unira-a-marcha-nacional-en-favor-del-gobierno-petro\/#primaryimage"},"thumbnailUrl":"https:\/\/pagina10.com\/web\/wp-content\/uploads\/2023\/01\/6374011943584.jpeg","articleSection":["Global"],"inLanguage":"es","potentialAction":[{"@type":"CommentAction","name":"Comment","target":["https:\/\/pagina10.com\/web\/central-unitaria-de-trabajadores-de-narino-se-unira-a-marcha-nacional-en-favor-del-gobierno-petro\/#respond"]}]},{"@type":"WebPage","@id":"https:\/\/pagina10.com\/web\/central-unitaria-de-trabajadores-de-narino-se-unira-a-marcha-nacional-en-favor-del-gobierno-petro\/","url":"https:\/\/pagina10.com\/web\/central-unitaria-de-trabajadores-de-narino-se-unira-a-marcha-nacional-en-favor-del-gobierno-petro\/","name":"Central unitaria de trabajadores de Nari\u00f1o se unir\u00e1 a marcha nacional en favor del gobierno Petro | P\u00e1gina10","isPartOf":{"@id":"https:\/\/pagina10.com\/web\/#website"},"primaryImageOfPage":{"@id":"https:\/\/pagina10.com\/web\/central-unitaria-de-trabajadores-de-narino-se-unira-a-marcha-nacional-en-favor-del-gobierno-petro\/#primaryimage"},"image":{"@id":"https:\/\/pagina10.com\/web\/central-unitaria-de-trabajadores-de-narino-se-unira-a-marcha-nacional-en-favor-del-gobierno-petro\/#primaryimage"},"thumbnailUrl":"https:\/\/pagina10.com\/web\/wp-content\/uploads\/2023\/01\/6374011943584.jpeg","datePublished":"2023-01-31T16:22:04+00:00","dateModified":"2023-01-31T23:26:21+00:00","breadcrumb":{"@id":"https:\/\/pagina10.com\/web\/central-unitaria-de-trabajadores-de-narino-se-unira-a-marcha-nacional-en-favor-del-gobierno-petro\/#breadcrumb"},"inLanguage":"es","potentialAction":[{"@type":"ReadAction","target":["https:\/\/pagina10.com\/web\/central-unitaria-de-trabajadores-de-narino-se-unira-a-marcha-nacional-en-favor-del-gobierno-petro\/"]}]},{"@type":"ImageObject","inLanguage":"es","@id":"https:\/\/pagina10.com\/web\/central-unitaria-de-trabajadores-de-narino-se-unira-a-marcha-nacional-en-favor-del-gobierno-petro\/#primaryimage","url":"https:\/\/pagina10.com\/web\/wp-content\/uploads\/2023\/01\/6374011943584.jpeg","contentUrl":"https:\/\/pagina10.com\/web\/wp-content\/uploads\/2023\/01\/6374011943584.jpeg","width":1600,"height":1066},{"@type":"BreadcrumbList","@id":"https:\/\/pagina10.com\/web\/central-unitaria-de-trabajadores-de-narino-se-unira-a-marcha-nacional-en-favor-del-gobierno-petro\/#breadcrumb","itemListElement":[{"@type":"ListItem","position":1,"name":"Portada","item":"https:\/\/pagina10.com\/web\/"},{"@type":"ListItem","position":2,"name":"Central unitaria de trabajadores de Nari\u00f1o se unir\u00e1 a marcha nacional en favor del gobierno Petro"}]},{"@type":"WebSite","@id":"https:\/\/pagina10.com\/web\/#website","url":"https:\/\/pagina10.com\/web\/","name":"P\u00e1gina10","description":"Peri\u00f3dico Regional","publisher":{"@id":"https:\/\/pagina10.com\/web\/#organization"},"alternateName":"P\u00e1gina10 Peri\u00f3dico Regional","potentialAction":[{"@type":"SearchAction","target":{"@type":"EntryPoint","urlTemplate":"https:\/\/pagina10.com\/web\/?s={search_term_string}"},"query-input":{"@type":"PropertyValueSpecification","valueRequired":true,"valueName":"search_term_string"}}],"inLanguage":"es"},{"@type":"Organization","@id":"https:\/\/pagina10.com\/web\/#organization","name":"P\u00e1gina10","alternateName":"P\u00e1gina10 Peri\u00f3dico Regional","url":"https:\/\/pagina10.com\/web\/","logo":{"@type":"ImageObject","inLanguage":"es","@id":"https:\/\/pagina10.com\/web\/#\/schema\/logo\/image\/","url":"https:\/\/pagina10.com\/web\/wp-content\/uploads\/2024\/01\/40-pagina-10-periodico-regional-pasto.jpg","contentUrl":"https:\/\/pagina10.com\/web\/wp-content\/uploads\/2024\/01\/40-pagina-10-periodico-regional-pasto.jpg","width":1280,"height":720,"caption":"P\u00e1gina10"},"image":{"@id":"https:\/\/pagina10.com\/web\/#\/schema\/logo\/image\/"},"sameAs":["https:\/\/www.facebook.com\/pag10com","https:\/\/x.com\/Pag10com","https:\/\/www.instagram.com\/pagina10col\/","https:\/\/youtube.com\/channel\/pag10","https:\/\/www.tiktok.com\/@p10col"]},{"@type":"Person","@id":"https:\/\/pagina10.com\/web\/#\/schema\/person\/2efc4a090d25b667d3bc796798a3a81b","name":"P\u00e1gina 10","description":"P\u00e1gina 10 es un peri\u00f3dico regional que nace en Colombia, en el departamento de Nari\u00f1o, con un enfoque global, fundamentado en cuatro pilares esenciales: la libertad, el pluralismo, la inclusi\u00f3n y la independencia. P\u00e1gina 10 hace referencia a Nari\u00f1o como el d\u00e9cimo departamento creado en Colombia, despu\u00e9s de un proceso pol\u00edtico liderado por actores y actrices regionales con el fin de obtener la independencia y autonom\u00eda de nuestros territorios. Con la creaci\u00f3n de P\u00e1gina 10 se pretende abrir un escenario para el dialogo, la reflexi\u00f3n y el debate que se extienda a otras geograf\u00edas de Am\u00e9rica Latina y del planeta, en una apuesta por transformar colectivamente los desaf\u00edos de un mundo contempor\u00e1neo, m\u00e1s all\u00e1 de las fronteras impuestas.","url":"https:\/\/pagina10.com\/web\/author\/pdiezadmin\/"}]}},"_links":{"self":[{"href":"https:\/\/pagina10.com\/web\/wp-json\/wp\/v2\/posts\/64305","targetHints":{"allow":["GET"]}}],"collection":[{"href":"https:\/\/pagina10.com\/web\/wp-json\/wp\/v2\/posts"}],"about":[{"href":"https:\/\/pagina10.com\/web\/wp-json\/wp\/v2\/types\/post"}],"author":[{"embeddable":true,"href":"https:\/\/pagina10.com\/web\/wp-json\/wp\/v2\/users\/1"}],"replies":[{"embeddable":true,"href":"https:\/\/pagina10.com\/web\/wp-json\/wp\/v2\/comments?post=64305"}],"version-history":[{"count":2,"href":"https:\/\/pagina10.com\/web\/wp-json\/wp\/v2\/posts\/64305\/revisions"}],"predecessor-version":[{"id":64311,"href":"https:\/\/pagina10.com\/web\/wp-json\/wp\/v2\/posts\/64305\/revisions\/64311"}],"wp:featuredmedia":[{"embeddable":true,"href":"https:\/\/pagina10.com\/web\/wp-json\/wp\/v2\/media\/64306"}],"wp:attachment":[{"href":"https:\/\/pagina10.com\/web\/wp-json\/wp\/v2\/media?parent=64305"}],"wp:term":[{"taxonomy":"category","embeddable":true,"href":"https:\/\/pagina10.com\/web\/wp-json\/wp\/v2\/categories?post=64305"},{"taxonomy":"post_tag","embeddable":true,"href":"https:\/\/pagina10.com\/web\/wp-json\/wp\/v2\/tags?post=64305"}],"curies":[{"name":"wp","href":"https:\/\/api.w.org\/{rel}","templated":true}]}}