{"id":64323,"date":"2023-01-31T22:52:36","date_gmt":"2023-02-01T03:52:36","guid":{"rendered":"https:\/\/pagina10.com\/web\/?p=64323"},"modified":"2023-01-31T22:52:36","modified_gmt":"2023-02-01T03:52:36","slug":"concejal-de-pasto-denuncio-amenazas-y-pidio-proteccion-de-la-unp","status":"publish","type":"post","link":"https:\/\/pagina10.com\/web\/concejal-de-pasto-denuncio-amenazas-y-pidio-proteccion-de-la-unp\/","title":{"rendered":"Concejal de Pasto denunci\u00f3 amenazas y pidi\u00f3 protecci\u00f3n de la UNP"},"content":{"rendered":"<p style=\"text-align: justify;\">El cabildante Cristian Mu\u00f1oz denunci\u00f3 que desde hace varios meses iniciaron una serie de amenazas en su contra, al parecer, por su labor adelantada en el Concejo de Pasto. Indic\u00f3 que aunque ya puso en conocimiento su caso, el Gobierno Nacional a\u00fan no le da respuesta a su pedido de protecci\u00f3n por parte de la UNP.<\/p>\n<p style=\"text-align: justify;\">As\u00ed mismo, afirm\u00f3 que las intimidaciones iniciaron en noviembre a trav\u00e9s de llamadas telef\u00f3nicas. Posteriormente, el pasado fin de semana sujetos desconocidos, atacaron su vivienda y destruyeron su jard\u00edn. Sumado a ello, se evidenciaron taxis que merodearon la casa donde habita con sus padres, su esposa y su hija.<\/p>\n<p style=\"text-align: justify;\">El concejal precis\u00f3 que las denuncias ya fueron interpuestas ante la Polic\u00eda Metropolitana y la Fiscal\u00eda. Sin embargo, manifest\u00f3 que la respuesta de las autoridades no ha sido contundente y ahora teme porque le llega a pasar algo a \u00e9l o a su familia. \u201cDesde el pasado 16 de noviembre se pidi\u00f3 protecci\u00f3n de la UNP, pero hasta ahora no he recibido respuesta\u201d, dijo.<\/p>\n<p style=\"text-align: justify;\">Mu\u00f1oz tambi\u00e9n sostuvo que si bien la Polic\u00eda Metropolitana est\u00e1 realizando el acompa\u00f1amiento con Sijin, Sipol y varios efectivos de seguridad, los acompa\u00f1amientos no son continuos e indic\u00f3 que solamente est\u00e1 dentro del \u2018Plan Padrino\u2019, que es una ruta no permanente para el tema de seguridad de los concejales.<\/p>\n","protected":false},"excerpt":{"rendered":"<p>El cabildante Cristian Mu\u00f1oz denunci\u00f3 que desde hace varios meses iniciaron una serie de amenazas en su contra, al parecer, por su labor adelantada en el Concejo de Pasto. Indic\u00f3 que aunque ya puso en conocimiento su caso, el Gobierno Nacional a\u00fan no le da respuesta a su pedido de protecci\u00f3n por parte de la [&hellip;]<\/p>\n","protected":false},"author":1,"featured_media":64324,"comment_status":"open","ping_status":"open","sticky":false,"template":"","format":"standard","meta":{"footnotes":""},"categories":[84],"tags":[],"class_list":["post-64323","post","type-post","status-publish","format-standard","has-post-thumbnail","hentry","category-global-2"],"yoast_head":"<!-- This site is optimized with the Yoast SEO plugin v27.1.1 - https:\/\/yoast.com\/product\/yoast-seo-wordpress\/ -->\n<title>Concejal de Pasto denunci\u00f3 amenazas y pidi\u00f3 protecci\u00f3n de la UNP | P\u00e1gina10<\/title>\n<meta name=\"robots\" content=\"index, follow, max-snippet:-1, max-image-preview:large, max-video-preview:-1\" \/>\n<link rel=\"canonical\" href=\"https:\/\/pagina10.com\/web\/concejal-de-pasto-denuncio-amenazas-y-pidio-proteccion-de-la-unp\/\" \/>\n<meta property=\"og:locale\" content=\"es_ES\" \/>\n<meta property=\"og:type\" content=\"article\" \/>\n<meta property=\"og:title\" content=\"Concejal de Pasto denunci\u00f3 amenazas y pidi\u00f3 protecci\u00f3n de la UNP | P\u00e1gina10\" \/>\n<meta property=\"og:description\" content=\"El cabildante Cristian Mu\u00f1oz denunci\u00f3 que desde hace varios meses iniciaron una serie de amenazas en su contra, al parecer, por su labor adelantada en el Concejo de Pasto. Indic\u00f3 que aunque ya puso en conocimiento su caso, el Gobierno Nacional a\u00fan no le da respuesta a su pedido de protecci\u00f3n por parte de la [&hellip;]\" \/>\n<meta property=\"og:url\" content=\"https:\/\/pagina10.com\/web\/concejal-de-pasto-denuncio-amenazas-y-pidio-proteccion-de-la-unp\/\" \/>\n<meta property=\"og:site_name\" content=\"P\u00e1gina10\" \/>\n<meta property=\"article:publisher\" content=\"https:\/\/www.facebook.com\/pag10com\" \/>\n<meta property=\"article:published_time\" content=\"2023-02-01T03:52:36+00:00\" \/>\n<meta property=\"og:image\" content=\"https:\/\/pagina10.com\/web\/wp-content\/uploads\/2023\/01\/301483406_10159359289952607_7610276726494340273_n-e1675223550399.jpg\" \/>\n\t<meta property=\"og:image:width\" content=\"1011\" \/>\n\t<meta property=\"og:image:height\" content=\"636\" \/>\n\t<meta property=\"og:image:type\" content=\"image\/jpeg\" \/>\n<meta name=\"author\" content=\"P\u00e1gina 10\" \/>\n<meta name=\"twitter:card\" content=\"summary_large_image\" \/>\n<meta name=\"twitter:creator\" content=\"@Pag10com\" \/>\n<meta name=\"twitter:site\" content=\"@Pag10com\" \/>\n<meta name=\"twitter:label1\" content=\"Escrito por\" \/>\n\t<meta name=\"twitter:data1\" content=\"P\u00e1gina 10\" \/>\n\t<meta name=\"twitter:label2\" content=\"Tiempo de lectura\" \/>\n\t<meta name=\"twitter:data2\" content=\"1 minuto\" \/>\n<script type=\"application\/ld+json\" class=\"yoast-schema-graph\">{\"@context\":\"https:\/\/schema.org\",\"@graph\":[{\"@type\":\"Article\",\"@id\":\"https:\/\/pagina10.com\/web\/concejal-de-pasto-denuncio-amenazas-y-pidio-proteccion-de-la-unp\/#article\",\"isPartOf\":{\"@id\":\"https:\/\/pagina10.com\/web\/concejal-de-pasto-denuncio-amenazas-y-pidio-proteccion-de-la-unp\/\"},\"author\":{\"name\":\"P\u00e1gina 10\",\"@id\":\"https:\/\/pagina10.com\/web\/#\/schema\/person\/2efc4a090d25b667d3bc796798a3a81b\"},\"headline\":\"Concejal de Pasto denunci\u00f3 amenazas y pidi\u00f3 protecci\u00f3n de la UNP\",\"datePublished\":\"2023-02-01T03:52:36+00:00\",\"mainEntityOfPage\":{\"@id\":\"https:\/\/pagina10.com\/web\/concejal-de-pasto-denuncio-amenazas-y-pidio-proteccion-de-la-unp\/\"},\"wordCount\":243,\"commentCount\":0,\"publisher\":{\"@id\":\"https:\/\/pagina10.com\/web\/#organization\"},\"image\":{\"@id\":\"https:\/\/pagina10.com\/web\/concejal-de-pasto-denuncio-amenazas-y-pidio-proteccion-de-la-unp\/#primaryimage\"},\"thumbnailUrl\":\"https:\/\/pagina10.com\/web\/wp-content\/uploads\/2023\/01\/301483406_10159359289952607_7610276726494340273_n-e1675223550399.jpg\",\"articleSection\":[\"Global\"],\"inLanguage\":\"es\",\"potentialAction\":[{\"@type\":\"CommentAction\",\"name\":\"Comment\",\"target\":[\"https:\/\/pagina10.com\/web\/concejal-de-pasto-denuncio-amenazas-y-pidio-proteccion-de-la-unp\/#respond\"]}]},{\"@type\":\"WebPage\",\"@id\":\"https:\/\/pagina10.com\/web\/concejal-de-pasto-denuncio-amenazas-y-pidio-proteccion-de-la-unp\/\",\"url\":\"https:\/\/pagina10.com\/web\/concejal-de-pasto-denuncio-amenazas-y-pidio-proteccion-de-la-unp\/\",\"name\":\"Concejal de Pasto denunci\u00f3 amenazas y pidi\u00f3 protecci\u00f3n de la UNP | P\u00e1gina10\",\"isPartOf\":{\"@id\":\"https:\/\/pagina10.com\/web\/#website\"},\"primaryImageOfPage\":{\"@id\":\"https:\/\/pagina10.com\/web\/concejal-de-pasto-denuncio-amenazas-y-pidio-proteccion-de-la-unp\/#primaryimage\"},\"image\":{\"@id\":\"https:\/\/pagina10.com\/web\/concejal-de-pasto-denuncio-amenazas-y-pidio-proteccion-de-la-unp\/#primaryimage\"},\"thumbnailUrl\":\"https:\/\/pagina10.com\/web\/wp-content\/uploads\/2023\/01\/301483406_10159359289952607_7610276726494340273_n-e1675223550399.jpg\",\"datePublished\":\"2023-02-01T03:52:36+00:00\",\"breadcrumb\":{\"@id\":\"https:\/\/pagina10.com\/web\/concejal-de-pasto-denuncio-amenazas-y-pidio-proteccion-de-la-unp\/#breadcrumb\"},\"inLanguage\":\"es\",\"potentialAction\":[{\"@type\":\"ReadAction\",\"target\":[\"https:\/\/pagina10.com\/web\/concejal-de-pasto-denuncio-amenazas-y-pidio-proteccion-de-la-unp\/\"]}]},{\"@type\":\"ImageObject\",\"inLanguage\":\"es\",\"@id\":\"https:\/\/pagina10.com\/web\/concejal-de-pasto-denuncio-amenazas-y-pidio-proteccion-de-la-unp\/#primaryimage\",\"url\":\"https:\/\/pagina10.com\/web\/wp-content\/uploads\/2023\/01\/301483406_10159359289952607_7610276726494340273_n-e1675223550399.jpg\",\"contentUrl\":\"https:\/\/pagina10.com\/web\/wp-content\/uploads\/2023\/01\/301483406_10159359289952607_7610276726494340273_n-e1675223550399.jpg\",\"width\":1011,\"height\":636},{\"@type\":\"BreadcrumbList\",\"@id\":\"https:\/\/pagina10.com\/web\/concejal-de-pasto-denuncio-amenazas-y-pidio-proteccion-de-la-unp\/#breadcrumb\",\"itemListElement\":[{\"@type\":\"ListItem\",\"position\":1,\"name\":\"Portada\",\"item\":\"https:\/\/pagina10.com\/web\/\"},{\"@type\":\"ListItem\",\"position\":2,\"name\":\"Concejal de Pasto denunci\u00f3 amenazas y pidi\u00f3 protecci\u00f3n de la UNP\"}]},{\"@type\":\"WebSite\",\"@id\":\"https:\/\/pagina10.com\/web\/#website\",\"url\":\"https:\/\/pagina10.com\/web\/\",\"name\":\"P\u00e1gina10\",\"description\":\"Peri\u00f3dico Regional\",\"publisher\":{\"@id\":\"https:\/\/pagina10.com\/web\/#organization\"},\"alternateName\":\"P\u00e1gina10 Peri\u00f3dico Regional\",\"potentialAction\":[{\"@type\":\"SearchAction\",\"target\":{\"@type\":\"EntryPoint\",\"urlTemplate\":\"https:\/\/pagina10.com\/web\/?s={search_term_string}\"},\"query-input\":{\"@type\":\"PropertyValueSpecification\",\"valueRequired\":true,\"valueName\":\"search_term_string\"}}],\"inLanguage\":\"es\"},{\"@type\":\"Organization\",\"@id\":\"https:\/\/pagina10.com\/web\/#organization\",\"name\":\"P\u00e1gina10\",\"alternateName\":\"P\u00e1gina10 Peri\u00f3dico Regional\",\"url\":\"https:\/\/pagina10.com\/web\/\",\"logo\":{\"@type\":\"ImageObject\",\"inLanguage\":\"es\",\"@id\":\"https:\/\/pagina10.com\/web\/#\/schema\/logo\/image\/\",\"url\":\"https:\/\/pagina10.com\/web\/wp-content\/uploads\/2024\/01\/40-pagina-10-periodico-regional-pasto.jpg\",\"contentUrl\":\"https:\/\/pagina10.com\/web\/wp-content\/uploads\/2024\/01\/40-pagina-10-periodico-regional-pasto.jpg\",\"width\":1280,\"height\":720,\"caption\":\"P\u00e1gina10\"},\"image\":{\"@id\":\"https:\/\/pagina10.com\/web\/#\/schema\/logo\/image\/\"},\"sameAs\":[\"https:\/\/www.facebook.com\/pag10com\",\"https:\/\/x.com\/Pag10com\",\"https:\/\/www.instagram.com\/pagina10col\/\",\"https:\/\/youtube.com\/channel\/pag10\",\"https:\/\/www.tiktok.com\/@p10col\"]},{\"@type\":\"Person\",\"@id\":\"https:\/\/pagina10.com\/web\/#\/schema\/person\/2efc4a090d25b667d3bc796798a3a81b\",\"name\":\"P\u00e1gina 10\",\"description\":\"P\u00e1gina 10 es un peri\u00f3dico regional que nace en Colombia, en el departamento de Nari\u00f1o, con un enfoque global, fundamentado en cuatro pilares esenciales: la libertad, el pluralismo, la inclusi\u00f3n y la independencia. P\u00e1gina 10 hace referencia a Nari\u00f1o como el d\u00e9cimo departamento creado en Colombia, despu\u00e9s de un proceso pol\u00edtico liderado por actores y actrices regionales con el fin de obtener la independencia y autonom\u00eda de nuestros territorios. Con la creaci\u00f3n de P\u00e1gina 10 se pretende abrir un escenario para el dialogo, la reflexi\u00f3n y el debate que se extienda a otras geograf\u00edas de Am\u00e9rica Latina y del planeta, en una apuesta por transformar colectivamente los desaf\u00edos de un mundo contempor\u00e1neo, m\u00e1s all\u00e1 de las fronteras impuestas.\",\"url\":\"https:\/\/pagina10.com\/web\/author\/pdiezadmin\/\"}]}<\/script>\n<!-- \/ Yoast SEO plugin. -->","yoast_head_json":{"title":"Concejal de Pasto denunci\u00f3 amenazas y pidi\u00f3 protecci\u00f3n de la UNP | P\u00e1gina10","robots":{"index":"index","follow":"follow","max-snippet":"max-snippet:-1","max-image-preview":"max-image-preview:large","max-video-preview":"max-video-preview:-1"},"canonical":"https:\/\/pagina10.com\/web\/concejal-de-pasto-denuncio-amenazas-y-pidio-proteccion-de-la-unp\/","og_locale":"es_ES","og_type":"article","og_title":"Concejal de Pasto denunci\u00f3 amenazas y pidi\u00f3 protecci\u00f3n de la UNP | P\u00e1gina10","og_description":"El cabildante Cristian Mu\u00f1oz denunci\u00f3 que desde hace varios meses iniciaron una serie de amenazas en su contra, al parecer, por su labor adelantada en el Concejo de Pasto. Indic\u00f3 que aunque ya puso en conocimiento su caso, el Gobierno Nacional a\u00fan no le da respuesta a su pedido de protecci\u00f3n por parte de la [&hellip;]","og_url":"https:\/\/pagina10.com\/web\/concejal-de-pasto-denuncio-amenazas-y-pidio-proteccion-de-la-unp\/","og_site_name":"P\u00e1gina10","article_publisher":"https:\/\/www.facebook.com\/pag10com","article_published_time":"2023-02-01T03:52:36+00:00","og_image":[{"width":1011,"height":636,"url":"https:\/\/pagina10.com\/web\/wp-content\/uploads\/2023\/01\/301483406_10159359289952607_7610276726494340273_n-e1675223550399.jpg","type":"image\/jpeg"}],"author":"P\u00e1gina 10","twitter_card":"summary_large_image","twitter_creator":"@Pag10com","twitter_site":"@Pag10com","twitter_misc":{"Escrito por":"P\u00e1gina 10","Tiempo de lectura":"1 minuto"},"schema":{"@context":"https:\/\/schema.org","@graph":[{"@type":"Article","@id":"https:\/\/pagina10.com\/web\/concejal-de-pasto-denuncio-amenazas-y-pidio-proteccion-de-la-unp\/#article","isPartOf":{"@id":"https:\/\/pagina10.com\/web\/concejal-de-pasto-denuncio-amenazas-y-pidio-proteccion-de-la-unp\/"},"author":{"name":"P\u00e1gina 10","@id":"https:\/\/pagina10.com\/web\/#\/schema\/person\/2efc4a090d25b667d3bc796798a3a81b"},"headline":"Concejal de Pasto denunci\u00f3 amenazas y pidi\u00f3 protecci\u00f3n de la UNP","datePublished":"2023-02-01T03:52:36+00:00","mainEntityOfPage":{"@id":"https:\/\/pagina10.com\/web\/concejal-de-pasto-denuncio-amenazas-y-pidio-proteccion-de-la-unp\/"},"wordCount":243,"commentCount":0,"publisher":{"@id":"https:\/\/pagina10.com\/web\/#organization"},"image":{"@id":"https:\/\/pagina10.com\/web\/concejal-de-pasto-denuncio-amenazas-y-pidio-proteccion-de-la-unp\/#primaryimage"},"thumbnailUrl":"https:\/\/pagina10.com\/web\/wp-content\/uploads\/2023\/01\/301483406_10159359289952607_7610276726494340273_n-e1675223550399.jpg","articleSection":["Global"],"inLanguage":"es","potentialAction":[{"@type":"CommentAction","name":"Comment","target":["https:\/\/pagina10.com\/web\/concejal-de-pasto-denuncio-amenazas-y-pidio-proteccion-de-la-unp\/#respond"]}]},{"@type":"WebPage","@id":"https:\/\/pagina10.com\/web\/concejal-de-pasto-denuncio-amenazas-y-pidio-proteccion-de-la-unp\/","url":"https:\/\/pagina10.com\/web\/concejal-de-pasto-denuncio-amenazas-y-pidio-proteccion-de-la-unp\/","name":"Concejal de Pasto denunci\u00f3 amenazas y pidi\u00f3 protecci\u00f3n de la UNP | P\u00e1gina10","isPartOf":{"@id":"https:\/\/pagina10.com\/web\/#website"},"primaryImageOfPage":{"@id":"https:\/\/pagina10.com\/web\/concejal-de-pasto-denuncio-amenazas-y-pidio-proteccion-de-la-unp\/#primaryimage"},"image":{"@id":"https:\/\/pagina10.com\/web\/concejal-de-pasto-denuncio-amenazas-y-pidio-proteccion-de-la-unp\/#primaryimage"},"thumbnailUrl":"https:\/\/pagina10.com\/web\/wp-content\/uploads\/2023\/01\/301483406_10159359289952607_7610276726494340273_n-e1675223550399.jpg","datePublished":"2023-02-01T03:52:36+00:00","breadcrumb":{"@id":"https:\/\/pagina10.com\/web\/concejal-de-pasto-denuncio-amenazas-y-pidio-proteccion-de-la-unp\/#breadcrumb"},"inLanguage":"es","potentialAction":[{"@type":"ReadAction","target":["https:\/\/pagina10.com\/web\/concejal-de-pasto-denuncio-amenazas-y-pidio-proteccion-de-la-unp\/"]}]},{"@type":"ImageObject","inLanguage":"es","@id":"https:\/\/pagina10.com\/web\/concejal-de-pasto-denuncio-amenazas-y-pidio-proteccion-de-la-unp\/#primaryimage","url":"https:\/\/pagina10.com\/web\/wp-content\/uploads\/2023\/01\/301483406_10159359289952607_7610276726494340273_n-e1675223550399.jpg","contentUrl":"https:\/\/pagina10.com\/web\/wp-content\/uploads\/2023\/01\/301483406_10159359289952607_7610276726494340273_n-e1675223550399.jpg","width":1011,"height":636},{"@type":"BreadcrumbList","@id":"https:\/\/pagina10.com\/web\/concejal-de-pasto-denuncio-amenazas-y-pidio-proteccion-de-la-unp\/#breadcrumb","itemListElement":[{"@type":"ListItem","position":1,"name":"Portada","item":"https:\/\/pagina10.com\/web\/"},{"@type":"ListItem","position":2,"name":"Concejal de Pasto denunci\u00f3 amenazas y pidi\u00f3 protecci\u00f3n de la UNP"}]},{"@type":"WebSite","@id":"https:\/\/pagina10.com\/web\/#website","url":"https:\/\/pagina10.com\/web\/","name":"P\u00e1gina10","description":"Peri\u00f3dico Regional","publisher":{"@id":"https:\/\/pagina10.com\/web\/#organization"},"alternateName":"P\u00e1gina10 Peri\u00f3dico Regional","potentialAction":[{"@type":"SearchAction","target":{"@type":"EntryPoint","urlTemplate":"https:\/\/pagina10.com\/web\/?s={search_term_string}"},"query-input":{"@type":"PropertyValueSpecification","valueRequired":true,"valueName":"search_term_string"}}],"inLanguage":"es"},{"@type":"Organization","@id":"https:\/\/pagina10.com\/web\/#organization","name":"P\u00e1gina10","alternateName":"P\u00e1gina10 Peri\u00f3dico Regional","url":"https:\/\/pagina10.com\/web\/","logo":{"@type":"ImageObject","inLanguage":"es","@id":"https:\/\/pagina10.com\/web\/#\/schema\/logo\/image\/","url":"https:\/\/pagina10.com\/web\/wp-content\/uploads\/2024\/01\/40-pagina-10-periodico-regional-pasto.jpg","contentUrl":"https:\/\/pagina10.com\/web\/wp-content\/uploads\/2024\/01\/40-pagina-10-periodico-regional-pasto.jpg","width":1280,"height":720,"caption":"P\u00e1gina10"},"image":{"@id":"https:\/\/pagina10.com\/web\/#\/schema\/logo\/image\/"},"sameAs":["https:\/\/www.facebook.com\/pag10com","https:\/\/x.com\/Pag10com","https:\/\/www.instagram.com\/pagina10col\/","https:\/\/youtube.com\/channel\/pag10","https:\/\/www.tiktok.com\/@p10col"]},{"@type":"Person","@id":"https:\/\/pagina10.com\/web\/#\/schema\/person\/2efc4a090d25b667d3bc796798a3a81b","name":"P\u00e1gina 10","description":"P\u00e1gina 10 es un peri\u00f3dico regional que nace en Colombia, en el departamento de Nari\u00f1o, con un enfoque global, fundamentado en cuatro pilares esenciales: la libertad, el pluralismo, la inclusi\u00f3n y la independencia. P\u00e1gina 10 hace referencia a Nari\u00f1o como el d\u00e9cimo departamento creado en Colombia, despu\u00e9s de un proceso pol\u00edtico liderado por actores y actrices regionales con el fin de obtener la independencia y autonom\u00eda de nuestros territorios. Con la creaci\u00f3n de P\u00e1gina 10 se pretende abrir un escenario para el dialogo, la reflexi\u00f3n y el debate que se extienda a otras geograf\u00edas de Am\u00e9rica Latina y del planeta, en una apuesta por transformar colectivamente los desaf\u00edos de un mundo contempor\u00e1neo, m\u00e1s all\u00e1 de las fronteras impuestas.","url":"https:\/\/pagina10.com\/web\/author\/pdiezadmin\/"}]}},"_links":{"self":[{"href":"https:\/\/pagina10.com\/web\/wp-json\/wp\/v2\/posts\/64323","targetHints":{"allow":["GET"]}}],"collection":[{"href":"https:\/\/pagina10.com\/web\/wp-json\/wp\/v2\/posts"}],"about":[{"href":"https:\/\/pagina10.com\/web\/wp-json\/wp\/v2\/types\/post"}],"author":[{"embeddable":true,"href":"https:\/\/pagina10.com\/web\/wp-json\/wp\/v2\/users\/1"}],"replies":[{"embeddable":true,"href":"https:\/\/pagina10.com\/web\/wp-json\/wp\/v2\/comments?post=64323"}],"version-history":[{"count":1,"href":"https:\/\/pagina10.com\/web\/wp-json\/wp\/v2\/posts\/64323\/revisions"}],"predecessor-version":[{"id":64325,"href":"https:\/\/pagina10.com\/web\/wp-json\/wp\/v2\/posts\/64323\/revisions\/64325"}],"wp:featuredmedia":[{"embeddable":true,"href":"https:\/\/pagina10.com\/web\/wp-json\/wp\/v2\/media\/64324"}],"wp:attachment":[{"href":"https:\/\/pagina10.com\/web\/wp-json\/wp\/v2\/media?parent=64323"}],"wp:term":[{"taxonomy":"category","embeddable":true,"href":"https:\/\/pagina10.com\/web\/wp-json\/wp\/v2\/categories?post=64323"},{"taxonomy":"post_tag","embeddable":true,"href":"https:\/\/pagina10.com\/web\/wp-json\/wp\/v2\/tags?post=64323"}],"curies":[{"name":"wp","href":"https:\/\/api.w.org\/{rel}","templated":true}]}}