{"id":64329,"date":"2023-02-01T16:47:41","date_gmt":"2023-02-01T21:47:41","guid":{"rendered":"https:\/\/pagina10.com\/web\/?p=64329"},"modified":"2023-02-01T16:47:41","modified_gmt":"2023-02-01T21:47:41","slug":"destacado-academico-narinense-adrian-alexander-zeballosf-cuathin-es-el-personaje-10","status":"publish","type":"post","link":"https:\/\/pagina10.com\/web\/destacado-academico-narinense-adrian-alexander-zeballosf-cuathin-es-el-personaje-10\/","title":{"rendered":"Destacado acad\u00e9mico nari\u00f1ense, Adrian Alexander Zeballosf Cuathin, es El Personaje 10."},"content":{"rendered":"<p style=\"text-align: justify;\">Adrian Alexander Zeballosf Cuathin, oriundo de Muellamues (Guachucal \u2013 Nari\u00f1o) es Abogado y Psic\u00f3logo, Mag\u00edster y Doctor en Derecho de la Universidad Nacional de Colombia. En julio 1999 recibi\u00f3 el grado de Bachiller Agropecuario, otorgado por el Instituto T\u00e9cnico Agr\u00edcola San Diego (Muellamues). Los estudios de psicolog\u00eda los realiz\u00f3 en la Universidad Nacional abierta y a Distancia, obteniendo su grado en el a\u00f1o 2007. En marzo de 2011 recibi\u00f3 el t\u00edtulo de Abogado de la Universidad Nacional de Colombia. Su primer trabajo como profesional del derecho fue en el programa piloto para la implementaci\u00f3n de la Ley 1448 de 2011 (Ley de atenci\u00f3n y reparaci\u00f3n integral a las v\u00edctimas del conflicto armado). Sin descanso continu\u00f3 con sus estudios de posgrado, y en abril del 2014 obtuvo el t\u00edtulo de Mag\u00edster en Derecho. Cursando primer semestre de la Maestr\u00eda particip\u00f3 internamente para acceder a la beca auxiliar docente otorgada por la facultad de Econom\u00eda de la Universidad Nacional de Colombia, beca que le permiti\u00f3 dar sus primeros pasos en la docencia universitaria. Al tiempo trabajaba como profesional especializado de la Oficina Jur\u00eddica de la Unidad de V\u00edctimas y Director de la Unidad para el Desarrollo de la Ciencia y la Investigaci\u00f3n de la Universidad Antonio Nari\u00f1o. En agosto 26 de 2021 recibi\u00f3 el grado de Doctor en Derecho, otorgado por la Universidad Nacional de Colombia, previa sustentaci\u00f3n de su tesis titulada: \u201cNeoconstitucionalismo, Derechos ind\u00edgenas y Justicias en Colombia\u201d. Actualmente es docente de la Universidad Nacional de Colombia, de la Escuela Superior de Administraci\u00f3n P\u00fablica y de la Universidad La gran Colombia, donde comparte las c\u00e1tedras de filosof\u00eda del derecho, teor\u00eda del derecho, derecho constitucional, derechos humanos, entre otras. Tambi\u00e9n adelanta proyectos de investigaci\u00f3n en esos campos. Es, adem\u00e1s, asesor, consultor, conferencista y litigante en derecho constitucional y electoral. Pero este guachucalense no se conforma, en este momento cursa estudios de posdoctorado y sus retos apuntan a llegar a la magistratura de las Altas cortes. No descarta concretar aspiraciones pol\u00edticas, las cuales seguramente lo llevar\u00e1n a su postulaci\u00f3n como candidato (progresismo liberal) en las pr\u00f3ximas elecciones. Finalmente dice sentir mucho orgullo y amor por Nari\u00f1o y su gente.<\/p>\n","protected":false},"excerpt":{"rendered":"<p>Adrian Alexander Zeballosf Cuathin, oriundo de Muellamues (Guachucal \u2013 Nari\u00f1o) es Abogado y Psic\u00f3logo, Mag\u00edster y Doctor en Derecho de la Universidad Nacional de Colombia. En julio 1999 recibi\u00f3 el grado de Bachiller Agropecuario, otorgado por el Instituto T\u00e9cnico Agr\u00edcola San Diego (Muellamues). Los estudios de psicolog\u00eda los realiz\u00f3 en la Universidad Nacional abierta y [&hellip;]<\/p>\n","protected":false},"author":1,"featured_media":64330,"comment_status":"open","ping_status":"open","sticky":false,"template":"","format":"standard","meta":{"footnotes":""},"categories":[84],"tags":[],"class_list":["post-64329","post","type-post","status-publish","format-standard","has-post-thumbnail","hentry","category-global-2"],"yoast_head":"<!-- This site is optimized with the Yoast SEO plugin v27.1.1 - https:\/\/yoast.com\/product\/yoast-seo-wordpress\/ -->\n<title>Destacado acad\u00e9mico nari\u00f1ense, Adrian Alexander Zeballosf Cuathin, es El Personaje 10. | P\u00e1gina10<\/title>\n<meta name=\"robots\" content=\"index, follow, max-snippet:-1, max-image-preview:large, max-video-preview:-1\" \/>\n<link rel=\"canonical\" href=\"https:\/\/pagina10.com\/web\/destacado-academico-narinense-adrian-alexander-zeballosf-cuathin-es-el-personaje-10\/\" \/>\n<meta property=\"og:locale\" content=\"es_ES\" \/>\n<meta property=\"og:type\" content=\"article\" \/>\n<meta property=\"og:title\" content=\"Destacado acad\u00e9mico nari\u00f1ense, Adrian Alexander Zeballosf Cuathin, es El Personaje 10. | P\u00e1gina10\" \/>\n<meta property=\"og:description\" content=\"Adrian Alexander Zeballosf Cuathin, oriundo de Muellamues (Guachucal \u2013 Nari\u00f1o) es Abogado y Psic\u00f3logo, Mag\u00edster y Doctor en Derecho de la Universidad Nacional de Colombia. En julio 1999 recibi\u00f3 el grado de Bachiller Agropecuario, otorgado por el Instituto T\u00e9cnico Agr\u00edcola San Diego (Muellamues). Los estudios de psicolog\u00eda los realiz\u00f3 en la Universidad Nacional abierta y [&hellip;]\" \/>\n<meta property=\"og:url\" content=\"https:\/\/pagina10.com\/web\/destacado-academico-narinense-adrian-alexander-zeballosf-cuathin-es-el-personaje-10\/\" \/>\n<meta property=\"og:site_name\" content=\"P\u00e1gina10\" \/>\n<meta property=\"article:publisher\" content=\"https:\/\/www.facebook.com\/pag10com\" \/>\n<meta property=\"article:published_time\" content=\"2023-02-01T21:47:41+00:00\" \/>\n<meta property=\"og:image\" content=\"https:\/\/pagina10.com\/web\/wp-content\/uploads\/2023\/02\/WhatsApp-Image-2023-02-01-at-4.46.39-PM.jpeg\" \/>\n\t<meta property=\"og:image:width\" content=\"1024\" \/>\n\t<meta property=\"og:image:height\" content=\"720\" \/>\n\t<meta property=\"og:image:type\" content=\"image\/jpeg\" \/>\n<meta name=\"author\" content=\"P\u00e1gina 10\" \/>\n<meta name=\"twitter:card\" content=\"summary_large_image\" \/>\n<meta name=\"twitter:creator\" content=\"@Pag10com\" \/>\n<meta name=\"twitter:site\" content=\"@Pag10com\" \/>\n<meta name=\"twitter:label1\" content=\"Escrito por\" \/>\n\t<meta name=\"twitter:data1\" content=\"P\u00e1gina 10\" \/>\n\t<meta name=\"twitter:label2\" content=\"Tiempo de lectura\" \/>\n\t<meta name=\"twitter:data2\" content=\"2 minutos\" \/>\n<script type=\"application\/ld+json\" class=\"yoast-schema-graph\">{\"@context\":\"https:\/\/schema.org\",\"@graph\":[{\"@type\":\"Article\",\"@id\":\"https:\/\/pagina10.com\/web\/destacado-academico-narinense-adrian-alexander-zeballosf-cuathin-es-el-personaje-10\/#article\",\"isPartOf\":{\"@id\":\"https:\/\/pagina10.com\/web\/destacado-academico-narinense-adrian-alexander-zeballosf-cuathin-es-el-personaje-10\/\"},\"author\":{\"name\":\"P\u00e1gina 10\",\"@id\":\"https:\/\/pagina10.com\/web\/#\/schema\/person\/2efc4a090d25b667d3bc796798a3a81b\"},\"headline\":\"Destacado acad\u00e9mico nari\u00f1ense, Adrian Alexander Zeballosf Cuathin, es El Personaje 10.\",\"datePublished\":\"2023-02-01T21:47:41+00:00\",\"mainEntityOfPage\":{\"@id\":\"https:\/\/pagina10.com\/web\/destacado-academico-narinense-adrian-alexander-zeballosf-cuathin-es-el-personaje-10\/\"},\"wordCount\":394,\"commentCount\":0,\"publisher\":{\"@id\":\"https:\/\/pagina10.com\/web\/#organization\"},\"image\":{\"@id\":\"https:\/\/pagina10.com\/web\/destacado-academico-narinense-adrian-alexander-zeballosf-cuathin-es-el-personaje-10\/#primaryimage\"},\"thumbnailUrl\":\"https:\/\/pagina10.com\/web\/wp-content\/uploads\/2023\/02\/WhatsApp-Image-2023-02-01-at-4.46.39-PM.jpeg\",\"articleSection\":[\"Global\"],\"inLanguage\":\"es\",\"potentialAction\":[{\"@type\":\"CommentAction\",\"name\":\"Comment\",\"target\":[\"https:\/\/pagina10.com\/web\/destacado-academico-narinense-adrian-alexander-zeballosf-cuathin-es-el-personaje-10\/#respond\"]}]},{\"@type\":\"WebPage\",\"@id\":\"https:\/\/pagina10.com\/web\/destacado-academico-narinense-adrian-alexander-zeballosf-cuathin-es-el-personaje-10\/\",\"url\":\"https:\/\/pagina10.com\/web\/destacado-academico-narinense-adrian-alexander-zeballosf-cuathin-es-el-personaje-10\/\",\"name\":\"Destacado acad\u00e9mico nari\u00f1ense, Adrian Alexander Zeballosf Cuathin, es El Personaje 10. | P\u00e1gina10\",\"isPartOf\":{\"@id\":\"https:\/\/pagina10.com\/web\/#website\"},\"primaryImageOfPage\":{\"@id\":\"https:\/\/pagina10.com\/web\/destacado-academico-narinense-adrian-alexander-zeballosf-cuathin-es-el-personaje-10\/#primaryimage\"},\"image\":{\"@id\":\"https:\/\/pagina10.com\/web\/destacado-academico-narinense-adrian-alexander-zeballosf-cuathin-es-el-personaje-10\/#primaryimage\"},\"thumbnailUrl\":\"https:\/\/pagina10.com\/web\/wp-content\/uploads\/2023\/02\/WhatsApp-Image-2023-02-01-at-4.46.39-PM.jpeg\",\"datePublished\":\"2023-02-01T21:47:41+00:00\",\"breadcrumb\":{\"@id\":\"https:\/\/pagina10.com\/web\/destacado-academico-narinense-adrian-alexander-zeballosf-cuathin-es-el-personaje-10\/#breadcrumb\"},\"inLanguage\":\"es\",\"potentialAction\":[{\"@type\":\"ReadAction\",\"target\":[\"https:\/\/pagina10.com\/web\/destacado-academico-narinense-adrian-alexander-zeballosf-cuathin-es-el-personaje-10\/\"]}]},{\"@type\":\"ImageObject\",\"inLanguage\":\"es\",\"@id\":\"https:\/\/pagina10.com\/web\/destacado-academico-narinense-adrian-alexander-zeballosf-cuathin-es-el-personaje-10\/#primaryimage\",\"url\":\"https:\/\/pagina10.com\/web\/wp-content\/uploads\/2023\/02\/WhatsApp-Image-2023-02-01-at-4.46.39-PM.jpeg\",\"contentUrl\":\"https:\/\/pagina10.com\/web\/wp-content\/uploads\/2023\/02\/WhatsApp-Image-2023-02-01-at-4.46.39-PM.jpeg\",\"width\":1024,\"height\":720},{\"@type\":\"BreadcrumbList\",\"@id\":\"https:\/\/pagina10.com\/web\/destacado-academico-narinense-adrian-alexander-zeballosf-cuathin-es-el-personaje-10\/#breadcrumb\",\"itemListElement\":[{\"@type\":\"ListItem\",\"position\":1,\"name\":\"Portada\",\"item\":\"https:\/\/pagina10.com\/web\/\"},{\"@type\":\"ListItem\",\"position\":2,\"name\":\"Destacado acad\u00e9mico nari\u00f1ense, Adrian Alexander Zeballosf Cuathin, es El Personaje 10.\"}]},{\"@type\":\"WebSite\",\"@id\":\"https:\/\/pagina10.com\/web\/#website\",\"url\":\"https:\/\/pagina10.com\/web\/\",\"name\":\"P\u00e1gina10\",\"description\":\"Peri\u00f3dico Regional\",\"publisher\":{\"@id\":\"https:\/\/pagina10.com\/web\/#organization\"},\"alternateName\":\"P\u00e1gina10 Peri\u00f3dico Regional\",\"potentialAction\":[{\"@type\":\"SearchAction\",\"target\":{\"@type\":\"EntryPoint\",\"urlTemplate\":\"https:\/\/pagina10.com\/web\/?s={search_term_string}\"},\"query-input\":{\"@type\":\"PropertyValueSpecification\",\"valueRequired\":true,\"valueName\":\"search_term_string\"}}],\"inLanguage\":\"es\"},{\"@type\":\"Organization\",\"@id\":\"https:\/\/pagina10.com\/web\/#organization\",\"name\":\"P\u00e1gina10\",\"alternateName\":\"P\u00e1gina10 Peri\u00f3dico Regional\",\"url\":\"https:\/\/pagina10.com\/web\/\",\"logo\":{\"@type\":\"ImageObject\",\"inLanguage\":\"es\",\"@id\":\"https:\/\/pagina10.com\/web\/#\/schema\/logo\/image\/\",\"url\":\"https:\/\/pagina10.com\/web\/wp-content\/uploads\/2024\/01\/40-pagina-10-periodico-regional-pasto.jpg\",\"contentUrl\":\"https:\/\/pagina10.com\/web\/wp-content\/uploads\/2024\/01\/40-pagina-10-periodico-regional-pasto.jpg\",\"width\":1280,\"height\":720,\"caption\":\"P\u00e1gina10\"},\"image\":{\"@id\":\"https:\/\/pagina10.com\/web\/#\/schema\/logo\/image\/\"},\"sameAs\":[\"https:\/\/www.facebook.com\/pag10com\",\"https:\/\/x.com\/Pag10com\",\"https:\/\/www.instagram.com\/pagina10col\/\",\"https:\/\/youtube.com\/channel\/pag10\",\"https:\/\/www.tiktok.com\/@p10col\"]},{\"@type\":\"Person\",\"@id\":\"https:\/\/pagina10.com\/web\/#\/schema\/person\/2efc4a090d25b667d3bc796798a3a81b\",\"name\":\"P\u00e1gina 10\",\"description\":\"P\u00e1gina 10 es un peri\u00f3dico regional que nace en Colombia, en el departamento de Nari\u00f1o, con un enfoque global, fundamentado en cuatro pilares esenciales: la libertad, el pluralismo, la inclusi\u00f3n y la independencia. P\u00e1gina 10 hace referencia a Nari\u00f1o como el d\u00e9cimo departamento creado en Colombia, despu\u00e9s de un proceso pol\u00edtico liderado por actores y actrices regionales con el fin de obtener la independencia y autonom\u00eda de nuestros territorios. Con la creaci\u00f3n de P\u00e1gina 10 se pretende abrir un escenario para el dialogo, la reflexi\u00f3n y el debate que se extienda a otras geograf\u00edas de Am\u00e9rica Latina y del planeta, en una apuesta por transformar colectivamente los desaf\u00edos de un mundo contempor\u00e1neo, m\u00e1s all\u00e1 de las fronteras impuestas.\",\"url\":\"https:\/\/pagina10.com\/web\/author\/pdiezadmin\/\"}]}<\/script>\n<!-- \/ Yoast SEO plugin. -->","yoast_head_json":{"title":"Destacado acad\u00e9mico nari\u00f1ense, Adrian Alexander Zeballosf Cuathin, es El Personaje 10. | P\u00e1gina10","robots":{"index":"index","follow":"follow","max-snippet":"max-snippet:-1","max-image-preview":"max-image-preview:large","max-video-preview":"max-video-preview:-1"},"canonical":"https:\/\/pagina10.com\/web\/destacado-academico-narinense-adrian-alexander-zeballosf-cuathin-es-el-personaje-10\/","og_locale":"es_ES","og_type":"article","og_title":"Destacado acad\u00e9mico nari\u00f1ense, Adrian Alexander Zeballosf Cuathin, es El Personaje 10. | P\u00e1gina10","og_description":"Adrian Alexander Zeballosf Cuathin, oriundo de Muellamues (Guachucal \u2013 Nari\u00f1o) es Abogado y Psic\u00f3logo, Mag\u00edster y Doctor en Derecho de la Universidad Nacional de Colombia. En julio 1999 recibi\u00f3 el grado de Bachiller Agropecuario, otorgado por el Instituto T\u00e9cnico Agr\u00edcola San Diego (Muellamues). Los estudios de psicolog\u00eda los realiz\u00f3 en la Universidad Nacional abierta y [&hellip;]","og_url":"https:\/\/pagina10.com\/web\/destacado-academico-narinense-adrian-alexander-zeballosf-cuathin-es-el-personaje-10\/","og_site_name":"P\u00e1gina10","article_publisher":"https:\/\/www.facebook.com\/pag10com","article_published_time":"2023-02-01T21:47:41+00:00","og_image":[{"width":1024,"height":720,"url":"https:\/\/pagina10.com\/web\/wp-content\/uploads\/2023\/02\/WhatsApp-Image-2023-02-01-at-4.46.39-PM.jpeg","type":"image\/jpeg"}],"author":"P\u00e1gina 10","twitter_card":"summary_large_image","twitter_creator":"@Pag10com","twitter_site":"@Pag10com","twitter_misc":{"Escrito por":"P\u00e1gina 10","Tiempo de lectura":"2 minutos"},"schema":{"@context":"https:\/\/schema.org","@graph":[{"@type":"Article","@id":"https:\/\/pagina10.com\/web\/destacado-academico-narinense-adrian-alexander-zeballosf-cuathin-es-el-personaje-10\/#article","isPartOf":{"@id":"https:\/\/pagina10.com\/web\/destacado-academico-narinense-adrian-alexander-zeballosf-cuathin-es-el-personaje-10\/"},"author":{"name":"P\u00e1gina 10","@id":"https:\/\/pagina10.com\/web\/#\/schema\/person\/2efc4a090d25b667d3bc796798a3a81b"},"headline":"Destacado acad\u00e9mico nari\u00f1ense, Adrian Alexander Zeballosf Cuathin, es El Personaje 10.","datePublished":"2023-02-01T21:47:41+00:00","mainEntityOfPage":{"@id":"https:\/\/pagina10.com\/web\/destacado-academico-narinense-adrian-alexander-zeballosf-cuathin-es-el-personaje-10\/"},"wordCount":394,"commentCount":0,"publisher":{"@id":"https:\/\/pagina10.com\/web\/#organization"},"image":{"@id":"https:\/\/pagina10.com\/web\/destacado-academico-narinense-adrian-alexander-zeballosf-cuathin-es-el-personaje-10\/#primaryimage"},"thumbnailUrl":"https:\/\/pagina10.com\/web\/wp-content\/uploads\/2023\/02\/WhatsApp-Image-2023-02-01-at-4.46.39-PM.jpeg","articleSection":["Global"],"inLanguage":"es","potentialAction":[{"@type":"CommentAction","name":"Comment","target":["https:\/\/pagina10.com\/web\/destacado-academico-narinense-adrian-alexander-zeballosf-cuathin-es-el-personaje-10\/#respond"]}]},{"@type":"WebPage","@id":"https:\/\/pagina10.com\/web\/destacado-academico-narinense-adrian-alexander-zeballosf-cuathin-es-el-personaje-10\/","url":"https:\/\/pagina10.com\/web\/destacado-academico-narinense-adrian-alexander-zeballosf-cuathin-es-el-personaje-10\/","name":"Destacado acad\u00e9mico nari\u00f1ense, Adrian Alexander Zeballosf Cuathin, es El Personaje 10. | P\u00e1gina10","isPartOf":{"@id":"https:\/\/pagina10.com\/web\/#website"},"primaryImageOfPage":{"@id":"https:\/\/pagina10.com\/web\/destacado-academico-narinense-adrian-alexander-zeballosf-cuathin-es-el-personaje-10\/#primaryimage"},"image":{"@id":"https:\/\/pagina10.com\/web\/destacado-academico-narinense-adrian-alexander-zeballosf-cuathin-es-el-personaje-10\/#primaryimage"},"thumbnailUrl":"https:\/\/pagina10.com\/web\/wp-content\/uploads\/2023\/02\/WhatsApp-Image-2023-02-01-at-4.46.39-PM.jpeg","datePublished":"2023-02-01T21:47:41+00:00","breadcrumb":{"@id":"https:\/\/pagina10.com\/web\/destacado-academico-narinense-adrian-alexander-zeballosf-cuathin-es-el-personaje-10\/#breadcrumb"},"inLanguage":"es","potentialAction":[{"@type":"ReadAction","target":["https:\/\/pagina10.com\/web\/destacado-academico-narinense-adrian-alexander-zeballosf-cuathin-es-el-personaje-10\/"]}]},{"@type":"ImageObject","inLanguage":"es","@id":"https:\/\/pagina10.com\/web\/destacado-academico-narinense-adrian-alexander-zeballosf-cuathin-es-el-personaje-10\/#primaryimage","url":"https:\/\/pagina10.com\/web\/wp-content\/uploads\/2023\/02\/WhatsApp-Image-2023-02-01-at-4.46.39-PM.jpeg","contentUrl":"https:\/\/pagina10.com\/web\/wp-content\/uploads\/2023\/02\/WhatsApp-Image-2023-02-01-at-4.46.39-PM.jpeg","width":1024,"height":720},{"@type":"BreadcrumbList","@id":"https:\/\/pagina10.com\/web\/destacado-academico-narinense-adrian-alexander-zeballosf-cuathin-es-el-personaje-10\/#breadcrumb","itemListElement":[{"@type":"ListItem","position":1,"name":"Portada","item":"https:\/\/pagina10.com\/web\/"},{"@type":"ListItem","position":2,"name":"Destacado acad\u00e9mico nari\u00f1ense, Adrian Alexander Zeballosf Cuathin, es El Personaje 10."}]},{"@type":"WebSite","@id":"https:\/\/pagina10.com\/web\/#website","url":"https:\/\/pagina10.com\/web\/","name":"P\u00e1gina10","description":"Peri\u00f3dico Regional","publisher":{"@id":"https:\/\/pagina10.com\/web\/#organization"},"alternateName":"P\u00e1gina10 Peri\u00f3dico Regional","potentialAction":[{"@type":"SearchAction","target":{"@type":"EntryPoint","urlTemplate":"https:\/\/pagina10.com\/web\/?s={search_term_string}"},"query-input":{"@type":"PropertyValueSpecification","valueRequired":true,"valueName":"search_term_string"}}],"inLanguage":"es"},{"@type":"Organization","@id":"https:\/\/pagina10.com\/web\/#organization","name":"P\u00e1gina10","alternateName":"P\u00e1gina10 Peri\u00f3dico Regional","url":"https:\/\/pagina10.com\/web\/","logo":{"@type":"ImageObject","inLanguage":"es","@id":"https:\/\/pagina10.com\/web\/#\/schema\/logo\/image\/","url":"https:\/\/pagina10.com\/web\/wp-content\/uploads\/2024\/01\/40-pagina-10-periodico-regional-pasto.jpg","contentUrl":"https:\/\/pagina10.com\/web\/wp-content\/uploads\/2024\/01\/40-pagina-10-periodico-regional-pasto.jpg","width":1280,"height":720,"caption":"P\u00e1gina10"},"image":{"@id":"https:\/\/pagina10.com\/web\/#\/schema\/logo\/image\/"},"sameAs":["https:\/\/www.facebook.com\/pag10com","https:\/\/x.com\/Pag10com","https:\/\/www.instagram.com\/pagina10col\/","https:\/\/youtube.com\/channel\/pag10","https:\/\/www.tiktok.com\/@p10col"]},{"@type":"Person","@id":"https:\/\/pagina10.com\/web\/#\/schema\/person\/2efc4a090d25b667d3bc796798a3a81b","name":"P\u00e1gina 10","description":"P\u00e1gina 10 es un peri\u00f3dico regional que nace en Colombia, en el departamento de Nari\u00f1o, con un enfoque global, fundamentado en cuatro pilares esenciales: la libertad, el pluralismo, la inclusi\u00f3n y la independencia. P\u00e1gina 10 hace referencia a Nari\u00f1o como el d\u00e9cimo departamento creado en Colombia, despu\u00e9s de un proceso pol\u00edtico liderado por actores y actrices regionales con el fin de obtener la independencia y autonom\u00eda de nuestros territorios. Con la creaci\u00f3n de P\u00e1gina 10 se pretende abrir un escenario para el dialogo, la reflexi\u00f3n y el debate que se extienda a otras geograf\u00edas de Am\u00e9rica Latina y del planeta, en una apuesta por transformar colectivamente los desaf\u00edos de un mundo contempor\u00e1neo, m\u00e1s all\u00e1 de las fronteras impuestas.","url":"https:\/\/pagina10.com\/web\/author\/pdiezadmin\/"}]}},"_links":{"self":[{"href":"https:\/\/pagina10.com\/web\/wp-json\/wp\/v2\/posts\/64329","targetHints":{"allow":["GET"]}}],"collection":[{"href":"https:\/\/pagina10.com\/web\/wp-json\/wp\/v2\/posts"}],"about":[{"href":"https:\/\/pagina10.com\/web\/wp-json\/wp\/v2\/types\/post"}],"author":[{"embeddable":true,"href":"https:\/\/pagina10.com\/web\/wp-json\/wp\/v2\/users\/1"}],"replies":[{"embeddable":true,"href":"https:\/\/pagina10.com\/web\/wp-json\/wp\/v2\/comments?post=64329"}],"version-history":[{"count":1,"href":"https:\/\/pagina10.com\/web\/wp-json\/wp\/v2\/posts\/64329\/revisions"}],"predecessor-version":[{"id":64331,"href":"https:\/\/pagina10.com\/web\/wp-json\/wp\/v2\/posts\/64329\/revisions\/64331"}],"wp:featuredmedia":[{"embeddable":true,"href":"https:\/\/pagina10.com\/web\/wp-json\/wp\/v2\/media\/64330"}],"wp:attachment":[{"href":"https:\/\/pagina10.com\/web\/wp-json\/wp\/v2\/media?parent=64329"}],"wp:term":[{"taxonomy":"category","embeddable":true,"href":"https:\/\/pagina10.com\/web\/wp-json\/wp\/v2\/categories?post=64329"},{"taxonomy":"post_tag","embeddable":true,"href":"https:\/\/pagina10.com\/web\/wp-json\/wp\/v2\/tags?post=64329"}],"curies":[{"name":"wp","href":"https:\/\/api.w.org\/{rel}","templated":true}]}}