{"id":64349,"date":"2023-02-02T15:30:40","date_gmt":"2023-02-02T20:30:40","guid":{"rendered":"https:\/\/pagina10.com\/web\/?p=64349"},"modified":"2023-02-02T15:30:40","modified_gmt":"2023-02-02T20:30:40","slug":"deportivo-pasto-oficializo-a-dos-nuevos-refuerzos","status":"publish","type":"post","link":"https:\/\/pagina10.com\/web\/deportivo-pasto-oficializo-a-dos-nuevos-refuerzos\/","title":{"rendered":"Deportivo Pasto oficializ\u00f3 a dos nuevos refuerzos"},"content":{"rendered":"<p style=\"text-align: justify;\">El primero corresponde al lateral izquierdo Christian Camilo Mafla Rebell\u00f3n, nacido el 15 de enero de 1993 en Palmira, Valle. Con 30 a\u00f1os ha militado en el f\u00fatbol colombiano en escuadras como Atl\u00e9tico Nacional, Am\u00e9rica de Cali, Deportivo Cali, Atl\u00e9tico Bucaramanga, Boyac\u00e1 Chic\u00f3, entre otros, mientras que en el f\u00fatbol del exterior pas\u00f3 por clubes como Sud Am\u00e9rica de Uruguay, Olimpo de Argentina y el New England Revolution de Estados Unidos.<\/p>\n<p style=\"text-align: justify;\">El futbolista tuvo un palmar\u00e9s importante comenzando por el ascenso con el Atl\u00e9tico Bucaramanga en el 2015, una Copa Colombia con Atl\u00e9tico Nacional en el 2018 y una MLS Supporters\u00b4 Shields en el 2021.<\/p>\n<p style=\"text-align: justify;\">Superado los ex\u00e1menes de salud, Mafla firm\u00f3 su contrato que lo vincula formalmente a la instituci\u00f3n volc\u00e1nica. El lateral izquierdo ya est\u00e1 a las enteras disposiciones del profesor Flabio Torres con quien ya comparti\u00f3 camerino en el equipo Atl\u00e9tico Bucaramanga y conoce las cualidades y capacidades de la nueva adquisici\u00f3n del elenco tricolor.<\/p>\n<p style=\"text-align: justify;\">Por otro lado, se confirm\u00f3 la llegada del zaguero central Eduar Caicedo quien potenciar\u00e1 el m\u00f3dulo defensivo del elenco del sur durante el 2023. El jugador tiene trayectoria en equipos como Deportivo Cali y Deportes Tolima, Eduar tiene un importante despliegue f\u00edsico, potente en el juego a\u00e9reo y bastante f\u00e9rreo en el primer cuarto de cancha.<\/p>\n","protected":false},"excerpt":{"rendered":"<p>El primero corresponde al lateral izquierdo Christian Camilo Mafla Rebell\u00f3n, nacido el 15 de enero de 1993 en Palmira, Valle. Con 30 a\u00f1os ha militado en el f\u00fatbol colombiano en escuadras como Atl\u00e9tico Nacional, Am\u00e9rica de Cali, Deportivo Cali, Atl\u00e9tico Bucaramanga, Boyac\u00e1 Chic\u00f3, entre otros, mientras que en el f\u00fatbol del exterior pas\u00f3 por clubes [&hellip;]<\/p>\n","protected":false},"author":1,"featured_media":64350,"comment_status":"open","ping_status":"open","sticky":false,"template":"","format":"standard","meta":{"footnotes":""},"categories":[86],"tags":[],"class_list":["post-64349","post","type-post","status-publish","format-standard","has-post-thumbnail","hentry","category-deportes-2"],"yoast_head":"<!-- This site is optimized with the Yoast SEO plugin v27.1.1 - https:\/\/yoast.com\/product\/yoast-seo-wordpress\/ -->\n<title>Deportivo Pasto oficializ\u00f3 a dos nuevos refuerzos | P\u00e1gina10<\/title>\n<meta name=\"robots\" content=\"index, follow, max-snippet:-1, max-image-preview:large, max-video-preview:-1\" \/>\n<link rel=\"canonical\" href=\"https:\/\/pagina10.com\/web\/deportivo-pasto-oficializo-a-dos-nuevos-refuerzos\/\" \/>\n<meta property=\"og:locale\" content=\"es_ES\" \/>\n<meta property=\"og:type\" content=\"article\" \/>\n<meta property=\"og:title\" content=\"Deportivo Pasto oficializ\u00f3 a dos nuevos refuerzos | P\u00e1gina10\" \/>\n<meta property=\"og:description\" content=\"El primero corresponde al lateral izquierdo Christian Camilo Mafla Rebell\u00f3n, nacido el 15 de enero de 1993 en Palmira, Valle. Con 30 a\u00f1os ha militado en el f\u00fatbol colombiano en escuadras como Atl\u00e9tico Nacional, Am\u00e9rica de Cali, Deportivo Cali, Atl\u00e9tico Bucaramanga, Boyac\u00e1 Chic\u00f3, entre otros, mientras que en el f\u00fatbol del exterior pas\u00f3 por clubes [&hellip;]\" \/>\n<meta property=\"og:url\" content=\"https:\/\/pagina10.com\/web\/deportivo-pasto-oficializo-a-dos-nuevos-refuerzos\/\" \/>\n<meta property=\"og:site_name\" content=\"P\u00e1gina10\" \/>\n<meta property=\"article:publisher\" content=\"https:\/\/www.facebook.com\/pag10com\" \/>\n<meta property=\"article:published_time\" content=\"2023-02-02T20:30:40+00:00\" \/>\n<meta property=\"og:image\" content=\"https:\/\/pagina10.com\/web\/wp-content\/uploads\/2023\/02\/Sin-titulo-1-01-1024x623.jpg\" \/>\n\t<meta property=\"og:image:width\" content=\"1024\" \/>\n\t<meta property=\"og:image:height\" content=\"623\" \/>\n\t<meta property=\"og:image:type\" content=\"image\/jpeg\" \/>\n<meta name=\"author\" content=\"P\u00e1gina 10\" \/>\n<meta name=\"twitter:card\" content=\"summary_large_image\" \/>\n<meta name=\"twitter:creator\" content=\"@Pag10com\" \/>\n<meta name=\"twitter:site\" content=\"@Pag10com\" \/>\n<meta name=\"twitter:label1\" content=\"Escrito por\" \/>\n\t<meta name=\"twitter:data1\" content=\"P\u00e1gina 10\" \/>\n\t<meta name=\"twitter:label2\" content=\"Tiempo de lectura\" \/>\n\t<meta name=\"twitter:data2\" content=\"1 minuto\" \/>\n<script type=\"application\/ld+json\" class=\"yoast-schema-graph\">{\"@context\":\"https:\/\/schema.org\",\"@graph\":[{\"@type\":\"Article\",\"@id\":\"https:\/\/pagina10.com\/web\/deportivo-pasto-oficializo-a-dos-nuevos-refuerzos\/#article\",\"isPartOf\":{\"@id\":\"https:\/\/pagina10.com\/web\/deportivo-pasto-oficializo-a-dos-nuevos-refuerzos\/\"},\"author\":{\"name\":\"P\u00e1gina 10\",\"@id\":\"https:\/\/pagina10.com\/web\/#\/schema\/person\/2efc4a090d25b667d3bc796798a3a81b\"},\"headline\":\"Deportivo Pasto oficializ\u00f3 a dos nuevos refuerzos\",\"datePublished\":\"2023-02-02T20:30:40+00:00\",\"mainEntityOfPage\":{\"@id\":\"https:\/\/pagina10.com\/web\/deportivo-pasto-oficializo-a-dos-nuevos-refuerzos\/\"},\"wordCount\":234,\"commentCount\":0,\"publisher\":{\"@id\":\"https:\/\/pagina10.com\/web\/#organization\"},\"image\":{\"@id\":\"https:\/\/pagina10.com\/web\/deportivo-pasto-oficializo-a-dos-nuevos-refuerzos\/#primaryimage\"},\"thumbnailUrl\":\"https:\/\/pagina10.com\/web\/wp-content\/uploads\/2023\/02\/Sin-titulo-1-01.jpg\",\"articleSection\":[\"Deportes\"],\"inLanguage\":\"es\",\"potentialAction\":[{\"@type\":\"CommentAction\",\"name\":\"Comment\",\"target\":[\"https:\/\/pagina10.com\/web\/deportivo-pasto-oficializo-a-dos-nuevos-refuerzos\/#respond\"]}]},{\"@type\":\"WebPage\",\"@id\":\"https:\/\/pagina10.com\/web\/deportivo-pasto-oficializo-a-dos-nuevos-refuerzos\/\",\"url\":\"https:\/\/pagina10.com\/web\/deportivo-pasto-oficializo-a-dos-nuevos-refuerzos\/\",\"name\":\"Deportivo Pasto oficializ\u00f3 a dos nuevos refuerzos | P\u00e1gina10\",\"isPartOf\":{\"@id\":\"https:\/\/pagina10.com\/web\/#website\"},\"primaryImageOfPage\":{\"@id\":\"https:\/\/pagina10.com\/web\/deportivo-pasto-oficializo-a-dos-nuevos-refuerzos\/#primaryimage\"},\"image\":{\"@id\":\"https:\/\/pagina10.com\/web\/deportivo-pasto-oficializo-a-dos-nuevos-refuerzos\/#primaryimage\"},\"thumbnailUrl\":\"https:\/\/pagina10.com\/web\/wp-content\/uploads\/2023\/02\/Sin-titulo-1-01.jpg\",\"datePublished\":\"2023-02-02T20:30:40+00:00\",\"breadcrumb\":{\"@id\":\"https:\/\/pagina10.com\/web\/deportivo-pasto-oficializo-a-dos-nuevos-refuerzos\/#breadcrumb\"},\"inLanguage\":\"es\",\"potentialAction\":[{\"@type\":\"ReadAction\",\"target\":[\"https:\/\/pagina10.com\/web\/deportivo-pasto-oficializo-a-dos-nuevos-refuerzos\/\"]}]},{\"@type\":\"ImageObject\",\"inLanguage\":\"es\",\"@id\":\"https:\/\/pagina10.com\/web\/deportivo-pasto-oficializo-a-dos-nuevos-refuerzos\/#primaryimage\",\"url\":\"https:\/\/pagina10.com\/web\/wp-content\/uploads\/2023\/02\/Sin-titulo-1-01.jpg\",\"contentUrl\":\"https:\/\/pagina10.com\/web\/wp-content\/uploads\/2023\/02\/Sin-titulo-1-01.jpg\",\"width\":2350,\"height\":1429},{\"@type\":\"BreadcrumbList\",\"@id\":\"https:\/\/pagina10.com\/web\/deportivo-pasto-oficializo-a-dos-nuevos-refuerzos\/#breadcrumb\",\"itemListElement\":[{\"@type\":\"ListItem\",\"position\":1,\"name\":\"Portada\",\"item\":\"https:\/\/pagina10.com\/web\/\"},{\"@type\":\"ListItem\",\"position\":2,\"name\":\"Deportivo Pasto oficializ\u00f3 a dos nuevos refuerzos\"}]},{\"@type\":\"WebSite\",\"@id\":\"https:\/\/pagina10.com\/web\/#website\",\"url\":\"https:\/\/pagina10.com\/web\/\",\"name\":\"P\u00e1gina10\",\"description\":\"Peri\u00f3dico Regional\",\"publisher\":{\"@id\":\"https:\/\/pagina10.com\/web\/#organization\"},\"alternateName\":\"P\u00e1gina10 Peri\u00f3dico Regional\",\"potentialAction\":[{\"@type\":\"SearchAction\",\"target\":{\"@type\":\"EntryPoint\",\"urlTemplate\":\"https:\/\/pagina10.com\/web\/?s={search_term_string}\"},\"query-input\":{\"@type\":\"PropertyValueSpecification\",\"valueRequired\":true,\"valueName\":\"search_term_string\"}}],\"inLanguage\":\"es\"},{\"@type\":\"Organization\",\"@id\":\"https:\/\/pagina10.com\/web\/#organization\",\"name\":\"P\u00e1gina10\",\"alternateName\":\"P\u00e1gina10 Peri\u00f3dico Regional\",\"url\":\"https:\/\/pagina10.com\/web\/\",\"logo\":{\"@type\":\"ImageObject\",\"inLanguage\":\"es\",\"@id\":\"https:\/\/pagina10.com\/web\/#\/schema\/logo\/image\/\",\"url\":\"https:\/\/pagina10.com\/web\/wp-content\/uploads\/2024\/01\/40-pagina-10-periodico-regional-pasto.jpg\",\"contentUrl\":\"https:\/\/pagina10.com\/web\/wp-content\/uploads\/2024\/01\/40-pagina-10-periodico-regional-pasto.jpg\",\"width\":1280,\"height\":720,\"caption\":\"P\u00e1gina10\"},\"image\":{\"@id\":\"https:\/\/pagina10.com\/web\/#\/schema\/logo\/image\/\"},\"sameAs\":[\"https:\/\/www.facebook.com\/pag10com\",\"https:\/\/x.com\/Pag10com\",\"https:\/\/www.instagram.com\/pagina10col\/\",\"https:\/\/youtube.com\/channel\/pag10\",\"https:\/\/www.tiktok.com\/@p10col\"]},{\"@type\":\"Person\",\"@id\":\"https:\/\/pagina10.com\/web\/#\/schema\/person\/2efc4a090d25b667d3bc796798a3a81b\",\"name\":\"P\u00e1gina 10\",\"description\":\"P\u00e1gina 10 es un peri\u00f3dico regional que nace en Colombia, en el departamento de Nari\u00f1o, con un enfoque global, fundamentado en cuatro pilares esenciales: la libertad, el pluralismo, la inclusi\u00f3n y la independencia. P\u00e1gina 10 hace referencia a Nari\u00f1o como el d\u00e9cimo departamento creado en Colombia, despu\u00e9s de un proceso pol\u00edtico liderado por actores y actrices regionales con el fin de obtener la independencia y autonom\u00eda de nuestros territorios. Con la creaci\u00f3n de P\u00e1gina 10 se pretende abrir un escenario para el dialogo, la reflexi\u00f3n y el debate que se extienda a otras geograf\u00edas de Am\u00e9rica Latina y del planeta, en una apuesta por transformar colectivamente los desaf\u00edos de un mundo contempor\u00e1neo, m\u00e1s all\u00e1 de las fronteras impuestas.\",\"url\":\"https:\/\/pagina10.com\/web\/author\/pdiezadmin\/\"}]}<\/script>\n<!-- \/ Yoast SEO plugin. -->","yoast_head_json":{"title":"Deportivo Pasto oficializ\u00f3 a dos nuevos refuerzos | P\u00e1gina10","robots":{"index":"index","follow":"follow","max-snippet":"max-snippet:-1","max-image-preview":"max-image-preview:large","max-video-preview":"max-video-preview:-1"},"canonical":"https:\/\/pagina10.com\/web\/deportivo-pasto-oficializo-a-dos-nuevos-refuerzos\/","og_locale":"es_ES","og_type":"article","og_title":"Deportivo Pasto oficializ\u00f3 a dos nuevos refuerzos | P\u00e1gina10","og_description":"El primero corresponde al lateral izquierdo Christian Camilo Mafla Rebell\u00f3n, nacido el 15 de enero de 1993 en Palmira, Valle. Con 30 a\u00f1os ha militado en el f\u00fatbol colombiano en escuadras como Atl\u00e9tico Nacional, Am\u00e9rica de Cali, Deportivo Cali, Atl\u00e9tico Bucaramanga, Boyac\u00e1 Chic\u00f3, entre otros, mientras que en el f\u00fatbol del exterior pas\u00f3 por clubes [&hellip;]","og_url":"https:\/\/pagina10.com\/web\/deportivo-pasto-oficializo-a-dos-nuevos-refuerzos\/","og_site_name":"P\u00e1gina10","article_publisher":"https:\/\/www.facebook.com\/pag10com","article_published_time":"2023-02-02T20:30:40+00:00","og_image":[{"width":1024,"height":623,"url":"https:\/\/pagina10.com\/web\/wp-content\/uploads\/2023\/02\/Sin-titulo-1-01-1024x623.jpg","type":"image\/jpeg"}],"author":"P\u00e1gina 10","twitter_card":"summary_large_image","twitter_creator":"@Pag10com","twitter_site":"@Pag10com","twitter_misc":{"Escrito por":"P\u00e1gina 10","Tiempo de lectura":"1 minuto"},"schema":{"@context":"https:\/\/schema.org","@graph":[{"@type":"Article","@id":"https:\/\/pagina10.com\/web\/deportivo-pasto-oficializo-a-dos-nuevos-refuerzos\/#article","isPartOf":{"@id":"https:\/\/pagina10.com\/web\/deportivo-pasto-oficializo-a-dos-nuevos-refuerzos\/"},"author":{"name":"P\u00e1gina 10","@id":"https:\/\/pagina10.com\/web\/#\/schema\/person\/2efc4a090d25b667d3bc796798a3a81b"},"headline":"Deportivo Pasto oficializ\u00f3 a dos nuevos refuerzos","datePublished":"2023-02-02T20:30:40+00:00","mainEntityOfPage":{"@id":"https:\/\/pagina10.com\/web\/deportivo-pasto-oficializo-a-dos-nuevos-refuerzos\/"},"wordCount":234,"commentCount":0,"publisher":{"@id":"https:\/\/pagina10.com\/web\/#organization"},"image":{"@id":"https:\/\/pagina10.com\/web\/deportivo-pasto-oficializo-a-dos-nuevos-refuerzos\/#primaryimage"},"thumbnailUrl":"https:\/\/pagina10.com\/web\/wp-content\/uploads\/2023\/02\/Sin-titulo-1-01.jpg","articleSection":["Deportes"],"inLanguage":"es","potentialAction":[{"@type":"CommentAction","name":"Comment","target":["https:\/\/pagina10.com\/web\/deportivo-pasto-oficializo-a-dos-nuevos-refuerzos\/#respond"]}]},{"@type":"WebPage","@id":"https:\/\/pagina10.com\/web\/deportivo-pasto-oficializo-a-dos-nuevos-refuerzos\/","url":"https:\/\/pagina10.com\/web\/deportivo-pasto-oficializo-a-dos-nuevos-refuerzos\/","name":"Deportivo Pasto oficializ\u00f3 a dos nuevos refuerzos | P\u00e1gina10","isPartOf":{"@id":"https:\/\/pagina10.com\/web\/#website"},"primaryImageOfPage":{"@id":"https:\/\/pagina10.com\/web\/deportivo-pasto-oficializo-a-dos-nuevos-refuerzos\/#primaryimage"},"image":{"@id":"https:\/\/pagina10.com\/web\/deportivo-pasto-oficializo-a-dos-nuevos-refuerzos\/#primaryimage"},"thumbnailUrl":"https:\/\/pagina10.com\/web\/wp-content\/uploads\/2023\/02\/Sin-titulo-1-01.jpg","datePublished":"2023-02-02T20:30:40+00:00","breadcrumb":{"@id":"https:\/\/pagina10.com\/web\/deportivo-pasto-oficializo-a-dos-nuevos-refuerzos\/#breadcrumb"},"inLanguage":"es","potentialAction":[{"@type":"ReadAction","target":["https:\/\/pagina10.com\/web\/deportivo-pasto-oficializo-a-dos-nuevos-refuerzos\/"]}]},{"@type":"ImageObject","inLanguage":"es","@id":"https:\/\/pagina10.com\/web\/deportivo-pasto-oficializo-a-dos-nuevos-refuerzos\/#primaryimage","url":"https:\/\/pagina10.com\/web\/wp-content\/uploads\/2023\/02\/Sin-titulo-1-01.jpg","contentUrl":"https:\/\/pagina10.com\/web\/wp-content\/uploads\/2023\/02\/Sin-titulo-1-01.jpg","width":2350,"height":1429},{"@type":"BreadcrumbList","@id":"https:\/\/pagina10.com\/web\/deportivo-pasto-oficializo-a-dos-nuevos-refuerzos\/#breadcrumb","itemListElement":[{"@type":"ListItem","position":1,"name":"Portada","item":"https:\/\/pagina10.com\/web\/"},{"@type":"ListItem","position":2,"name":"Deportivo Pasto oficializ\u00f3 a dos nuevos refuerzos"}]},{"@type":"WebSite","@id":"https:\/\/pagina10.com\/web\/#website","url":"https:\/\/pagina10.com\/web\/","name":"P\u00e1gina10","description":"Peri\u00f3dico Regional","publisher":{"@id":"https:\/\/pagina10.com\/web\/#organization"},"alternateName":"P\u00e1gina10 Peri\u00f3dico Regional","potentialAction":[{"@type":"SearchAction","target":{"@type":"EntryPoint","urlTemplate":"https:\/\/pagina10.com\/web\/?s={search_term_string}"},"query-input":{"@type":"PropertyValueSpecification","valueRequired":true,"valueName":"search_term_string"}}],"inLanguage":"es"},{"@type":"Organization","@id":"https:\/\/pagina10.com\/web\/#organization","name":"P\u00e1gina10","alternateName":"P\u00e1gina10 Peri\u00f3dico Regional","url":"https:\/\/pagina10.com\/web\/","logo":{"@type":"ImageObject","inLanguage":"es","@id":"https:\/\/pagina10.com\/web\/#\/schema\/logo\/image\/","url":"https:\/\/pagina10.com\/web\/wp-content\/uploads\/2024\/01\/40-pagina-10-periodico-regional-pasto.jpg","contentUrl":"https:\/\/pagina10.com\/web\/wp-content\/uploads\/2024\/01\/40-pagina-10-periodico-regional-pasto.jpg","width":1280,"height":720,"caption":"P\u00e1gina10"},"image":{"@id":"https:\/\/pagina10.com\/web\/#\/schema\/logo\/image\/"},"sameAs":["https:\/\/www.facebook.com\/pag10com","https:\/\/x.com\/Pag10com","https:\/\/www.instagram.com\/pagina10col\/","https:\/\/youtube.com\/channel\/pag10","https:\/\/www.tiktok.com\/@p10col"]},{"@type":"Person","@id":"https:\/\/pagina10.com\/web\/#\/schema\/person\/2efc4a090d25b667d3bc796798a3a81b","name":"P\u00e1gina 10","description":"P\u00e1gina 10 es un peri\u00f3dico regional que nace en Colombia, en el departamento de Nari\u00f1o, con un enfoque global, fundamentado en cuatro pilares esenciales: la libertad, el pluralismo, la inclusi\u00f3n y la independencia. P\u00e1gina 10 hace referencia a Nari\u00f1o como el d\u00e9cimo departamento creado en Colombia, despu\u00e9s de un proceso pol\u00edtico liderado por actores y actrices regionales con el fin de obtener la independencia y autonom\u00eda de nuestros territorios. Con la creaci\u00f3n de P\u00e1gina 10 se pretende abrir un escenario para el dialogo, la reflexi\u00f3n y el debate que se extienda a otras geograf\u00edas de Am\u00e9rica Latina y del planeta, en una apuesta por transformar colectivamente los desaf\u00edos de un mundo contempor\u00e1neo, m\u00e1s all\u00e1 de las fronteras impuestas.","url":"https:\/\/pagina10.com\/web\/author\/pdiezadmin\/"}]}},"_links":{"self":[{"href":"https:\/\/pagina10.com\/web\/wp-json\/wp\/v2\/posts\/64349","targetHints":{"allow":["GET"]}}],"collection":[{"href":"https:\/\/pagina10.com\/web\/wp-json\/wp\/v2\/posts"}],"about":[{"href":"https:\/\/pagina10.com\/web\/wp-json\/wp\/v2\/types\/post"}],"author":[{"embeddable":true,"href":"https:\/\/pagina10.com\/web\/wp-json\/wp\/v2\/users\/1"}],"replies":[{"embeddable":true,"href":"https:\/\/pagina10.com\/web\/wp-json\/wp\/v2\/comments?post=64349"}],"version-history":[{"count":1,"href":"https:\/\/pagina10.com\/web\/wp-json\/wp\/v2\/posts\/64349\/revisions"}],"predecessor-version":[{"id":64351,"href":"https:\/\/pagina10.com\/web\/wp-json\/wp\/v2\/posts\/64349\/revisions\/64351"}],"wp:featuredmedia":[{"embeddable":true,"href":"https:\/\/pagina10.com\/web\/wp-json\/wp\/v2\/media\/64350"}],"wp:attachment":[{"href":"https:\/\/pagina10.com\/web\/wp-json\/wp\/v2\/media?parent=64349"}],"wp:term":[{"taxonomy":"category","embeddable":true,"href":"https:\/\/pagina10.com\/web\/wp-json\/wp\/v2\/categories?post=64349"},{"taxonomy":"post_tag","embeddable":true,"href":"https:\/\/pagina10.com\/web\/wp-json\/wp\/v2\/tags?post=64349"}],"curies":[{"name":"wp","href":"https:\/\/api.w.org\/{rel}","templated":true}]}}