{"id":64362,"date":"2023-02-02T20:11:17","date_gmt":"2023-02-03T01:11:17","guid":{"rendered":"https:\/\/pagina10.com\/web\/?p=64362"},"modified":"2023-02-02T20:11:17","modified_gmt":"2023-02-03T01:11:17","slug":"narinenses-corren-en-los-campeonatos-nacionales-de-ciclismo-de-ruta","status":"publish","type":"post","link":"https:\/\/pagina10.com\/web\/narinenses-corren-en-los-campeonatos-nacionales-de-ciclismo-de-ruta\/","title":{"rendered":"Nari\u00f1enses corren en los Campeonatos Nacionales de Ciclismo de Ruta"},"content":{"rendered":"<p style=\"text-align: justify;\">Con Remigio Atapuma como t\u00e9cnico el equipo nari\u00f1ense de ciclismo conformado por Juli\u00e1n Bastidas, Daniel Guzm\u00e1n, Juan Felipe Riascos y Leider Calder\u00f3n, que adelanta su intervenci\u00f3n en los Campeonatos Nacionales de Ciclismo de Ruta que arrancaron hoy en Bucaramanga. La competici\u00f3n se extender\u00e1 hasta el pr\u00f3ximo domingo 5 de febrero.<\/p>\n<p style=\"text-align: justify;\">Cabe mencionar que en la primera jornada el corredor del Team Medell\u00edn, Miguel \u00c1ngel L\u00f3pez se impuso en la categor\u00eda \u00e9lite, mientras que Germ\u00e1n G\u00f3mez se qued\u00f3 con el oro en la categor\u00eda sub-23, Lina Marcela Hern\u00e1ndez hizo lo propio en la categor\u00eda de Damas y Gabriela L\u00f3pez se colg\u00f3 la medalla dorada en la categor\u00eda damas-sub 23.<\/p>\n<p style=\"text-align: justify;\">Los campeonatos Nacionales tendr\u00e1n tres jornadas m\u00e1s de competencia. El viernes 3 de febrero ser\u00e1 el turno para las Damas que se medir\u00e1n en el gran fondo de 118.5 kil\u00f3metros en un circuito (cinco vueltas) que se disputar\u00e1n en Bucaramanga. El s\u00e1bado 4 del mismo mes ser\u00e1 el turno para los ciclistas masculinos de la categor\u00eda sub-23 en un recorrido de 165.9 kil\u00f3metros (siete vueltas) y el domingo 5 concluir\u00e1 la carrera con la prueba \u00e9lite que tendr\u00e1 una distancia de 237 kil\u00f3metros (10 vueltas).<\/p>\n","protected":false},"excerpt":{"rendered":"<p>Con Remigio Atapuma como t\u00e9cnico el equipo nari\u00f1ense de ciclismo conformado por Juli\u00e1n Bastidas, Daniel Guzm\u00e1n, Juan Felipe Riascos y Leider Calder\u00f3n, que adelanta su intervenci\u00f3n en los Campeonatos Nacionales de Ciclismo de Ruta que arrancaron hoy en Bucaramanga. La competici\u00f3n se extender\u00e1 hasta el pr\u00f3ximo domingo 5 de febrero. Cabe mencionar que en la [&hellip;]<\/p>\n","protected":false},"author":1,"featured_media":64364,"comment_status":"open","ping_status":"open","sticky":false,"template":"","format":"standard","meta":{"footnotes":""},"categories":[86],"tags":[],"class_list":["post-64362","post","type-post","status-publish","format-standard","has-post-thumbnail","hentry","category-deportes-2"],"yoast_head":"<!-- This site is optimized with the Yoast SEO plugin v27.1.1 - https:\/\/yoast.com\/product\/yoast-seo-wordpress\/ -->\n<title>Nari\u00f1enses corren en los Campeonatos Nacionales de Ciclismo de Ruta | P\u00e1gina10<\/title>\n<meta name=\"robots\" content=\"index, follow, max-snippet:-1, max-image-preview:large, max-video-preview:-1\" \/>\n<link rel=\"canonical\" href=\"https:\/\/pagina10.com\/web\/narinenses-corren-en-los-campeonatos-nacionales-de-ciclismo-de-ruta\/\" \/>\n<meta property=\"og:locale\" content=\"es_ES\" \/>\n<meta property=\"og:type\" content=\"article\" \/>\n<meta property=\"og:title\" content=\"Nari\u00f1enses corren en los Campeonatos Nacionales de Ciclismo de Ruta | P\u00e1gina10\" \/>\n<meta property=\"og:description\" content=\"Con Remigio Atapuma como t\u00e9cnico el equipo nari\u00f1ense de ciclismo conformado por Juli\u00e1n Bastidas, Daniel Guzm\u00e1n, Juan Felipe Riascos y Leider Calder\u00f3n, que adelanta su intervenci\u00f3n en los Campeonatos Nacionales de Ciclismo de Ruta que arrancaron hoy en Bucaramanga. La competici\u00f3n se extender\u00e1 hasta el pr\u00f3ximo domingo 5 de febrero. Cabe mencionar que en la [&hellip;]\" \/>\n<meta property=\"og:url\" content=\"https:\/\/pagina10.com\/web\/narinenses-corren-en-los-campeonatos-nacionales-de-ciclismo-de-ruta\/\" \/>\n<meta property=\"og:site_name\" content=\"P\u00e1gina10\" \/>\n<meta property=\"article:publisher\" content=\"https:\/\/www.facebook.com\/pag10com\" \/>\n<meta property=\"article:published_time\" content=\"2023-02-03T01:11:17+00:00\" \/>\n<meta property=\"og:image\" content=\"https:\/\/pagina10.com\/web\/wp-content\/uploads\/2023\/02\/328689832_5680129595449156_7313099410192225564_n.jpg\" \/>\n\t<meta property=\"og:image:width\" content=\"600\" \/>\n\t<meta property=\"og:image:height\" content=\"450\" \/>\n\t<meta property=\"og:image:type\" content=\"image\/jpeg\" \/>\n<meta name=\"author\" content=\"P\u00e1gina 10\" \/>\n<meta name=\"twitter:card\" content=\"summary_large_image\" \/>\n<meta name=\"twitter:creator\" content=\"@Pag10com\" \/>\n<meta name=\"twitter:site\" content=\"@Pag10com\" \/>\n<meta name=\"twitter:label1\" content=\"Escrito por\" \/>\n\t<meta name=\"twitter:data1\" content=\"P\u00e1gina 10\" \/>\n\t<meta name=\"twitter:label2\" content=\"Tiempo de lectura\" \/>\n\t<meta name=\"twitter:data2\" content=\"1 minuto\" \/>\n<script type=\"application\/ld+json\" class=\"yoast-schema-graph\">{\"@context\":\"https:\/\/schema.org\",\"@graph\":[{\"@type\":\"Article\",\"@id\":\"https:\/\/pagina10.com\/web\/narinenses-corren-en-los-campeonatos-nacionales-de-ciclismo-de-ruta\/#article\",\"isPartOf\":{\"@id\":\"https:\/\/pagina10.com\/web\/narinenses-corren-en-los-campeonatos-nacionales-de-ciclismo-de-ruta\/\"},\"author\":{\"name\":\"P\u00e1gina 10\",\"@id\":\"https:\/\/pagina10.com\/web\/#\/schema\/person\/2efc4a090d25b667d3bc796798a3a81b\"},\"headline\":\"Nari\u00f1enses corren en los Campeonatos Nacionales de Ciclismo de Ruta\",\"datePublished\":\"2023-02-03T01:11:17+00:00\",\"mainEntityOfPage\":{\"@id\":\"https:\/\/pagina10.com\/web\/narinenses-corren-en-los-campeonatos-nacionales-de-ciclismo-de-ruta\/\"},\"wordCount\":222,\"commentCount\":0,\"publisher\":{\"@id\":\"https:\/\/pagina10.com\/web\/#organization\"},\"image\":{\"@id\":\"https:\/\/pagina10.com\/web\/narinenses-corren-en-los-campeonatos-nacionales-de-ciclismo-de-ruta\/#primaryimage\"},\"thumbnailUrl\":\"https:\/\/pagina10.com\/web\/wp-content\/uploads\/2023\/02\/328689832_5680129595449156_7313099410192225564_n.jpg\",\"articleSection\":[\"Deportes\"],\"inLanguage\":\"es\",\"potentialAction\":[{\"@type\":\"CommentAction\",\"name\":\"Comment\",\"target\":[\"https:\/\/pagina10.com\/web\/narinenses-corren-en-los-campeonatos-nacionales-de-ciclismo-de-ruta\/#respond\"]}]},{\"@type\":\"WebPage\",\"@id\":\"https:\/\/pagina10.com\/web\/narinenses-corren-en-los-campeonatos-nacionales-de-ciclismo-de-ruta\/\",\"url\":\"https:\/\/pagina10.com\/web\/narinenses-corren-en-los-campeonatos-nacionales-de-ciclismo-de-ruta\/\",\"name\":\"Nari\u00f1enses corren en los Campeonatos Nacionales de Ciclismo de Ruta | P\u00e1gina10\",\"isPartOf\":{\"@id\":\"https:\/\/pagina10.com\/web\/#website\"},\"primaryImageOfPage\":{\"@id\":\"https:\/\/pagina10.com\/web\/narinenses-corren-en-los-campeonatos-nacionales-de-ciclismo-de-ruta\/#primaryimage\"},\"image\":{\"@id\":\"https:\/\/pagina10.com\/web\/narinenses-corren-en-los-campeonatos-nacionales-de-ciclismo-de-ruta\/#primaryimage\"},\"thumbnailUrl\":\"https:\/\/pagina10.com\/web\/wp-content\/uploads\/2023\/02\/328689832_5680129595449156_7313099410192225564_n.jpg\",\"datePublished\":\"2023-02-03T01:11:17+00:00\",\"breadcrumb\":{\"@id\":\"https:\/\/pagina10.com\/web\/narinenses-corren-en-los-campeonatos-nacionales-de-ciclismo-de-ruta\/#breadcrumb\"},\"inLanguage\":\"es\",\"potentialAction\":[{\"@type\":\"ReadAction\",\"target\":[\"https:\/\/pagina10.com\/web\/narinenses-corren-en-los-campeonatos-nacionales-de-ciclismo-de-ruta\/\"]}]},{\"@type\":\"ImageObject\",\"inLanguage\":\"es\",\"@id\":\"https:\/\/pagina10.com\/web\/narinenses-corren-en-los-campeonatos-nacionales-de-ciclismo-de-ruta\/#primaryimage\",\"url\":\"https:\/\/pagina10.com\/web\/wp-content\/uploads\/2023\/02\/328689832_5680129595449156_7313099410192225564_n.jpg\",\"contentUrl\":\"https:\/\/pagina10.com\/web\/wp-content\/uploads\/2023\/02\/328689832_5680129595449156_7313099410192225564_n.jpg\",\"width\":600,\"height\":450},{\"@type\":\"BreadcrumbList\",\"@id\":\"https:\/\/pagina10.com\/web\/narinenses-corren-en-los-campeonatos-nacionales-de-ciclismo-de-ruta\/#breadcrumb\",\"itemListElement\":[{\"@type\":\"ListItem\",\"position\":1,\"name\":\"Portada\",\"item\":\"https:\/\/pagina10.com\/web\/\"},{\"@type\":\"ListItem\",\"position\":2,\"name\":\"Nari\u00f1enses corren en los Campeonatos Nacionales de Ciclismo de Ruta\"}]},{\"@type\":\"WebSite\",\"@id\":\"https:\/\/pagina10.com\/web\/#website\",\"url\":\"https:\/\/pagina10.com\/web\/\",\"name\":\"P\u00e1gina10\",\"description\":\"Peri\u00f3dico Regional\",\"publisher\":{\"@id\":\"https:\/\/pagina10.com\/web\/#organization\"},\"alternateName\":\"P\u00e1gina10 Peri\u00f3dico Regional\",\"potentialAction\":[{\"@type\":\"SearchAction\",\"target\":{\"@type\":\"EntryPoint\",\"urlTemplate\":\"https:\/\/pagina10.com\/web\/?s={search_term_string}\"},\"query-input\":{\"@type\":\"PropertyValueSpecification\",\"valueRequired\":true,\"valueName\":\"search_term_string\"}}],\"inLanguage\":\"es\"},{\"@type\":\"Organization\",\"@id\":\"https:\/\/pagina10.com\/web\/#organization\",\"name\":\"P\u00e1gina10\",\"alternateName\":\"P\u00e1gina10 Peri\u00f3dico Regional\",\"url\":\"https:\/\/pagina10.com\/web\/\",\"logo\":{\"@type\":\"ImageObject\",\"inLanguage\":\"es\",\"@id\":\"https:\/\/pagina10.com\/web\/#\/schema\/logo\/image\/\",\"url\":\"https:\/\/pagina10.com\/web\/wp-content\/uploads\/2024\/01\/40-pagina-10-periodico-regional-pasto.jpg\",\"contentUrl\":\"https:\/\/pagina10.com\/web\/wp-content\/uploads\/2024\/01\/40-pagina-10-periodico-regional-pasto.jpg\",\"width\":1280,\"height\":720,\"caption\":\"P\u00e1gina10\"},\"image\":{\"@id\":\"https:\/\/pagina10.com\/web\/#\/schema\/logo\/image\/\"},\"sameAs\":[\"https:\/\/www.facebook.com\/pag10com\",\"https:\/\/x.com\/Pag10com\",\"https:\/\/www.instagram.com\/pagina10col\/\",\"https:\/\/youtube.com\/channel\/pag10\",\"https:\/\/www.tiktok.com\/@p10col\"]},{\"@type\":\"Person\",\"@id\":\"https:\/\/pagina10.com\/web\/#\/schema\/person\/2efc4a090d25b667d3bc796798a3a81b\",\"name\":\"P\u00e1gina 10\",\"description\":\"P\u00e1gina 10 es un peri\u00f3dico regional que nace en Colombia, en el departamento de Nari\u00f1o, con un enfoque global, fundamentado en cuatro pilares esenciales: la libertad, el pluralismo, la inclusi\u00f3n y la independencia. P\u00e1gina 10 hace referencia a Nari\u00f1o como el d\u00e9cimo departamento creado en Colombia, despu\u00e9s de un proceso pol\u00edtico liderado por actores y actrices regionales con el fin de obtener la independencia y autonom\u00eda de nuestros territorios. Con la creaci\u00f3n de P\u00e1gina 10 se pretende abrir un escenario para el dialogo, la reflexi\u00f3n y el debate que se extienda a otras geograf\u00edas de Am\u00e9rica Latina y del planeta, en una apuesta por transformar colectivamente los desaf\u00edos de un mundo contempor\u00e1neo, m\u00e1s all\u00e1 de las fronteras impuestas.\",\"url\":\"https:\/\/pagina10.com\/web\/author\/pdiezadmin\/\"}]}<\/script>\n<!-- \/ Yoast SEO plugin. -->","yoast_head_json":{"title":"Nari\u00f1enses corren en los Campeonatos Nacionales de Ciclismo de Ruta | P\u00e1gina10","robots":{"index":"index","follow":"follow","max-snippet":"max-snippet:-1","max-image-preview":"max-image-preview:large","max-video-preview":"max-video-preview:-1"},"canonical":"https:\/\/pagina10.com\/web\/narinenses-corren-en-los-campeonatos-nacionales-de-ciclismo-de-ruta\/","og_locale":"es_ES","og_type":"article","og_title":"Nari\u00f1enses corren en los Campeonatos Nacionales de Ciclismo de Ruta | P\u00e1gina10","og_description":"Con Remigio Atapuma como t\u00e9cnico el equipo nari\u00f1ense de ciclismo conformado por Juli\u00e1n Bastidas, Daniel Guzm\u00e1n, Juan Felipe Riascos y Leider Calder\u00f3n, que adelanta su intervenci\u00f3n en los Campeonatos Nacionales de Ciclismo de Ruta que arrancaron hoy en Bucaramanga. La competici\u00f3n se extender\u00e1 hasta el pr\u00f3ximo domingo 5 de febrero. Cabe mencionar que en la [&hellip;]","og_url":"https:\/\/pagina10.com\/web\/narinenses-corren-en-los-campeonatos-nacionales-de-ciclismo-de-ruta\/","og_site_name":"P\u00e1gina10","article_publisher":"https:\/\/www.facebook.com\/pag10com","article_published_time":"2023-02-03T01:11:17+00:00","og_image":[{"width":600,"height":450,"url":"https:\/\/pagina10.com\/web\/wp-content\/uploads\/2023\/02\/328689832_5680129595449156_7313099410192225564_n.jpg","type":"image\/jpeg"}],"author":"P\u00e1gina 10","twitter_card":"summary_large_image","twitter_creator":"@Pag10com","twitter_site":"@Pag10com","twitter_misc":{"Escrito por":"P\u00e1gina 10","Tiempo de lectura":"1 minuto"},"schema":{"@context":"https:\/\/schema.org","@graph":[{"@type":"Article","@id":"https:\/\/pagina10.com\/web\/narinenses-corren-en-los-campeonatos-nacionales-de-ciclismo-de-ruta\/#article","isPartOf":{"@id":"https:\/\/pagina10.com\/web\/narinenses-corren-en-los-campeonatos-nacionales-de-ciclismo-de-ruta\/"},"author":{"name":"P\u00e1gina 10","@id":"https:\/\/pagina10.com\/web\/#\/schema\/person\/2efc4a090d25b667d3bc796798a3a81b"},"headline":"Nari\u00f1enses corren en los Campeonatos Nacionales de Ciclismo de Ruta","datePublished":"2023-02-03T01:11:17+00:00","mainEntityOfPage":{"@id":"https:\/\/pagina10.com\/web\/narinenses-corren-en-los-campeonatos-nacionales-de-ciclismo-de-ruta\/"},"wordCount":222,"commentCount":0,"publisher":{"@id":"https:\/\/pagina10.com\/web\/#organization"},"image":{"@id":"https:\/\/pagina10.com\/web\/narinenses-corren-en-los-campeonatos-nacionales-de-ciclismo-de-ruta\/#primaryimage"},"thumbnailUrl":"https:\/\/pagina10.com\/web\/wp-content\/uploads\/2023\/02\/328689832_5680129595449156_7313099410192225564_n.jpg","articleSection":["Deportes"],"inLanguage":"es","potentialAction":[{"@type":"CommentAction","name":"Comment","target":["https:\/\/pagina10.com\/web\/narinenses-corren-en-los-campeonatos-nacionales-de-ciclismo-de-ruta\/#respond"]}]},{"@type":"WebPage","@id":"https:\/\/pagina10.com\/web\/narinenses-corren-en-los-campeonatos-nacionales-de-ciclismo-de-ruta\/","url":"https:\/\/pagina10.com\/web\/narinenses-corren-en-los-campeonatos-nacionales-de-ciclismo-de-ruta\/","name":"Nari\u00f1enses corren en los Campeonatos Nacionales de Ciclismo de Ruta | P\u00e1gina10","isPartOf":{"@id":"https:\/\/pagina10.com\/web\/#website"},"primaryImageOfPage":{"@id":"https:\/\/pagina10.com\/web\/narinenses-corren-en-los-campeonatos-nacionales-de-ciclismo-de-ruta\/#primaryimage"},"image":{"@id":"https:\/\/pagina10.com\/web\/narinenses-corren-en-los-campeonatos-nacionales-de-ciclismo-de-ruta\/#primaryimage"},"thumbnailUrl":"https:\/\/pagina10.com\/web\/wp-content\/uploads\/2023\/02\/328689832_5680129595449156_7313099410192225564_n.jpg","datePublished":"2023-02-03T01:11:17+00:00","breadcrumb":{"@id":"https:\/\/pagina10.com\/web\/narinenses-corren-en-los-campeonatos-nacionales-de-ciclismo-de-ruta\/#breadcrumb"},"inLanguage":"es","potentialAction":[{"@type":"ReadAction","target":["https:\/\/pagina10.com\/web\/narinenses-corren-en-los-campeonatos-nacionales-de-ciclismo-de-ruta\/"]}]},{"@type":"ImageObject","inLanguage":"es","@id":"https:\/\/pagina10.com\/web\/narinenses-corren-en-los-campeonatos-nacionales-de-ciclismo-de-ruta\/#primaryimage","url":"https:\/\/pagina10.com\/web\/wp-content\/uploads\/2023\/02\/328689832_5680129595449156_7313099410192225564_n.jpg","contentUrl":"https:\/\/pagina10.com\/web\/wp-content\/uploads\/2023\/02\/328689832_5680129595449156_7313099410192225564_n.jpg","width":600,"height":450},{"@type":"BreadcrumbList","@id":"https:\/\/pagina10.com\/web\/narinenses-corren-en-los-campeonatos-nacionales-de-ciclismo-de-ruta\/#breadcrumb","itemListElement":[{"@type":"ListItem","position":1,"name":"Portada","item":"https:\/\/pagina10.com\/web\/"},{"@type":"ListItem","position":2,"name":"Nari\u00f1enses corren en los Campeonatos Nacionales de Ciclismo de Ruta"}]},{"@type":"WebSite","@id":"https:\/\/pagina10.com\/web\/#website","url":"https:\/\/pagina10.com\/web\/","name":"P\u00e1gina10","description":"Peri\u00f3dico Regional","publisher":{"@id":"https:\/\/pagina10.com\/web\/#organization"},"alternateName":"P\u00e1gina10 Peri\u00f3dico Regional","potentialAction":[{"@type":"SearchAction","target":{"@type":"EntryPoint","urlTemplate":"https:\/\/pagina10.com\/web\/?s={search_term_string}"},"query-input":{"@type":"PropertyValueSpecification","valueRequired":true,"valueName":"search_term_string"}}],"inLanguage":"es"},{"@type":"Organization","@id":"https:\/\/pagina10.com\/web\/#organization","name":"P\u00e1gina10","alternateName":"P\u00e1gina10 Peri\u00f3dico Regional","url":"https:\/\/pagina10.com\/web\/","logo":{"@type":"ImageObject","inLanguage":"es","@id":"https:\/\/pagina10.com\/web\/#\/schema\/logo\/image\/","url":"https:\/\/pagina10.com\/web\/wp-content\/uploads\/2024\/01\/40-pagina-10-periodico-regional-pasto.jpg","contentUrl":"https:\/\/pagina10.com\/web\/wp-content\/uploads\/2024\/01\/40-pagina-10-periodico-regional-pasto.jpg","width":1280,"height":720,"caption":"P\u00e1gina10"},"image":{"@id":"https:\/\/pagina10.com\/web\/#\/schema\/logo\/image\/"},"sameAs":["https:\/\/www.facebook.com\/pag10com","https:\/\/x.com\/Pag10com","https:\/\/www.instagram.com\/pagina10col\/","https:\/\/youtube.com\/channel\/pag10","https:\/\/www.tiktok.com\/@p10col"]},{"@type":"Person","@id":"https:\/\/pagina10.com\/web\/#\/schema\/person\/2efc4a090d25b667d3bc796798a3a81b","name":"P\u00e1gina 10","description":"P\u00e1gina 10 es un peri\u00f3dico regional que nace en Colombia, en el departamento de Nari\u00f1o, con un enfoque global, fundamentado en cuatro pilares esenciales: la libertad, el pluralismo, la inclusi\u00f3n y la independencia. P\u00e1gina 10 hace referencia a Nari\u00f1o como el d\u00e9cimo departamento creado en Colombia, despu\u00e9s de un proceso pol\u00edtico liderado por actores y actrices regionales con el fin de obtener la independencia y autonom\u00eda de nuestros territorios. Con la creaci\u00f3n de P\u00e1gina 10 se pretende abrir un escenario para el dialogo, la reflexi\u00f3n y el debate que se extienda a otras geograf\u00edas de Am\u00e9rica Latina y del planeta, en una apuesta por transformar colectivamente los desaf\u00edos de un mundo contempor\u00e1neo, m\u00e1s all\u00e1 de las fronteras impuestas.","url":"https:\/\/pagina10.com\/web\/author\/pdiezadmin\/"}]}},"_links":{"self":[{"href":"https:\/\/pagina10.com\/web\/wp-json\/wp\/v2\/posts\/64362","targetHints":{"allow":["GET"]}}],"collection":[{"href":"https:\/\/pagina10.com\/web\/wp-json\/wp\/v2\/posts"}],"about":[{"href":"https:\/\/pagina10.com\/web\/wp-json\/wp\/v2\/types\/post"}],"author":[{"embeddable":true,"href":"https:\/\/pagina10.com\/web\/wp-json\/wp\/v2\/users\/1"}],"replies":[{"embeddable":true,"href":"https:\/\/pagina10.com\/web\/wp-json\/wp\/v2\/comments?post=64362"}],"version-history":[{"count":1,"href":"https:\/\/pagina10.com\/web\/wp-json\/wp\/v2\/posts\/64362\/revisions"}],"predecessor-version":[{"id":64365,"href":"https:\/\/pagina10.com\/web\/wp-json\/wp\/v2\/posts\/64362\/revisions\/64365"}],"wp:featuredmedia":[{"embeddable":true,"href":"https:\/\/pagina10.com\/web\/wp-json\/wp\/v2\/media\/64364"}],"wp:attachment":[{"href":"https:\/\/pagina10.com\/web\/wp-json\/wp\/v2\/media?parent=64362"}],"wp:term":[{"taxonomy":"category","embeddable":true,"href":"https:\/\/pagina10.com\/web\/wp-json\/wp\/v2\/categories?post=64362"},{"taxonomy":"post_tag","embeddable":true,"href":"https:\/\/pagina10.com\/web\/wp-json\/wp\/v2\/tags?post=64362"}],"curies":[{"name":"wp","href":"https:\/\/api.w.org\/{rel}","templated":true}]}}