{"id":64424,"date":"2023-02-07T00:05:05","date_gmt":"2023-02-07T05:05:05","guid":{"rendered":"https:\/\/pagina10.com\/web\/?p=64424"},"modified":"2023-02-07T00:05:05","modified_gmt":"2023-02-07T05:05:05","slug":"empopasto-y-la-clave-de-atender-preventivamente-la-emergencia-registrada-en-la-panamericana","status":"publish","type":"post","link":"https:\/\/pagina10.com\/web\/empopasto-y-la-clave-de-atender-preventivamente-la-emergencia-registrada-en-la-panamericana\/","title":{"rendered":"Empopasto y la clave de atender preventivamente la emergencia registrada en la Panamericana"},"content":{"rendered":"<p style=\"text-align: justify;\">En nuestro espacio \u2018L\u00edderes, el poder en acci\u00f3n\u2019 el gerente de la Empresa de obras sanitarias de Pasto, Empopasto, Guillermo Villota precis\u00f3 que la clave para mantener el servicio las 24 horas del d\u00eda y toda la semana, a pesar del cierre de la v\u00eda Panamericana que complet\u00f3 28 d\u00edas, fue actuar preventivamente.<\/p>\n<p style=\"text-align: justify;\">En este sentido, explic\u00f3 que las experiencias vividas con la pandemia del covid-19 y el estallido social les dej\u00f3 varias ense\u00f1anzas; la principal de ellas adelantar una planeaci\u00f3n que incluya acciones preventivas y de contingencia.<\/p>\n<p style=\"text-align: justify;\">Fue precisamente eso lo que los llev\u00f3 a tomar importantes decisiones como tener un stock adecuado con los insumos qu\u00edmicos utilizados en el proceso de potabilizaci\u00f3n del agua. Dicho plan les permite contar con un suministro pertinente capaz de mantener el servicio sin parar en un tiempo de dos meses aproximadamente.<\/p>\n<p style=\"text-align: justify;\">\u201cHoy con gran satisfacci\u00f3n le podemos decir a m\u00e1s de 400 mil personas que hay total tranquilidad en la prestaci\u00f3n del servicio, porque adem\u00e1s de las acciones preventivas nos llegaron 10 toneladas de policloruro de aluminio que nos garantiza la potabilizaci\u00f3n para muchos meses\u201d, dijo,<\/p>\n<p style=\"text-align: justify;\">As\u00ed mismo, manifest\u00f3 que la llegada de estos insumos se hizo mediante una ruta establecida Desde Yumbo con destino a Popay\u00e1n, Pitalito, Mocoa, San Francisco y Pasto. Y resalt\u00f3 que los costos adiciones del traslado fueron asumidos por la empresa por lo que \u201cen ning\u00fan momento habr\u00e1 afectaci\u00f3n en las tarifas ya que, los recursos que genera la empresa, cubren dichos gastos hasta que la situaci\u00f3n se normalice\u201d.<\/p>\n<p style=\"text-align: justify;\">Finalmente, Villota expres\u00f3 que la empresa le apostar\u00e1 a la generaci\u00f3n de energ\u00eda tanto hidr\u00e1ulica como e\u00f3lica para el autoconsumo. Para ello se instalar\u00e1n herramientas que permitan obtener el 25% de energ\u00eda que se consume en la planta del Centenario. Posteriormente, har\u00e1n lo mismo en las dem\u00e1s plantas y la sede administrativa con el fin de ahorrar hasta $600 millones y mejorar el impacto ecol\u00f3gico.<\/p>\n","protected":false},"excerpt":{"rendered":"<p>En nuestro espacio \u2018L\u00edderes, el poder en acci\u00f3n\u2019 el gerente de la Empresa de obras sanitarias de Pasto, Empopasto, Guillermo Villota precis\u00f3 que la clave para mantener el servicio las 24 horas del d\u00eda y toda la semana, a pesar del cierre de la v\u00eda Panamericana que complet\u00f3 28 d\u00edas, fue actuar preventivamente. En este [&hellip;]<\/p>\n","protected":false},"author":1,"featured_media":64425,"comment_status":"open","ping_status":"open","sticky":false,"template":"","format":"standard","meta":{"footnotes":""},"categories":[2],"tags":[],"class_list":["post-64424","post","type-post","status-publish","format-standard","has-post-thumbnail","hentry","category-pagina10"],"yoast_head":"<!-- This site is optimized with the Yoast SEO plugin v27.1.1 - https:\/\/yoast.com\/product\/yoast-seo-wordpress\/ -->\n<title>Empopasto y la clave de atender preventivamente la emergencia registrada en la Panamericana | P\u00e1gina10<\/title>\n<meta name=\"robots\" content=\"index, follow, max-snippet:-1, max-image-preview:large, max-video-preview:-1\" \/>\n<link rel=\"canonical\" href=\"https:\/\/pagina10.com\/web\/empopasto-y-la-clave-de-atender-preventivamente-la-emergencia-registrada-en-la-panamericana\/\" \/>\n<meta property=\"og:locale\" content=\"es_ES\" \/>\n<meta property=\"og:type\" content=\"article\" \/>\n<meta property=\"og:title\" content=\"Empopasto y la clave de atender preventivamente la emergencia registrada en la Panamericana | P\u00e1gina10\" \/>\n<meta property=\"og:description\" content=\"En nuestro espacio \u2018L\u00edderes, el poder en acci\u00f3n\u2019 el gerente de la Empresa de obras sanitarias de Pasto, Empopasto, Guillermo Villota precis\u00f3 que la clave para mantener el servicio las 24 horas del d\u00eda y toda la semana, a pesar del cierre de la v\u00eda Panamericana que complet\u00f3 28 d\u00edas, fue actuar preventivamente. En este [&hellip;]\" \/>\n<meta property=\"og:url\" content=\"https:\/\/pagina10.com\/web\/empopasto-y-la-clave-de-atender-preventivamente-la-emergencia-registrada-en-la-panamericana\/\" \/>\n<meta property=\"og:site_name\" content=\"P\u00e1gina10\" \/>\n<meta property=\"article:publisher\" content=\"https:\/\/www.facebook.com\/pag10com\" \/>\n<meta property=\"article:published_time\" content=\"2023-02-07T05:05:05+00:00\" \/>\n<meta property=\"og:image\" content=\"https:\/\/pagina10.com\/web\/wp-content\/uploads\/2023\/02\/villota-01.jpg\" \/>\n\t<meta property=\"og:image:width\" content=\"2350\" \/>\n\t<meta property=\"og:image:height\" content=\"1429\" \/>\n\t<meta property=\"og:image:type\" content=\"image\/jpeg\" \/>\n<meta name=\"author\" content=\"P\u00e1gina 10\" \/>\n<meta name=\"twitter:card\" content=\"summary_large_image\" \/>\n<meta name=\"twitter:creator\" content=\"@Pag10com\" \/>\n<meta name=\"twitter:site\" content=\"@Pag10com\" \/>\n<meta name=\"twitter:label1\" content=\"Escrito por\" \/>\n\t<meta name=\"twitter:data1\" content=\"P\u00e1gina 10\" \/>\n\t<meta name=\"twitter:label2\" content=\"Tiempo de lectura\" \/>\n\t<meta name=\"twitter:data2\" content=\"2 minutos\" \/>\n<script type=\"application\/ld+json\" class=\"yoast-schema-graph\">{\"@context\":\"https:\/\/schema.org\",\"@graph\":[{\"@type\":\"Article\",\"@id\":\"https:\/\/pagina10.com\/web\/empopasto-y-la-clave-de-atender-preventivamente-la-emergencia-registrada-en-la-panamericana\/#article\",\"isPartOf\":{\"@id\":\"https:\/\/pagina10.com\/web\/empopasto-y-la-clave-de-atender-preventivamente-la-emergencia-registrada-en-la-panamericana\/\"},\"author\":{\"name\":\"P\u00e1gina 10\",\"@id\":\"https:\/\/pagina10.com\/web\/#\/schema\/person\/2efc4a090d25b667d3bc796798a3a81b\"},\"headline\":\"Empopasto y la clave de atender preventivamente la emergencia registrada en la Panamericana\",\"datePublished\":\"2023-02-07T05:05:05+00:00\",\"mainEntityOfPage\":{\"@id\":\"https:\/\/pagina10.com\/web\/empopasto-y-la-clave-de-atender-preventivamente-la-emergencia-registrada-en-la-panamericana\/\"},\"wordCount\":351,\"commentCount\":0,\"publisher\":{\"@id\":\"https:\/\/pagina10.com\/web\/#organization\"},\"image\":{\"@id\":\"https:\/\/pagina10.com\/web\/empopasto-y-la-clave-de-atender-preventivamente-la-emergencia-registrada-en-la-panamericana\/#primaryimage\"},\"thumbnailUrl\":\"https:\/\/pagina10.com\/web\/wp-content\/uploads\/2023\/02\/villota-01.jpg\",\"articleSection\":[\"P\u00e1gina10\"],\"inLanguage\":\"es\",\"potentialAction\":[{\"@type\":\"CommentAction\",\"name\":\"Comment\",\"target\":[\"https:\/\/pagina10.com\/web\/empopasto-y-la-clave-de-atender-preventivamente-la-emergencia-registrada-en-la-panamericana\/#respond\"]}]},{\"@type\":\"WebPage\",\"@id\":\"https:\/\/pagina10.com\/web\/empopasto-y-la-clave-de-atender-preventivamente-la-emergencia-registrada-en-la-panamericana\/\",\"url\":\"https:\/\/pagina10.com\/web\/empopasto-y-la-clave-de-atender-preventivamente-la-emergencia-registrada-en-la-panamericana\/\",\"name\":\"Empopasto y la clave de atender preventivamente la emergencia registrada en la Panamericana | P\u00e1gina10\",\"isPartOf\":{\"@id\":\"https:\/\/pagina10.com\/web\/#website\"},\"primaryImageOfPage\":{\"@id\":\"https:\/\/pagina10.com\/web\/empopasto-y-la-clave-de-atender-preventivamente-la-emergencia-registrada-en-la-panamericana\/#primaryimage\"},\"image\":{\"@id\":\"https:\/\/pagina10.com\/web\/empopasto-y-la-clave-de-atender-preventivamente-la-emergencia-registrada-en-la-panamericana\/#primaryimage\"},\"thumbnailUrl\":\"https:\/\/pagina10.com\/web\/wp-content\/uploads\/2023\/02\/villota-01.jpg\",\"datePublished\":\"2023-02-07T05:05:05+00:00\",\"breadcrumb\":{\"@id\":\"https:\/\/pagina10.com\/web\/empopasto-y-la-clave-de-atender-preventivamente-la-emergencia-registrada-en-la-panamericana\/#breadcrumb\"},\"inLanguage\":\"es\",\"potentialAction\":[{\"@type\":\"ReadAction\",\"target\":[\"https:\/\/pagina10.com\/web\/empopasto-y-la-clave-de-atender-preventivamente-la-emergencia-registrada-en-la-panamericana\/\"]}]},{\"@type\":\"ImageObject\",\"inLanguage\":\"es\",\"@id\":\"https:\/\/pagina10.com\/web\/empopasto-y-la-clave-de-atender-preventivamente-la-emergencia-registrada-en-la-panamericana\/#primaryimage\",\"url\":\"https:\/\/pagina10.com\/web\/wp-content\/uploads\/2023\/02\/villota-01.jpg\",\"contentUrl\":\"https:\/\/pagina10.com\/web\/wp-content\/uploads\/2023\/02\/villota-01.jpg\",\"width\":2350,\"height\":1429},{\"@type\":\"BreadcrumbList\",\"@id\":\"https:\/\/pagina10.com\/web\/empopasto-y-la-clave-de-atender-preventivamente-la-emergencia-registrada-en-la-panamericana\/#breadcrumb\",\"itemListElement\":[{\"@type\":\"ListItem\",\"position\":1,\"name\":\"Portada\",\"item\":\"https:\/\/pagina10.com\/web\/\"},{\"@type\":\"ListItem\",\"position\":2,\"name\":\"Empopasto y la clave de atender preventivamente la emergencia registrada en la Panamericana\"}]},{\"@type\":\"WebSite\",\"@id\":\"https:\/\/pagina10.com\/web\/#website\",\"url\":\"https:\/\/pagina10.com\/web\/\",\"name\":\"P\u00e1gina10\",\"description\":\"Peri\u00f3dico Regional\",\"publisher\":{\"@id\":\"https:\/\/pagina10.com\/web\/#organization\"},\"alternateName\":\"P\u00e1gina10 Peri\u00f3dico Regional\",\"potentialAction\":[{\"@type\":\"SearchAction\",\"target\":{\"@type\":\"EntryPoint\",\"urlTemplate\":\"https:\/\/pagina10.com\/web\/?s={search_term_string}\"},\"query-input\":{\"@type\":\"PropertyValueSpecification\",\"valueRequired\":true,\"valueName\":\"search_term_string\"}}],\"inLanguage\":\"es\"},{\"@type\":\"Organization\",\"@id\":\"https:\/\/pagina10.com\/web\/#organization\",\"name\":\"P\u00e1gina10\",\"alternateName\":\"P\u00e1gina10 Peri\u00f3dico Regional\",\"url\":\"https:\/\/pagina10.com\/web\/\",\"logo\":{\"@type\":\"ImageObject\",\"inLanguage\":\"es\",\"@id\":\"https:\/\/pagina10.com\/web\/#\/schema\/logo\/image\/\",\"url\":\"https:\/\/pagina10.com\/web\/wp-content\/uploads\/2024\/01\/40-pagina-10-periodico-regional-pasto.jpg\",\"contentUrl\":\"https:\/\/pagina10.com\/web\/wp-content\/uploads\/2024\/01\/40-pagina-10-periodico-regional-pasto.jpg\",\"width\":1280,\"height\":720,\"caption\":\"P\u00e1gina10\"},\"image\":{\"@id\":\"https:\/\/pagina10.com\/web\/#\/schema\/logo\/image\/\"},\"sameAs\":[\"https:\/\/www.facebook.com\/pag10com\",\"https:\/\/x.com\/Pag10com\",\"https:\/\/www.instagram.com\/pagina10col\/\",\"https:\/\/youtube.com\/channel\/pag10\",\"https:\/\/www.tiktok.com\/@p10col\"]},{\"@type\":\"Person\",\"@id\":\"https:\/\/pagina10.com\/web\/#\/schema\/person\/2efc4a090d25b667d3bc796798a3a81b\",\"name\":\"P\u00e1gina 10\",\"description\":\"P\u00e1gina 10 es un peri\u00f3dico regional que nace en Colombia, en el departamento de Nari\u00f1o, con un enfoque global, fundamentado en cuatro pilares esenciales: la libertad, el pluralismo, la inclusi\u00f3n y la independencia. P\u00e1gina 10 hace referencia a Nari\u00f1o como el d\u00e9cimo departamento creado en Colombia, despu\u00e9s de un proceso pol\u00edtico liderado por actores y actrices regionales con el fin de obtener la independencia y autonom\u00eda de nuestros territorios. Con la creaci\u00f3n de P\u00e1gina 10 se pretende abrir un escenario para el dialogo, la reflexi\u00f3n y el debate que se extienda a otras geograf\u00edas de Am\u00e9rica Latina y del planeta, en una apuesta por transformar colectivamente los desaf\u00edos de un mundo contempor\u00e1neo, m\u00e1s all\u00e1 de las fronteras impuestas.\",\"url\":\"https:\/\/pagina10.com\/web\/author\/pdiezadmin\/\"}]}<\/script>\n<!-- \/ Yoast SEO plugin. -->","yoast_head_json":{"title":"Empopasto y la clave de atender preventivamente la emergencia registrada en la Panamericana | P\u00e1gina10","robots":{"index":"index","follow":"follow","max-snippet":"max-snippet:-1","max-image-preview":"max-image-preview:large","max-video-preview":"max-video-preview:-1"},"canonical":"https:\/\/pagina10.com\/web\/empopasto-y-la-clave-de-atender-preventivamente-la-emergencia-registrada-en-la-panamericana\/","og_locale":"es_ES","og_type":"article","og_title":"Empopasto y la clave de atender preventivamente la emergencia registrada en la Panamericana | P\u00e1gina10","og_description":"En nuestro espacio \u2018L\u00edderes, el poder en acci\u00f3n\u2019 el gerente de la Empresa de obras sanitarias de Pasto, Empopasto, Guillermo Villota precis\u00f3 que la clave para mantener el servicio las 24 horas del d\u00eda y toda la semana, a pesar del cierre de la v\u00eda Panamericana que complet\u00f3 28 d\u00edas, fue actuar preventivamente. En este [&hellip;]","og_url":"https:\/\/pagina10.com\/web\/empopasto-y-la-clave-de-atender-preventivamente-la-emergencia-registrada-en-la-panamericana\/","og_site_name":"P\u00e1gina10","article_publisher":"https:\/\/www.facebook.com\/pag10com","article_published_time":"2023-02-07T05:05:05+00:00","og_image":[{"width":2350,"height":1429,"url":"https:\/\/pagina10.com\/web\/wp-content\/uploads\/2023\/02\/villota-01.jpg","type":"image\/jpeg"}],"author":"P\u00e1gina 10","twitter_card":"summary_large_image","twitter_creator":"@Pag10com","twitter_site":"@Pag10com","twitter_misc":{"Escrito por":"P\u00e1gina 10","Tiempo de lectura":"2 minutos"},"schema":{"@context":"https:\/\/schema.org","@graph":[{"@type":"Article","@id":"https:\/\/pagina10.com\/web\/empopasto-y-la-clave-de-atender-preventivamente-la-emergencia-registrada-en-la-panamericana\/#article","isPartOf":{"@id":"https:\/\/pagina10.com\/web\/empopasto-y-la-clave-de-atender-preventivamente-la-emergencia-registrada-en-la-panamericana\/"},"author":{"name":"P\u00e1gina 10","@id":"https:\/\/pagina10.com\/web\/#\/schema\/person\/2efc4a090d25b667d3bc796798a3a81b"},"headline":"Empopasto y la clave de atender preventivamente la emergencia registrada en la Panamericana","datePublished":"2023-02-07T05:05:05+00:00","mainEntityOfPage":{"@id":"https:\/\/pagina10.com\/web\/empopasto-y-la-clave-de-atender-preventivamente-la-emergencia-registrada-en-la-panamericana\/"},"wordCount":351,"commentCount":0,"publisher":{"@id":"https:\/\/pagina10.com\/web\/#organization"},"image":{"@id":"https:\/\/pagina10.com\/web\/empopasto-y-la-clave-de-atender-preventivamente-la-emergencia-registrada-en-la-panamericana\/#primaryimage"},"thumbnailUrl":"https:\/\/pagina10.com\/web\/wp-content\/uploads\/2023\/02\/villota-01.jpg","articleSection":["P\u00e1gina10"],"inLanguage":"es","potentialAction":[{"@type":"CommentAction","name":"Comment","target":["https:\/\/pagina10.com\/web\/empopasto-y-la-clave-de-atender-preventivamente-la-emergencia-registrada-en-la-panamericana\/#respond"]}]},{"@type":"WebPage","@id":"https:\/\/pagina10.com\/web\/empopasto-y-la-clave-de-atender-preventivamente-la-emergencia-registrada-en-la-panamericana\/","url":"https:\/\/pagina10.com\/web\/empopasto-y-la-clave-de-atender-preventivamente-la-emergencia-registrada-en-la-panamericana\/","name":"Empopasto y la clave de atender preventivamente la emergencia registrada en la Panamericana | P\u00e1gina10","isPartOf":{"@id":"https:\/\/pagina10.com\/web\/#website"},"primaryImageOfPage":{"@id":"https:\/\/pagina10.com\/web\/empopasto-y-la-clave-de-atender-preventivamente-la-emergencia-registrada-en-la-panamericana\/#primaryimage"},"image":{"@id":"https:\/\/pagina10.com\/web\/empopasto-y-la-clave-de-atender-preventivamente-la-emergencia-registrada-en-la-panamericana\/#primaryimage"},"thumbnailUrl":"https:\/\/pagina10.com\/web\/wp-content\/uploads\/2023\/02\/villota-01.jpg","datePublished":"2023-02-07T05:05:05+00:00","breadcrumb":{"@id":"https:\/\/pagina10.com\/web\/empopasto-y-la-clave-de-atender-preventivamente-la-emergencia-registrada-en-la-panamericana\/#breadcrumb"},"inLanguage":"es","potentialAction":[{"@type":"ReadAction","target":["https:\/\/pagina10.com\/web\/empopasto-y-la-clave-de-atender-preventivamente-la-emergencia-registrada-en-la-panamericana\/"]}]},{"@type":"ImageObject","inLanguage":"es","@id":"https:\/\/pagina10.com\/web\/empopasto-y-la-clave-de-atender-preventivamente-la-emergencia-registrada-en-la-panamericana\/#primaryimage","url":"https:\/\/pagina10.com\/web\/wp-content\/uploads\/2023\/02\/villota-01.jpg","contentUrl":"https:\/\/pagina10.com\/web\/wp-content\/uploads\/2023\/02\/villota-01.jpg","width":2350,"height":1429},{"@type":"BreadcrumbList","@id":"https:\/\/pagina10.com\/web\/empopasto-y-la-clave-de-atender-preventivamente-la-emergencia-registrada-en-la-panamericana\/#breadcrumb","itemListElement":[{"@type":"ListItem","position":1,"name":"Portada","item":"https:\/\/pagina10.com\/web\/"},{"@type":"ListItem","position":2,"name":"Empopasto y la clave de atender preventivamente la emergencia registrada en la Panamericana"}]},{"@type":"WebSite","@id":"https:\/\/pagina10.com\/web\/#website","url":"https:\/\/pagina10.com\/web\/","name":"P\u00e1gina10","description":"Peri\u00f3dico Regional","publisher":{"@id":"https:\/\/pagina10.com\/web\/#organization"},"alternateName":"P\u00e1gina10 Peri\u00f3dico Regional","potentialAction":[{"@type":"SearchAction","target":{"@type":"EntryPoint","urlTemplate":"https:\/\/pagina10.com\/web\/?s={search_term_string}"},"query-input":{"@type":"PropertyValueSpecification","valueRequired":true,"valueName":"search_term_string"}}],"inLanguage":"es"},{"@type":"Organization","@id":"https:\/\/pagina10.com\/web\/#organization","name":"P\u00e1gina10","alternateName":"P\u00e1gina10 Peri\u00f3dico Regional","url":"https:\/\/pagina10.com\/web\/","logo":{"@type":"ImageObject","inLanguage":"es","@id":"https:\/\/pagina10.com\/web\/#\/schema\/logo\/image\/","url":"https:\/\/pagina10.com\/web\/wp-content\/uploads\/2024\/01\/40-pagina-10-periodico-regional-pasto.jpg","contentUrl":"https:\/\/pagina10.com\/web\/wp-content\/uploads\/2024\/01\/40-pagina-10-periodico-regional-pasto.jpg","width":1280,"height":720,"caption":"P\u00e1gina10"},"image":{"@id":"https:\/\/pagina10.com\/web\/#\/schema\/logo\/image\/"},"sameAs":["https:\/\/www.facebook.com\/pag10com","https:\/\/x.com\/Pag10com","https:\/\/www.instagram.com\/pagina10col\/","https:\/\/youtube.com\/channel\/pag10","https:\/\/www.tiktok.com\/@p10col"]},{"@type":"Person","@id":"https:\/\/pagina10.com\/web\/#\/schema\/person\/2efc4a090d25b667d3bc796798a3a81b","name":"P\u00e1gina 10","description":"P\u00e1gina 10 es un peri\u00f3dico regional que nace en Colombia, en el departamento de Nari\u00f1o, con un enfoque global, fundamentado en cuatro pilares esenciales: la libertad, el pluralismo, la inclusi\u00f3n y la independencia. P\u00e1gina 10 hace referencia a Nari\u00f1o como el d\u00e9cimo departamento creado en Colombia, despu\u00e9s de un proceso pol\u00edtico liderado por actores y actrices regionales con el fin de obtener la independencia y autonom\u00eda de nuestros territorios. Con la creaci\u00f3n de P\u00e1gina 10 se pretende abrir un escenario para el dialogo, la reflexi\u00f3n y el debate que se extienda a otras geograf\u00edas de Am\u00e9rica Latina y del planeta, en una apuesta por transformar colectivamente los desaf\u00edos de un mundo contempor\u00e1neo, m\u00e1s all\u00e1 de las fronteras impuestas.","url":"https:\/\/pagina10.com\/web\/author\/pdiezadmin\/"}]}},"_links":{"self":[{"href":"https:\/\/pagina10.com\/web\/wp-json\/wp\/v2\/posts\/64424","targetHints":{"allow":["GET"]}}],"collection":[{"href":"https:\/\/pagina10.com\/web\/wp-json\/wp\/v2\/posts"}],"about":[{"href":"https:\/\/pagina10.com\/web\/wp-json\/wp\/v2\/types\/post"}],"author":[{"embeddable":true,"href":"https:\/\/pagina10.com\/web\/wp-json\/wp\/v2\/users\/1"}],"replies":[{"embeddable":true,"href":"https:\/\/pagina10.com\/web\/wp-json\/wp\/v2\/comments?post=64424"}],"version-history":[{"count":1,"href":"https:\/\/pagina10.com\/web\/wp-json\/wp\/v2\/posts\/64424\/revisions"}],"predecessor-version":[{"id":64426,"href":"https:\/\/pagina10.com\/web\/wp-json\/wp\/v2\/posts\/64424\/revisions\/64426"}],"wp:featuredmedia":[{"embeddable":true,"href":"https:\/\/pagina10.com\/web\/wp-json\/wp\/v2\/media\/64425"}],"wp:attachment":[{"href":"https:\/\/pagina10.com\/web\/wp-json\/wp\/v2\/media?parent=64424"}],"wp:term":[{"taxonomy":"category","embeddable":true,"href":"https:\/\/pagina10.com\/web\/wp-json\/wp\/v2\/categories?post=64424"},{"taxonomy":"post_tag","embeddable":true,"href":"https:\/\/pagina10.com\/web\/wp-json\/wp\/v2\/tags?post=64424"}],"curies":[{"name":"wp","href":"https:\/\/api.w.org\/{rel}","templated":true}]}}