{"id":6446,"date":"2014-02-02T03:12:43","date_gmt":"2014-02-02T03:12:43","guid":{"rendered":"https:\/\/pagina10.com\/web\/50-policias-conforman-el-goes-en-pasto\/"},"modified":"2014-02-02T03:12:43","modified_gmt":"2014-02-02T03:12:43","slug":"50-policias-conforman-el-goes-en-pasto","status":"publish","type":"post","link":"https:\/\/pagina10.com\/web\/50-policias-conforman-el-goes-en-pasto\/","title":{"rendered":"50 POLIC\u00cdAS CONFORMAN EL &#8220;GOES&#8221; EN PASTO"},"content":{"rendered":"<p><img fetchpriority=\"high\" decoding=\"async\" class=\" size-full wp-image-6445\" src=\"https:\/\/pagina10.com\/web\/wp-content\/uploads\/2014\/02\/20a2eb5d87a32524f4f932cf9b095402.jpg\" alt=\"Fotograf\u00eda: Alcald\u00eda de Pasto\" width=\"754\" height=\"469\" srcset=\"https:\/\/pagina10.com\/web\/wp-content\/uploads\/2014\/02\/20a2eb5d87a32524f4f932cf9b095402.jpg 754w, https:\/\/pagina10.com\/web\/wp-content\/uploads\/2014\/02\/20a2eb5d87a32524f4f932cf9b095402-300x187.jpg 300w\" sizes=\"(max-width: 754px) 100vw, 754px\" \/><\/p>\n<p style=\"text-align: justify;\">La Polic\u00eda Metropolitana de Pasto con el fin de garantizar la convivencia y seguridad ciudadana, conform\u00f3 el Grupo de Operaciones Especiales, \u201cGOES\u201d, para desarrollar operativos bajo la planeaci\u00f3n del servicio.<\/p>\n<p>  <!--more-->  <\/p>\n<p style=\"text-align: justify;\">En cumplimiento de sus competencias, la Polic\u00eda Nacional est\u00e1 en la obligaci\u00f3n de respetar los derechos y garant\u00edas de las personas, consagrados en la Constituci\u00f3n Pol\u00edtica y los tratados internacionales ratificados por el Estado Colombiano.<\/p>\n<p style=\"text-align: justify;\">&nbsp;<\/p>\n<p style=\"text-align: justify;\">Por este motivo el mando institucional implement\u00f3 en la Metropolitana de Pasto, el Grupo de Operaciones Especiales, GOES, para desarrollar operativos que sean planeados y ejecutados sobre una misi\u00f3n espec\u00edfica altamente organizados, capacitados, equipados y con jurisdicci\u00f3n nacional, para alcanzar objetivos en el \u00e1mbito urbano y rural, en ambientes de alta tensi\u00f3n y riesgo, con el prop\u00f3sito de desarticular organizaciones criminales y contrarrestar el accionar delincuencial.<\/p>\n<p style=\"text-align: justify;\">&nbsp;<\/p>\n<p style=\"text-align: justify;\">Este grupo estar\u00e1 desarrollando operativos en los cinco municipios que conforman la Metropolitana de Pasto, atacando los delitos de mayor impacto, como los son: homicidio, hurto a personas, hurto a veh\u00edculos; entre otros.<\/p>\n<p style=\"text-align: justify;\">&nbsp;<\/p>\n<p style=\"text-align: justify;\">Articulo relacionado: Alcald\u00eda de Pasto&nbsp;<\/p>\n","protected":false},"excerpt":{"rendered":"<p>La Polic\u00eda Metropolitana de Pasto con el fin de garantizar la convivencia y seguridad ciudadana, conform\u00f3 el Grupo de Operaciones Especiales, \u201cGOES\u201d, para desarrollar operativos bajo la planeaci\u00f3n del servicio.<\/p>\n","protected":false},"author":29,"featured_media":6444,"comment_status":"open","ping_status":"open","sticky":false,"template":"","format":"standard","meta":{"footnotes":""},"categories":[82],"tags":[],"class_list":["post-6446","post","type-post","status-publish","format-standard","has-post-thumbnail","hentry","category-ciudad-2"],"yoast_head":"<!-- This site is optimized with the Yoast SEO plugin v27.1.1 - https:\/\/yoast.com\/product\/yoast-seo-wordpress\/ -->\n<title>50 POLIC\u00cdAS CONFORMAN EL &quot;GOES&quot; EN PASTO | P\u00e1gina10<\/title>\n<meta name=\"robots\" content=\"index, follow, max-snippet:-1, max-image-preview:large, max-video-preview:-1\" \/>\n<link rel=\"canonical\" href=\"https:\/\/pagina10.com\/web\/50-policias-conforman-el-goes-en-pasto\/\" \/>\n<meta property=\"og:locale\" content=\"es_ES\" \/>\n<meta property=\"og:type\" content=\"article\" \/>\n<meta property=\"og:title\" content=\"50 POLIC\u00cdAS CONFORMAN EL &quot;GOES&quot; EN PASTO | P\u00e1gina10\" \/>\n<meta property=\"og:description\" content=\"La Polic\u00eda Metropolitana de Pasto con el fin de garantizar la convivencia y seguridad ciudadana, conform\u00f3 el Grupo de Operaciones Especiales, \u201cGOES\u201d, para desarrollar operativos bajo la planeaci\u00f3n del servicio.\" \/>\n<meta property=\"og:url\" content=\"https:\/\/pagina10.com\/web\/50-policias-conforman-el-goes-en-pasto\/\" \/>\n<meta property=\"og:site_name\" content=\"P\u00e1gina10\" \/>\n<meta property=\"article:publisher\" content=\"https:\/\/www.facebook.com\/pag10com\" \/>\n<meta property=\"article:published_time\" content=\"2014-02-02T03:12:43+00:00\" \/>\n<meta property=\"og:image\" content=\"https:\/\/pagina10.com\/web\/wp-content\/uploads\/2014\/02\/20a2eb5d87a32524f4f932cf9b095402.jpg\" \/>\n\t<meta property=\"og:image:width\" content=\"754\" \/>\n\t<meta property=\"og:image:height\" content=\"469\" \/>\n\t<meta property=\"og:image:type\" content=\"image\/jpeg\" \/>\n<meta name=\"author\" content=\"P\u00e1gina 10\" \/>\n<meta name=\"twitter:card\" content=\"summary_large_image\" \/>\n<meta name=\"twitter:creator\" content=\"@Pag10com\" \/>\n<meta name=\"twitter:site\" content=\"@Pag10com\" \/>\n<meta name=\"twitter:label1\" content=\"Escrito por\" \/>\n\t<meta name=\"twitter:data1\" content=\"P\u00e1gina 10\" \/>\n\t<meta name=\"twitter:label2\" content=\"Tiempo de lectura\" \/>\n\t<meta name=\"twitter:data2\" content=\"1 minuto\" \/>\n<script type=\"application\/ld+json\" class=\"yoast-schema-graph\">{\"@context\":\"https:\/\/schema.org\",\"@graph\":[{\"@type\":\"Article\",\"@id\":\"https:\/\/pagina10.com\/web\/50-policias-conforman-el-goes-en-pasto\/#article\",\"isPartOf\":{\"@id\":\"https:\/\/pagina10.com\/web\/50-policias-conforman-el-goes-en-pasto\/\"},\"author\":{\"name\":\"P\u00e1gina 10\",\"@id\":\"https:\/\/pagina10.com\/web\/#\/schema\/person\/a7a5d38f0629dfc107f619fbae4f6cc3\"},\"headline\":\"50 POLIC\u00cdAS CONFORMAN EL &#8220;GOES&#8221; EN PASTO\",\"datePublished\":\"2014-02-02T03:12:43+00:00\",\"mainEntityOfPage\":{\"@id\":\"https:\/\/pagina10.com\/web\/50-policias-conforman-el-goes-en-pasto\/\"},\"wordCount\":194,\"commentCount\":0,\"publisher\":{\"@id\":\"https:\/\/pagina10.com\/web\/#organization\"},\"image\":{\"@id\":\"https:\/\/pagina10.com\/web\/50-policias-conforman-el-goes-en-pasto\/#primaryimage\"},\"thumbnailUrl\":\"https:\/\/pagina10.com\/web\/wp-content\/uploads\/2014\/02\/20a2eb5d87a32524f4f932cf9b095402.jpg\",\"articleSection\":[\"Ciudad\"],\"inLanguage\":\"es\",\"potentialAction\":[{\"@type\":\"CommentAction\",\"name\":\"Comment\",\"target\":[\"https:\/\/pagina10.com\/web\/50-policias-conforman-el-goes-en-pasto\/#respond\"]}]},{\"@type\":\"WebPage\",\"@id\":\"https:\/\/pagina10.com\/web\/50-policias-conforman-el-goes-en-pasto\/\",\"url\":\"https:\/\/pagina10.com\/web\/50-policias-conforman-el-goes-en-pasto\/\",\"name\":\"50 POLIC\u00cdAS CONFORMAN EL \\\"GOES\\\" EN PASTO | P\u00e1gina10\",\"isPartOf\":{\"@id\":\"https:\/\/pagina10.com\/web\/#website\"},\"primaryImageOfPage\":{\"@id\":\"https:\/\/pagina10.com\/web\/50-policias-conforman-el-goes-en-pasto\/#primaryimage\"},\"image\":{\"@id\":\"https:\/\/pagina10.com\/web\/50-policias-conforman-el-goes-en-pasto\/#primaryimage\"},\"thumbnailUrl\":\"https:\/\/pagina10.com\/web\/wp-content\/uploads\/2014\/02\/20a2eb5d87a32524f4f932cf9b095402.jpg\",\"datePublished\":\"2014-02-02T03:12:43+00:00\",\"breadcrumb\":{\"@id\":\"https:\/\/pagina10.com\/web\/50-policias-conforman-el-goes-en-pasto\/#breadcrumb\"},\"inLanguage\":\"es\",\"potentialAction\":[{\"@type\":\"ReadAction\",\"target\":[\"https:\/\/pagina10.com\/web\/50-policias-conforman-el-goes-en-pasto\/\"]}]},{\"@type\":\"ImageObject\",\"inLanguage\":\"es\",\"@id\":\"https:\/\/pagina10.com\/web\/50-policias-conforman-el-goes-en-pasto\/#primaryimage\",\"url\":\"https:\/\/pagina10.com\/web\/wp-content\/uploads\/2014\/02\/20a2eb5d87a32524f4f932cf9b095402.jpg\",\"contentUrl\":\"https:\/\/pagina10.com\/web\/wp-content\/uploads\/2014\/02\/20a2eb5d87a32524f4f932cf9b095402.jpg\",\"width\":754,\"height\":469,\"caption\":\"Fotograf\u00eda: Alcald\u00eda de Pasto\"},{\"@type\":\"BreadcrumbList\",\"@id\":\"https:\/\/pagina10.com\/web\/50-policias-conforman-el-goes-en-pasto\/#breadcrumb\",\"itemListElement\":[{\"@type\":\"ListItem\",\"position\":1,\"name\":\"Portada\",\"item\":\"https:\/\/pagina10.com\/web\/\"},{\"@type\":\"ListItem\",\"position\":2,\"name\":\"50 POLIC\u00cdAS CONFORMAN EL &#8220;GOES&#8221; EN PASTO\"}]},{\"@type\":\"WebSite\",\"@id\":\"https:\/\/pagina10.com\/web\/#website\",\"url\":\"https:\/\/pagina10.com\/web\/\",\"name\":\"P\u00e1gina10\",\"description\":\"Peri\u00f3dico Regional\",\"publisher\":{\"@id\":\"https:\/\/pagina10.com\/web\/#organization\"},\"alternateName\":\"P\u00e1gina10 Peri\u00f3dico Regional\",\"potentialAction\":[{\"@type\":\"SearchAction\",\"target\":{\"@type\":\"EntryPoint\",\"urlTemplate\":\"https:\/\/pagina10.com\/web\/?s={search_term_string}\"},\"query-input\":{\"@type\":\"PropertyValueSpecification\",\"valueRequired\":true,\"valueName\":\"search_term_string\"}}],\"inLanguage\":\"es\"},{\"@type\":\"Organization\",\"@id\":\"https:\/\/pagina10.com\/web\/#organization\",\"name\":\"P\u00e1gina10\",\"alternateName\":\"P\u00e1gina10 Peri\u00f3dico Regional\",\"url\":\"https:\/\/pagina10.com\/web\/\",\"logo\":{\"@type\":\"ImageObject\",\"inLanguage\":\"es\",\"@id\":\"https:\/\/pagina10.com\/web\/#\/schema\/logo\/image\/\",\"url\":\"https:\/\/pagina10.com\/web\/wp-content\/uploads\/2024\/01\/40-pagina-10-periodico-regional-pasto.jpg\",\"contentUrl\":\"https:\/\/pagina10.com\/web\/wp-content\/uploads\/2024\/01\/40-pagina-10-periodico-regional-pasto.jpg\",\"width\":1280,\"height\":720,\"caption\":\"P\u00e1gina10\"},\"image\":{\"@id\":\"https:\/\/pagina10.com\/web\/#\/schema\/logo\/image\/\"},\"sameAs\":[\"https:\/\/www.facebook.com\/pag10com\",\"https:\/\/x.com\/Pag10com\",\"https:\/\/www.instagram.com\/pagina10col\/\",\"https:\/\/youtube.com\/channel\/pag10\",\"https:\/\/www.tiktok.com\/@p10col\"]},{\"@type\":\"Person\",\"@id\":\"https:\/\/pagina10.com\/web\/#\/schema\/person\/a7a5d38f0629dfc107f619fbae4f6cc3\",\"name\":\"P\u00e1gina 10\",\"description\":\"P\u00e1gina10.com es un peri\u00f3dico digital que nace en Colombia, en el departamento de Nari\u00f1o, con un enfoque global, fundamentado en cuatro pilares esenciales: la libertad, el pluralismo, la inclusi\u00f3n y la independencia. P\u00e1gina10.com hace referencia a Nari\u00f1o como el d\u00e9cimo departamento creado en Colombia, despu\u00e9s de un proceso pol\u00edtico liderado por actores y actrices regionales con el fin de obtener la independencia y autonom\u00eda de nuestros territorios. Con la creaci\u00f3n de P\u00e1gina10.com se pretende abrir un escenario para el dialogo, la reflexi\u00f3n y el debate que se extienda a otras geograf\u00edas de Am\u00e9rica Latina y del planeta, en una apuesta por transformar colectivamente los desaf\u00edos de un mundo contempor\u00e1neo, m\u00e1s all\u00e1 de las fronteras impuestas.\",\"url\":\"https:\/\/pagina10.com\/web\/author\/mcepeda\/\"}]}<\/script>\n<!-- \/ Yoast SEO plugin. -->","yoast_head_json":{"title":"50 POLIC\u00cdAS CONFORMAN EL \"GOES\" EN PASTO | P\u00e1gina10","robots":{"index":"index","follow":"follow","max-snippet":"max-snippet:-1","max-image-preview":"max-image-preview:large","max-video-preview":"max-video-preview:-1"},"canonical":"https:\/\/pagina10.com\/web\/50-policias-conforman-el-goes-en-pasto\/","og_locale":"es_ES","og_type":"article","og_title":"50 POLIC\u00cdAS CONFORMAN EL \"GOES\" EN PASTO | P\u00e1gina10","og_description":"La Polic\u00eda Metropolitana de Pasto con el fin de garantizar la convivencia y seguridad ciudadana, conform\u00f3 el Grupo de Operaciones Especiales, \u201cGOES\u201d, para desarrollar operativos bajo la planeaci\u00f3n del servicio.","og_url":"https:\/\/pagina10.com\/web\/50-policias-conforman-el-goes-en-pasto\/","og_site_name":"P\u00e1gina10","article_publisher":"https:\/\/www.facebook.com\/pag10com","article_published_time":"2014-02-02T03:12:43+00:00","og_image":[{"width":754,"height":469,"url":"https:\/\/pagina10.com\/web\/wp-content\/uploads\/2014\/02\/20a2eb5d87a32524f4f932cf9b095402.jpg","type":"image\/jpeg"}],"author":"P\u00e1gina 10","twitter_card":"summary_large_image","twitter_creator":"@Pag10com","twitter_site":"@Pag10com","twitter_misc":{"Escrito por":"P\u00e1gina 10","Tiempo de lectura":"1 minuto"},"schema":{"@context":"https:\/\/schema.org","@graph":[{"@type":"Article","@id":"https:\/\/pagina10.com\/web\/50-policias-conforman-el-goes-en-pasto\/#article","isPartOf":{"@id":"https:\/\/pagina10.com\/web\/50-policias-conforman-el-goes-en-pasto\/"},"author":{"name":"P\u00e1gina 10","@id":"https:\/\/pagina10.com\/web\/#\/schema\/person\/a7a5d38f0629dfc107f619fbae4f6cc3"},"headline":"50 POLIC\u00cdAS CONFORMAN EL &#8220;GOES&#8221; EN PASTO","datePublished":"2014-02-02T03:12:43+00:00","mainEntityOfPage":{"@id":"https:\/\/pagina10.com\/web\/50-policias-conforman-el-goes-en-pasto\/"},"wordCount":194,"commentCount":0,"publisher":{"@id":"https:\/\/pagina10.com\/web\/#organization"},"image":{"@id":"https:\/\/pagina10.com\/web\/50-policias-conforman-el-goes-en-pasto\/#primaryimage"},"thumbnailUrl":"https:\/\/pagina10.com\/web\/wp-content\/uploads\/2014\/02\/20a2eb5d87a32524f4f932cf9b095402.jpg","articleSection":["Ciudad"],"inLanguage":"es","potentialAction":[{"@type":"CommentAction","name":"Comment","target":["https:\/\/pagina10.com\/web\/50-policias-conforman-el-goes-en-pasto\/#respond"]}]},{"@type":"WebPage","@id":"https:\/\/pagina10.com\/web\/50-policias-conforman-el-goes-en-pasto\/","url":"https:\/\/pagina10.com\/web\/50-policias-conforman-el-goes-en-pasto\/","name":"50 POLIC\u00cdAS CONFORMAN EL \"GOES\" EN PASTO | P\u00e1gina10","isPartOf":{"@id":"https:\/\/pagina10.com\/web\/#website"},"primaryImageOfPage":{"@id":"https:\/\/pagina10.com\/web\/50-policias-conforman-el-goes-en-pasto\/#primaryimage"},"image":{"@id":"https:\/\/pagina10.com\/web\/50-policias-conforman-el-goes-en-pasto\/#primaryimage"},"thumbnailUrl":"https:\/\/pagina10.com\/web\/wp-content\/uploads\/2014\/02\/20a2eb5d87a32524f4f932cf9b095402.jpg","datePublished":"2014-02-02T03:12:43+00:00","breadcrumb":{"@id":"https:\/\/pagina10.com\/web\/50-policias-conforman-el-goes-en-pasto\/#breadcrumb"},"inLanguage":"es","potentialAction":[{"@type":"ReadAction","target":["https:\/\/pagina10.com\/web\/50-policias-conforman-el-goes-en-pasto\/"]}]},{"@type":"ImageObject","inLanguage":"es","@id":"https:\/\/pagina10.com\/web\/50-policias-conforman-el-goes-en-pasto\/#primaryimage","url":"https:\/\/pagina10.com\/web\/wp-content\/uploads\/2014\/02\/20a2eb5d87a32524f4f932cf9b095402.jpg","contentUrl":"https:\/\/pagina10.com\/web\/wp-content\/uploads\/2014\/02\/20a2eb5d87a32524f4f932cf9b095402.jpg","width":754,"height":469,"caption":"Fotograf\u00eda: Alcald\u00eda de Pasto"},{"@type":"BreadcrumbList","@id":"https:\/\/pagina10.com\/web\/50-policias-conforman-el-goes-en-pasto\/#breadcrumb","itemListElement":[{"@type":"ListItem","position":1,"name":"Portada","item":"https:\/\/pagina10.com\/web\/"},{"@type":"ListItem","position":2,"name":"50 POLIC\u00cdAS CONFORMAN EL &#8220;GOES&#8221; EN PASTO"}]},{"@type":"WebSite","@id":"https:\/\/pagina10.com\/web\/#website","url":"https:\/\/pagina10.com\/web\/","name":"P\u00e1gina10","description":"Peri\u00f3dico Regional","publisher":{"@id":"https:\/\/pagina10.com\/web\/#organization"},"alternateName":"P\u00e1gina10 Peri\u00f3dico Regional","potentialAction":[{"@type":"SearchAction","target":{"@type":"EntryPoint","urlTemplate":"https:\/\/pagina10.com\/web\/?s={search_term_string}"},"query-input":{"@type":"PropertyValueSpecification","valueRequired":true,"valueName":"search_term_string"}}],"inLanguage":"es"},{"@type":"Organization","@id":"https:\/\/pagina10.com\/web\/#organization","name":"P\u00e1gina10","alternateName":"P\u00e1gina10 Peri\u00f3dico Regional","url":"https:\/\/pagina10.com\/web\/","logo":{"@type":"ImageObject","inLanguage":"es","@id":"https:\/\/pagina10.com\/web\/#\/schema\/logo\/image\/","url":"https:\/\/pagina10.com\/web\/wp-content\/uploads\/2024\/01\/40-pagina-10-periodico-regional-pasto.jpg","contentUrl":"https:\/\/pagina10.com\/web\/wp-content\/uploads\/2024\/01\/40-pagina-10-periodico-regional-pasto.jpg","width":1280,"height":720,"caption":"P\u00e1gina10"},"image":{"@id":"https:\/\/pagina10.com\/web\/#\/schema\/logo\/image\/"},"sameAs":["https:\/\/www.facebook.com\/pag10com","https:\/\/x.com\/Pag10com","https:\/\/www.instagram.com\/pagina10col\/","https:\/\/youtube.com\/channel\/pag10","https:\/\/www.tiktok.com\/@p10col"]},{"@type":"Person","@id":"https:\/\/pagina10.com\/web\/#\/schema\/person\/a7a5d38f0629dfc107f619fbae4f6cc3","name":"P\u00e1gina 10","description":"P\u00e1gina10.com es un peri\u00f3dico digital que nace en Colombia, en el departamento de Nari\u00f1o, con un enfoque global, fundamentado en cuatro pilares esenciales: la libertad, el pluralismo, la inclusi\u00f3n y la independencia. P\u00e1gina10.com hace referencia a Nari\u00f1o como el d\u00e9cimo departamento creado en Colombia, despu\u00e9s de un proceso pol\u00edtico liderado por actores y actrices regionales con el fin de obtener la independencia y autonom\u00eda de nuestros territorios. Con la creaci\u00f3n de P\u00e1gina10.com se pretende abrir un escenario para el dialogo, la reflexi\u00f3n y el debate que se extienda a otras geograf\u00edas de Am\u00e9rica Latina y del planeta, en una apuesta por transformar colectivamente los desaf\u00edos de un mundo contempor\u00e1neo, m\u00e1s all\u00e1 de las fronteras impuestas.","url":"https:\/\/pagina10.com\/web\/author\/mcepeda\/"}]}},"_links":{"self":[{"href":"https:\/\/pagina10.com\/web\/wp-json\/wp\/v2\/posts\/6446","targetHints":{"allow":["GET"]}}],"collection":[{"href":"https:\/\/pagina10.com\/web\/wp-json\/wp\/v2\/posts"}],"about":[{"href":"https:\/\/pagina10.com\/web\/wp-json\/wp\/v2\/types\/post"}],"author":[{"embeddable":true,"href":"https:\/\/pagina10.com\/web\/wp-json\/wp\/v2\/users\/29"}],"replies":[{"embeddable":true,"href":"https:\/\/pagina10.com\/web\/wp-json\/wp\/v2\/comments?post=6446"}],"version-history":[{"count":0,"href":"https:\/\/pagina10.com\/web\/wp-json\/wp\/v2\/posts\/6446\/revisions"}],"wp:featuredmedia":[{"embeddable":true,"href":"https:\/\/pagina10.com\/web\/wp-json\/wp\/v2\/media\/6444"}],"wp:attachment":[{"href":"https:\/\/pagina10.com\/web\/wp-json\/wp\/v2\/media?parent=6446"}],"wp:term":[{"taxonomy":"category","embeddable":true,"href":"https:\/\/pagina10.com\/web\/wp-json\/wp\/v2\/categories?post=6446"},{"taxonomy":"post_tag","embeddable":true,"href":"https:\/\/pagina10.com\/web\/wp-json\/wp\/v2\/tags?post=6446"}],"curies":[{"name":"wp","href":"https:\/\/api.w.org\/{rel}","templated":true}]}}