{"id":6450,"date":"2014-01-22T15:40:31","date_gmt":"2014-01-22T15:40:31","guid":{"rendered":"https:\/\/pagina10.com\/web\/suspension-del-servicio-de-agua-domingo-2-de-febrero\/"},"modified":"2014-01-22T15:40:31","modified_gmt":"2014-01-22T15:40:31","slug":"suspension-del-servicio-de-agua-domingo-2-de-febrero","status":"publish","type":"post","link":"https:\/\/pagina10.com\/web\/suspension-del-servicio-de-agua-domingo-2-de-febrero\/","title":{"rendered":"Suspensi\u00f3n del servicio de agua domingo 2 de febrero"},"content":{"rendered":"<p><img fetchpriority=\"high\" decoding=\"async\" class=\" size-full wp-image-6449\" src=\"https:\/\/pagina10.com\/web\/wp-content\/uploads\/2014\/01\/934a968f0266574a7f22e38ee8622875.jpg\" alt=\"\" width=\"640\" height=\"415\" srcset=\"https:\/\/pagina10.com\/web\/wp-content\/uploads\/2014\/01\/934a968f0266574a7f22e38ee8622875.jpg 640w, https:\/\/pagina10.com\/web\/wp-content\/uploads\/2014\/01\/934a968f0266574a7f22e38ee8622875-300x195.jpg 300w, https:\/\/pagina10.com\/web\/wp-content\/uploads\/2014\/01\/934a968f0266574a7f22e38ee8622875-210x136.jpg 210w\" sizes=\"(max-width: 640px) 100vw, 640px\" \/><\/p>\n<p style=\"text-align: justify;\">Empopasto S.A. E.S.P. informa que debido a la implementaci\u00f3n del sistema de macro medici\u00f3n fija, se hace necesario suspender el suministro de agua el ma\u00f1ana domingo 2 de febrero de 2014 entre las 11:00 a.m. y las 11:00 p.m. en los siguientes barrios:<\/p>\n<p style=\"text-align: justify;\">&nbsp;<\/p>\n<p style=\"text-align: justify;\">Achalay, Abedules, Albergue del Sol ,Altos de la Colina (urbanizaci\u00f3n),Altos de Lorenzo, Altos del Campo, Atahualpa, Avenida Boyac\u00e1 (costado occidental), Baviera, Belisario Betancourt, Bella Vista, Betania, Campi\u00f1a de Oriente, Canchala, Capusigra, Casa Bella, CASD, Castillos del Norte, Chamb\u00fa Primera Etapa, Chapal II, Ciudad Jard\u00edn, Colegio Ciudad de Pasto, Colegio Libertad, Colegio Luis E. Mora Osejo, Cresemillas, Doce de Octubre I, El porvenir, El remanso, El tejar, Granada III, Gualcala, Gualcaloma, Guamuez, Hospital San Pedro, Hospital San Rafael, Jorge Giraldo, La Aurora, La Carolina, La Castellana, La Florida, La Paz, La Rosa, Las Acacias, Las camelias, Las Lajas, Las Margaritas III, Las Mercedes, Laureano G\u00f3mez, Liceo de la Universidad de Nari\u00f1o, Licorera de Nari\u00f1o, Lorenzo de Aldana, Los \u00c1lamos, Los Balcones, Los Frailejones, Los Pinos, Mar\u00eda Isabel I, II y III, Mariluz I, II Y III, Mercedario, Mirador de San Juan, Miraflores I Y II, Monserrate, Niza I Y III, Normal Superior, Nueva Colombia, Nueva solidaridad, Obrero, Panamericano, Pie de Cuesta I y II, Prados del Sur, Praga, Pubenza (parte sur), Pucalpa, Puertas del Sol, Quintas de San Pedro (parte baja), Remansos del Norte, Renacer, Rinc\u00f3n Colonial, Rinc\u00f3n de la Aurora, San Felipe (parte occidental), San Ignacio (parte sur), San Juan de los Pastos, San Miguel, San Vicente, Santa B\u00e1rbara, Santa Catalina, Santa Clara, Santa M\u00f3nica, Santa F\u00e9 I y II, Santiago (parte occidental), Veracruz, Villa Adriana Mar\u00eda, Villa Alejandr\u00eda, Villa Aurora, Villa Campanela, Villa Jard\u00edn, Villa las Lajas, Villa Lucia, Villa Oriente, Villa Recreo I II III IV, Villa Docente, Villa Victoria, Villaflor, Villas de San Rafael, Vipri, Vivienda Cristiana, Terrazas de Chapal, Alameda II, Alta Vista, Aquine alto, Calvario Alto, Ciudad Real Mz. N, O, P, Q, R Y S, Coraz\u00f3n de Jes\u00fas, El Com\u00fan, Villa Elena.<\/p>\n","protected":false},"excerpt":{"rendered":"<p>Empopasto S.A. E.S.P. informa que debido a la implementaci\u00f3n del sistema de macro medici\u00f3n fija, se hace necesario suspender el suministro de agua el ma\u00f1ana domingo 2 de febrero de 2014 entre las 11:00 a.m. y las 11:00 p.m. en los siguientes barrios: &nbsp; Achalay, Abedules, Albergue del Sol ,Altos de la Colina (urbanizaci\u00f3n),Altos de [&hellip;]<\/p>\n","protected":false},"author":29,"featured_media":6449,"comment_status":"open","ping_status":"open","sticky":false,"template":"","format":"standard","meta":{"footnotes":""},"categories":[82],"tags":[],"class_list":["post-6450","post","type-post","status-publish","format-standard","has-post-thumbnail","hentry","category-ciudad-2"],"yoast_head":"<!-- This site is optimized with the Yoast SEO plugin v27.1.1 - https:\/\/yoast.com\/product\/yoast-seo-wordpress\/ -->\n<title>Suspensi\u00f3n del servicio de agua domingo 2 de febrero | P\u00e1gina10<\/title>\n<meta name=\"robots\" content=\"index, follow, max-snippet:-1, max-image-preview:large, max-video-preview:-1\" \/>\n<link rel=\"canonical\" href=\"https:\/\/pagina10.com\/web\/suspension-del-servicio-de-agua-domingo-2-de-febrero\/\" \/>\n<meta property=\"og:locale\" content=\"es_ES\" \/>\n<meta property=\"og:type\" content=\"article\" \/>\n<meta property=\"og:title\" content=\"Suspensi\u00f3n del servicio de agua domingo 2 de febrero | P\u00e1gina10\" \/>\n<meta property=\"og:description\" content=\"Empopasto S.A. E.S.P. informa que debido a la implementaci\u00f3n del sistema de macro medici\u00f3n fija, se hace necesario suspender el suministro de agua el ma\u00f1ana domingo 2 de febrero de 2014 entre las 11:00 a.m. y las 11:00 p.m. en los siguientes barrios: &nbsp; Achalay, Abedules, Albergue del Sol ,Altos de la Colina (urbanizaci\u00f3n),Altos de [&hellip;]\" \/>\n<meta property=\"og:url\" content=\"https:\/\/pagina10.com\/web\/suspension-del-servicio-de-agua-domingo-2-de-febrero\/\" \/>\n<meta property=\"og:site_name\" content=\"P\u00e1gina10\" \/>\n<meta property=\"article:publisher\" content=\"https:\/\/www.facebook.com\/pag10com\" \/>\n<meta property=\"article:published_time\" content=\"2014-01-22T15:40:31+00:00\" \/>\n<meta property=\"og:image\" content=\"https:\/\/pagina10.com\/web\/wp-content\/uploads\/2014\/01\/934a968f0266574a7f22e38ee8622875.jpg\" \/>\n\t<meta property=\"og:image:width\" content=\"640\" \/>\n\t<meta property=\"og:image:height\" content=\"415\" \/>\n\t<meta property=\"og:image:type\" content=\"image\/jpeg\" \/>\n<meta name=\"author\" content=\"P\u00e1gina 10\" \/>\n<meta name=\"twitter:card\" content=\"summary_large_image\" \/>\n<meta name=\"twitter:creator\" content=\"@Pag10com\" \/>\n<meta name=\"twitter:site\" content=\"@Pag10com\" \/>\n<meta name=\"twitter:label1\" content=\"Escrito por\" \/>\n\t<meta name=\"twitter:data1\" content=\"P\u00e1gina 10\" \/>\n\t<meta name=\"twitter:label2\" content=\"Tiempo de lectura\" \/>\n\t<meta name=\"twitter:data2\" content=\"2 minutos\" \/>\n<script type=\"application\/ld+json\" class=\"yoast-schema-graph\">{\"@context\":\"https:\/\/schema.org\",\"@graph\":[{\"@type\":\"Article\",\"@id\":\"https:\/\/pagina10.com\/web\/suspension-del-servicio-de-agua-domingo-2-de-febrero\/#article\",\"isPartOf\":{\"@id\":\"https:\/\/pagina10.com\/web\/suspension-del-servicio-de-agua-domingo-2-de-febrero\/\"},\"author\":{\"name\":\"P\u00e1gina 10\",\"@id\":\"https:\/\/pagina10.com\/web\/#\/schema\/person\/a7a5d38f0629dfc107f619fbae4f6cc3\"},\"headline\":\"Suspensi\u00f3n del servicio de agua domingo 2 de febrero\",\"datePublished\":\"2014-01-22T15:40:31+00:00\",\"mainEntityOfPage\":{\"@id\":\"https:\/\/pagina10.com\/web\/suspension-del-servicio-de-agua-domingo-2-de-febrero\/\"},\"wordCount\":363,\"commentCount\":0,\"publisher\":{\"@id\":\"https:\/\/pagina10.com\/web\/#organization\"},\"image\":{\"@id\":\"https:\/\/pagina10.com\/web\/suspension-del-servicio-de-agua-domingo-2-de-febrero\/#primaryimage\"},\"thumbnailUrl\":\"https:\/\/pagina10.com\/web\/wp-content\/uploads\/2014\/01\/934a968f0266574a7f22e38ee8622875.jpg\",\"articleSection\":[\"Ciudad\"],\"inLanguage\":\"es\",\"potentialAction\":[{\"@type\":\"CommentAction\",\"name\":\"Comment\",\"target\":[\"https:\/\/pagina10.com\/web\/suspension-del-servicio-de-agua-domingo-2-de-febrero\/#respond\"]}]},{\"@type\":\"WebPage\",\"@id\":\"https:\/\/pagina10.com\/web\/suspension-del-servicio-de-agua-domingo-2-de-febrero\/\",\"url\":\"https:\/\/pagina10.com\/web\/suspension-del-servicio-de-agua-domingo-2-de-febrero\/\",\"name\":\"Suspensi\u00f3n del servicio de agua domingo 2 de febrero | P\u00e1gina10\",\"isPartOf\":{\"@id\":\"https:\/\/pagina10.com\/web\/#website\"},\"primaryImageOfPage\":{\"@id\":\"https:\/\/pagina10.com\/web\/suspension-del-servicio-de-agua-domingo-2-de-febrero\/#primaryimage\"},\"image\":{\"@id\":\"https:\/\/pagina10.com\/web\/suspension-del-servicio-de-agua-domingo-2-de-febrero\/#primaryimage\"},\"thumbnailUrl\":\"https:\/\/pagina10.com\/web\/wp-content\/uploads\/2014\/01\/934a968f0266574a7f22e38ee8622875.jpg\",\"datePublished\":\"2014-01-22T15:40:31+00:00\",\"breadcrumb\":{\"@id\":\"https:\/\/pagina10.com\/web\/suspension-del-servicio-de-agua-domingo-2-de-febrero\/#breadcrumb\"},\"inLanguage\":\"es\",\"potentialAction\":[{\"@type\":\"ReadAction\",\"target\":[\"https:\/\/pagina10.com\/web\/suspension-del-servicio-de-agua-domingo-2-de-febrero\/\"]}]},{\"@type\":\"ImageObject\",\"inLanguage\":\"es\",\"@id\":\"https:\/\/pagina10.com\/web\/suspension-del-servicio-de-agua-domingo-2-de-febrero\/#primaryimage\",\"url\":\"https:\/\/pagina10.com\/web\/wp-content\/uploads\/2014\/01\/934a968f0266574a7f22e38ee8622875.jpg\",\"contentUrl\":\"https:\/\/pagina10.com\/web\/wp-content\/uploads\/2014\/01\/934a968f0266574a7f22e38ee8622875.jpg\",\"width\":640,\"height\":415},{\"@type\":\"BreadcrumbList\",\"@id\":\"https:\/\/pagina10.com\/web\/suspension-del-servicio-de-agua-domingo-2-de-febrero\/#breadcrumb\",\"itemListElement\":[{\"@type\":\"ListItem\",\"position\":1,\"name\":\"Portada\",\"item\":\"https:\/\/pagina10.com\/web\/\"},{\"@type\":\"ListItem\",\"position\":2,\"name\":\"Suspensi\u00f3n del servicio de agua domingo 2 de febrero\"}]},{\"@type\":\"WebSite\",\"@id\":\"https:\/\/pagina10.com\/web\/#website\",\"url\":\"https:\/\/pagina10.com\/web\/\",\"name\":\"P\u00e1gina10\",\"description\":\"Peri\u00f3dico Regional\",\"publisher\":{\"@id\":\"https:\/\/pagina10.com\/web\/#organization\"},\"alternateName\":\"P\u00e1gina10 Peri\u00f3dico Regional\",\"potentialAction\":[{\"@type\":\"SearchAction\",\"target\":{\"@type\":\"EntryPoint\",\"urlTemplate\":\"https:\/\/pagina10.com\/web\/?s={search_term_string}\"},\"query-input\":{\"@type\":\"PropertyValueSpecification\",\"valueRequired\":true,\"valueName\":\"search_term_string\"}}],\"inLanguage\":\"es\"},{\"@type\":\"Organization\",\"@id\":\"https:\/\/pagina10.com\/web\/#organization\",\"name\":\"P\u00e1gina10\",\"alternateName\":\"P\u00e1gina10 Peri\u00f3dico Regional\",\"url\":\"https:\/\/pagina10.com\/web\/\",\"logo\":{\"@type\":\"ImageObject\",\"inLanguage\":\"es\",\"@id\":\"https:\/\/pagina10.com\/web\/#\/schema\/logo\/image\/\",\"url\":\"https:\/\/pagina10.com\/web\/wp-content\/uploads\/2024\/01\/40-pagina-10-periodico-regional-pasto.jpg\",\"contentUrl\":\"https:\/\/pagina10.com\/web\/wp-content\/uploads\/2024\/01\/40-pagina-10-periodico-regional-pasto.jpg\",\"width\":1280,\"height\":720,\"caption\":\"P\u00e1gina10\"},\"image\":{\"@id\":\"https:\/\/pagina10.com\/web\/#\/schema\/logo\/image\/\"},\"sameAs\":[\"https:\/\/www.facebook.com\/pag10com\",\"https:\/\/x.com\/Pag10com\",\"https:\/\/www.instagram.com\/pagina10col\/\",\"https:\/\/youtube.com\/channel\/pag10\",\"https:\/\/www.tiktok.com\/@p10col\"]},{\"@type\":\"Person\",\"@id\":\"https:\/\/pagina10.com\/web\/#\/schema\/person\/a7a5d38f0629dfc107f619fbae4f6cc3\",\"name\":\"P\u00e1gina 10\",\"description\":\"P\u00e1gina10.com es un peri\u00f3dico digital que nace en Colombia, en el departamento de Nari\u00f1o, con un enfoque global, fundamentado en cuatro pilares esenciales: la libertad, el pluralismo, la inclusi\u00f3n y la independencia. P\u00e1gina10.com hace referencia a Nari\u00f1o como el d\u00e9cimo departamento creado en Colombia, despu\u00e9s de un proceso pol\u00edtico liderado por actores y actrices regionales con el fin de obtener la independencia y autonom\u00eda de nuestros territorios. Con la creaci\u00f3n de P\u00e1gina10.com se pretende abrir un escenario para el dialogo, la reflexi\u00f3n y el debate que se extienda a otras geograf\u00edas de Am\u00e9rica Latina y del planeta, en una apuesta por transformar colectivamente los desaf\u00edos de un mundo contempor\u00e1neo, m\u00e1s all\u00e1 de las fronteras impuestas.\",\"url\":\"https:\/\/pagina10.com\/web\/author\/mcepeda\/\"}]}<\/script>\n<!-- \/ Yoast SEO plugin. -->","yoast_head_json":{"title":"Suspensi\u00f3n del servicio de agua domingo 2 de febrero | P\u00e1gina10","robots":{"index":"index","follow":"follow","max-snippet":"max-snippet:-1","max-image-preview":"max-image-preview:large","max-video-preview":"max-video-preview:-1"},"canonical":"https:\/\/pagina10.com\/web\/suspension-del-servicio-de-agua-domingo-2-de-febrero\/","og_locale":"es_ES","og_type":"article","og_title":"Suspensi\u00f3n del servicio de agua domingo 2 de febrero | P\u00e1gina10","og_description":"Empopasto S.A. E.S.P. informa que debido a la implementaci\u00f3n del sistema de macro medici\u00f3n fija, se hace necesario suspender el suministro de agua el ma\u00f1ana domingo 2 de febrero de 2014 entre las 11:00 a.m. y las 11:00 p.m. en los siguientes barrios: &nbsp; Achalay, Abedules, Albergue del Sol ,Altos de la Colina (urbanizaci\u00f3n),Altos de [&hellip;]","og_url":"https:\/\/pagina10.com\/web\/suspension-del-servicio-de-agua-domingo-2-de-febrero\/","og_site_name":"P\u00e1gina10","article_publisher":"https:\/\/www.facebook.com\/pag10com","article_published_time":"2014-01-22T15:40:31+00:00","og_image":[{"width":640,"height":415,"url":"https:\/\/pagina10.com\/web\/wp-content\/uploads\/2014\/01\/934a968f0266574a7f22e38ee8622875.jpg","type":"image\/jpeg"}],"author":"P\u00e1gina 10","twitter_card":"summary_large_image","twitter_creator":"@Pag10com","twitter_site":"@Pag10com","twitter_misc":{"Escrito por":"P\u00e1gina 10","Tiempo de lectura":"2 minutos"},"schema":{"@context":"https:\/\/schema.org","@graph":[{"@type":"Article","@id":"https:\/\/pagina10.com\/web\/suspension-del-servicio-de-agua-domingo-2-de-febrero\/#article","isPartOf":{"@id":"https:\/\/pagina10.com\/web\/suspension-del-servicio-de-agua-domingo-2-de-febrero\/"},"author":{"name":"P\u00e1gina 10","@id":"https:\/\/pagina10.com\/web\/#\/schema\/person\/a7a5d38f0629dfc107f619fbae4f6cc3"},"headline":"Suspensi\u00f3n del servicio de agua domingo 2 de febrero","datePublished":"2014-01-22T15:40:31+00:00","mainEntityOfPage":{"@id":"https:\/\/pagina10.com\/web\/suspension-del-servicio-de-agua-domingo-2-de-febrero\/"},"wordCount":363,"commentCount":0,"publisher":{"@id":"https:\/\/pagina10.com\/web\/#organization"},"image":{"@id":"https:\/\/pagina10.com\/web\/suspension-del-servicio-de-agua-domingo-2-de-febrero\/#primaryimage"},"thumbnailUrl":"https:\/\/pagina10.com\/web\/wp-content\/uploads\/2014\/01\/934a968f0266574a7f22e38ee8622875.jpg","articleSection":["Ciudad"],"inLanguage":"es","potentialAction":[{"@type":"CommentAction","name":"Comment","target":["https:\/\/pagina10.com\/web\/suspension-del-servicio-de-agua-domingo-2-de-febrero\/#respond"]}]},{"@type":"WebPage","@id":"https:\/\/pagina10.com\/web\/suspension-del-servicio-de-agua-domingo-2-de-febrero\/","url":"https:\/\/pagina10.com\/web\/suspension-del-servicio-de-agua-domingo-2-de-febrero\/","name":"Suspensi\u00f3n del servicio de agua domingo 2 de febrero | P\u00e1gina10","isPartOf":{"@id":"https:\/\/pagina10.com\/web\/#website"},"primaryImageOfPage":{"@id":"https:\/\/pagina10.com\/web\/suspension-del-servicio-de-agua-domingo-2-de-febrero\/#primaryimage"},"image":{"@id":"https:\/\/pagina10.com\/web\/suspension-del-servicio-de-agua-domingo-2-de-febrero\/#primaryimage"},"thumbnailUrl":"https:\/\/pagina10.com\/web\/wp-content\/uploads\/2014\/01\/934a968f0266574a7f22e38ee8622875.jpg","datePublished":"2014-01-22T15:40:31+00:00","breadcrumb":{"@id":"https:\/\/pagina10.com\/web\/suspension-del-servicio-de-agua-domingo-2-de-febrero\/#breadcrumb"},"inLanguage":"es","potentialAction":[{"@type":"ReadAction","target":["https:\/\/pagina10.com\/web\/suspension-del-servicio-de-agua-domingo-2-de-febrero\/"]}]},{"@type":"ImageObject","inLanguage":"es","@id":"https:\/\/pagina10.com\/web\/suspension-del-servicio-de-agua-domingo-2-de-febrero\/#primaryimage","url":"https:\/\/pagina10.com\/web\/wp-content\/uploads\/2014\/01\/934a968f0266574a7f22e38ee8622875.jpg","contentUrl":"https:\/\/pagina10.com\/web\/wp-content\/uploads\/2014\/01\/934a968f0266574a7f22e38ee8622875.jpg","width":640,"height":415},{"@type":"BreadcrumbList","@id":"https:\/\/pagina10.com\/web\/suspension-del-servicio-de-agua-domingo-2-de-febrero\/#breadcrumb","itemListElement":[{"@type":"ListItem","position":1,"name":"Portada","item":"https:\/\/pagina10.com\/web\/"},{"@type":"ListItem","position":2,"name":"Suspensi\u00f3n del servicio de agua domingo 2 de febrero"}]},{"@type":"WebSite","@id":"https:\/\/pagina10.com\/web\/#website","url":"https:\/\/pagina10.com\/web\/","name":"P\u00e1gina10","description":"Peri\u00f3dico Regional","publisher":{"@id":"https:\/\/pagina10.com\/web\/#organization"},"alternateName":"P\u00e1gina10 Peri\u00f3dico Regional","potentialAction":[{"@type":"SearchAction","target":{"@type":"EntryPoint","urlTemplate":"https:\/\/pagina10.com\/web\/?s={search_term_string}"},"query-input":{"@type":"PropertyValueSpecification","valueRequired":true,"valueName":"search_term_string"}}],"inLanguage":"es"},{"@type":"Organization","@id":"https:\/\/pagina10.com\/web\/#organization","name":"P\u00e1gina10","alternateName":"P\u00e1gina10 Peri\u00f3dico Regional","url":"https:\/\/pagina10.com\/web\/","logo":{"@type":"ImageObject","inLanguage":"es","@id":"https:\/\/pagina10.com\/web\/#\/schema\/logo\/image\/","url":"https:\/\/pagina10.com\/web\/wp-content\/uploads\/2024\/01\/40-pagina-10-periodico-regional-pasto.jpg","contentUrl":"https:\/\/pagina10.com\/web\/wp-content\/uploads\/2024\/01\/40-pagina-10-periodico-regional-pasto.jpg","width":1280,"height":720,"caption":"P\u00e1gina10"},"image":{"@id":"https:\/\/pagina10.com\/web\/#\/schema\/logo\/image\/"},"sameAs":["https:\/\/www.facebook.com\/pag10com","https:\/\/x.com\/Pag10com","https:\/\/www.instagram.com\/pagina10col\/","https:\/\/youtube.com\/channel\/pag10","https:\/\/www.tiktok.com\/@p10col"]},{"@type":"Person","@id":"https:\/\/pagina10.com\/web\/#\/schema\/person\/a7a5d38f0629dfc107f619fbae4f6cc3","name":"P\u00e1gina 10","description":"P\u00e1gina10.com es un peri\u00f3dico digital que nace en Colombia, en el departamento de Nari\u00f1o, con un enfoque global, fundamentado en cuatro pilares esenciales: la libertad, el pluralismo, la inclusi\u00f3n y la independencia. P\u00e1gina10.com hace referencia a Nari\u00f1o como el d\u00e9cimo departamento creado en Colombia, despu\u00e9s de un proceso pol\u00edtico liderado por actores y actrices regionales con el fin de obtener la independencia y autonom\u00eda de nuestros territorios. Con la creaci\u00f3n de P\u00e1gina10.com se pretende abrir un escenario para el dialogo, la reflexi\u00f3n y el debate que se extienda a otras geograf\u00edas de Am\u00e9rica Latina y del planeta, en una apuesta por transformar colectivamente los desaf\u00edos de un mundo contempor\u00e1neo, m\u00e1s all\u00e1 de las fronteras impuestas.","url":"https:\/\/pagina10.com\/web\/author\/mcepeda\/"}]}},"_links":{"self":[{"href":"https:\/\/pagina10.com\/web\/wp-json\/wp\/v2\/posts\/6450","targetHints":{"allow":["GET"]}}],"collection":[{"href":"https:\/\/pagina10.com\/web\/wp-json\/wp\/v2\/posts"}],"about":[{"href":"https:\/\/pagina10.com\/web\/wp-json\/wp\/v2\/types\/post"}],"author":[{"embeddable":true,"href":"https:\/\/pagina10.com\/web\/wp-json\/wp\/v2\/users\/29"}],"replies":[{"embeddable":true,"href":"https:\/\/pagina10.com\/web\/wp-json\/wp\/v2\/comments?post=6450"}],"version-history":[{"count":0,"href":"https:\/\/pagina10.com\/web\/wp-json\/wp\/v2\/posts\/6450\/revisions"}],"wp:featuredmedia":[{"embeddable":true,"href":"https:\/\/pagina10.com\/web\/wp-json\/wp\/v2\/media\/6449"}],"wp:attachment":[{"href":"https:\/\/pagina10.com\/web\/wp-json\/wp\/v2\/media?parent=6450"}],"wp:term":[{"taxonomy":"category","embeddable":true,"href":"https:\/\/pagina10.com\/web\/wp-json\/wp\/v2\/categories?post=6450"},{"taxonomy":"post_tag","embeddable":true,"href":"https:\/\/pagina10.com\/web\/wp-json\/wp\/v2\/tags?post=6450"}],"curies":[{"name":"wp","href":"https:\/\/api.w.org\/{rel}","templated":true}]}}