{"id":64715,"date":"2023-02-21T11:51:54","date_gmt":"2023-02-21T16:51:54","guid":{"rendered":"https:\/\/pagina10.com\/web\/?p=64715"},"modified":"2023-02-21T11:51:54","modified_gmt":"2023-02-21T16:51:54","slug":"berner-zambrano-candidato-del-partido-de-roy-barreras-a-la-gobernacion-de-narino","status":"publish","type":"post","link":"https:\/\/pagina10.com\/web\/berner-zambrano-candidato-del-partido-de-roy-barreras-a-la-gobernacion-de-narino\/","title":{"rendered":"Berner Zambrano candidato del partido de Roy Barreras a la Gobernaci\u00f3n de Nari\u00f1o"},"content":{"rendered":"<p style=\"text-align: justify;\">En las \u00faltimas horas P\u00e1gina 10 conoci\u00f3 en primicia el listado de candidatos a las distintas gobernaciones del pa\u00eds que ser\u00e1n apoyados por el partido pol\u00edtico la Fuerza de la Paz, liderado por el actual presidente del Senado Roy Barreras. En la lista se encuentra avalado el exsenador Berner Zambrano para aspirar a la Gobernaci\u00f3n de Nari\u00f1o.<br \/>\nAdem\u00e1s se incluyen aspirantes a las administraciones departamentales de Atl\u00e1ntico, Huila, Cauca, Nari\u00f1o, C\u00f3rdoba, Cundinamarca, Norte De Santander, Risaralda, Quind\u00edo, Tolima, Sucre, Vaup\u00e9s, Putumayo, Amazonas, Casanare, Guain\u00eda y Guaviare.<br \/>\nCabe mencionar que desde su renuncia al Senado, el dirigente Berner Zambrano manifest\u00f3 su deseo de aspirar a la Gobernaci\u00f3n de Nari\u00f1o. As\u00ed lo dio a conocer en una sesi\u00f3n el excandidato a la Presidencia y exsenador Rodolfo Hern\u00e1ndez durante una sesi\u00f3n del Congreso.<\/p>\n","protected":false},"excerpt":{"rendered":"<p>En las \u00faltimas horas P\u00e1gina 10 conoci\u00f3 en primicia el listado de candidatos a las distintas gobernaciones del pa\u00eds que ser\u00e1n apoyados por el partido pol\u00edtico la Fuerza de la Paz, liderado por el actual presidente del Senado Roy Barreras. En la lista se encuentra avalado el exsenador Berner Zambrano para aspirar a la Gobernaci\u00f3n [&hellip;]<\/p>\n","protected":false},"author":1,"featured_media":64716,"comment_status":"open","ping_status":"open","sticky":false,"template":"","format":"standard","meta":{"footnotes":""},"categories":[84],"tags":[],"class_list":["post-64715","post","type-post","status-publish","format-standard","has-post-thumbnail","hentry","category-global-2"],"yoast_head":"<!-- This site is optimized with the Yoast SEO plugin v27.1.1 - https:\/\/yoast.com\/product\/yoast-seo-wordpress\/ -->\n<title>Berner Zambrano candidato del partido de Roy Barreras a la Gobernaci\u00f3n de Nari\u00f1o | P\u00e1gina10<\/title>\n<meta name=\"robots\" content=\"index, follow, max-snippet:-1, max-image-preview:large, max-video-preview:-1\" \/>\n<link rel=\"canonical\" href=\"https:\/\/pagina10.com\/web\/berner-zambrano-candidato-del-partido-de-roy-barreras-a-la-gobernacion-de-narino\/\" \/>\n<meta property=\"og:locale\" content=\"es_ES\" \/>\n<meta property=\"og:type\" content=\"article\" \/>\n<meta property=\"og:title\" content=\"Berner Zambrano candidato del partido de Roy Barreras a la Gobernaci\u00f3n de Nari\u00f1o | P\u00e1gina10\" \/>\n<meta property=\"og:description\" content=\"En las \u00faltimas horas P\u00e1gina 10 conoci\u00f3 en primicia el listado de candidatos a las distintas gobernaciones del pa\u00eds que ser\u00e1n apoyados por el partido pol\u00edtico la Fuerza de la Paz, liderado por el actual presidente del Senado Roy Barreras. En la lista se encuentra avalado el exsenador Berner Zambrano para aspirar a la Gobernaci\u00f3n [&hellip;]\" \/>\n<meta property=\"og:url\" content=\"https:\/\/pagina10.com\/web\/berner-zambrano-candidato-del-partido-de-roy-barreras-a-la-gobernacion-de-narino\/\" \/>\n<meta property=\"og:site_name\" content=\"P\u00e1gina10\" \/>\n<meta property=\"article:publisher\" content=\"https:\/\/www.facebook.com\/pag10com\" \/>\n<meta property=\"article:published_time\" content=\"2023-02-21T16:51:54+00:00\" \/>\n<meta property=\"og:image\" content=\"https:\/\/pagina10.com\/web\/wp-content\/uploads\/2023\/02\/273709952_2804322973202109_8935444227022843042_n-01-450x300-1.jpg\" \/>\n\t<meta property=\"og:image:width\" content=\"450\" \/>\n\t<meta property=\"og:image:height\" content=\"300\" \/>\n\t<meta property=\"og:image:type\" content=\"image\/jpeg\" \/>\n<meta name=\"author\" content=\"P\u00e1gina 10\" \/>\n<meta name=\"twitter:card\" content=\"summary_large_image\" \/>\n<meta name=\"twitter:creator\" content=\"@Pag10com\" \/>\n<meta name=\"twitter:site\" content=\"@Pag10com\" \/>\n<meta name=\"twitter:label1\" content=\"Escrito por\" \/>\n\t<meta name=\"twitter:data1\" content=\"P\u00e1gina 10\" \/>\n\t<meta name=\"twitter:label2\" content=\"Tiempo de lectura\" \/>\n\t<meta name=\"twitter:data2\" content=\"1 minuto\" \/>\n<script type=\"application\/ld+json\" class=\"yoast-schema-graph\">{\"@context\":\"https:\/\/schema.org\",\"@graph\":[{\"@type\":\"Article\",\"@id\":\"https:\/\/pagina10.com\/web\/berner-zambrano-candidato-del-partido-de-roy-barreras-a-la-gobernacion-de-narino\/#article\",\"isPartOf\":{\"@id\":\"https:\/\/pagina10.com\/web\/berner-zambrano-candidato-del-partido-de-roy-barreras-a-la-gobernacion-de-narino\/\"},\"author\":{\"name\":\"P\u00e1gina 10\",\"@id\":\"https:\/\/pagina10.com\/web\/#\/schema\/person\/2efc4a090d25b667d3bc796798a3a81b\"},\"headline\":\"Berner Zambrano candidato del partido de Roy Barreras a la Gobernaci\u00f3n de Nari\u00f1o\",\"datePublished\":\"2023-02-21T16:51:54+00:00\",\"mainEntityOfPage\":{\"@id\":\"https:\/\/pagina10.com\/web\/berner-zambrano-candidato-del-partido-de-roy-barreras-a-la-gobernacion-de-narino\/\"},\"wordCount\":162,\"commentCount\":0,\"publisher\":{\"@id\":\"https:\/\/pagina10.com\/web\/#organization\"},\"image\":{\"@id\":\"https:\/\/pagina10.com\/web\/berner-zambrano-candidato-del-partido-de-roy-barreras-a-la-gobernacion-de-narino\/#primaryimage\"},\"thumbnailUrl\":\"https:\/\/pagina10.com\/web\/wp-content\/uploads\/2023\/02\/273709952_2804322973202109_8935444227022843042_n-01-450x300-1.jpg\",\"articleSection\":[\"Global\"],\"inLanguage\":\"es\",\"potentialAction\":[{\"@type\":\"CommentAction\",\"name\":\"Comment\",\"target\":[\"https:\/\/pagina10.com\/web\/berner-zambrano-candidato-del-partido-de-roy-barreras-a-la-gobernacion-de-narino\/#respond\"]}]},{\"@type\":\"WebPage\",\"@id\":\"https:\/\/pagina10.com\/web\/berner-zambrano-candidato-del-partido-de-roy-barreras-a-la-gobernacion-de-narino\/\",\"url\":\"https:\/\/pagina10.com\/web\/berner-zambrano-candidato-del-partido-de-roy-barreras-a-la-gobernacion-de-narino\/\",\"name\":\"Berner Zambrano candidato del partido de Roy Barreras a la Gobernaci\u00f3n de Nari\u00f1o | P\u00e1gina10\",\"isPartOf\":{\"@id\":\"https:\/\/pagina10.com\/web\/#website\"},\"primaryImageOfPage\":{\"@id\":\"https:\/\/pagina10.com\/web\/berner-zambrano-candidato-del-partido-de-roy-barreras-a-la-gobernacion-de-narino\/#primaryimage\"},\"image\":{\"@id\":\"https:\/\/pagina10.com\/web\/berner-zambrano-candidato-del-partido-de-roy-barreras-a-la-gobernacion-de-narino\/#primaryimage\"},\"thumbnailUrl\":\"https:\/\/pagina10.com\/web\/wp-content\/uploads\/2023\/02\/273709952_2804322973202109_8935444227022843042_n-01-450x300-1.jpg\",\"datePublished\":\"2023-02-21T16:51:54+00:00\",\"breadcrumb\":{\"@id\":\"https:\/\/pagina10.com\/web\/berner-zambrano-candidato-del-partido-de-roy-barreras-a-la-gobernacion-de-narino\/#breadcrumb\"},\"inLanguage\":\"es\",\"potentialAction\":[{\"@type\":\"ReadAction\",\"target\":[\"https:\/\/pagina10.com\/web\/berner-zambrano-candidato-del-partido-de-roy-barreras-a-la-gobernacion-de-narino\/\"]}]},{\"@type\":\"ImageObject\",\"inLanguage\":\"es\",\"@id\":\"https:\/\/pagina10.com\/web\/berner-zambrano-candidato-del-partido-de-roy-barreras-a-la-gobernacion-de-narino\/#primaryimage\",\"url\":\"https:\/\/pagina10.com\/web\/wp-content\/uploads\/2023\/02\/273709952_2804322973202109_8935444227022843042_n-01-450x300-1.jpg\",\"contentUrl\":\"https:\/\/pagina10.com\/web\/wp-content\/uploads\/2023\/02\/273709952_2804322973202109_8935444227022843042_n-01-450x300-1.jpg\",\"width\":450,\"height\":300},{\"@type\":\"BreadcrumbList\",\"@id\":\"https:\/\/pagina10.com\/web\/berner-zambrano-candidato-del-partido-de-roy-barreras-a-la-gobernacion-de-narino\/#breadcrumb\",\"itemListElement\":[{\"@type\":\"ListItem\",\"position\":1,\"name\":\"Portada\",\"item\":\"https:\/\/pagina10.com\/web\/\"},{\"@type\":\"ListItem\",\"position\":2,\"name\":\"Berner Zambrano candidato del partido de Roy Barreras a la Gobernaci\u00f3n de Nari\u00f1o\"}]},{\"@type\":\"WebSite\",\"@id\":\"https:\/\/pagina10.com\/web\/#website\",\"url\":\"https:\/\/pagina10.com\/web\/\",\"name\":\"P\u00e1gina10\",\"description\":\"Peri\u00f3dico Regional\",\"publisher\":{\"@id\":\"https:\/\/pagina10.com\/web\/#organization\"},\"alternateName\":\"P\u00e1gina10 Peri\u00f3dico Regional\",\"potentialAction\":[{\"@type\":\"SearchAction\",\"target\":{\"@type\":\"EntryPoint\",\"urlTemplate\":\"https:\/\/pagina10.com\/web\/?s={search_term_string}\"},\"query-input\":{\"@type\":\"PropertyValueSpecification\",\"valueRequired\":true,\"valueName\":\"search_term_string\"}}],\"inLanguage\":\"es\"},{\"@type\":\"Organization\",\"@id\":\"https:\/\/pagina10.com\/web\/#organization\",\"name\":\"P\u00e1gina10\",\"alternateName\":\"P\u00e1gina10 Peri\u00f3dico Regional\",\"url\":\"https:\/\/pagina10.com\/web\/\",\"logo\":{\"@type\":\"ImageObject\",\"inLanguage\":\"es\",\"@id\":\"https:\/\/pagina10.com\/web\/#\/schema\/logo\/image\/\",\"url\":\"https:\/\/pagina10.com\/web\/wp-content\/uploads\/2024\/01\/40-pagina-10-periodico-regional-pasto.jpg\",\"contentUrl\":\"https:\/\/pagina10.com\/web\/wp-content\/uploads\/2024\/01\/40-pagina-10-periodico-regional-pasto.jpg\",\"width\":1280,\"height\":720,\"caption\":\"P\u00e1gina10\"},\"image\":{\"@id\":\"https:\/\/pagina10.com\/web\/#\/schema\/logo\/image\/\"},\"sameAs\":[\"https:\/\/www.facebook.com\/pag10com\",\"https:\/\/x.com\/Pag10com\",\"https:\/\/www.instagram.com\/pagina10col\/\",\"https:\/\/youtube.com\/channel\/pag10\",\"https:\/\/www.tiktok.com\/@p10col\"]},{\"@type\":\"Person\",\"@id\":\"https:\/\/pagina10.com\/web\/#\/schema\/person\/2efc4a090d25b667d3bc796798a3a81b\",\"name\":\"P\u00e1gina 10\",\"description\":\"P\u00e1gina 10 es un peri\u00f3dico regional que nace en Colombia, en el departamento de Nari\u00f1o, con un enfoque global, fundamentado en cuatro pilares esenciales: la libertad, el pluralismo, la inclusi\u00f3n y la independencia. P\u00e1gina 10 hace referencia a Nari\u00f1o como el d\u00e9cimo departamento creado en Colombia, despu\u00e9s de un proceso pol\u00edtico liderado por actores y actrices regionales con el fin de obtener la independencia y autonom\u00eda de nuestros territorios. Con la creaci\u00f3n de P\u00e1gina 10 se pretende abrir un escenario para el dialogo, la reflexi\u00f3n y el debate que se extienda a otras geograf\u00edas de Am\u00e9rica Latina y del planeta, en una apuesta por transformar colectivamente los desaf\u00edos de un mundo contempor\u00e1neo, m\u00e1s all\u00e1 de las fronteras impuestas.\",\"url\":\"https:\/\/pagina10.com\/web\/author\/pdiezadmin\/\"}]}<\/script>\n<!-- \/ Yoast SEO plugin. -->","yoast_head_json":{"title":"Berner Zambrano candidato del partido de Roy Barreras a la Gobernaci\u00f3n de Nari\u00f1o | P\u00e1gina10","robots":{"index":"index","follow":"follow","max-snippet":"max-snippet:-1","max-image-preview":"max-image-preview:large","max-video-preview":"max-video-preview:-1"},"canonical":"https:\/\/pagina10.com\/web\/berner-zambrano-candidato-del-partido-de-roy-barreras-a-la-gobernacion-de-narino\/","og_locale":"es_ES","og_type":"article","og_title":"Berner Zambrano candidato del partido de Roy Barreras a la Gobernaci\u00f3n de Nari\u00f1o | P\u00e1gina10","og_description":"En las \u00faltimas horas P\u00e1gina 10 conoci\u00f3 en primicia el listado de candidatos a las distintas gobernaciones del pa\u00eds que ser\u00e1n apoyados por el partido pol\u00edtico la Fuerza de la Paz, liderado por el actual presidente del Senado Roy Barreras. En la lista se encuentra avalado el exsenador Berner Zambrano para aspirar a la Gobernaci\u00f3n [&hellip;]","og_url":"https:\/\/pagina10.com\/web\/berner-zambrano-candidato-del-partido-de-roy-barreras-a-la-gobernacion-de-narino\/","og_site_name":"P\u00e1gina10","article_publisher":"https:\/\/www.facebook.com\/pag10com","article_published_time":"2023-02-21T16:51:54+00:00","og_image":[{"width":450,"height":300,"url":"https:\/\/pagina10.com\/web\/wp-content\/uploads\/2023\/02\/273709952_2804322973202109_8935444227022843042_n-01-450x300-1.jpg","type":"image\/jpeg"}],"author":"P\u00e1gina 10","twitter_card":"summary_large_image","twitter_creator":"@Pag10com","twitter_site":"@Pag10com","twitter_misc":{"Escrito por":"P\u00e1gina 10","Tiempo de lectura":"1 minuto"},"schema":{"@context":"https:\/\/schema.org","@graph":[{"@type":"Article","@id":"https:\/\/pagina10.com\/web\/berner-zambrano-candidato-del-partido-de-roy-barreras-a-la-gobernacion-de-narino\/#article","isPartOf":{"@id":"https:\/\/pagina10.com\/web\/berner-zambrano-candidato-del-partido-de-roy-barreras-a-la-gobernacion-de-narino\/"},"author":{"name":"P\u00e1gina 10","@id":"https:\/\/pagina10.com\/web\/#\/schema\/person\/2efc4a090d25b667d3bc796798a3a81b"},"headline":"Berner Zambrano candidato del partido de Roy Barreras a la Gobernaci\u00f3n de Nari\u00f1o","datePublished":"2023-02-21T16:51:54+00:00","mainEntityOfPage":{"@id":"https:\/\/pagina10.com\/web\/berner-zambrano-candidato-del-partido-de-roy-barreras-a-la-gobernacion-de-narino\/"},"wordCount":162,"commentCount":0,"publisher":{"@id":"https:\/\/pagina10.com\/web\/#organization"},"image":{"@id":"https:\/\/pagina10.com\/web\/berner-zambrano-candidato-del-partido-de-roy-barreras-a-la-gobernacion-de-narino\/#primaryimage"},"thumbnailUrl":"https:\/\/pagina10.com\/web\/wp-content\/uploads\/2023\/02\/273709952_2804322973202109_8935444227022843042_n-01-450x300-1.jpg","articleSection":["Global"],"inLanguage":"es","potentialAction":[{"@type":"CommentAction","name":"Comment","target":["https:\/\/pagina10.com\/web\/berner-zambrano-candidato-del-partido-de-roy-barreras-a-la-gobernacion-de-narino\/#respond"]}]},{"@type":"WebPage","@id":"https:\/\/pagina10.com\/web\/berner-zambrano-candidato-del-partido-de-roy-barreras-a-la-gobernacion-de-narino\/","url":"https:\/\/pagina10.com\/web\/berner-zambrano-candidato-del-partido-de-roy-barreras-a-la-gobernacion-de-narino\/","name":"Berner Zambrano candidato del partido de Roy Barreras a la Gobernaci\u00f3n de Nari\u00f1o | P\u00e1gina10","isPartOf":{"@id":"https:\/\/pagina10.com\/web\/#website"},"primaryImageOfPage":{"@id":"https:\/\/pagina10.com\/web\/berner-zambrano-candidato-del-partido-de-roy-barreras-a-la-gobernacion-de-narino\/#primaryimage"},"image":{"@id":"https:\/\/pagina10.com\/web\/berner-zambrano-candidato-del-partido-de-roy-barreras-a-la-gobernacion-de-narino\/#primaryimage"},"thumbnailUrl":"https:\/\/pagina10.com\/web\/wp-content\/uploads\/2023\/02\/273709952_2804322973202109_8935444227022843042_n-01-450x300-1.jpg","datePublished":"2023-02-21T16:51:54+00:00","breadcrumb":{"@id":"https:\/\/pagina10.com\/web\/berner-zambrano-candidato-del-partido-de-roy-barreras-a-la-gobernacion-de-narino\/#breadcrumb"},"inLanguage":"es","potentialAction":[{"@type":"ReadAction","target":["https:\/\/pagina10.com\/web\/berner-zambrano-candidato-del-partido-de-roy-barreras-a-la-gobernacion-de-narino\/"]}]},{"@type":"ImageObject","inLanguage":"es","@id":"https:\/\/pagina10.com\/web\/berner-zambrano-candidato-del-partido-de-roy-barreras-a-la-gobernacion-de-narino\/#primaryimage","url":"https:\/\/pagina10.com\/web\/wp-content\/uploads\/2023\/02\/273709952_2804322973202109_8935444227022843042_n-01-450x300-1.jpg","contentUrl":"https:\/\/pagina10.com\/web\/wp-content\/uploads\/2023\/02\/273709952_2804322973202109_8935444227022843042_n-01-450x300-1.jpg","width":450,"height":300},{"@type":"BreadcrumbList","@id":"https:\/\/pagina10.com\/web\/berner-zambrano-candidato-del-partido-de-roy-barreras-a-la-gobernacion-de-narino\/#breadcrumb","itemListElement":[{"@type":"ListItem","position":1,"name":"Portada","item":"https:\/\/pagina10.com\/web\/"},{"@type":"ListItem","position":2,"name":"Berner Zambrano candidato del partido de Roy Barreras a la Gobernaci\u00f3n de Nari\u00f1o"}]},{"@type":"WebSite","@id":"https:\/\/pagina10.com\/web\/#website","url":"https:\/\/pagina10.com\/web\/","name":"P\u00e1gina10","description":"Peri\u00f3dico Regional","publisher":{"@id":"https:\/\/pagina10.com\/web\/#organization"},"alternateName":"P\u00e1gina10 Peri\u00f3dico Regional","potentialAction":[{"@type":"SearchAction","target":{"@type":"EntryPoint","urlTemplate":"https:\/\/pagina10.com\/web\/?s={search_term_string}"},"query-input":{"@type":"PropertyValueSpecification","valueRequired":true,"valueName":"search_term_string"}}],"inLanguage":"es"},{"@type":"Organization","@id":"https:\/\/pagina10.com\/web\/#organization","name":"P\u00e1gina10","alternateName":"P\u00e1gina10 Peri\u00f3dico Regional","url":"https:\/\/pagina10.com\/web\/","logo":{"@type":"ImageObject","inLanguage":"es","@id":"https:\/\/pagina10.com\/web\/#\/schema\/logo\/image\/","url":"https:\/\/pagina10.com\/web\/wp-content\/uploads\/2024\/01\/40-pagina-10-periodico-regional-pasto.jpg","contentUrl":"https:\/\/pagina10.com\/web\/wp-content\/uploads\/2024\/01\/40-pagina-10-periodico-regional-pasto.jpg","width":1280,"height":720,"caption":"P\u00e1gina10"},"image":{"@id":"https:\/\/pagina10.com\/web\/#\/schema\/logo\/image\/"},"sameAs":["https:\/\/www.facebook.com\/pag10com","https:\/\/x.com\/Pag10com","https:\/\/www.instagram.com\/pagina10col\/","https:\/\/youtube.com\/channel\/pag10","https:\/\/www.tiktok.com\/@p10col"]},{"@type":"Person","@id":"https:\/\/pagina10.com\/web\/#\/schema\/person\/2efc4a090d25b667d3bc796798a3a81b","name":"P\u00e1gina 10","description":"P\u00e1gina 10 es un peri\u00f3dico regional que nace en Colombia, en el departamento de Nari\u00f1o, con un enfoque global, fundamentado en cuatro pilares esenciales: la libertad, el pluralismo, la inclusi\u00f3n y la independencia. P\u00e1gina 10 hace referencia a Nari\u00f1o como el d\u00e9cimo departamento creado en Colombia, despu\u00e9s de un proceso pol\u00edtico liderado por actores y actrices regionales con el fin de obtener la independencia y autonom\u00eda de nuestros territorios. Con la creaci\u00f3n de P\u00e1gina 10 se pretende abrir un escenario para el dialogo, la reflexi\u00f3n y el debate que se extienda a otras geograf\u00edas de Am\u00e9rica Latina y del planeta, en una apuesta por transformar colectivamente los desaf\u00edos de un mundo contempor\u00e1neo, m\u00e1s all\u00e1 de las fronteras impuestas.","url":"https:\/\/pagina10.com\/web\/author\/pdiezadmin\/"}]}},"_links":{"self":[{"href":"https:\/\/pagina10.com\/web\/wp-json\/wp\/v2\/posts\/64715","targetHints":{"allow":["GET"]}}],"collection":[{"href":"https:\/\/pagina10.com\/web\/wp-json\/wp\/v2\/posts"}],"about":[{"href":"https:\/\/pagina10.com\/web\/wp-json\/wp\/v2\/types\/post"}],"author":[{"embeddable":true,"href":"https:\/\/pagina10.com\/web\/wp-json\/wp\/v2\/users\/1"}],"replies":[{"embeddable":true,"href":"https:\/\/pagina10.com\/web\/wp-json\/wp\/v2\/comments?post=64715"}],"version-history":[{"count":1,"href":"https:\/\/pagina10.com\/web\/wp-json\/wp\/v2\/posts\/64715\/revisions"}],"predecessor-version":[{"id":64717,"href":"https:\/\/pagina10.com\/web\/wp-json\/wp\/v2\/posts\/64715\/revisions\/64717"}],"wp:featuredmedia":[{"embeddable":true,"href":"https:\/\/pagina10.com\/web\/wp-json\/wp\/v2\/media\/64716"}],"wp:attachment":[{"href":"https:\/\/pagina10.com\/web\/wp-json\/wp\/v2\/media?parent=64715"}],"wp:term":[{"taxonomy":"category","embeddable":true,"href":"https:\/\/pagina10.com\/web\/wp-json\/wp\/v2\/categories?post=64715"},{"taxonomy":"post_tag","embeddable":true,"href":"https:\/\/pagina10.com\/web\/wp-json\/wp\/v2\/tags?post=64715"}],"curies":[{"name":"wp","href":"https:\/\/api.w.org\/{rel}","templated":true}]}}