{"id":64718,"date":"2023-02-21T12:31:08","date_gmt":"2023-02-21T17:31:08","guid":{"rendered":"https:\/\/pagina10.com\/web\/?p=64718"},"modified":"2023-02-21T12:31:08","modified_gmt":"2023-02-21T17:31:08","slug":"en-ipiales-fundacion-animalista-cerro-sus-puertas-por-falta-de-recursos","status":"publish","type":"post","link":"https:\/\/pagina10.com\/web\/en-ipiales-fundacion-animalista-cerro-sus-puertas-por-falta-de-recursos\/","title":{"rendered":"En Ipiales fundaci\u00f3n animalista cerr\u00f3 sus puertas por falta de recursos"},"content":{"rendered":"<p style=\"text-align: justify;\">La Fundaci\u00f3n \u00c1ngeles de Cuatro Patas del municipio de Ipiales afronta una de sus peores crisis econ\u00f3micas lo que los llev\u00f3 a cerrar sus puertas y no recibir a m\u00e1s caninos rescatados de la calle. Ante esta situaci\u00f3n, claman por colaboraci\u00f3n ciudadana de manera urgente ya que ninguna entidad de gobierno les quiere ayudar.<\/p>\n<p style=\"text-align: justify;\">Seg\u00fan l\u00edderes de esta fundaci\u00f3n la deuda actual con la veterinaria asciende a m\u00e1s de 365 mil pesos y a\u00fan faltan algunos animales por esterilizar, adem\u00e1s necesitan alimento y productos de aseo tales como jab\u00f3n y desinfectantes para limpiar los refugios. Sumado a ello, carecen de elementos como pl\u00e1sticos y lonas para proteger a las mascotas de la intemperie.<\/p>\n<p style=\"text-align: justify;\">\u201cSiempre hemos pensado en ayudar a los perritos m\u00e1s vulnerables, pero lamentablemente est\u00e1 dura situaci\u00f3n nos hace desistir de hacerlo. Son innumerables los perritos enfermos que llegan a nuestro hogar de paso y as\u00ed mismo, son muchos los costos veterinarios y de medicinas\u201d, precis\u00f3 la Fundaci\u00f3n.<\/p>\n<p style=\"text-align: justify;\">Igualmente, indicaron que actualmente atienden a 22 caninos con diversas patolog\u00edas. \u201cNecesitamos pagar de manera urgente los costos veterinarios adeudados hasta ahora puesto que se requiere atenci\u00f3n para otros perritos con cirug\u00edas urgentes. Nos duele en el alma no dar atenci\u00f3n a estos animalitos necesitados, pero no podemos con m\u00e1s\u201d, a\u00f1adieron los l\u00edderes.<\/p>\n<p style=\"text-align: justify;\">Frente a esta situaci\u00f3n, la Fundaci\u00f3n habilit\u00f3 las siguientes cuentas de Nequi para recibir cualquier aporte econ\u00f3mico: 3178121976 y 3185782151. As\u00ed miso, la cuenta de ahorros Bancolombia 888-037795-75.<\/p>\n","protected":false},"excerpt":{"rendered":"<p>La Fundaci\u00f3n \u00c1ngeles de Cuatro Patas del municipio de Ipiales afronta una de sus peores crisis econ\u00f3micas lo que los llev\u00f3 a cerrar sus puertas y no recibir a m\u00e1s caninos rescatados de la calle. Ante esta situaci\u00f3n, claman por colaboraci\u00f3n ciudadana de manera urgente ya que ninguna entidad de gobierno les quiere ayudar. Seg\u00fan [&hellip;]<\/p>\n","protected":false},"author":1,"featured_media":64719,"comment_status":"open","ping_status":"open","sticky":false,"template":"","format":"standard","meta":{"footnotes":""},"categories":[84],"tags":[],"class_list":["post-64718","post","type-post","status-publish","format-standard","has-post-thumbnail","hentry","category-global-2"],"yoast_head":"<!-- This site is optimized with the Yoast SEO plugin v27.1.1 - https:\/\/yoast.com\/product\/yoast-seo-wordpress\/ -->\n<title>En Ipiales fundaci\u00f3n animalista cerr\u00f3 sus puertas por falta de recursos | P\u00e1gina10<\/title>\n<meta name=\"robots\" content=\"index, follow, max-snippet:-1, max-image-preview:large, max-video-preview:-1\" \/>\n<link rel=\"canonical\" href=\"https:\/\/pagina10.com\/web\/en-ipiales-fundacion-animalista-cerro-sus-puertas-por-falta-de-recursos\/\" \/>\n<meta property=\"og:locale\" content=\"es_ES\" \/>\n<meta property=\"og:type\" content=\"article\" \/>\n<meta property=\"og:title\" content=\"En Ipiales fundaci\u00f3n animalista cerr\u00f3 sus puertas por falta de recursos | P\u00e1gina10\" \/>\n<meta property=\"og:description\" content=\"La Fundaci\u00f3n \u00c1ngeles de Cuatro Patas del municipio de Ipiales afronta una de sus peores crisis econ\u00f3micas lo que los llev\u00f3 a cerrar sus puertas y no recibir a m\u00e1s caninos rescatados de la calle. Ante esta situaci\u00f3n, claman por colaboraci\u00f3n ciudadana de manera urgente ya que ninguna entidad de gobierno les quiere ayudar. Seg\u00fan [&hellip;]\" \/>\n<meta property=\"og:url\" content=\"https:\/\/pagina10.com\/web\/en-ipiales-fundacion-animalista-cerro-sus-puertas-por-falta-de-recursos\/\" \/>\n<meta property=\"og:site_name\" content=\"P\u00e1gina10\" \/>\n<meta property=\"article:publisher\" content=\"https:\/\/www.facebook.com\/pag10com\" \/>\n<meta property=\"article:published_time\" content=\"2023-02-21T17:31:08+00:00\" \/>\n<meta property=\"og:image\" content=\"https:\/\/pagina10.com\/web\/wp-content\/uploads\/2023\/02\/Captura-de-Pantalla-2020-09-06-a-las-2.06.26-p.-m.-780x470-1.png\" \/>\n\t<meta property=\"og:image:width\" content=\"780\" \/>\n\t<meta property=\"og:image:height\" content=\"470\" \/>\n\t<meta property=\"og:image:type\" content=\"image\/png\" \/>\n<meta name=\"author\" content=\"P\u00e1gina 10\" \/>\n<meta name=\"twitter:card\" content=\"summary_large_image\" \/>\n<meta name=\"twitter:creator\" content=\"@Pag10com\" \/>\n<meta name=\"twitter:site\" content=\"@Pag10com\" \/>\n<meta name=\"twitter:label1\" content=\"Escrito por\" \/>\n\t<meta name=\"twitter:data1\" content=\"P\u00e1gina 10\" \/>\n\t<meta name=\"twitter:label2\" content=\"Tiempo de lectura\" \/>\n\t<meta name=\"twitter:data2\" content=\"1 minuto\" \/>\n<script type=\"application\/ld+json\" class=\"yoast-schema-graph\">{\"@context\":\"https:\/\/schema.org\",\"@graph\":[{\"@type\":\"Article\",\"@id\":\"https:\/\/pagina10.com\/web\/en-ipiales-fundacion-animalista-cerro-sus-puertas-por-falta-de-recursos\/#article\",\"isPartOf\":{\"@id\":\"https:\/\/pagina10.com\/web\/en-ipiales-fundacion-animalista-cerro-sus-puertas-por-falta-de-recursos\/\"},\"author\":{\"name\":\"P\u00e1gina 10\",\"@id\":\"https:\/\/pagina10.com\/web\/#\/schema\/person\/2efc4a090d25b667d3bc796798a3a81b\"},\"headline\":\"En Ipiales fundaci\u00f3n animalista cerr\u00f3 sus puertas por falta de recursos\",\"datePublished\":\"2023-02-21T17:31:08+00:00\",\"mainEntityOfPage\":{\"@id\":\"https:\/\/pagina10.com\/web\/en-ipiales-fundacion-animalista-cerro-sus-puertas-por-falta-de-recursos\/\"},\"wordCount\":275,\"commentCount\":0,\"publisher\":{\"@id\":\"https:\/\/pagina10.com\/web\/#organization\"},\"image\":{\"@id\":\"https:\/\/pagina10.com\/web\/en-ipiales-fundacion-animalista-cerro-sus-puertas-por-falta-de-recursos\/#primaryimage\"},\"thumbnailUrl\":\"https:\/\/pagina10.com\/web\/wp-content\/uploads\/2023\/02\/Captura-de-Pantalla-2020-09-06-a-las-2.06.26-p.-m.-780x470-1.png\",\"articleSection\":[\"Global\"],\"inLanguage\":\"es\",\"potentialAction\":[{\"@type\":\"CommentAction\",\"name\":\"Comment\",\"target\":[\"https:\/\/pagina10.com\/web\/en-ipiales-fundacion-animalista-cerro-sus-puertas-por-falta-de-recursos\/#respond\"]}]},{\"@type\":\"WebPage\",\"@id\":\"https:\/\/pagina10.com\/web\/en-ipiales-fundacion-animalista-cerro-sus-puertas-por-falta-de-recursos\/\",\"url\":\"https:\/\/pagina10.com\/web\/en-ipiales-fundacion-animalista-cerro-sus-puertas-por-falta-de-recursos\/\",\"name\":\"En Ipiales fundaci\u00f3n animalista cerr\u00f3 sus puertas por falta de recursos | P\u00e1gina10\",\"isPartOf\":{\"@id\":\"https:\/\/pagina10.com\/web\/#website\"},\"primaryImageOfPage\":{\"@id\":\"https:\/\/pagina10.com\/web\/en-ipiales-fundacion-animalista-cerro-sus-puertas-por-falta-de-recursos\/#primaryimage\"},\"image\":{\"@id\":\"https:\/\/pagina10.com\/web\/en-ipiales-fundacion-animalista-cerro-sus-puertas-por-falta-de-recursos\/#primaryimage\"},\"thumbnailUrl\":\"https:\/\/pagina10.com\/web\/wp-content\/uploads\/2023\/02\/Captura-de-Pantalla-2020-09-06-a-las-2.06.26-p.-m.-780x470-1.png\",\"datePublished\":\"2023-02-21T17:31:08+00:00\",\"breadcrumb\":{\"@id\":\"https:\/\/pagina10.com\/web\/en-ipiales-fundacion-animalista-cerro-sus-puertas-por-falta-de-recursos\/#breadcrumb\"},\"inLanguage\":\"es\",\"potentialAction\":[{\"@type\":\"ReadAction\",\"target\":[\"https:\/\/pagina10.com\/web\/en-ipiales-fundacion-animalista-cerro-sus-puertas-por-falta-de-recursos\/\"]}]},{\"@type\":\"ImageObject\",\"inLanguage\":\"es\",\"@id\":\"https:\/\/pagina10.com\/web\/en-ipiales-fundacion-animalista-cerro-sus-puertas-por-falta-de-recursos\/#primaryimage\",\"url\":\"https:\/\/pagina10.com\/web\/wp-content\/uploads\/2023\/02\/Captura-de-Pantalla-2020-09-06-a-las-2.06.26-p.-m.-780x470-1.png\",\"contentUrl\":\"https:\/\/pagina10.com\/web\/wp-content\/uploads\/2023\/02\/Captura-de-Pantalla-2020-09-06-a-las-2.06.26-p.-m.-780x470-1.png\",\"width\":780,\"height\":470,\"caption\":\"Foto tomada de Nari\u00f1o Hoy\"},{\"@type\":\"BreadcrumbList\",\"@id\":\"https:\/\/pagina10.com\/web\/en-ipiales-fundacion-animalista-cerro-sus-puertas-por-falta-de-recursos\/#breadcrumb\",\"itemListElement\":[{\"@type\":\"ListItem\",\"position\":1,\"name\":\"Portada\",\"item\":\"https:\/\/pagina10.com\/web\/\"},{\"@type\":\"ListItem\",\"position\":2,\"name\":\"En Ipiales fundaci\u00f3n animalista cerr\u00f3 sus puertas por falta de recursos\"}]},{\"@type\":\"WebSite\",\"@id\":\"https:\/\/pagina10.com\/web\/#website\",\"url\":\"https:\/\/pagina10.com\/web\/\",\"name\":\"P\u00e1gina10\",\"description\":\"Peri\u00f3dico Regional\",\"publisher\":{\"@id\":\"https:\/\/pagina10.com\/web\/#organization\"},\"alternateName\":\"P\u00e1gina10 Peri\u00f3dico Regional\",\"potentialAction\":[{\"@type\":\"SearchAction\",\"target\":{\"@type\":\"EntryPoint\",\"urlTemplate\":\"https:\/\/pagina10.com\/web\/?s={search_term_string}\"},\"query-input\":{\"@type\":\"PropertyValueSpecification\",\"valueRequired\":true,\"valueName\":\"search_term_string\"}}],\"inLanguage\":\"es\"},{\"@type\":\"Organization\",\"@id\":\"https:\/\/pagina10.com\/web\/#organization\",\"name\":\"P\u00e1gina10\",\"alternateName\":\"P\u00e1gina10 Peri\u00f3dico Regional\",\"url\":\"https:\/\/pagina10.com\/web\/\",\"logo\":{\"@type\":\"ImageObject\",\"inLanguage\":\"es\",\"@id\":\"https:\/\/pagina10.com\/web\/#\/schema\/logo\/image\/\",\"url\":\"https:\/\/pagina10.com\/web\/wp-content\/uploads\/2024\/01\/40-pagina-10-periodico-regional-pasto.jpg\",\"contentUrl\":\"https:\/\/pagina10.com\/web\/wp-content\/uploads\/2024\/01\/40-pagina-10-periodico-regional-pasto.jpg\",\"width\":1280,\"height\":720,\"caption\":\"P\u00e1gina10\"},\"image\":{\"@id\":\"https:\/\/pagina10.com\/web\/#\/schema\/logo\/image\/\"},\"sameAs\":[\"https:\/\/www.facebook.com\/pag10com\",\"https:\/\/x.com\/Pag10com\",\"https:\/\/www.instagram.com\/pagina10col\/\",\"https:\/\/youtube.com\/channel\/pag10\",\"https:\/\/www.tiktok.com\/@p10col\"]},{\"@type\":\"Person\",\"@id\":\"https:\/\/pagina10.com\/web\/#\/schema\/person\/2efc4a090d25b667d3bc796798a3a81b\",\"name\":\"P\u00e1gina 10\",\"description\":\"P\u00e1gina 10 es un peri\u00f3dico regional que nace en Colombia, en el departamento de Nari\u00f1o, con un enfoque global, fundamentado en cuatro pilares esenciales: la libertad, el pluralismo, la inclusi\u00f3n y la independencia. P\u00e1gina 10 hace referencia a Nari\u00f1o como el d\u00e9cimo departamento creado en Colombia, despu\u00e9s de un proceso pol\u00edtico liderado por actores y actrices regionales con el fin de obtener la independencia y autonom\u00eda de nuestros territorios. Con la creaci\u00f3n de P\u00e1gina 10 se pretende abrir un escenario para el dialogo, la reflexi\u00f3n y el debate que se extienda a otras geograf\u00edas de Am\u00e9rica Latina y del planeta, en una apuesta por transformar colectivamente los desaf\u00edos de un mundo contempor\u00e1neo, m\u00e1s all\u00e1 de las fronteras impuestas.\",\"url\":\"https:\/\/pagina10.com\/web\/author\/pdiezadmin\/\"}]}<\/script>\n<!-- \/ Yoast SEO plugin. -->","yoast_head_json":{"title":"En Ipiales fundaci\u00f3n animalista cerr\u00f3 sus puertas por falta de recursos | P\u00e1gina10","robots":{"index":"index","follow":"follow","max-snippet":"max-snippet:-1","max-image-preview":"max-image-preview:large","max-video-preview":"max-video-preview:-1"},"canonical":"https:\/\/pagina10.com\/web\/en-ipiales-fundacion-animalista-cerro-sus-puertas-por-falta-de-recursos\/","og_locale":"es_ES","og_type":"article","og_title":"En Ipiales fundaci\u00f3n animalista cerr\u00f3 sus puertas por falta de recursos | P\u00e1gina10","og_description":"La Fundaci\u00f3n \u00c1ngeles de Cuatro Patas del municipio de Ipiales afronta una de sus peores crisis econ\u00f3micas lo que los llev\u00f3 a cerrar sus puertas y no recibir a m\u00e1s caninos rescatados de la calle. Ante esta situaci\u00f3n, claman por colaboraci\u00f3n ciudadana de manera urgente ya que ninguna entidad de gobierno les quiere ayudar. Seg\u00fan [&hellip;]","og_url":"https:\/\/pagina10.com\/web\/en-ipiales-fundacion-animalista-cerro-sus-puertas-por-falta-de-recursos\/","og_site_name":"P\u00e1gina10","article_publisher":"https:\/\/www.facebook.com\/pag10com","article_published_time":"2023-02-21T17:31:08+00:00","og_image":[{"width":780,"height":470,"url":"https:\/\/pagina10.com\/web\/wp-content\/uploads\/2023\/02\/Captura-de-Pantalla-2020-09-06-a-las-2.06.26-p.-m.-780x470-1.png","type":"image\/png"}],"author":"P\u00e1gina 10","twitter_card":"summary_large_image","twitter_creator":"@Pag10com","twitter_site":"@Pag10com","twitter_misc":{"Escrito por":"P\u00e1gina 10","Tiempo de lectura":"1 minuto"},"schema":{"@context":"https:\/\/schema.org","@graph":[{"@type":"Article","@id":"https:\/\/pagina10.com\/web\/en-ipiales-fundacion-animalista-cerro-sus-puertas-por-falta-de-recursos\/#article","isPartOf":{"@id":"https:\/\/pagina10.com\/web\/en-ipiales-fundacion-animalista-cerro-sus-puertas-por-falta-de-recursos\/"},"author":{"name":"P\u00e1gina 10","@id":"https:\/\/pagina10.com\/web\/#\/schema\/person\/2efc4a090d25b667d3bc796798a3a81b"},"headline":"En Ipiales fundaci\u00f3n animalista cerr\u00f3 sus puertas por falta de recursos","datePublished":"2023-02-21T17:31:08+00:00","mainEntityOfPage":{"@id":"https:\/\/pagina10.com\/web\/en-ipiales-fundacion-animalista-cerro-sus-puertas-por-falta-de-recursos\/"},"wordCount":275,"commentCount":0,"publisher":{"@id":"https:\/\/pagina10.com\/web\/#organization"},"image":{"@id":"https:\/\/pagina10.com\/web\/en-ipiales-fundacion-animalista-cerro-sus-puertas-por-falta-de-recursos\/#primaryimage"},"thumbnailUrl":"https:\/\/pagina10.com\/web\/wp-content\/uploads\/2023\/02\/Captura-de-Pantalla-2020-09-06-a-las-2.06.26-p.-m.-780x470-1.png","articleSection":["Global"],"inLanguage":"es","potentialAction":[{"@type":"CommentAction","name":"Comment","target":["https:\/\/pagina10.com\/web\/en-ipiales-fundacion-animalista-cerro-sus-puertas-por-falta-de-recursos\/#respond"]}]},{"@type":"WebPage","@id":"https:\/\/pagina10.com\/web\/en-ipiales-fundacion-animalista-cerro-sus-puertas-por-falta-de-recursos\/","url":"https:\/\/pagina10.com\/web\/en-ipiales-fundacion-animalista-cerro-sus-puertas-por-falta-de-recursos\/","name":"En Ipiales fundaci\u00f3n animalista cerr\u00f3 sus puertas por falta de recursos | P\u00e1gina10","isPartOf":{"@id":"https:\/\/pagina10.com\/web\/#website"},"primaryImageOfPage":{"@id":"https:\/\/pagina10.com\/web\/en-ipiales-fundacion-animalista-cerro-sus-puertas-por-falta-de-recursos\/#primaryimage"},"image":{"@id":"https:\/\/pagina10.com\/web\/en-ipiales-fundacion-animalista-cerro-sus-puertas-por-falta-de-recursos\/#primaryimage"},"thumbnailUrl":"https:\/\/pagina10.com\/web\/wp-content\/uploads\/2023\/02\/Captura-de-Pantalla-2020-09-06-a-las-2.06.26-p.-m.-780x470-1.png","datePublished":"2023-02-21T17:31:08+00:00","breadcrumb":{"@id":"https:\/\/pagina10.com\/web\/en-ipiales-fundacion-animalista-cerro-sus-puertas-por-falta-de-recursos\/#breadcrumb"},"inLanguage":"es","potentialAction":[{"@type":"ReadAction","target":["https:\/\/pagina10.com\/web\/en-ipiales-fundacion-animalista-cerro-sus-puertas-por-falta-de-recursos\/"]}]},{"@type":"ImageObject","inLanguage":"es","@id":"https:\/\/pagina10.com\/web\/en-ipiales-fundacion-animalista-cerro-sus-puertas-por-falta-de-recursos\/#primaryimage","url":"https:\/\/pagina10.com\/web\/wp-content\/uploads\/2023\/02\/Captura-de-Pantalla-2020-09-06-a-las-2.06.26-p.-m.-780x470-1.png","contentUrl":"https:\/\/pagina10.com\/web\/wp-content\/uploads\/2023\/02\/Captura-de-Pantalla-2020-09-06-a-las-2.06.26-p.-m.-780x470-1.png","width":780,"height":470,"caption":"Foto tomada de Nari\u00f1o Hoy"},{"@type":"BreadcrumbList","@id":"https:\/\/pagina10.com\/web\/en-ipiales-fundacion-animalista-cerro-sus-puertas-por-falta-de-recursos\/#breadcrumb","itemListElement":[{"@type":"ListItem","position":1,"name":"Portada","item":"https:\/\/pagina10.com\/web\/"},{"@type":"ListItem","position":2,"name":"En Ipiales fundaci\u00f3n animalista cerr\u00f3 sus puertas por falta de recursos"}]},{"@type":"WebSite","@id":"https:\/\/pagina10.com\/web\/#website","url":"https:\/\/pagina10.com\/web\/","name":"P\u00e1gina10","description":"Peri\u00f3dico Regional","publisher":{"@id":"https:\/\/pagina10.com\/web\/#organization"},"alternateName":"P\u00e1gina10 Peri\u00f3dico Regional","potentialAction":[{"@type":"SearchAction","target":{"@type":"EntryPoint","urlTemplate":"https:\/\/pagina10.com\/web\/?s={search_term_string}"},"query-input":{"@type":"PropertyValueSpecification","valueRequired":true,"valueName":"search_term_string"}}],"inLanguage":"es"},{"@type":"Organization","@id":"https:\/\/pagina10.com\/web\/#organization","name":"P\u00e1gina10","alternateName":"P\u00e1gina10 Peri\u00f3dico Regional","url":"https:\/\/pagina10.com\/web\/","logo":{"@type":"ImageObject","inLanguage":"es","@id":"https:\/\/pagina10.com\/web\/#\/schema\/logo\/image\/","url":"https:\/\/pagina10.com\/web\/wp-content\/uploads\/2024\/01\/40-pagina-10-periodico-regional-pasto.jpg","contentUrl":"https:\/\/pagina10.com\/web\/wp-content\/uploads\/2024\/01\/40-pagina-10-periodico-regional-pasto.jpg","width":1280,"height":720,"caption":"P\u00e1gina10"},"image":{"@id":"https:\/\/pagina10.com\/web\/#\/schema\/logo\/image\/"},"sameAs":["https:\/\/www.facebook.com\/pag10com","https:\/\/x.com\/Pag10com","https:\/\/www.instagram.com\/pagina10col\/","https:\/\/youtube.com\/channel\/pag10","https:\/\/www.tiktok.com\/@p10col"]},{"@type":"Person","@id":"https:\/\/pagina10.com\/web\/#\/schema\/person\/2efc4a090d25b667d3bc796798a3a81b","name":"P\u00e1gina 10","description":"P\u00e1gina 10 es un peri\u00f3dico regional que nace en Colombia, en el departamento de Nari\u00f1o, con un enfoque global, fundamentado en cuatro pilares esenciales: la libertad, el pluralismo, la inclusi\u00f3n y la independencia. P\u00e1gina 10 hace referencia a Nari\u00f1o como el d\u00e9cimo departamento creado en Colombia, despu\u00e9s de un proceso pol\u00edtico liderado por actores y actrices regionales con el fin de obtener la independencia y autonom\u00eda de nuestros territorios. Con la creaci\u00f3n de P\u00e1gina 10 se pretende abrir un escenario para el dialogo, la reflexi\u00f3n y el debate que se extienda a otras geograf\u00edas de Am\u00e9rica Latina y del planeta, en una apuesta por transformar colectivamente los desaf\u00edos de un mundo contempor\u00e1neo, m\u00e1s all\u00e1 de las fronteras impuestas.","url":"https:\/\/pagina10.com\/web\/author\/pdiezadmin\/"}]}},"_links":{"self":[{"href":"https:\/\/pagina10.com\/web\/wp-json\/wp\/v2\/posts\/64718","targetHints":{"allow":["GET"]}}],"collection":[{"href":"https:\/\/pagina10.com\/web\/wp-json\/wp\/v2\/posts"}],"about":[{"href":"https:\/\/pagina10.com\/web\/wp-json\/wp\/v2\/types\/post"}],"author":[{"embeddable":true,"href":"https:\/\/pagina10.com\/web\/wp-json\/wp\/v2\/users\/1"}],"replies":[{"embeddable":true,"href":"https:\/\/pagina10.com\/web\/wp-json\/wp\/v2\/comments?post=64718"}],"version-history":[{"count":1,"href":"https:\/\/pagina10.com\/web\/wp-json\/wp\/v2\/posts\/64718\/revisions"}],"predecessor-version":[{"id":64720,"href":"https:\/\/pagina10.com\/web\/wp-json\/wp\/v2\/posts\/64718\/revisions\/64720"}],"wp:featuredmedia":[{"embeddable":true,"href":"https:\/\/pagina10.com\/web\/wp-json\/wp\/v2\/media\/64719"}],"wp:attachment":[{"href":"https:\/\/pagina10.com\/web\/wp-json\/wp\/v2\/media?parent=64718"}],"wp:term":[{"taxonomy":"category","embeddable":true,"href":"https:\/\/pagina10.com\/web\/wp-json\/wp\/v2\/categories?post=64718"},{"taxonomy":"post_tag","embeddable":true,"href":"https:\/\/pagina10.com\/web\/wp-json\/wp\/v2\/tags?post=64718"}],"curies":[{"name":"wp","href":"https:\/\/api.w.org\/{rel}","templated":true}]}}