{"id":64727,"date":"2023-02-21T13:09:13","date_gmt":"2023-02-21T18:09:13","guid":{"rendered":"https:\/\/pagina10.com\/web\/?p=64727"},"modified":"2023-02-21T13:09:13","modified_gmt":"2023-02-21T18:09:13","slug":"narinenses-en-lista-para-dirigir-la-unidad-de-busqueda-de-desaparecidos","status":"publish","type":"post","link":"https:\/\/pagina10.com\/web\/narinenses-en-lista-para-dirigir-la-unidad-de-busqueda-de-desaparecidos\/","title":{"rendered":"Nari\u00f1enses en lista para dirigir la Unidad de B\u00fasqueda de Desaparecidos"},"content":{"rendered":"<p style=\"text-align: justify;\">Dos nari\u00f1enses est\u00e1n en la lista de 54 candidatos de los que saldr\u00e1 la nueva direcci\u00f3n de la entidad encargada de buscar a los desaparecidos del conflicto. Quien resulte seleccionado estar\u00e1 en el cargo durante un periodo de cinco a\u00f1os.<\/p>\n<p style=\"text-align: justify;\">La lista la public\u00f3 el Comit\u00e9 de Escogencia y en ella se incluyen a oficiales de la Polic\u00eda, familiares de v\u00edctimas de desaparici\u00f3n, exfuncionarios de la Comisi\u00f3n de la Verdad o de la Jurisdicci\u00f3n Especial para la Paz, docentes, l\u00edderes sociales y funcionarios de la Fiscal\u00eda y Medicina Legal.<\/p>\n<p style=\"text-align: justify;\">En cuanto a la cuota nari\u00f1ense est\u00e1n Marcela Jakqueline Riascos Granja y Julia Elena Guerrero L\u00f3pez. La primera es Licenciada en Lengua Castellana y Literatura, magister en psicolog\u00eda forense y especialista en Formulaci\u00f3n de Proyectos y Gesti\u00f3n de Recursos para Proyectos Sociales.<\/p>\n<p style=\"text-align: justify;\">Se ha desempe\u00f1ado como profesional de apoyo en la Subsecretar\u00eda de Paz y Derechos Humanos y profesional de Apoyo a proyecto \u201cFortalecimiento de la atenci\u00f3n a v\u00edctimas en la construcci\u00f3n colectiva de paz en el marco del postconflicto colombiano Fase II de la Gobernaci\u00f3n de Nari\u00f1o, y gestora en el municipio de Buesaco.<\/p>\n<p style=\"text-align: justify;\">En la docencia se ha desempe\u00f1ado en la Instituci\u00f3n San Francisco de As\u00eds, Fundaci\u00f3n Proinco y Liceo de la Universidad de Nari\u00f1o. Igualmente, fue coordinadora de proyectos \u2022 Acompa\u00f1amiento asistencial en rutas a diferentes hechos victimizantes \u2022 Facilitadora Pedag\u00f3gica y capacitadora en Derechos Humanos y Violencias basadas en G\u00e9nero.<\/p>\n<p style=\"text-align: justify;\">Por su parte, Guerrero L\u00f3pez es abogada de la Universidad de la Sabana en Bogota. Especialista en Derecho Comercial de la Universidad Javeriana y cuenta con una Diplomatura en Control Interno en la Universidad EAFIT.<\/p>\n<p style=\"text-align: justify;\">Profesionalmente se ha desempe\u00f1ado como asesor Grado 23 Adscrito al Despacho del Vicedefensor del Pueblo, Contratista de la Consejer\u00eda Presidencial para la Equidad de la Mujer, Secretaria de Mujer y G\u00e9nero en la Gobernaci\u00f3n de Nari\u00f1o, y Jefe de Divisi\u00f3n de Personal de la Superintendencia de Notariado y Registro.<\/p>\n","protected":false},"excerpt":{"rendered":"<p>Dos nari\u00f1enses est\u00e1n en la lista de 54 candidatos de los que saldr\u00e1 la nueva direcci\u00f3n de la entidad encargada de buscar a los desaparecidos del conflicto. Quien resulte seleccionado estar\u00e1 en el cargo durante un periodo de cinco a\u00f1os. La lista la public\u00f3 el Comit\u00e9 de Escogencia y en ella se incluyen a oficiales [&hellip;]<\/p>\n","protected":false},"author":1,"featured_media":64728,"comment_status":"open","ping_status":"open","sticky":false,"template":"","format":"standard","meta":{"footnotes":""},"categories":[84],"tags":[],"class_list":["post-64727","post","type-post","status-publish","format-standard","has-post-thumbnail","hentry","category-global-2"],"yoast_head":"<!-- This site is optimized with the Yoast SEO plugin v27.1.1 - https:\/\/yoast.com\/product\/yoast-seo-wordpress\/ -->\n<title>Nari\u00f1enses en lista para dirigir la Unidad de B\u00fasqueda de Desaparecidos | P\u00e1gina10<\/title>\n<meta name=\"robots\" content=\"index, follow, max-snippet:-1, max-image-preview:large, max-video-preview:-1\" \/>\n<link rel=\"canonical\" href=\"https:\/\/pagina10.com\/web\/narinenses-en-lista-para-dirigir-la-unidad-de-busqueda-de-desaparecidos\/\" \/>\n<meta property=\"og:locale\" content=\"es_ES\" \/>\n<meta property=\"og:type\" content=\"article\" \/>\n<meta property=\"og:title\" content=\"Nari\u00f1enses en lista para dirigir la Unidad de B\u00fasqueda de Desaparecidos | P\u00e1gina10\" \/>\n<meta property=\"og:description\" content=\"Dos nari\u00f1enses est\u00e1n en la lista de 54 candidatos de los que saldr\u00e1 la nueva direcci\u00f3n de la entidad encargada de buscar a los desaparecidos del conflicto. Quien resulte seleccionado estar\u00e1 en el cargo durante un periodo de cinco a\u00f1os. La lista la public\u00f3 el Comit\u00e9 de Escogencia y en ella se incluyen a oficiales [&hellip;]\" \/>\n<meta property=\"og:url\" content=\"https:\/\/pagina10.com\/web\/narinenses-en-lista-para-dirigir-la-unidad-de-busqueda-de-desaparecidos\/\" \/>\n<meta property=\"og:site_name\" content=\"P\u00e1gina10\" \/>\n<meta property=\"article:publisher\" content=\"https:\/\/www.facebook.com\/pag10com\" \/>\n<meta property=\"article:published_time\" content=\"2023-02-21T18:09:13+00:00\" \/>\n<meta property=\"og:image\" content=\"https:\/\/pagina10.com\/web\/wp-content\/uploads\/2023\/02\/44866074_10216367065156710_5005609166002192384_n-01.jpg\" \/>\n\t<meta property=\"og:image:width\" content=\"2350\" \/>\n\t<meta property=\"og:image:height\" content=\"1429\" \/>\n\t<meta property=\"og:image:type\" content=\"image\/jpeg\" \/>\n<meta name=\"author\" content=\"P\u00e1gina 10\" \/>\n<meta name=\"twitter:card\" content=\"summary_large_image\" \/>\n<meta name=\"twitter:creator\" content=\"@Pag10com\" \/>\n<meta name=\"twitter:site\" content=\"@Pag10com\" \/>\n<meta name=\"twitter:label1\" content=\"Escrito por\" \/>\n\t<meta name=\"twitter:data1\" content=\"P\u00e1gina 10\" \/>\n\t<meta name=\"twitter:label2\" content=\"Tiempo de lectura\" \/>\n\t<meta name=\"twitter:data2\" content=\"2 minutos\" \/>\n<script type=\"application\/ld+json\" class=\"yoast-schema-graph\">{\"@context\":\"https:\/\/schema.org\",\"@graph\":[{\"@type\":\"Article\",\"@id\":\"https:\/\/pagina10.com\/web\/narinenses-en-lista-para-dirigir-la-unidad-de-busqueda-de-desaparecidos\/#article\",\"isPartOf\":{\"@id\":\"https:\/\/pagina10.com\/web\/narinenses-en-lista-para-dirigir-la-unidad-de-busqueda-de-desaparecidos\/\"},\"author\":{\"name\":\"P\u00e1gina 10\",\"@id\":\"https:\/\/pagina10.com\/web\/#\/schema\/person\/2efc4a090d25b667d3bc796798a3a81b\"},\"headline\":\"Nari\u00f1enses en lista para dirigir la Unidad de B\u00fasqueda de Desaparecidos\",\"datePublished\":\"2023-02-21T18:09:13+00:00\",\"mainEntityOfPage\":{\"@id\":\"https:\/\/pagina10.com\/web\/narinenses-en-lista-para-dirigir-la-unidad-de-busqueda-de-desaparecidos\/\"},\"wordCount\":365,\"commentCount\":0,\"publisher\":{\"@id\":\"https:\/\/pagina10.com\/web\/#organization\"},\"image\":{\"@id\":\"https:\/\/pagina10.com\/web\/narinenses-en-lista-para-dirigir-la-unidad-de-busqueda-de-desaparecidos\/#primaryimage\"},\"thumbnailUrl\":\"https:\/\/pagina10.com\/web\/wp-content\/uploads\/2023\/02\/44866074_10216367065156710_5005609166002192384_n-01.jpg\",\"articleSection\":[\"Global\"],\"inLanguage\":\"es\",\"potentialAction\":[{\"@type\":\"CommentAction\",\"name\":\"Comment\",\"target\":[\"https:\/\/pagina10.com\/web\/narinenses-en-lista-para-dirigir-la-unidad-de-busqueda-de-desaparecidos\/#respond\"]}]},{\"@type\":\"WebPage\",\"@id\":\"https:\/\/pagina10.com\/web\/narinenses-en-lista-para-dirigir-la-unidad-de-busqueda-de-desaparecidos\/\",\"url\":\"https:\/\/pagina10.com\/web\/narinenses-en-lista-para-dirigir-la-unidad-de-busqueda-de-desaparecidos\/\",\"name\":\"Nari\u00f1enses en lista para dirigir la Unidad de B\u00fasqueda de Desaparecidos | P\u00e1gina10\",\"isPartOf\":{\"@id\":\"https:\/\/pagina10.com\/web\/#website\"},\"primaryImageOfPage\":{\"@id\":\"https:\/\/pagina10.com\/web\/narinenses-en-lista-para-dirigir-la-unidad-de-busqueda-de-desaparecidos\/#primaryimage\"},\"image\":{\"@id\":\"https:\/\/pagina10.com\/web\/narinenses-en-lista-para-dirigir-la-unidad-de-busqueda-de-desaparecidos\/#primaryimage\"},\"thumbnailUrl\":\"https:\/\/pagina10.com\/web\/wp-content\/uploads\/2023\/02\/44866074_10216367065156710_5005609166002192384_n-01.jpg\",\"datePublished\":\"2023-02-21T18:09:13+00:00\",\"breadcrumb\":{\"@id\":\"https:\/\/pagina10.com\/web\/narinenses-en-lista-para-dirigir-la-unidad-de-busqueda-de-desaparecidos\/#breadcrumb\"},\"inLanguage\":\"es\",\"potentialAction\":[{\"@type\":\"ReadAction\",\"target\":[\"https:\/\/pagina10.com\/web\/narinenses-en-lista-para-dirigir-la-unidad-de-busqueda-de-desaparecidos\/\"]}]},{\"@type\":\"ImageObject\",\"inLanguage\":\"es\",\"@id\":\"https:\/\/pagina10.com\/web\/narinenses-en-lista-para-dirigir-la-unidad-de-busqueda-de-desaparecidos\/#primaryimage\",\"url\":\"https:\/\/pagina10.com\/web\/wp-content\/uploads\/2023\/02\/44866074_10216367065156710_5005609166002192384_n-01.jpg\",\"contentUrl\":\"https:\/\/pagina10.com\/web\/wp-content\/uploads\/2023\/02\/44866074_10216367065156710_5005609166002192384_n-01.jpg\",\"width\":2350,\"height\":1429},{\"@type\":\"BreadcrumbList\",\"@id\":\"https:\/\/pagina10.com\/web\/narinenses-en-lista-para-dirigir-la-unidad-de-busqueda-de-desaparecidos\/#breadcrumb\",\"itemListElement\":[{\"@type\":\"ListItem\",\"position\":1,\"name\":\"Portada\",\"item\":\"https:\/\/pagina10.com\/web\/\"},{\"@type\":\"ListItem\",\"position\":2,\"name\":\"Nari\u00f1enses en lista para dirigir la Unidad de B\u00fasqueda de Desaparecidos\"}]},{\"@type\":\"WebSite\",\"@id\":\"https:\/\/pagina10.com\/web\/#website\",\"url\":\"https:\/\/pagina10.com\/web\/\",\"name\":\"P\u00e1gina10\",\"description\":\"Peri\u00f3dico Regional\",\"publisher\":{\"@id\":\"https:\/\/pagina10.com\/web\/#organization\"},\"alternateName\":\"P\u00e1gina10 Peri\u00f3dico Regional\",\"potentialAction\":[{\"@type\":\"SearchAction\",\"target\":{\"@type\":\"EntryPoint\",\"urlTemplate\":\"https:\/\/pagina10.com\/web\/?s={search_term_string}\"},\"query-input\":{\"@type\":\"PropertyValueSpecification\",\"valueRequired\":true,\"valueName\":\"search_term_string\"}}],\"inLanguage\":\"es\"},{\"@type\":\"Organization\",\"@id\":\"https:\/\/pagina10.com\/web\/#organization\",\"name\":\"P\u00e1gina10\",\"alternateName\":\"P\u00e1gina10 Peri\u00f3dico Regional\",\"url\":\"https:\/\/pagina10.com\/web\/\",\"logo\":{\"@type\":\"ImageObject\",\"inLanguage\":\"es\",\"@id\":\"https:\/\/pagina10.com\/web\/#\/schema\/logo\/image\/\",\"url\":\"https:\/\/pagina10.com\/web\/wp-content\/uploads\/2024\/01\/40-pagina-10-periodico-regional-pasto.jpg\",\"contentUrl\":\"https:\/\/pagina10.com\/web\/wp-content\/uploads\/2024\/01\/40-pagina-10-periodico-regional-pasto.jpg\",\"width\":1280,\"height\":720,\"caption\":\"P\u00e1gina10\"},\"image\":{\"@id\":\"https:\/\/pagina10.com\/web\/#\/schema\/logo\/image\/\"},\"sameAs\":[\"https:\/\/www.facebook.com\/pag10com\",\"https:\/\/x.com\/Pag10com\",\"https:\/\/www.instagram.com\/pagina10col\/\",\"https:\/\/youtube.com\/channel\/pag10\",\"https:\/\/www.tiktok.com\/@p10col\"]},{\"@type\":\"Person\",\"@id\":\"https:\/\/pagina10.com\/web\/#\/schema\/person\/2efc4a090d25b667d3bc796798a3a81b\",\"name\":\"P\u00e1gina 10\",\"description\":\"P\u00e1gina 10 es un peri\u00f3dico regional que nace en Colombia, en el departamento de Nari\u00f1o, con un enfoque global, fundamentado en cuatro pilares esenciales: la libertad, el pluralismo, la inclusi\u00f3n y la independencia. P\u00e1gina 10 hace referencia a Nari\u00f1o como el d\u00e9cimo departamento creado en Colombia, despu\u00e9s de un proceso pol\u00edtico liderado por actores y actrices regionales con el fin de obtener la independencia y autonom\u00eda de nuestros territorios. Con la creaci\u00f3n de P\u00e1gina 10 se pretende abrir un escenario para el dialogo, la reflexi\u00f3n y el debate que se extienda a otras geograf\u00edas de Am\u00e9rica Latina y del planeta, en una apuesta por transformar colectivamente los desaf\u00edos de un mundo contempor\u00e1neo, m\u00e1s all\u00e1 de las fronteras impuestas.\",\"url\":\"https:\/\/pagina10.com\/web\/author\/pdiezadmin\/\"}]}<\/script>\n<!-- \/ Yoast SEO plugin. -->","yoast_head_json":{"title":"Nari\u00f1enses en lista para dirigir la Unidad de B\u00fasqueda de Desaparecidos | P\u00e1gina10","robots":{"index":"index","follow":"follow","max-snippet":"max-snippet:-1","max-image-preview":"max-image-preview:large","max-video-preview":"max-video-preview:-1"},"canonical":"https:\/\/pagina10.com\/web\/narinenses-en-lista-para-dirigir-la-unidad-de-busqueda-de-desaparecidos\/","og_locale":"es_ES","og_type":"article","og_title":"Nari\u00f1enses en lista para dirigir la Unidad de B\u00fasqueda de Desaparecidos | P\u00e1gina10","og_description":"Dos nari\u00f1enses est\u00e1n en la lista de 54 candidatos de los que saldr\u00e1 la nueva direcci\u00f3n de la entidad encargada de buscar a los desaparecidos del conflicto. Quien resulte seleccionado estar\u00e1 en el cargo durante un periodo de cinco a\u00f1os. La lista la public\u00f3 el Comit\u00e9 de Escogencia y en ella se incluyen a oficiales [&hellip;]","og_url":"https:\/\/pagina10.com\/web\/narinenses-en-lista-para-dirigir-la-unidad-de-busqueda-de-desaparecidos\/","og_site_name":"P\u00e1gina10","article_publisher":"https:\/\/www.facebook.com\/pag10com","article_published_time":"2023-02-21T18:09:13+00:00","og_image":[{"width":2350,"height":1429,"url":"https:\/\/pagina10.com\/web\/wp-content\/uploads\/2023\/02\/44866074_10216367065156710_5005609166002192384_n-01.jpg","type":"image\/jpeg"}],"author":"P\u00e1gina 10","twitter_card":"summary_large_image","twitter_creator":"@Pag10com","twitter_site":"@Pag10com","twitter_misc":{"Escrito por":"P\u00e1gina 10","Tiempo de lectura":"2 minutos"},"schema":{"@context":"https:\/\/schema.org","@graph":[{"@type":"Article","@id":"https:\/\/pagina10.com\/web\/narinenses-en-lista-para-dirigir-la-unidad-de-busqueda-de-desaparecidos\/#article","isPartOf":{"@id":"https:\/\/pagina10.com\/web\/narinenses-en-lista-para-dirigir-la-unidad-de-busqueda-de-desaparecidos\/"},"author":{"name":"P\u00e1gina 10","@id":"https:\/\/pagina10.com\/web\/#\/schema\/person\/2efc4a090d25b667d3bc796798a3a81b"},"headline":"Nari\u00f1enses en lista para dirigir la Unidad de B\u00fasqueda de Desaparecidos","datePublished":"2023-02-21T18:09:13+00:00","mainEntityOfPage":{"@id":"https:\/\/pagina10.com\/web\/narinenses-en-lista-para-dirigir-la-unidad-de-busqueda-de-desaparecidos\/"},"wordCount":365,"commentCount":0,"publisher":{"@id":"https:\/\/pagina10.com\/web\/#organization"},"image":{"@id":"https:\/\/pagina10.com\/web\/narinenses-en-lista-para-dirigir-la-unidad-de-busqueda-de-desaparecidos\/#primaryimage"},"thumbnailUrl":"https:\/\/pagina10.com\/web\/wp-content\/uploads\/2023\/02\/44866074_10216367065156710_5005609166002192384_n-01.jpg","articleSection":["Global"],"inLanguage":"es","potentialAction":[{"@type":"CommentAction","name":"Comment","target":["https:\/\/pagina10.com\/web\/narinenses-en-lista-para-dirigir-la-unidad-de-busqueda-de-desaparecidos\/#respond"]}]},{"@type":"WebPage","@id":"https:\/\/pagina10.com\/web\/narinenses-en-lista-para-dirigir-la-unidad-de-busqueda-de-desaparecidos\/","url":"https:\/\/pagina10.com\/web\/narinenses-en-lista-para-dirigir-la-unidad-de-busqueda-de-desaparecidos\/","name":"Nari\u00f1enses en lista para dirigir la Unidad de B\u00fasqueda de Desaparecidos | P\u00e1gina10","isPartOf":{"@id":"https:\/\/pagina10.com\/web\/#website"},"primaryImageOfPage":{"@id":"https:\/\/pagina10.com\/web\/narinenses-en-lista-para-dirigir-la-unidad-de-busqueda-de-desaparecidos\/#primaryimage"},"image":{"@id":"https:\/\/pagina10.com\/web\/narinenses-en-lista-para-dirigir-la-unidad-de-busqueda-de-desaparecidos\/#primaryimage"},"thumbnailUrl":"https:\/\/pagina10.com\/web\/wp-content\/uploads\/2023\/02\/44866074_10216367065156710_5005609166002192384_n-01.jpg","datePublished":"2023-02-21T18:09:13+00:00","breadcrumb":{"@id":"https:\/\/pagina10.com\/web\/narinenses-en-lista-para-dirigir-la-unidad-de-busqueda-de-desaparecidos\/#breadcrumb"},"inLanguage":"es","potentialAction":[{"@type":"ReadAction","target":["https:\/\/pagina10.com\/web\/narinenses-en-lista-para-dirigir-la-unidad-de-busqueda-de-desaparecidos\/"]}]},{"@type":"ImageObject","inLanguage":"es","@id":"https:\/\/pagina10.com\/web\/narinenses-en-lista-para-dirigir-la-unidad-de-busqueda-de-desaparecidos\/#primaryimage","url":"https:\/\/pagina10.com\/web\/wp-content\/uploads\/2023\/02\/44866074_10216367065156710_5005609166002192384_n-01.jpg","contentUrl":"https:\/\/pagina10.com\/web\/wp-content\/uploads\/2023\/02\/44866074_10216367065156710_5005609166002192384_n-01.jpg","width":2350,"height":1429},{"@type":"BreadcrumbList","@id":"https:\/\/pagina10.com\/web\/narinenses-en-lista-para-dirigir-la-unidad-de-busqueda-de-desaparecidos\/#breadcrumb","itemListElement":[{"@type":"ListItem","position":1,"name":"Portada","item":"https:\/\/pagina10.com\/web\/"},{"@type":"ListItem","position":2,"name":"Nari\u00f1enses en lista para dirigir la Unidad de B\u00fasqueda de Desaparecidos"}]},{"@type":"WebSite","@id":"https:\/\/pagina10.com\/web\/#website","url":"https:\/\/pagina10.com\/web\/","name":"P\u00e1gina10","description":"Peri\u00f3dico Regional","publisher":{"@id":"https:\/\/pagina10.com\/web\/#organization"},"alternateName":"P\u00e1gina10 Peri\u00f3dico Regional","potentialAction":[{"@type":"SearchAction","target":{"@type":"EntryPoint","urlTemplate":"https:\/\/pagina10.com\/web\/?s={search_term_string}"},"query-input":{"@type":"PropertyValueSpecification","valueRequired":true,"valueName":"search_term_string"}}],"inLanguage":"es"},{"@type":"Organization","@id":"https:\/\/pagina10.com\/web\/#organization","name":"P\u00e1gina10","alternateName":"P\u00e1gina10 Peri\u00f3dico Regional","url":"https:\/\/pagina10.com\/web\/","logo":{"@type":"ImageObject","inLanguage":"es","@id":"https:\/\/pagina10.com\/web\/#\/schema\/logo\/image\/","url":"https:\/\/pagina10.com\/web\/wp-content\/uploads\/2024\/01\/40-pagina-10-periodico-regional-pasto.jpg","contentUrl":"https:\/\/pagina10.com\/web\/wp-content\/uploads\/2024\/01\/40-pagina-10-periodico-regional-pasto.jpg","width":1280,"height":720,"caption":"P\u00e1gina10"},"image":{"@id":"https:\/\/pagina10.com\/web\/#\/schema\/logo\/image\/"},"sameAs":["https:\/\/www.facebook.com\/pag10com","https:\/\/x.com\/Pag10com","https:\/\/www.instagram.com\/pagina10col\/","https:\/\/youtube.com\/channel\/pag10","https:\/\/www.tiktok.com\/@p10col"]},{"@type":"Person","@id":"https:\/\/pagina10.com\/web\/#\/schema\/person\/2efc4a090d25b667d3bc796798a3a81b","name":"P\u00e1gina 10","description":"P\u00e1gina 10 es un peri\u00f3dico regional que nace en Colombia, en el departamento de Nari\u00f1o, con un enfoque global, fundamentado en cuatro pilares esenciales: la libertad, el pluralismo, la inclusi\u00f3n y la independencia. P\u00e1gina 10 hace referencia a Nari\u00f1o como el d\u00e9cimo departamento creado en Colombia, despu\u00e9s de un proceso pol\u00edtico liderado por actores y actrices regionales con el fin de obtener la independencia y autonom\u00eda de nuestros territorios. Con la creaci\u00f3n de P\u00e1gina 10 se pretende abrir un escenario para el dialogo, la reflexi\u00f3n y el debate que se extienda a otras geograf\u00edas de Am\u00e9rica Latina y del planeta, en una apuesta por transformar colectivamente los desaf\u00edos de un mundo contempor\u00e1neo, m\u00e1s all\u00e1 de las fronteras impuestas.","url":"https:\/\/pagina10.com\/web\/author\/pdiezadmin\/"}]}},"_links":{"self":[{"href":"https:\/\/pagina10.com\/web\/wp-json\/wp\/v2\/posts\/64727","targetHints":{"allow":["GET"]}}],"collection":[{"href":"https:\/\/pagina10.com\/web\/wp-json\/wp\/v2\/posts"}],"about":[{"href":"https:\/\/pagina10.com\/web\/wp-json\/wp\/v2\/types\/post"}],"author":[{"embeddable":true,"href":"https:\/\/pagina10.com\/web\/wp-json\/wp\/v2\/users\/1"}],"replies":[{"embeddable":true,"href":"https:\/\/pagina10.com\/web\/wp-json\/wp\/v2\/comments?post=64727"}],"version-history":[{"count":1,"href":"https:\/\/pagina10.com\/web\/wp-json\/wp\/v2\/posts\/64727\/revisions"}],"predecessor-version":[{"id":64729,"href":"https:\/\/pagina10.com\/web\/wp-json\/wp\/v2\/posts\/64727\/revisions\/64729"}],"wp:featuredmedia":[{"embeddable":true,"href":"https:\/\/pagina10.com\/web\/wp-json\/wp\/v2\/media\/64728"}],"wp:attachment":[{"href":"https:\/\/pagina10.com\/web\/wp-json\/wp\/v2\/media?parent=64727"}],"wp:term":[{"taxonomy":"category","embeddable":true,"href":"https:\/\/pagina10.com\/web\/wp-json\/wp\/v2\/categories?post=64727"},{"taxonomy":"post_tag","embeddable":true,"href":"https:\/\/pagina10.com\/web\/wp-json\/wp\/v2\/tags?post=64727"}],"curies":[{"name":"wp","href":"https:\/\/api.w.org\/{rel}","templated":true}]}}