{"id":64730,"date":"2023-02-21T13:16:15","date_gmt":"2023-02-21T18:16:15","guid":{"rendered":"https:\/\/pagina10.com\/web\/?p=64730"},"modified":"2023-02-21T13:16:15","modified_gmt":"2023-02-21T18:16:15","slug":"alarma-en-deportivo-pasto-tres-jugadores-salieron-lesionados-tras-partido-con-el-junior","status":"publish","type":"post","link":"https:\/\/pagina10.com\/web\/alarma-en-deportivo-pasto-tres-jugadores-salieron-lesionados-tras-partido-con-el-junior\/","title":{"rendered":"Alarma en Deportivo Pasto, tres jugadores salieron lesionados tras partido con el Junior"},"content":{"rendered":"<p style=\"text-align: justify;\">El periodista deportivo Hern\u00e1n Insuasty report\u00f3 que los futbolistas Juan Camilo Roa, Jes\u00fas Figueroa y Gilberto &#8216;Alcatraz&#8217; Garc\u00eda, salieron con dolencias f\u00edsicas despu\u00e9s del triunfo del Deportivo Pasto 1-0 ante Junior el s\u00e1bado anterior en el estadio Libertad. Adem\u00e1s est\u00e1 lesionado el zaguero central zurdo, Eduar Caicedo, quien lleg\u00f3 para este a\u00f1o.<\/p>\n<p style=\"text-align: justify;\">\u201cRoa sinti\u00f3 un dolor intenso en el aductor derecho. Se trata de una lesi\u00f3n muscular moderada. Este martes se le practicar\u00e1 una resonancia magn\u00e9tica para determinar con certeza el tipo de lesi\u00f3n y cu\u00e1ntos d\u00edas puede estar por fuera del terreno de juego.<\/p>\n<p style=\"text-align: justify;\">Jes\u00fas Figueroa: Tiene una fatiga leve del recto femoral derecho. La parte m\u00e9dica trabaja con \u00e9l a doble jornada para que pueda estar disponible en el pr\u00f3ximo partido ante Boyac\u00e1 Chic\u00f3 el lunes en Tunja a las 6:00 de la tarde y Gilberto &#8216;Alcatraz&#8217; Garc\u00eda sali\u00f3 con una fatiga muscular leve, por eso, fue sustituido\u201d, indic\u00f3.<\/p>\n<p style=\"text-align: justify;\">Adem\u00e1s, precis\u00f3 que Eduar Caicedo tiene una lesi\u00f3n en su rodilla izquierda. Despu\u00e9s de una resonancia magn\u00e9tica se le detect\u00f3 un inconveniente leve pero que le dificulta su movilidad. Se determin\u00f3 hacer una artroscopia para observar, diagnosticar y tratar el problema.<\/p>\n","protected":false},"excerpt":{"rendered":"<p>El periodista deportivo Hern\u00e1n Insuasty report\u00f3 que los futbolistas Juan Camilo Roa, Jes\u00fas Figueroa y Gilberto &#8216;Alcatraz&#8217; Garc\u00eda, salieron con dolencias f\u00edsicas despu\u00e9s del triunfo del Deportivo Pasto 1-0 ante Junior el s\u00e1bado anterior en el estadio Libertad. Adem\u00e1s est\u00e1 lesionado el zaguero central zurdo, Eduar Caicedo, quien lleg\u00f3 para este a\u00f1o. \u201cRoa sinti\u00f3 un [&hellip;]<\/p>\n","protected":false},"author":1,"featured_media":64731,"comment_status":"open","ping_status":"open","sticky":false,"template":"","format":"standard","meta":{"footnotes":""},"categories":[86],"tags":[],"class_list":["post-64730","post","type-post","status-publish","format-standard","has-post-thumbnail","hentry","category-deportes-2"],"yoast_head":"<!-- This site is optimized with the Yoast SEO plugin v27.1.1 - https:\/\/yoast.com\/product\/yoast-seo-wordpress\/ -->\n<title>Alarma en Deportivo Pasto, tres jugadores salieron lesionados tras partido con el Junior | P\u00e1gina10<\/title>\n<meta name=\"robots\" content=\"index, follow, max-snippet:-1, max-image-preview:large, max-video-preview:-1\" \/>\n<link rel=\"canonical\" href=\"https:\/\/pagina10.com\/web\/alarma-en-deportivo-pasto-tres-jugadores-salieron-lesionados-tras-partido-con-el-junior\/\" \/>\n<meta property=\"og:locale\" content=\"es_ES\" \/>\n<meta property=\"og:type\" content=\"article\" \/>\n<meta property=\"og:title\" content=\"Alarma en Deportivo Pasto, tres jugadores salieron lesionados tras partido con el Junior | P\u00e1gina10\" \/>\n<meta property=\"og:description\" content=\"El periodista deportivo Hern\u00e1n Insuasty report\u00f3 que los futbolistas Juan Camilo Roa, Jes\u00fas Figueroa y Gilberto &#8216;Alcatraz&#8217; Garc\u00eda, salieron con dolencias f\u00edsicas despu\u00e9s del triunfo del Deportivo Pasto 1-0 ante Junior el s\u00e1bado anterior en el estadio Libertad. Adem\u00e1s est\u00e1 lesionado el zaguero central zurdo, Eduar Caicedo, quien lleg\u00f3 para este a\u00f1o. \u201cRoa sinti\u00f3 un [&hellip;]\" \/>\n<meta property=\"og:url\" content=\"https:\/\/pagina10.com\/web\/alarma-en-deportivo-pasto-tres-jugadores-salieron-lesionados-tras-partido-con-el-junior\/\" \/>\n<meta property=\"og:site_name\" content=\"P\u00e1gina10\" \/>\n<meta property=\"article:publisher\" content=\"https:\/\/www.facebook.com\/pag10com\" \/>\n<meta property=\"article:published_time\" content=\"2023-02-21T18:16:15+00:00\" \/>\n<meta property=\"og:image\" content=\"https:\/\/pagina10.com\/web\/wp-content\/uploads\/2023\/02\/328992182_726378085503104_2266194796894662122_n.jpg\" \/>\n\t<meta property=\"og:image:width\" content=\"1440\" \/>\n\t<meta property=\"og:image:height\" content=\"961\" \/>\n\t<meta property=\"og:image:type\" content=\"image\/jpeg\" \/>\n<meta name=\"author\" content=\"P\u00e1gina 10\" \/>\n<meta name=\"twitter:card\" content=\"summary_large_image\" \/>\n<meta name=\"twitter:creator\" content=\"@Pag10com\" \/>\n<meta name=\"twitter:site\" content=\"@Pag10com\" \/>\n<meta name=\"twitter:label1\" content=\"Escrito por\" \/>\n\t<meta name=\"twitter:data1\" content=\"P\u00e1gina 10\" \/>\n\t<meta name=\"twitter:label2\" content=\"Tiempo de lectura\" \/>\n\t<meta name=\"twitter:data2\" content=\"1 minuto\" \/>\n<script type=\"application\/ld+json\" class=\"yoast-schema-graph\">{\"@context\":\"https:\/\/schema.org\",\"@graph\":[{\"@type\":\"Article\",\"@id\":\"https:\/\/pagina10.com\/web\/alarma-en-deportivo-pasto-tres-jugadores-salieron-lesionados-tras-partido-con-el-junior\/#article\",\"isPartOf\":{\"@id\":\"https:\/\/pagina10.com\/web\/alarma-en-deportivo-pasto-tres-jugadores-salieron-lesionados-tras-partido-con-el-junior\/\"},\"author\":{\"name\":\"P\u00e1gina 10\",\"@id\":\"https:\/\/pagina10.com\/web\/#\/schema\/person\/2efc4a090d25b667d3bc796798a3a81b\"},\"headline\":\"Alarma en Deportivo Pasto, tres jugadores salieron lesionados tras partido con el Junior\",\"datePublished\":\"2023-02-21T18:16:15+00:00\",\"mainEntityOfPage\":{\"@id\":\"https:\/\/pagina10.com\/web\/alarma-en-deportivo-pasto-tres-jugadores-salieron-lesionados-tras-partido-con-el-junior\/\"},\"wordCount\":225,\"commentCount\":0,\"publisher\":{\"@id\":\"https:\/\/pagina10.com\/web\/#organization\"},\"image\":{\"@id\":\"https:\/\/pagina10.com\/web\/alarma-en-deportivo-pasto-tres-jugadores-salieron-lesionados-tras-partido-con-el-junior\/#primaryimage\"},\"thumbnailUrl\":\"https:\/\/pagina10.com\/web\/wp-content\/uploads\/2023\/02\/328992182_726378085503104_2266194796894662122_n.jpg\",\"articleSection\":[\"Deportes\"],\"inLanguage\":\"es\",\"potentialAction\":[{\"@type\":\"CommentAction\",\"name\":\"Comment\",\"target\":[\"https:\/\/pagina10.com\/web\/alarma-en-deportivo-pasto-tres-jugadores-salieron-lesionados-tras-partido-con-el-junior\/#respond\"]}]},{\"@type\":\"WebPage\",\"@id\":\"https:\/\/pagina10.com\/web\/alarma-en-deportivo-pasto-tres-jugadores-salieron-lesionados-tras-partido-con-el-junior\/\",\"url\":\"https:\/\/pagina10.com\/web\/alarma-en-deportivo-pasto-tres-jugadores-salieron-lesionados-tras-partido-con-el-junior\/\",\"name\":\"Alarma en Deportivo Pasto, tres jugadores salieron lesionados tras partido con el Junior | P\u00e1gina10\",\"isPartOf\":{\"@id\":\"https:\/\/pagina10.com\/web\/#website\"},\"primaryImageOfPage\":{\"@id\":\"https:\/\/pagina10.com\/web\/alarma-en-deportivo-pasto-tres-jugadores-salieron-lesionados-tras-partido-con-el-junior\/#primaryimage\"},\"image\":{\"@id\":\"https:\/\/pagina10.com\/web\/alarma-en-deportivo-pasto-tres-jugadores-salieron-lesionados-tras-partido-con-el-junior\/#primaryimage\"},\"thumbnailUrl\":\"https:\/\/pagina10.com\/web\/wp-content\/uploads\/2023\/02\/328992182_726378085503104_2266194796894662122_n.jpg\",\"datePublished\":\"2023-02-21T18:16:15+00:00\",\"breadcrumb\":{\"@id\":\"https:\/\/pagina10.com\/web\/alarma-en-deportivo-pasto-tres-jugadores-salieron-lesionados-tras-partido-con-el-junior\/#breadcrumb\"},\"inLanguage\":\"es\",\"potentialAction\":[{\"@type\":\"ReadAction\",\"target\":[\"https:\/\/pagina10.com\/web\/alarma-en-deportivo-pasto-tres-jugadores-salieron-lesionados-tras-partido-con-el-junior\/\"]}]},{\"@type\":\"ImageObject\",\"inLanguage\":\"es\",\"@id\":\"https:\/\/pagina10.com\/web\/alarma-en-deportivo-pasto-tres-jugadores-salieron-lesionados-tras-partido-con-el-junior\/#primaryimage\",\"url\":\"https:\/\/pagina10.com\/web\/wp-content\/uploads\/2023\/02\/328992182_726378085503104_2266194796894662122_n.jpg\",\"contentUrl\":\"https:\/\/pagina10.com\/web\/wp-content\/uploads\/2023\/02\/328992182_726378085503104_2266194796894662122_n.jpg\",\"width\":1440,\"height\":961,\"caption\":\"Foto: Asociaci\u00f3n Deportivo Pasto\"},{\"@type\":\"BreadcrumbList\",\"@id\":\"https:\/\/pagina10.com\/web\/alarma-en-deportivo-pasto-tres-jugadores-salieron-lesionados-tras-partido-con-el-junior\/#breadcrumb\",\"itemListElement\":[{\"@type\":\"ListItem\",\"position\":1,\"name\":\"Portada\",\"item\":\"https:\/\/pagina10.com\/web\/\"},{\"@type\":\"ListItem\",\"position\":2,\"name\":\"Alarma en Deportivo Pasto, tres jugadores salieron lesionados tras partido con el Junior\"}]},{\"@type\":\"WebSite\",\"@id\":\"https:\/\/pagina10.com\/web\/#website\",\"url\":\"https:\/\/pagina10.com\/web\/\",\"name\":\"P\u00e1gina10\",\"description\":\"Peri\u00f3dico Regional\",\"publisher\":{\"@id\":\"https:\/\/pagina10.com\/web\/#organization\"},\"alternateName\":\"P\u00e1gina10 Peri\u00f3dico Regional\",\"potentialAction\":[{\"@type\":\"SearchAction\",\"target\":{\"@type\":\"EntryPoint\",\"urlTemplate\":\"https:\/\/pagina10.com\/web\/?s={search_term_string}\"},\"query-input\":{\"@type\":\"PropertyValueSpecification\",\"valueRequired\":true,\"valueName\":\"search_term_string\"}}],\"inLanguage\":\"es\"},{\"@type\":\"Organization\",\"@id\":\"https:\/\/pagina10.com\/web\/#organization\",\"name\":\"P\u00e1gina10\",\"alternateName\":\"P\u00e1gina10 Peri\u00f3dico Regional\",\"url\":\"https:\/\/pagina10.com\/web\/\",\"logo\":{\"@type\":\"ImageObject\",\"inLanguage\":\"es\",\"@id\":\"https:\/\/pagina10.com\/web\/#\/schema\/logo\/image\/\",\"url\":\"https:\/\/pagina10.com\/web\/wp-content\/uploads\/2024\/01\/40-pagina-10-periodico-regional-pasto.jpg\",\"contentUrl\":\"https:\/\/pagina10.com\/web\/wp-content\/uploads\/2024\/01\/40-pagina-10-periodico-regional-pasto.jpg\",\"width\":1280,\"height\":720,\"caption\":\"P\u00e1gina10\"},\"image\":{\"@id\":\"https:\/\/pagina10.com\/web\/#\/schema\/logo\/image\/\"},\"sameAs\":[\"https:\/\/www.facebook.com\/pag10com\",\"https:\/\/x.com\/Pag10com\",\"https:\/\/www.instagram.com\/pagina10col\/\",\"https:\/\/youtube.com\/channel\/pag10\",\"https:\/\/www.tiktok.com\/@p10col\"]},{\"@type\":\"Person\",\"@id\":\"https:\/\/pagina10.com\/web\/#\/schema\/person\/2efc4a090d25b667d3bc796798a3a81b\",\"name\":\"P\u00e1gina 10\",\"description\":\"P\u00e1gina 10 es un peri\u00f3dico regional que nace en Colombia, en el departamento de Nari\u00f1o, con un enfoque global, fundamentado en cuatro pilares esenciales: la libertad, el pluralismo, la inclusi\u00f3n y la independencia. P\u00e1gina 10 hace referencia a Nari\u00f1o como el d\u00e9cimo departamento creado en Colombia, despu\u00e9s de un proceso pol\u00edtico liderado por actores y actrices regionales con el fin de obtener la independencia y autonom\u00eda de nuestros territorios. Con la creaci\u00f3n de P\u00e1gina 10 se pretende abrir un escenario para el dialogo, la reflexi\u00f3n y el debate que se extienda a otras geograf\u00edas de Am\u00e9rica Latina y del planeta, en una apuesta por transformar colectivamente los desaf\u00edos de un mundo contempor\u00e1neo, m\u00e1s all\u00e1 de las fronteras impuestas.\",\"url\":\"https:\/\/pagina10.com\/web\/author\/pdiezadmin\/\"}]}<\/script>\n<!-- \/ Yoast SEO plugin. -->","yoast_head_json":{"title":"Alarma en Deportivo Pasto, tres jugadores salieron lesionados tras partido con el Junior | P\u00e1gina10","robots":{"index":"index","follow":"follow","max-snippet":"max-snippet:-1","max-image-preview":"max-image-preview:large","max-video-preview":"max-video-preview:-1"},"canonical":"https:\/\/pagina10.com\/web\/alarma-en-deportivo-pasto-tres-jugadores-salieron-lesionados-tras-partido-con-el-junior\/","og_locale":"es_ES","og_type":"article","og_title":"Alarma en Deportivo Pasto, tres jugadores salieron lesionados tras partido con el Junior | P\u00e1gina10","og_description":"El periodista deportivo Hern\u00e1n Insuasty report\u00f3 que los futbolistas Juan Camilo Roa, Jes\u00fas Figueroa y Gilberto &#8216;Alcatraz&#8217; Garc\u00eda, salieron con dolencias f\u00edsicas despu\u00e9s del triunfo del Deportivo Pasto 1-0 ante Junior el s\u00e1bado anterior en el estadio Libertad. Adem\u00e1s est\u00e1 lesionado el zaguero central zurdo, Eduar Caicedo, quien lleg\u00f3 para este a\u00f1o. \u201cRoa sinti\u00f3 un [&hellip;]","og_url":"https:\/\/pagina10.com\/web\/alarma-en-deportivo-pasto-tres-jugadores-salieron-lesionados-tras-partido-con-el-junior\/","og_site_name":"P\u00e1gina10","article_publisher":"https:\/\/www.facebook.com\/pag10com","article_published_time":"2023-02-21T18:16:15+00:00","og_image":[{"width":1440,"height":961,"url":"https:\/\/pagina10.com\/web\/wp-content\/uploads\/2023\/02\/328992182_726378085503104_2266194796894662122_n.jpg","type":"image\/jpeg"}],"author":"P\u00e1gina 10","twitter_card":"summary_large_image","twitter_creator":"@Pag10com","twitter_site":"@Pag10com","twitter_misc":{"Escrito por":"P\u00e1gina 10","Tiempo de lectura":"1 minuto"},"schema":{"@context":"https:\/\/schema.org","@graph":[{"@type":"Article","@id":"https:\/\/pagina10.com\/web\/alarma-en-deportivo-pasto-tres-jugadores-salieron-lesionados-tras-partido-con-el-junior\/#article","isPartOf":{"@id":"https:\/\/pagina10.com\/web\/alarma-en-deportivo-pasto-tres-jugadores-salieron-lesionados-tras-partido-con-el-junior\/"},"author":{"name":"P\u00e1gina 10","@id":"https:\/\/pagina10.com\/web\/#\/schema\/person\/2efc4a090d25b667d3bc796798a3a81b"},"headline":"Alarma en Deportivo Pasto, tres jugadores salieron lesionados tras partido con el Junior","datePublished":"2023-02-21T18:16:15+00:00","mainEntityOfPage":{"@id":"https:\/\/pagina10.com\/web\/alarma-en-deportivo-pasto-tres-jugadores-salieron-lesionados-tras-partido-con-el-junior\/"},"wordCount":225,"commentCount":0,"publisher":{"@id":"https:\/\/pagina10.com\/web\/#organization"},"image":{"@id":"https:\/\/pagina10.com\/web\/alarma-en-deportivo-pasto-tres-jugadores-salieron-lesionados-tras-partido-con-el-junior\/#primaryimage"},"thumbnailUrl":"https:\/\/pagina10.com\/web\/wp-content\/uploads\/2023\/02\/328992182_726378085503104_2266194796894662122_n.jpg","articleSection":["Deportes"],"inLanguage":"es","potentialAction":[{"@type":"CommentAction","name":"Comment","target":["https:\/\/pagina10.com\/web\/alarma-en-deportivo-pasto-tres-jugadores-salieron-lesionados-tras-partido-con-el-junior\/#respond"]}]},{"@type":"WebPage","@id":"https:\/\/pagina10.com\/web\/alarma-en-deportivo-pasto-tres-jugadores-salieron-lesionados-tras-partido-con-el-junior\/","url":"https:\/\/pagina10.com\/web\/alarma-en-deportivo-pasto-tres-jugadores-salieron-lesionados-tras-partido-con-el-junior\/","name":"Alarma en Deportivo Pasto, tres jugadores salieron lesionados tras partido con el Junior | P\u00e1gina10","isPartOf":{"@id":"https:\/\/pagina10.com\/web\/#website"},"primaryImageOfPage":{"@id":"https:\/\/pagina10.com\/web\/alarma-en-deportivo-pasto-tres-jugadores-salieron-lesionados-tras-partido-con-el-junior\/#primaryimage"},"image":{"@id":"https:\/\/pagina10.com\/web\/alarma-en-deportivo-pasto-tres-jugadores-salieron-lesionados-tras-partido-con-el-junior\/#primaryimage"},"thumbnailUrl":"https:\/\/pagina10.com\/web\/wp-content\/uploads\/2023\/02\/328992182_726378085503104_2266194796894662122_n.jpg","datePublished":"2023-02-21T18:16:15+00:00","breadcrumb":{"@id":"https:\/\/pagina10.com\/web\/alarma-en-deportivo-pasto-tres-jugadores-salieron-lesionados-tras-partido-con-el-junior\/#breadcrumb"},"inLanguage":"es","potentialAction":[{"@type":"ReadAction","target":["https:\/\/pagina10.com\/web\/alarma-en-deportivo-pasto-tres-jugadores-salieron-lesionados-tras-partido-con-el-junior\/"]}]},{"@type":"ImageObject","inLanguage":"es","@id":"https:\/\/pagina10.com\/web\/alarma-en-deportivo-pasto-tres-jugadores-salieron-lesionados-tras-partido-con-el-junior\/#primaryimage","url":"https:\/\/pagina10.com\/web\/wp-content\/uploads\/2023\/02\/328992182_726378085503104_2266194796894662122_n.jpg","contentUrl":"https:\/\/pagina10.com\/web\/wp-content\/uploads\/2023\/02\/328992182_726378085503104_2266194796894662122_n.jpg","width":1440,"height":961,"caption":"Foto: Asociaci\u00f3n Deportivo Pasto"},{"@type":"BreadcrumbList","@id":"https:\/\/pagina10.com\/web\/alarma-en-deportivo-pasto-tres-jugadores-salieron-lesionados-tras-partido-con-el-junior\/#breadcrumb","itemListElement":[{"@type":"ListItem","position":1,"name":"Portada","item":"https:\/\/pagina10.com\/web\/"},{"@type":"ListItem","position":2,"name":"Alarma en Deportivo Pasto, tres jugadores salieron lesionados tras partido con el Junior"}]},{"@type":"WebSite","@id":"https:\/\/pagina10.com\/web\/#website","url":"https:\/\/pagina10.com\/web\/","name":"P\u00e1gina10","description":"Peri\u00f3dico Regional","publisher":{"@id":"https:\/\/pagina10.com\/web\/#organization"},"alternateName":"P\u00e1gina10 Peri\u00f3dico Regional","potentialAction":[{"@type":"SearchAction","target":{"@type":"EntryPoint","urlTemplate":"https:\/\/pagina10.com\/web\/?s={search_term_string}"},"query-input":{"@type":"PropertyValueSpecification","valueRequired":true,"valueName":"search_term_string"}}],"inLanguage":"es"},{"@type":"Organization","@id":"https:\/\/pagina10.com\/web\/#organization","name":"P\u00e1gina10","alternateName":"P\u00e1gina10 Peri\u00f3dico Regional","url":"https:\/\/pagina10.com\/web\/","logo":{"@type":"ImageObject","inLanguage":"es","@id":"https:\/\/pagina10.com\/web\/#\/schema\/logo\/image\/","url":"https:\/\/pagina10.com\/web\/wp-content\/uploads\/2024\/01\/40-pagina-10-periodico-regional-pasto.jpg","contentUrl":"https:\/\/pagina10.com\/web\/wp-content\/uploads\/2024\/01\/40-pagina-10-periodico-regional-pasto.jpg","width":1280,"height":720,"caption":"P\u00e1gina10"},"image":{"@id":"https:\/\/pagina10.com\/web\/#\/schema\/logo\/image\/"},"sameAs":["https:\/\/www.facebook.com\/pag10com","https:\/\/x.com\/Pag10com","https:\/\/www.instagram.com\/pagina10col\/","https:\/\/youtube.com\/channel\/pag10","https:\/\/www.tiktok.com\/@p10col"]},{"@type":"Person","@id":"https:\/\/pagina10.com\/web\/#\/schema\/person\/2efc4a090d25b667d3bc796798a3a81b","name":"P\u00e1gina 10","description":"P\u00e1gina 10 es un peri\u00f3dico regional que nace en Colombia, en el departamento de Nari\u00f1o, con un enfoque global, fundamentado en cuatro pilares esenciales: la libertad, el pluralismo, la inclusi\u00f3n y la independencia. P\u00e1gina 10 hace referencia a Nari\u00f1o como el d\u00e9cimo departamento creado en Colombia, despu\u00e9s de un proceso pol\u00edtico liderado por actores y actrices regionales con el fin de obtener la independencia y autonom\u00eda de nuestros territorios. Con la creaci\u00f3n de P\u00e1gina 10 se pretende abrir un escenario para el dialogo, la reflexi\u00f3n y el debate que se extienda a otras geograf\u00edas de Am\u00e9rica Latina y del planeta, en una apuesta por transformar colectivamente los desaf\u00edos de un mundo contempor\u00e1neo, m\u00e1s all\u00e1 de las fronteras impuestas.","url":"https:\/\/pagina10.com\/web\/author\/pdiezadmin\/"}]}},"_links":{"self":[{"href":"https:\/\/pagina10.com\/web\/wp-json\/wp\/v2\/posts\/64730","targetHints":{"allow":["GET"]}}],"collection":[{"href":"https:\/\/pagina10.com\/web\/wp-json\/wp\/v2\/posts"}],"about":[{"href":"https:\/\/pagina10.com\/web\/wp-json\/wp\/v2\/types\/post"}],"author":[{"embeddable":true,"href":"https:\/\/pagina10.com\/web\/wp-json\/wp\/v2\/users\/1"}],"replies":[{"embeddable":true,"href":"https:\/\/pagina10.com\/web\/wp-json\/wp\/v2\/comments?post=64730"}],"version-history":[{"count":1,"href":"https:\/\/pagina10.com\/web\/wp-json\/wp\/v2\/posts\/64730\/revisions"}],"predecessor-version":[{"id":64732,"href":"https:\/\/pagina10.com\/web\/wp-json\/wp\/v2\/posts\/64730\/revisions\/64732"}],"wp:featuredmedia":[{"embeddable":true,"href":"https:\/\/pagina10.com\/web\/wp-json\/wp\/v2\/media\/64731"}],"wp:attachment":[{"href":"https:\/\/pagina10.com\/web\/wp-json\/wp\/v2\/media?parent=64730"}],"wp:term":[{"taxonomy":"category","embeddable":true,"href":"https:\/\/pagina10.com\/web\/wp-json\/wp\/v2\/categories?post=64730"},{"taxonomy":"post_tag","embeddable":true,"href":"https:\/\/pagina10.com\/web\/wp-json\/wp\/v2\/tags?post=64730"}],"curies":[{"name":"wp","href":"https:\/\/api.w.org\/{rel}","templated":true}]}}