{"id":64736,"date":"2023-02-22T11:49:37","date_gmt":"2023-02-22T16:49:37","guid":{"rendered":"https:\/\/pagina10.com\/web\/?p=64736"},"modified":"2023-02-22T11:49:37","modified_gmt":"2023-02-22T16:49:37","slug":"narinense-integra-equipo-coordinador-de-ponentes-del-plan-nacional-de-desarrollo-2","status":"publish","type":"post","link":"https:\/\/pagina10.com\/web\/narinense-integra-equipo-coordinador-de-ponentes-del-plan-nacional-de-desarrollo-2\/","title":{"rendered":"Nari\u00f1ense integra equipo coordinador de ponentes del Plan Nacional de Desarrollo"},"content":{"rendered":"<p style=\"text-align: justify;\">Inici\u00f3 el tr\u00e1mite oficial del Plan Nacional de Desarrollo impulsado por el Gobierno de Gustavo Petro, en las Comisiones Econ\u00f3micas del Congreso de la Rep\u00fablica. Esta es una de las iniciativas m\u00e1s importantes porque con ella se busca dise\u00f1ar toda la estrategia de inversiones para los pr\u00f3ximos cuatro a\u00f1os.<\/p>\n<p style=\"text-align: justify;\">Dentro del grupo de coordinadores ponentes fue incluido el senador nari\u00f1ense del Pacto Hist\u00f3rico Carlos Alberto Mora quien ocup\u00f3 la curul del exsenador Gustavo Bol\u00edvar. Es Antrop\u00f3logo con maestr\u00eda de la Sorbonne Nouvelle de Par\u00eds y tiene un doctorado tambi\u00e9n en Antropolog\u00eda de la Universidad Aut\u00f3noma de M\u00e9xico.<\/p>\n<p style=\"text-align: justify;\">Se ha dedicado a la academia como docente investigador en el Externado, especialmente en la defensa de los recursos naturales. En 2018 fue candidato al Senado por el Polo Democr\u00e1tico.<\/p>\n<p style=\"text-align: justify;\">El congresista adelantar\u00e1 dicha labor junto con la conservadora Liliana Esther Bitar Castilla y la liberal Karina Espinosa Oliver. Adem\u00e1s, har\u00e1n equipo con los representantes a la C\u00e1mara: Armando Antonio Zabara\u00edn de Arce del Partido Conservador, Jos\u00e9 Alberto Tejada Echeverry del Pacto Historico y Wilmer Yair Castellanos Hern\u00e1ndez de la Alianza Verde.<\/p>\n<p style=\"text-align: justify;\">Cabe resaltar que los coordinadores ponentes tendr\u00e1n la responsabilidad de estudiar el proyecto y presentar un informe sobre la conveniencia o no de este. As\u00ed mismo, pueden exponer los beneficios que el proyecto puede traer, las reformas que pueden hac\u00e9rsele para mejorarlo, o tambi\u00e9n, el ponente puede manifestar que el proyecto no deber\u00eda aprobarse porque considera que no ser\u00eda bueno para el pa\u00eds.<\/p>\n","protected":false},"excerpt":{"rendered":"<p>Inici\u00f3 el tr\u00e1mite oficial del Plan Nacional de Desarrollo impulsado por el Gobierno de Gustavo Petro, en las Comisiones Econ\u00f3micas del Congreso de la Rep\u00fablica. Esta es una de las iniciativas m\u00e1s importantes porque con ella se busca dise\u00f1ar toda la estrategia de inversiones para los pr\u00f3ximos cuatro a\u00f1os. Dentro del grupo de coordinadores ponentes [&hellip;]<\/p>\n","protected":false},"author":1,"featured_media":64737,"comment_status":"open","ping_status":"open","sticky":false,"template":"","format":"standard","meta":{"footnotes":""},"categories":[84],"tags":[],"class_list":["post-64736","post","type-post","status-publish","format-standard","has-post-thumbnail","hentry","category-global-2"],"yoast_head":"<!-- This site is optimized with the Yoast SEO plugin v27.1.1 - https:\/\/yoast.com\/product\/yoast-seo-wordpress\/ -->\n<title>Nari\u00f1ense integra equipo coordinador de ponentes del Plan Nacional de Desarrollo | P\u00e1gina10<\/title>\n<meta name=\"robots\" content=\"index, follow, max-snippet:-1, max-image-preview:large, max-video-preview:-1\" \/>\n<link rel=\"canonical\" href=\"https:\/\/pagina10.com\/web\/narinense-integra-equipo-coordinador-de-ponentes-del-plan-nacional-de-desarrollo-2\/\" \/>\n<meta property=\"og:locale\" content=\"es_ES\" \/>\n<meta property=\"og:type\" content=\"article\" \/>\n<meta property=\"og:title\" content=\"Nari\u00f1ense integra equipo coordinador de ponentes del Plan Nacional de Desarrollo | P\u00e1gina10\" \/>\n<meta property=\"og:description\" content=\"Inici\u00f3 el tr\u00e1mite oficial del Plan Nacional de Desarrollo impulsado por el Gobierno de Gustavo Petro, en las Comisiones Econ\u00f3micas del Congreso de la Rep\u00fablica. Esta es una de las iniciativas m\u00e1s importantes porque con ella se busca dise\u00f1ar toda la estrategia de inversiones para los pr\u00f3ximos cuatro a\u00f1os. Dentro del grupo de coordinadores ponentes [&hellip;]\" \/>\n<meta property=\"og:url\" content=\"https:\/\/pagina10.com\/web\/narinense-integra-equipo-coordinador-de-ponentes-del-plan-nacional-de-desarrollo-2\/\" \/>\n<meta property=\"og:site_name\" content=\"P\u00e1gina10\" \/>\n<meta property=\"article:publisher\" content=\"https:\/\/www.facebook.com\/pag10com\" \/>\n<meta property=\"article:published_time\" content=\"2023-02-22T16:49:37+00:00\" \/>\n<meta property=\"og:image\" content=\"https:\/\/pagina10.com\/web\/wp-content\/uploads\/2023\/02\/Alberto-Benavides-1.jpg\" \/>\n\t<meta property=\"og:image:width\" content=\"740\" \/>\n\t<meta property=\"og:image:height\" content=\"480\" \/>\n\t<meta property=\"og:image:type\" content=\"image\/jpeg\" \/>\n<meta name=\"author\" content=\"P\u00e1gina 10\" \/>\n<meta name=\"twitter:card\" content=\"summary_large_image\" \/>\n<meta name=\"twitter:creator\" content=\"@Pag10com\" \/>\n<meta name=\"twitter:site\" content=\"@Pag10com\" \/>\n<meta name=\"twitter:label1\" content=\"Escrito por\" \/>\n\t<meta name=\"twitter:data1\" content=\"P\u00e1gina 10\" \/>\n\t<meta name=\"twitter:label2\" content=\"Tiempo de lectura\" \/>\n\t<meta name=\"twitter:data2\" content=\"1 minuto\" \/>\n<script type=\"application\/ld+json\" class=\"yoast-schema-graph\">{\"@context\":\"https:\/\/schema.org\",\"@graph\":[{\"@type\":\"Article\",\"@id\":\"https:\/\/pagina10.com\/web\/narinense-integra-equipo-coordinador-de-ponentes-del-plan-nacional-de-desarrollo-2\/#article\",\"isPartOf\":{\"@id\":\"https:\/\/pagina10.com\/web\/narinense-integra-equipo-coordinador-de-ponentes-del-plan-nacional-de-desarrollo-2\/\"},\"author\":{\"name\":\"P\u00e1gina 10\",\"@id\":\"https:\/\/pagina10.com\/web\/#\/schema\/person\/2efc4a090d25b667d3bc796798a3a81b\"},\"headline\":\"Nari\u00f1ense integra equipo coordinador de ponentes del Plan Nacional de Desarrollo\",\"datePublished\":\"2023-02-22T16:49:37+00:00\",\"mainEntityOfPage\":{\"@id\":\"https:\/\/pagina10.com\/web\/narinense-integra-equipo-coordinador-de-ponentes-del-plan-nacional-de-desarrollo-2\/\"},\"wordCount\":282,\"commentCount\":0,\"publisher\":{\"@id\":\"https:\/\/pagina10.com\/web\/#organization\"},\"image\":{\"@id\":\"https:\/\/pagina10.com\/web\/narinense-integra-equipo-coordinador-de-ponentes-del-plan-nacional-de-desarrollo-2\/#primaryimage\"},\"thumbnailUrl\":\"https:\/\/pagina10.com\/web\/wp-content\/uploads\/2023\/02\/Alberto-Benavides-1.jpg\",\"articleSection\":[\"Global\"],\"inLanguage\":\"es\",\"potentialAction\":[{\"@type\":\"CommentAction\",\"name\":\"Comment\",\"target\":[\"https:\/\/pagina10.com\/web\/narinense-integra-equipo-coordinador-de-ponentes-del-plan-nacional-de-desarrollo-2\/#respond\"]}]},{\"@type\":\"WebPage\",\"@id\":\"https:\/\/pagina10.com\/web\/narinense-integra-equipo-coordinador-de-ponentes-del-plan-nacional-de-desarrollo-2\/\",\"url\":\"https:\/\/pagina10.com\/web\/narinense-integra-equipo-coordinador-de-ponentes-del-plan-nacional-de-desarrollo-2\/\",\"name\":\"Nari\u00f1ense integra equipo coordinador de ponentes del Plan Nacional de Desarrollo | P\u00e1gina10\",\"isPartOf\":{\"@id\":\"https:\/\/pagina10.com\/web\/#website\"},\"primaryImageOfPage\":{\"@id\":\"https:\/\/pagina10.com\/web\/narinense-integra-equipo-coordinador-de-ponentes-del-plan-nacional-de-desarrollo-2\/#primaryimage\"},\"image\":{\"@id\":\"https:\/\/pagina10.com\/web\/narinense-integra-equipo-coordinador-de-ponentes-del-plan-nacional-de-desarrollo-2\/#primaryimage\"},\"thumbnailUrl\":\"https:\/\/pagina10.com\/web\/wp-content\/uploads\/2023\/02\/Alberto-Benavides-1.jpg\",\"datePublished\":\"2023-02-22T16:49:37+00:00\",\"breadcrumb\":{\"@id\":\"https:\/\/pagina10.com\/web\/narinense-integra-equipo-coordinador-de-ponentes-del-plan-nacional-de-desarrollo-2\/#breadcrumb\"},\"inLanguage\":\"es\",\"potentialAction\":[{\"@type\":\"ReadAction\",\"target\":[\"https:\/\/pagina10.com\/web\/narinense-integra-equipo-coordinador-de-ponentes-del-plan-nacional-de-desarrollo-2\/\"]}]},{\"@type\":\"ImageObject\",\"inLanguage\":\"es\",\"@id\":\"https:\/\/pagina10.com\/web\/narinense-integra-equipo-coordinador-de-ponentes-del-plan-nacional-de-desarrollo-2\/#primaryimage\",\"url\":\"https:\/\/pagina10.com\/web\/wp-content\/uploads\/2023\/02\/Alberto-Benavides-1.jpg\",\"contentUrl\":\"https:\/\/pagina10.com\/web\/wp-content\/uploads\/2023\/02\/Alberto-Benavides-1.jpg\",\"width\":740,\"height\":480},{\"@type\":\"BreadcrumbList\",\"@id\":\"https:\/\/pagina10.com\/web\/narinense-integra-equipo-coordinador-de-ponentes-del-plan-nacional-de-desarrollo-2\/#breadcrumb\",\"itemListElement\":[{\"@type\":\"ListItem\",\"position\":1,\"name\":\"Portada\",\"item\":\"https:\/\/pagina10.com\/web\/\"},{\"@type\":\"ListItem\",\"position\":2,\"name\":\"Nari\u00f1ense integra equipo coordinador de ponentes del Plan Nacional de Desarrollo\"}]},{\"@type\":\"WebSite\",\"@id\":\"https:\/\/pagina10.com\/web\/#website\",\"url\":\"https:\/\/pagina10.com\/web\/\",\"name\":\"P\u00e1gina10\",\"description\":\"Peri\u00f3dico Regional\",\"publisher\":{\"@id\":\"https:\/\/pagina10.com\/web\/#organization\"},\"alternateName\":\"P\u00e1gina10 Peri\u00f3dico Regional\",\"potentialAction\":[{\"@type\":\"SearchAction\",\"target\":{\"@type\":\"EntryPoint\",\"urlTemplate\":\"https:\/\/pagina10.com\/web\/?s={search_term_string}\"},\"query-input\":{\"@type\":\"PropertyValueSpecification\",\"valueRequired\":true,\"valueName\":\"search_term_string\"}}],\"inLanguage\":\"es\"},{\"@type\":\"Organization\",\"@id\":\"https:\/\/pagina10.com\/web\/#organization\",\"name\":\"P\u00e1gina10\",\"alternateName\":\"P\u00e1gina10 Peri\u00f3dico Regional\",\"url\":\"https:\/\/pagina10.com\/web\/\",\"logo\":{\"@type\":\"ImageObject\",\"inLanguage\":\"es\",\"@id\":\"https:\/\/pagina10.com\/web\/#\/schema\/logo\/image\/\",\"url\":\"https:\/\/pagina10.com\/web\/wp-content\/uploads\/2024\/01\/40-pagina-10-periodico-regional-pasto.jpg\",\"contentUrl\":\"https:\/\/pagina10.com\/web\/wp-content\/uploads\/2024\/01\/40-pagina-10-periodico-regional-pasto.jpg\",\"width\":1280,\"height\":720,\"caption\":\"P\u00e1gina10\"},\"image\":{\"@id\":\"https:\/\/pagina10.com\/web\/#\/schema\/logo\/image\/\"},\"sameAs\":[\"https:\/\/www.facebook.com\/pag10com\",\"https:\/\/x.com\/Pag10com\",\"https:\/\/www.instagram.com\/pagina10col\/\",\"https:\/\/youtube.com\/channel\/pag10\",\"https:\/\/www.tiktok.com\/@p10col\"]},{\"@type\":\"Person\",\"@id\":\"https:\/\/pagina10.com\/web\/#\/schema\/person\/2efc4a090d25b667d3bc796798a3a81b\",\"name\":\"P\u00e1gina 10\",\"description\":\"P\u00e1gina 10 es un peri\u00f3dico regional que nace en Colombia, en el departamento de Nari\u00f1o, con un enfoque global, fundamentado en cuatro pilares esenciales: la libertad, el pluralismo, la inclusi\u00f3n y la independencia. P\u00e1gina 10 hace referencia a Nari\u00f1o como el d\u00e9cimo departamento creado en Colombia, despu\u00e9s de un proceso pol\u00edtico liderado por actores y actrices regionales con el fin de obtener la independencia y autonom\u00eda de nuestros territorios. Con la creaci\u00f3n de P\u00e1gina 10 se pretende abrir un escenario para el dialogo, la reflexi\u00f3n y el debate que se extienda a otras geograf\u00edas de Am\u00e9rica Latina y del planeta, en una apuesta por transformar colectivamente los desaf\u00edos de un mundo contempor\u00e1neo, m\u00e1s all\u00e1 de las fronteras impuestas.\",\"url\":\"https:\/\/pagina10.com\/web\/author\/pdiezadmin\/\"}]}<\/script>\n<!-- \/ Yoast SEO plugin. -->","yoast_head_json":{"title":"Nari\u00f1ense integra equipo coordinador de ponentes del Plan Nacional de Desarrollo | P\u00e1gina10","robots":{"index":"index","follow":"follow","max-snippet":"max-snippet:-1","max-image-preview":"max-image-preview:large","max-video-preview":"max-video-preview:-1"},"canonical":"https:\/\/pagina10.com\/web\/narinense-integra-equipo-coordinador-de-ponentes-del-plan-nacional-de-desarrollo-2\/","og_locale":"es_ES","og_type":"article","og_title":"Nari\u00f1ense integra equipo coordinador de ponentes del Plan Nacional de Desarrollo | P\u00e1gina10","og_description":"Inici\u00f3 el tr\u00e1mite oficial del Plan Nacional de Desarrollo impulsado por el Gobierno de Gustavo Petro, en las Comisiones Econ\u00f3micas del Congreso de la Rep\u00fablica. Esta es una de las iniciativas m\u00e1s importantes porque con ella se busca dise\u00f1ar toda la estrategia de inversiones para los pr\u00f3ximos cuatro a\u00f1os. Dentro del grupo de coordinadores ponentes [&hellip;]","og_url":"https:\/\/pagina10.com\/web\/narinense-integra-equipo-coordinador-de-ponentes-del-plan-nacional-de-desarrollo-2\/","og_site_name":"P\u00e1gina10","article_publisher":"https:\/\/www.facebook.com\/pag10com","article_published_time":"2023-02-22T16:49:37+00:00","og_image":[{"width":740,"height":480,"url":"https:\/\/pagina10.com\/web\/wp-content\/uploads\/2023\/02\/Alberto-Benavides-1.jpg","type":"image\/jpeg"}],"author":"P\u00e1gina 10","twitter_card":"summary_large_image","twitter_creator":"@Pag10com","twitter_site":"@Pag10com","twitter_misc":{"Escrito por":"P\u00e1gina 10","Tiempo de lectura":"1 minuto"},"schema":{"@context":"https:\/\/schema.org","@graph":[{"@type":"Article","@id":"https:\/\/pagina10.com\/web\/narinense-integra-equipo-coordinador-de-ponentes-del-plan-nacional-de-desarrollo-2\/#article","isPartOf":{"@id":"https:\/\/pagina10.com\/web\/narinense-integra-equipo-coordinador-de-ponentes-del-plan-nacional-de-desarrollo-2\/"},"author":{"name":"P\u00e1gina 10","@id":"https:\/\/pagina10.com\/web\/#\/schema\/person\/2efc4a090d25b667d3bc796798a3a81b"},"headline":"Nari\u00f1ense integra equipo coordinador de ponentes del Plan Nacional de Desarrollo","datePublished":"2023-02-22T16:49:37+00:00","mainEntityOfPage":{"@id":"https:\/\/pagina10.com\/web\/narinense-integra-equipo-coordinador-de-ponentes-del-plan-nacional-de-desarrollo-2\/"},"wordCount":282,"commentCount":0,"publisher":{"@id":"https:\/\/pagina10.com\/web\/#organization"},"image":{"@id":"https:\/\/pagina10.com\/web\/narinense-integra-equipo-coordinador-de-ponentes-del-plan-nacional-de-desarrollo-2\/#primaryimage"},"thumbnailUrl":"https:\/\/pagina10.com\/web\/wp-content\/uploads\/2023\/02\/Alberto-Benavides-1.jpg","articleSection":["Global"],"inLanguage":"es","potentialAction":[{"@type":"CommentAction","name":"Comment","target":["https:\/\/pagina10.com\/web\/narinense-integra-equipo-coordinador-de-ponentes-del-plan-nacional-de-desarrollo-2\/#respond"]}]},{"@type":"WebPage","@id":"https:\/\/pagina10.com\/web\/narinense-integra-equipo-coordinador-de-ponentes-del-plan-nacional-de-desarrollo-2\/","url":"https:\/\/pagina10.com\/web\/narinense-integra-equipo-coordinador-de-ponentes-del-plan-nacional-de-desarrollo-2\/","name":"Nari\u00f1ense integra equipo coordinador de ponentes del Plan Nacional de Desarrollo | P\u00e1gina10","isPartOf":{"@id":"https:\/\/pagina10.com\/web\/#website"},"primaryImageOfPage":{"@id":"https:\/\/pagina10.com\/web\/narinense-integra-equipo-coordinador-de-ponentes-del-plan-nacional-de-desarrollo-2\/#primaryimage"},"image":{"@id":"https:\/\/pagina10.com\/web\/narinense-integra-equipo-coordinador-de-ponentes-del-plan-nacional-de-desarrollo-2\/#primaryimage"},"thumbnailUrl":"https:\/\/pagina10.com\/web\/wp-content\/uploads\/2023\/02\/Alberto-Benavides-1.jpg","datePublished":"2023-02-22T16:49:37+00:00","breadcrumb":{"@id":"https:\/\/pagina10.com\/web\/narinense-integra-equipo-coordinador-de-ponentes-del-plan-nacional-de-desarrollo-2\/#breadcrumb"},"inLanguage":"es","potentialAction":[{"@type":"ReadAction","target":["https:\/\/pagina10.com\/web\/narinense-integra-equipo-coordinador-de-ponentes-del-plan-nacional-de-desarrollo-2\/"]}]},{"@type":"ImageObject","inLanguage":"es","@id":"https:\/\/pagina10.com\/web\/narinense-integra-equipo-coordinador-de-ponentes-del-plan-nacional-de-desarrollo-2\/#primaryimage","url":"https:\/\/pagina10.com\/web\/wp-content\/uploads\/2023\/02\/Alberto-Benavides-1.jpg","contentUrl":"https:\/\/pagina10.com\/web\/wp-content\/uploads\/2023\/02\/Alberto-Benavides-1.jpg","width":740,"height":480},{"@type":"BreadcrumbList","@id":"https:\/\/pagina10.com\/web\/narinense-integra-equipo-coordinador-de-ponentes-del-plan-nacional-de-desarrollo-2\/#breadcrumb","itemListElement":[{"@type":"ListItem","position":1,"name":"Portada","item":"https:\/\/pagina10.com\/web\/"},{"@type":"ListItem","position":2,"name":"Nari\u00f1ense integra equipo coordinador de ponentes del Plan Nacional de Desarrollo"}]},{"@type":"WebSite","@id":"https:\/\/pagina10.com\/web\/#website","url":"https:\/\/pagina10.com\/web\/","name":"P\u00e1gina10","description":"Peri\u00f3dico Regional","publisher":{"@id":"https:\/\/pagina10.com\/web\/#organization"},"alternateName":"P\u00e1gina10 Peri\u00f3dico Regional","potentialAction":[{"@type":"SearchAction","target":{"@type":"EntryPoint","urlTemplate":"https:\/\/pagina10.com\/web\/?s={search_term_string}"},"query-input":{"@type":"PropertyValueSpecification","valueRequired":true,"valueName":"search_term_string"}}],"inLanguage":"es"},{"@type":"Organization","@id":"https:\/\/pagina10.com\/web\/#organization","name":"P\u00e1gina10","alternateName":"P\u00e1gina10 Peri\u00f3dico Regional","url":"https:\/\/pagina10.com\/web\/","logo":{"@type":"ImageObject","inLanguage":"es","@id":"https:\/\/pagina10.com\/web\/#\/schema\/logo\/image\/","url":"https:\/\/pagina10.com\/web\/wp-content\/uploads\/2024\/01\/40-pagina-10-periodico-regional-pasto.jpg","contentUrl":"https:\/\/pagina10.com\/web\/wp-content\/uploads\/2024\/01\/40-pagina-10-periodico-regional-pasto.jpg","width":1280,"height":720,"caption":"P\u00e1gina10"},"image":{"@id":"https:\/\/pagina10.com\/web\/#\/schema\/logo\/image\/"},"sameAs":["https:\/\/www.facebook.com\/pag10com","https:\/\/x.com\/Pag10com","https:\/\/www.instagram.com\/pagina10col\/","https:\/\/youtube.com\/channel\/pag10","https:\/\/www.tiktok.com\/@p10col"]},{"@type":"Person","@id":"https:\/\/pagina10.com\/web\/#\/schema\/person\/2efc4a090d25b667d3bc796798a3a81b","name":"P\u00e1gina 10","description":"P\u00e1gina 10 es un peri\u00f3dico regional que nace en Colombia, en el departamento de Nari\u00f1o, con un enfoque global, fundamentado en cuatro pilares esenciales: la libertad, el pluralismo, la inclusi\u00f3n y la independencia. P\u00e1gina 10 hace referencia a Nari\u00f1o como el d\u00e9cimo departamento creado en Colombia, despu\u00e9s de un proceso pol\u00edtico liderado por actores y actrices regionales con el fin de obtener la independencia y autonom\u00eda de nuestros territorios. Con la creaci\u00f3n de P\u00e1gina 10 se pretende abrir un escenario para el dialogo, la reflexi\u00f3n y el debate que se extienda a otras geograf\u00edas de Am\u00e9rica Latina y del planeta, en una apuesta por transformar colectivamente los desaf\u00edos de un mundo contempor\u00e1neo, m\u00e1s all\u00e1 de las fronteras impuestas.","url":"https:\/\/pagina10.com\/web\/author\/pdiezadmin\/"}]}},"_links":{"self":[{"href":"https:\/\/pagina10.com\/web\/wp-json\/wp\/v2\/posts\/64736","targetHints":{"allow":["GET"]}}],"collection":[{"href":"https:\/\/pagina10.com\/web\/wp-json\/wp\/v2\/posts"}],"about":[{"href":"https:\/\/pagina10.com\/web\/wp-json\/wp\/v2\/types\/post"}],"author":[{"embeddable":true,"href":"https:\/\/pagina10.com\/web\/wp-json\/wp\/v2\/users\/1"}],"replies":[{"embeddable":true,"href":"https:\/\/pagina10.com\/web\/wp-json\/wp\/v2\/comments?post=64736"}],"version-history":[{"count":1,"href":"https:\/\/pagina10.com\/web\/wp-json\/wp\/v2\/posts\/64736\/revisions"}],"predecessor-version":[{"id":64738,"href":"https:\/\/pagina10.com\/web\/wp-json\/wp\/v2\/posts\/64736\/revisions\/64738"}],"wp:featuredmedia":[{"embeddable":true,"href":"https:\/\/pagina10.com\/web\/wp-json\/wp\/v2\/media\/64737"}],"wp:attachment":[{"href":"https:\/\/pagina10.com\/web\/wp-json\/wp\/v2\/media?parent=64736"}],"wp:term":[{"taxonomy":"category","embeddable":true,"href":"https:\/\/pagina10.com\/web\/wp-json\/wp\/v2\/categories?post=64736"},{"taxonomy":"post_tag","embeddable":true,"href":"https:\/\/pagina10.com\/web\/wp-json\/wp\/v2\/tags?post=64736"}],"curies":[{"name":"wp","href":"https:\/\/api.w.org\/{rel}","templated":true}]}}