{"id":64739,"date":"2023-02-22T11:52:42","date_gmt":"2023-02-22T16:52:42","guid":{"rendered":"https:\/\/pagina10.com\/web\/?p=64739"},"modified":"2023-02-22T11:52:42","modified_gmt":"2023-02-22T16:52:42","slug":"roy-barreras-lanzo-su-partido-politico-de-cara-a-las-elecciones-regionales","status":"publish","type":"post","link":"https:\/\/pagina10.com\/web\/roy-barreras-lanzo-su-partido-politico-de-cara-a-las-elecciones-regionales\/","title":{"rendered":"Roy Barreras lanz\u00f3 su partido pol\u00edtico de cara a las elecciones regionales"},"content":{"rendered":"<p style=\"text-align: justify;\">Con la participaci\u00f3n de importantes personalidades del gremio empresarial del pa\u00eds, dirigentes pol\u00edticos, candidatos, delegados nacionales y regionales del partido, la academia y representantes de los sectores sociales, se present\u00f3 oficialmente el partido La Fuerza de la Paz, liderado por el senador y presidente del Congreso, Roy Barreras.<\/p>\n<p style=\"text-align: justify;\">\u201cEl mayor reto de la Fuerza de la Paz es no defraudar el cambio social. La sociedad colombiana necesita soluciones y nosotros sabemos construirlas. El pueblo est\u00e1 representado en este momento en el lado de la paz que defendemos todos y a eso le apostamos. Tenemos la responsabilidad de ser la voz del centro que escuche las necesidades de todo el pa\u00eds\u201d, se\u00f1al\u00f3 el senador.<br \/>\nAsimismo, insisti\u00f3 en que \u201cconstruiremos desde la moderaci\u00f3n, la sensatez y el equilibrio para hacer las reformas viables; y que no se equivoquen los contradictores y quienes le apuestan al fracaso del gobierno Petro. Eso no va a suceder. \u00a1Hay con quien sacar estas reformas adelante\u201d.<\/p>\n<p style=\"text-align: justify;\">Se conoci\u00f3 que la Fuerza de la Paz tendr\u00e1 representaci\u00f3n en m\u00e1s de 20 departamentos del pa\u00eds, entre los que se encuentran Nari\u00f1o, Atl\u00e1ntico, Huila, Cauca, Cundinamarca, Bogot\u00e1, Norte de Santander, Risaralda, Tolima, Quind\u00edo, Valle, Sucre, Vaup\u00e9s, Putumayo, Amazonas, Casanare, Guain\u00eda y Guaviare, entre otros.<\/p>\n<p style=\"text-align: justify;\"><strong>Nari\u00f1enses en lista<\/strong><br \/>\nComo lo anunci\u00f3 Pagina 10 en primicia, uno de los candidatos que ser\u00e1 apoyado por el partido pol\u00edtico de Barreras es el exsenador nari\u00f1ense Berner Zambrano, quien luego de renunciar al Congreso tras ser investigado por una presunta doble militancia, anunci\u00f3 su intenci\u00f3n de aspirar a la Gobernaci\u00f3n de Nari\u00f1o.<\/p>\n<p style=\"text-align: justify;\">As\u00ed mismo, en el acto de lanzamiento estuvo presente el exsecretario de Gobierno de Nari\u00f1o, Amilcar Pantoja, quien aspirar\u00eda nuevamente a la Alcald\u00eda de Ipiales. Aunque su nombre no apareci\u00f3 en el listado de los candidatos oficiales que ser\u00e1n respaldados por La Fuerza de la Paz.<\/p>\n","protected":false},"excerpt":{"rendered":"<p>Con la participaci\u00f3n de importantes personalidades del gremio empresarial del pa\u00eds, dirigentes pol\u00edticos, candidatos, delegados nacionales y regionales del partido, la academia y representantes de los sectores sociales, se present\u00f3 oficialmente el partido La Fuerza de la Paz, liderado por el senador y presidente del Congreso, Roy Barreras. \u201cEl mayor reto de la Fuerza de [&hellip;]<\/p>\n","protected":false},"author":1,"featured_media":64740,"comment_status":"open","ping_status":"open","sticky":false,"template":"","format":"standard","meta":{"footnotes":""},"categories":[84],"tags":[],"class_list":["post-64739","post","type-post","status-publish","format-standard","has-post-thumbnail","hentry","category-global-2"],"yoast_head":"<!-- This site is optimized with the Yoast SEO plugin v27.1.1 - https:\/\/yoast.com\/product\/yoast-seo-wordpress\/ -->\n<title>Roy Barreras lanz\u00f3 su partido pol\u00edtico de cara a las elecciones regionales | P\u00e1gina10<\/title>\n<meta name=\"robots\" content=\"index, follow, max-snippet:-1, max-image-preview:large, max-video-preview:-1\" \/>\n<link rel=\"canonical\" href=\"https:\/\/pagina10.com\/web\/roy-barreras-lanzo-su-partido-politico-de-cara-a-las-elecciones-regionales\/\" \/>\n<meta property=\"og:locale\" content=\"es_ES\" \/>\n<meta property=\"og:type\" content=\"article\" \/>\n<meta property=\"og:title\" content=\"Roy Barreras lanz\u00f3 su partido pol\u00edtico de cara a las elecciones regionales | P\u00e1gina10\" \/>\n<meta property=\"og:description\" content=\"Con la participaci\u00f3n de importantes personalidades del gremio empresarial del pa\u00eds, dirigentes pol\u00edticos, candidatos, delegados nacionales y regionales del partido, la academia y representantes de los sectores sociales, se present\u00f3 oficialmente el partido La Fuerza de la Paz, liderado por el senador y presidente del Congreso, Roy Barreras. \u201cEl mayor reto de la Fuerza de [&hellip;]\" \/>\n<meta property=\"og:url\" content=\"https:\/\/pagina10.com\/web\/roy-barreras-lanzo-su-partido-politico-de-cara-a-las-elecciones-regionales\/\" \/>\n<meta property=\"og:site_name\" content=\"P\u00e1gina10\" \/>\n<meta property=\"article:publisher\" content=\"https:\/\/www.facebook.com\/pag10com\" \/>\n<meta property=\"article:published_time\" content=\"2023-02-22T16:52:42+00:00\" \/>\n<meta property=\"og:image\" content=\"https:\/\/pagina10.com\/web\/wp-content\/uploads\/2023\/02\/FpgosizWAAwfH7q.jpg\" \/>\n\t<meta property=\"og:image:width\" content=\"680\" \/>\n\t<meta property=\"og:image:height\" content=\"454\" \/>\n\t<meta property=\"og:image:type\" content=\"image\/jpeg\" \/>\n<meta name=\"author\" content=\"P\u00e1gina 10\" \/>\n<meta name=\"twitter:card\" content=\"summary_large_image\" \/>\n<meta name=\"twitter:creator\" content=\"@Pag10com\" \/>\n<meta name=\"twitter:site\" content=\"@Pag10com\" \/>\n<meta name=\"twitter:label1\" content=\"Escrito por\" \/>\n\t<meta name=\"twitter:data1\" content=\"P\u00e1gina 10\" \/>\n\t<meta name=\"twitter:label2\" content=\"Tiempo de lectura\" \/>\n\t<meta name=\"twitter:data2\" content=\"2 minutos\" \/>\n<script type=\"application\/ld+json\" class=\"yoast-schema-graph\">{\"@context\":\"https:\/\/schema.org\",\"@graph\":[{\"@type\":\"Article\",\"@id\":\"https:\/\/pagina10.com\/web\/roy-barreras-lanzo-su-partido-politico-de-cara-a-las-elecciones-regionales\/#article\",\"isPartOf\":{\"@id\":\"https:\/\/pagina10.com\/web\/roy-barreras-lanzo-su-partido-politico-de-cara-a-las-elecciones-regionales\/\"},\"author\":{\"name\":\"P\u00e1gina 10\",\"@id\":\"https:\/\/pagina10.com\/web\/#\/schema\/person\/2efc4a090d25b667d3bc796798a3a81b\"},\"headline\":\"Roy Barreras lanz\u00f3 su partido pol\u00edtico de cara a las elecciones regionales\",\"datePublished\":\"2023-02-22T16:52:42+00:00\",\"mainEntityOfPage\":{\"@id\":\"https:\/\/pagina10.com\/web\/roy-barreras-lanzo-su-partido-politico-de-cara-a-las-elecciones-regionales\/\"},\"wordCount\":338,\"commentCount\":0,\"publisher\":{\"@id\":\"https:\/\/pagina10.com\/web\/#organization\"},\"image\":{\"@id\":\"https:\/\/pagina10.com\/web\/roy-barreras-lanzo-su-partido-politico-de-cara-a-las-elecciones-regionales\/#primaryimage\"},\"thumbnailUrl\":\"https:\/\/pagina10.com\/web\/wp-content\/uploads\/2023\/02\/FpgosizWAAwfH7q.jpg\",\"articleSection\":[\"Global\"],\"inLanguage\":\"es\",\"potentialAction\":[{\"@type\":\"CommentAction\",\"name\":\"Comment\",\"target\":[\"https:\/\/pagina10.com\/web\/roy-barreras-lanzo-su-partido-politico-de-cara-a-las-elecciones-regionales\/#respond\"]}]},{\"@type\":\"WebPage\",\"@id\":\"https:\/\/pagina10.com\/web\/roy-barreras-lanzo-su-partido-politico-de-cara-a-las-elecciones-regionales\/\",\"url\":\"https:\/\/pagina10.com\/web\/roy-barreras-lanzo-su-partido-politico-de-cara-a-las-elecciones-regionales\/\",\"name\":\"Roy Barreras lanz\u00f3 su partido pol\u00edtico de cara a las elecciones regionales | P\u00e1gina10\",\"isPartOf\":{\"@id\":\"https:\/\/pagina10.com\/web\/#website\"},\"primaryImageOfPage\":{\"@id\":\"https:\/\/pagina10.com\/web\/roy-barreras-lanzo-su-partido-politico-de-cara-a-las-elecciones-regionales\/#primaryimage\"},\"image\":{\"@id\":\"https:\/\/pagina10.com\/web\/roy-barreras-lanzo-su-partido-politico-de-cara-a-las-elecciones-regionales\/#primaryimage\"},\"thumbnailUrl\":\"https:\/\/pagina10.com\/web\/wp-content\/uploads\/2023\/02\/FpgosizWAAwfH7q.jpg\",\"datePublished\":\"2023-02-22T16:52:42+00:00\",\"breadcrumb\":{\"@id\":\"https:\/\/pagina10.com\/web\/roy-barreras-lanzo-su-partido-politico-de-cara-a-las-elecciones-regionales\/#breadcrumb\"},\"inLanguage\":\"es\",\"potentialAction\":[{\"@type\":\"ReadAction\",\"target\":[\"https:\/\/pagina10.com\/web\/roy-barreras-lanzo-su-partido-politico-de-cara-a-las-elecciones-regionales\/\"]}]},{\"@type\":\"ImageObject\",\"inLanguage\":\"es\",\"@id\":\"https:\/\/pagina10.com\/web\/roy-barreras-lanzo-su-partido-politico-de-cara-a-las-elecciones-regionales\/#primaryimage\",\"url\":\"https:\/\/pagina10.com\/web\/wp-content\/uploads\/2023\/02\/FpgosizWAAwfH7q.jpg\",\"contentUrl\":\"https:\/\/pagina10.com\/web\/wp-content\/uploads\/2023\/02\/FpgosizWAAwfH7q.jpg\",\"width\":680,\"height\":454},{\"@type\":\"BreadcrumbList\",\"@id\":\"https:\/\/pagina10.com\/web\/roy-barreras-lanzo-su-partido-politico-de-cara-a-las-elecciones-regionales\/#breadcrumb\",\"itemListElement\":[{\"@type\":\"ListItem\",\"position\":1,\"name\":\"Portada\",\"item\":\"https:\/\/pagina10.com\/web\/\"},{\"@type\":\"ListItem\",\"position\":2,\"name\":\"Roy Barreras lanz\u00f3 su partido pol\u00edtico de cara a las elecciones regionales\"}]},{\"@type\":\"WebSite\",\"@id\":\"https:\/\/pagina10.com\/web\/#website\",\"url\":\"https:\/\/pagina10.com\/web\/\",\"name\":\"P\u00e1gina10\",\"description\":\"Peri\u00f3dico Regional\",\"publisher\":{\"@id\":\"https:\/\/pagina10.com\/web\/#organization\"},\"alternateName\":\"P\u00e1gina10 Peri\u00f3dico Regional\",\"potentialAction\":[{\"@type\":\"SearchAction\",\"target\":{\"@type\":\"EntryPoint\",\"urlTemplate\":\"https:\/\/pagina10.com\/web\/?s={search_term_string}\"},\"query-input\":{\"@type\":\"PropertyValueSpecification\",\"valueRequired\":true,\"valueName\":\"search_term_string\"}}],\"inLanguage\":\"es\"},{\"@type\":\"Organization\",\"@id\":\"https:\/\/pagina10.com\/web\/#organization\",\"name\":\"P\u00e1gina10\",\"alternateName\":\"P\u00e1gina10 Peri\u00f3dico Regional\",\"url\":\"https:\/\/pagina10.com\/web\/\",\"logo\":{\"@type\":\"ImageObject\",\"inLanguage\":\"es\",\"@id\":\"https:\/\/pagina10.com\/web\/#\/schema\/logo\/image\/\",\"url\":\"https:\/\/pagina10.com\/web\/wp-content\/uploads\/2024\/01\/40-pagina-10-periodico-regional-pasto.jpg\",\"contentUrl\":\"https:\/\/pagina10.com\/web\/wp-content\/uploads\/2024\/01\/40-pagina-10-periodico-regional-pasto.jpg\",\"width\":1280,\"height\":720,\"caption\":\"P\u00e1gina10\"},\"image\":{\"@id\":\"https:\/\/pagina10.com\/web\/#\/schema\/logo\/image\/\"},\"sameAs\":[\"https:\/\/www.facebook.com\/pag10com\",\"https:\/\/x.com\/Pag10com\",\"https:\/\/www.instagram.com\/pagina10col\/\",\"https:\/\/youtube.com\/channel\/pag10\",\"https:\/\/www.tiktok.com\/@p10col\"]},{\"@type\":\"Person\",\"@id\":\"https:\/\/pagina10.com\/web\/#\/schema\/person\/2efc4a090d25b667d3bc796798a3a81b\",\"name\":\"P\u00e1gina 10\",\"description\":\"P\u00e1gina 10 es un peri\u00f3dico regional que nace en Colombia, en el departamento de Nari\u00f1o, con un enfoque global, fundamentado en cuatro pilares esenciales: la libertad, el pluralismo, la inclusi\u00f3n y la independencia. P\u00e1gina 10 hace referencia a Nari\u00f1o como el d\u00e9cimo departamento creado en Colombia, despu\u00e9s de un proceso pol\u00edtico liderado por actores y actrices regionales con el fin de obtener la independencia y autonom\u00eda de nuestros territorios. Con la creaci\u00f3n de P\u00e1gina 10 se pretende abrir un escenario para el dialogo, la reflexi\u00f3n y el debate que se extienda a otras geograf\u00edas de Am\u00e9rica Latina y del planeta, en una apuesta por transformar colectivamente los desaf\u00edos de un mundo contempor\u00e1neo, m\u00e1s all\u00e1 de las fronteras impuestas.\",\"url\":\"https:\/\/pagina10.com\/web\/author\/pdiezadmin\/\"}]}<\/script>\n<!-- \/ Yoast SEO plugin. -->","yoast_head_json":{"title":"Roy Barreras lanz\u00f3 su partido pol\u00edtico de cara a las elecciones regionales | P\u00e1gina10","robots":{"index":"index","follow":"follow","max-snippet":"max-snippet:-1","max-image-preview":"max-image-preview:large","max-video-preview":"max-video-preview:-1"},"canonical":"https:\/\/pagina10.com\/web\/roy-barreras-lanzo-su-partido-politico-de-cara-a-las-elecciones-regionales\/","og_locale":"es_ES","og_type":"article","og_title":"Roy Barreras lanz\u00f3 su partido pol\u00edtico de cara a las elecciones regionales | P\u00e1gina10","og_description":"Con la participaci\u00f3n de importantes personalidades del gremio empresarial del pa\u00eds, dirigentes pol\u00edticos, candidatos, delegados nacionales y regionales del partido, la academia y representantes de los sectores sociales, se present\u00f3 oficialmente el partido La Fuerza de la Paz, liderado por el senador y presidente del Congreso, Roy Barreras. \u201cEl mayor reto de la Fuerza de [&hellip;]","og_url":"https:\/\/pagina10.com\/web\/roy-barreras-lanzo-su-partido-politico-de-cara-a-las-elecciones-regionales\/","og_site_name":"P\u00e1gina10","article_publisher":"https:\/\/www.facebook.com\/pag10com","article_published_time":"2023-02-22T16:52:42+00:00","og_image":[{"width":680,"height":454,"url":"https:\/\/pagina10.com\/web\/wp-content\/uploads\/2023\/02\/FpgosizWAAwfH7q.jpg","type":"image\/jpeg"}],"author":"P\u00e1gina 10","twitter_card":"summary_large_image","twitter_creator":"@Pag10com","twitter_site":"@Pag10com","twitter_misc":{"Escrito por":"P\u00e1gina 10","Tiempo de lectura":"2 minutos"},"schema":{"@context":"https:\/\/schema.org","@graph":[{"@type":"Article","@id":"https:\/\/pagina10.com\/web\/roy-barreras-lanzo-su-partido-politico-de-cara-a-las-elecciones-regionales\/#article","isPartOf":{"@id":"https:\/\/pagina10.com\/web\/roy-barreras-lanzo-su-partido-politico-de-cara-a-las-elecciones-regionales\/"},"author":{"name":"P\u00e1gina 10","@id":"https:\/\/pagina10.com\/web\/#\/schema\/person\/2efc4a090d25b667d3bc796798a3a81b"},"headline":"Roy Barreras lanz\u00f3 su partido pol\u00edtico de cara a las elecciones regionales","datePublished":"2023-02-22T16:52:42+00:00","mainEntityOfPage":{"@id":"https:\/\/pagina10.com\/web\/roy-barreras-lanzo-su-partido-politico-de-cara-a-las-elecciones-regionales\/"},"wordCount":338,"commentCount":0,"publisher":{"@id":"https:\/\/pagina10.com\/web\/#organization"},"image":{"@id":"https:\/\/pagina10.com\/web\/roy-barreras-lanzo-su-partido-politico-de-cara-a-las-elecciones-regionales\/#primaryimage"},"thumbnailUrl":"https:\/\/pagina10.com\/web\/wp-content\/uploads\/2023\/02\/FpgosizWAAwfH7q.jpg","articleSection":["Global"],"inLanguage":"es","potentialAction":[{"@type":"CommentAction","name":"Comment","target":["https:\/\/pagina10.com\/web\/roy-barreras-lanzo-su-partido-politico-de-cara-a-las-elecciones-regionales\/#respond"]}]},{"@type":"WebPage","@id":"https:\/\/pagina10.com\/web\/roy-barreras-lanzo-su-partido-politico-de-cara-a-las-elecciones-regionales\/","url":"https:\/\/pagina10.com\/web\/roy-barreras-lanzo-su-partido-politico-de-cara-a-las-elecciones-regionales\/","name":"Roy Barreras lanz\u00f3 su partido pol\u00edtico de cara a las elecciones regionales | P\u00e1gina10","isPartOf":{"@id":"https:\/\/pagina10.com\/web\/#website"},"primaryImageOfPage":{"@id":"https:\/\/pagina10.com\/web\/roy-barreras-lanzo-su-partido-politico-de-cara-a-las-elecciones-regionales\/#primaryimage"},"image":{"@id":"https:\/\/pagina10.com\/web\/roy-barreras-lanzo-su-partido-politico-de-cara-a-las-elecciones-regionales\/#primaryimage"},"thumbnailUrl":"https:\/\/pagina10.com\/web\/wp-content\/uploads\/2023\/02\/FpgosizWAAwfH7q.jpg","datePublished":"2023-02-22T16:52:42+00:00","breadcrumb":{"@id":"https:\/\/pagina10.com\/web\/roy-barreras-lanzo-su-partido-politico-de-cara-a-las-elecciones-regionales\/#breadcrumb"},"inLanguage":"es","potentialAction":[{"@type":"ReadAction","target":["https:\/\/pagina10.com\/web\/roy-barreras-lanzo-su-partido-politico-de-cara-a-las-elecciones-regionales\/"]}]},{"@type":"ImageObject","inLanguage":"es","@id":"https:\/\/pagina10.com\/web\/roy-barreras-lanzo-su-partido-politico-de-cara-a-las-elecciones-regionales\/#primaryimage","url":"https:\/\/pagina10.com\/web\/wp-content\/uploads\/2023\/02\/FpgosizWAAwfH7q.jpg","contentUrl":"https:\/\/pagina10.com\/web\/wp-content\/uploads\/2023\/02\/FpgosizWAAwfH7q.jpg","width":680,"height":454},{"@type":"BreadcrumbList","@id":"https:\/\/pagina10.com\/web\/roy-barreras-lanzo-su-partido-politico-de-cara-a-las-elecciones-regionales\/#breadcrumb","itemListElement":[{"@type":"ListItem","position":1,"name":"Portada","item":"https:\/\/pagina10.com\/web\/"},{"@type":"ListItem","position":2,"name":"Roy Barreras lanz\u00f3 su partido pol\u00edtico de cara a las elecciones regionales"}]},{"@type":"WebSite","@id":"https:\/\/pagina10.com\/web\/#website","url":"https:\/\/pagina10.com\/web\/","name":"P\u00e1gina10","description":"Peri\u00f3dico Regional","publisher":{"@id":"https:\/\/pagina10.com\/web\/#organization"},"alternateName":"P\u00e1gina10 Peri\u00f3dico Regional","potentialAction":[{"@type":"SearchAction","target":{"@type":"EntryPoint","urlTemplate":"https:\/\/pagina10.com\/web\/?s={search_term_string}"},"query-input":{"@type":"PropertyValueSpecification","valueRequired":true,"valueName":"search_term_string"}}],"inLanguage":"es"},{"@type":"Organization","@id":"https:\/\/pagina10.com\/web\/#organization","name":"P\u00e1gina10","alternateName":"P\u00e1gina10 Peri\u00f3dico Regional","url":"https:\/\/pagina10.com\/web\/","logo":{"@type":"ImageObject","inLanguage":"es","@id":"https:\/\/pagina10.com\/web\/#\/schema\/logo\/image\/","url":"https:\/\/pagina10.com\/web\/wp-content\/uploads\/2024\/01\/40-pagina-10-periodico-regional-pasto.jpg","contentUrl":"https:\/\/pagina10.com\/web\/wp-content\/uploads\/2024\/01\/40-pagina-10-periodico-regional-pasto.jpg","width":1280,"height":720,"caption":"P\u00e1gina10"},"image":{"@id":"https:\/\/pagina10.com\/web\/#\/schema\/logo\/image\/"},"sameAs":["https:\/\/www.facebook.com\/pag10com","https:\/\/x.com\/Pag10com","https:\/\/www.instagram.com\/pagina10col\/","https:\/\/youtube.com\/channel\/pag10","https:\/\/www.tiktok.com\/@p10col"]},{"@type":"Person","@id":"https:\/\/pagina10.com\/web\/#\/schema\/person\/2efc4a090d25b667d3bc796798a3a81b","name":"P\u00e1gina 10","description":"P\u00e1gina 10 es un peri\u00f3dico regional que nace en Colombia, en el departamento de Nari\u00f1o, con un enfoque global, fundamentado en cuatro pilares esenciales: la libertad, el pluralismo, la inclusi\u00f3n y la independencia. P\u00e1gina 10 hace referencia a Nari\u00f1o como el d\u00e9cimo departamento creado en Colombia, despu\u00e9s de un proceso pol\u00edtico liderado por actores y actrices regionales con el fin de obtener la independencia y autonom\u00eda de nuestros territorios. Con la creaci\u00f3n de P\u00e1gina 10 se pretende abrir un escenario para el dialogo, la reflexi\u00f3n y el debate que se extienda a otras geograf\u00edas de Am\u00e9rica Latina y del planeta, en una apuesta por transformar colectivamente los desaf\u00edos de un mundo contempor\u00e1neo, m\u00e1s all\u00e1 de las fronteras impuestas.","url":"https:\/\/pagina10.com\/web\/author\/pdiezadmin\/"}]}},"_links":{"self":[{"href":"https:\/\/pagina10.com\/web\/wp-json\/wp\/v2\/posts\/64739","targetHints":{"allow":["GET"]}}],"collection":[{"href":"https:\/\/pagina10.com\/web\/wp-json\/wp\/v2\/posts"}],"about":[{"href":"https:\/\/pagina10.com\/web\/wp-json\/wp\/v2\/types\/post"}],"author":[{"embeddable":true,"href":"https:\/\/pagina10.com\/web\/wp-json\/wp\/v2\/users\/1"}],"replies":[{"embeddable":true,"href":"https:\/\/pagina10.com\/web\/wp-json\/wp\/v2\/comments?post=64739"}],"version-history":[{"count":1,"href":"https:\/\/pagina10.com\/web\/wp-json\/wp\/v2\/posts\/64739\/revisions"}],"predecessor-version":[{"id":64741,"href":"https:\/\/pagina10.com\/web\/wp-json\/wp\/v2\/posts\/64739\/revisions\/64741"}],"wp:featuredmedia":[{"embeddable":true,"href":"https:\/\/pagina10.com\/web\/wp-json\/wp\/v2\/media\/64740"}],"wp:attachment":[{"href":"https:\/\/pagina10.com\/web\/wp-json\/wp\/v2\/media?parent=64739"}],"wp:term":[{"taxonomy":"category","embeddable":true,"href":"https:\/\/pagina10.com\/web\/wp-json\/wp\/v2\/categories?post=64739"},{"taxonomy":"post_tag","embeddable":true,"href":"https:\/\/pagina10.com\/web\/wp-json\/wp\/v2\/tags?post=64739"}],"curies":[{"name":"wp","href":"https:\/\/api.w.org\/{rel}","templated":true}]}}