{"id":6475,"date":"2014-02-03T15:47:13","date_gmt":"2014-02-03T15:47:13","guid":{"rendered":"https:\/\/pagina10.com\/web\/miercoles-5-y-jueves-6-comision-del-bid-y-findeter-visitaran-pasto\/"},"modified":"2014-02-03T15:47:13","modified_gmt":"2014-02-03T15:47:13","slug":"miercoles-5-y-jueves-6-comision-del-bid-y-findeter-visitaran-pasto","status":"publish","type":"post","link":"https:\/\/pagina10.com\/web\/miercoles-5-y-jueves-6-comision-del-bid-y-findeter-visitaran-pasto\/","title":{"rendered":"Mi\u00e9rcoles 5 y jueves 6 comisi\u00f3n del BID y Findeter visitar\u00e1n Pasto"},"content":{"rendered":"<p><img fetchpriority=\"high\" decoding=\"async\" class=\" size-full wp-image-6474\" src=\"https:\/\/pagina10.com\/web\/wp-content\/uploads\/2014\/02\/d9d2e77bedd51d355609b48e9ca53552.jpg\" alt=\"Fotograf\u00eda: Diego Rodriguez\" width=\"720\" height=\"470\" srcset=\"https:\/\/pagina10.com\/web\/wp-content\/uploads\/2014\/02\/d9d2e77bedd51d355609b48e9ca53552.jpg 720w, https:\/\/pagina10.com\/web\/wp-content\/uploads\/2014\/02\/d9d2e77bedd51d355609b48e9ca53552-300x196.jpg 300w, https:\/\/pagina10.com\/web\/wp-content\/uploads\/2014\/02\/d9d2e77bedd51d355609b48e9ca53552-210x136.jpg 210w\" sizes=\"(max-width: 720px) 100vw, 720px\" \/><\/p>\n<p style=\"text-align: justify;\">El Alcalde de Pasto, Harold Guerrero L\u00f3pez, anunci\u00f3 que desde el mi\u00e9rcoles 5 de febrero arribar\u00e1 a Pasto, una comisi\u00f3n del Banco Interamericano de Desarrollo, BID y la Financiera de Desarrollo Territorial S.A, Findeter, integrada por el coordinador general de la iniciativa de Ciudades Emergentes y Sostenibles, ICES del BID, Ellis Juan, como tambi\u00e9n el presidente de Findeter, Luis Fernando Arboleda Gonz\u00e1lez.<\/p>\n<p style=\"text-align: justify;\">&nbsp;<\/p>\n<p style=\"text-align: justify;\">El mi\u00e9rcoles 5 de febrero a partir de las 10:00 de la ma\u00f1ana en la C\u00e1mara de Comercio se llevar\u00e1 a cabo el conversatorio: El papel de la banca multilateral en la planeaci\u00f3n y desarrollo de los territorios locales. Los empresarios de la regi\u00f3n, docentes, estudiantes y comunidad en general interesada en conocer sobre el tema, pueden asistir al encuentro. En horas de la tarde se realizar\u00e1 una mesa t\u00e9cnica con el equipo de la Administraci\u00f3n Municipal sobre proyectos estrat\u00e9gicos de Ciudades Sostenibles en el marco del nuevo modelo de ordenamiento territorial.<\/p>\n<p style=\"text-align: justify;\">&nbsp;<\/p>\n<p style=\"text-align: justify;\">Para el jueves 6 de febrero la comisi\u00f3n visitar\u00e1 diferentes sitios tur\u00edsticos del municipio de Pasto en compa\u00f1\u00eda de las autoridades locales. A trav\u00e9s de esta visita el coordinador general de la iniciativa de Ciudades Emergentes y Sostenibles podr\u00e1 conocer el plan de trabajo que adelanta la Alcald\u00eda de Pasto en esta iniciativa.<\/p>\n<p style=\"text-align: justify;\">&nbsp;<\/p>\n<p style=\"text-align: justify;\">Fuente: Alcald\u00eda de Pasto<\/p>\n","protected":false},"excerpt":{"rendered":"<p>El Alcalde de Pasto, Harold Guerrero L\u00f3pez, anunci\u00f3 que desde el mi\u00e9rcoles 5 de febrero arribar\u00e1 a Pasto, una comisi\u00f3n del Banco Interamericano de Desarrollo, BID y la Financiera de Desarrollo Territorial S.A, Findeter, integrada por el coordinador general de la iniciativa de Ciudades Emergentes y Sostenibles, ICES del BID, Ellis Juan, como tambi\u00e9n el [&hellip;]<\/p>\n","protected":false},"author":29,"featured_media":6473,"comment_status":"open","ping_status":"open","sticky":false,"template":"","format":"standard","meta":{"footnotes":""},"categories":[82],"tags":[],"class_list":["post-6475","post","type-post","status-publish","format-standard","has-post-thumbnail","hentry","category-ciudad-2"],"yoast_head":"<!-- This site is optimized with the Yoast SEO plugin v27.1.1 - https:\/\/yoast.com\/product\/yoast-seo-wordpress\/ -->\n<title>Mi\u00e9rcoles 5 y jueves 6 comisi\u00f3n del BID y Findeter visitar\u00e1n Pasto | P\u00e1gina10<\/title>\n<meta name=\"robots\" content=\"index, follow, max-snippet:-1, max-image-preview:large, max-video-preview:-1\" \/>\n<link rel=\"canonical\" href=\"https:\/\/pagina10.com\/web\/miercoles-5-y-jueves-6-comision-del-bid-y-findeter-visitaran-pasto\/\" \/>\n<meta property=\"og:locale\" content=\"es_ES\" \/>\n<meta property=\"og:type\" content=\"article\" \/>\n<meta property=\"og:title\" content=\"Mi\u00e9rcoles 5 y jueves 6 comisi\u00f3n del BID y Findeter visitar\u00e1n Pasto | P\u00e1gina10\" \/>\n<meta property=\"og:description\" content=\"El Alcalde de Pasto, Harold Guerrero L\u00f3pez, anunci\u00f3 que desde el mi\u00e9rcoles 5 de febrero arribar\u00e1 a Pasto, una comisi\u00f3n del Banco Interamericano de Desarrollo, BID y la Financiera de Desarrollo Territorial S.A, Findeter, integrada por el coordinador general de la iniciativa de Ciudades Emergentes y Sostenibles, ICES del BID, Ellis Juan, como tambi\u00e9n el [&hellip;]\" \/>\n<meta property=\"og:url\" content=\"https:\/\/pagina10.com\/web\/miercoles-5-y-jueves-6-comision-del-bid-y-findeter-visitaran-pasto\/\" \/>\n<meta property=\"og:site_name\" content=\"P\u00e1gina10\" \/>\n<meta property=\"article:publisher\" content=\"https:\/\/www.facebook.com\/pag10com\" \/>\n<meta property=\"article:published_time\" content=\"2014-02-03T15:47:13+00:00\" \/>\n<meta property=\"og:image\" content=\"https:\/\/pagina10.com\/web\/wp-content\/uploads\/2014\/02\/d9d2e77bedd51d355609b48e9ca53552.jpg\" \/>\n\t<meta property=\"og:image:width\" content=\"720\" \/>\n\t<meta property=\"og:image:height\" content=\"470\" \/>\n\t<meta property=\"og:image:type\" content=\"image\/jpeg\" \/>\n<meta name=\"author\" content=\"P\u00e1gina 10\" \/>\n<meta name=\"twitter:card\" content=\"summary_large_image\" \/>\n<meta name=\"twitter:creator\" content=\"@Pag10com\" \/>\n<meta name=\"twitter:site\" content=\"@Pag10com\" \/>\n<meta name=\"twitter:label1\" content=\"Escrito por\" \/>\n\t<meta name=\"twitter:data1\" content=\"P\u00e1gina 10\" \/>\n\t<meta name=\"twitter:label2\" content=\"Tiempo de lectura\" \/>\n\t<meta name=\"twitter:data2\" content=\"1 minuto\" \/>\n<script type=\"application\/ld+json\" class=\"yoast-schema-graph\">{\"@context\":\"https:\/\/schema.org\",\"@graph\":[{\"@type\":\"Article\",\"@id\":\"https:\/\/pagina10.com\/web\/miercoles-5-y-jueves-6-comision-del-bid-y-findeter-visitaran-pasto\/#article\",\"isPartOf\":{\"@id\":\"https:\/\/pagina10.com\/web\/miercoles-5-y-jueves-6-comision-del-bid-y-findeter-visitaran-pasto\/\"},\"author\":{\"name\":\"P\u00e1gina 10\",\"@id\":\"https:\/\/pagina10.com\/web\/#\/schema\/person\/a7a5d38f0629dfc107f619fbae4f6cc3\"},\"headline\":\"Mi\u00e9rcoles 5 y jueves 6 comisi\u00f3n del BID y Findeter visitar\u00e1n Pasto\",\"datePublished\":\"2014-02-03T15:47:13+00:00\",\"mainEntityOfPage\":{\"@id\":\"https:\/\/pagina10.com\/web\/miercoles-5-y-jueves-6-comision-del-bid-y-findeter-visitaran-pasto\/\"},\"wordCount\":243,\"commentCount\":0,\"publisher\":{\"@id\":\"https:\/\/pagina10.com\/web\/#organization\"},\"image\":{\"@id\":\"https:\/\/pagina10.com\/web\/miercoles-5-y-jueves-6-comision-del-bid-y-findeter-visitaran-pasto\/#primaryimage\"},\"thumbnailUrl\":\"https:\/\/pagina10.com\/web\/wp-content\/uploads\/2014\/02\/d9d2e77bedd51d355609b48e9ca53552.jpg\",\"articleSection\":[\"Ciudad\"],\"inLanguage\":\"es\",\"potentialAction\":[{\"@type\":\"CommentAction\",\"name\":\"Comment\",\"target\":[\"https:\/\/pagina10.com\/web\/miercoles-5-y-jueves-6-comision-del-bid-y-findeter-visitaran-pasto\/#respond\"]}]},{\"@type\":\"WebPage\",\"@id\":\"https:\/\/pagina10.com\/web\/miercoles-5-y-jueves-6-comision-del-bid-y-findeter-visitaran-pasto\/\",\"url\":\"https:\/\/pagina10.com\/web\/miercoles-5-y-jueves-6-comision-del-bid-y-findeter-visitaran-pasto\/\",\"name\":\"Mi\u00e9rcoles 5 y jueves 6 comisi\u00f3n del BID y Findeter visitar\u00e1n Pasto | P\u00e1gina10\",\"isPartOf\":{\"@id\":\"https:\/\/pagina10.com\/web\/#website\"},\"primaryImageOfPage\":{\"@id\":\"https:\/\/pagina10.com\/web\/miercoles-5-y-jueves-6-comision-del-bid-y-findeter-visitaran-pasto\/#primaryimage\"},\"image\":{\"@id\":\"https:\/\/pagina10.com\/web\/miercoles-5-y-jueves-6-comision-del-bid-y-findeter-visitaran-pasto\/#primaryimage\"},\"thumbnailUrl\":\"https:\/\/pagina10.com\/web\/wp-content\/uploads\/2014\/02\/d9d2e77bedd51d355609b48e9ca53552.jpg\",\"datePublished\":\"2014-02-03T15:47:13+00:00\",\"breadcrumb\":{\"@id\":\"https:\/\/pagina10.com\/web\/miercoles-5-y-jueves-6-comision-del-bid-y-findeter-visitaran-pasto\/#breadcrumb\"},\"inLanguage\":\"es\",\"potentialAction\":[{\"@type\":\"ReadAction\",\"target\":[\"https:\/\/pagina10.com\/web\/miercoles-5-y-jueves-6-comision-del-bid-y-findeter-visitaran-pasto\/\"]}]},{\"@type\":\"ImageObject\",\"inLanguage\":\"es\",\"@id\":\"https:\/\/pagina10.com\/web\/miercoles-5-y-jueves-6-comision-del-bid-y-findeter-visitaran-pasto\/#primaryimage\",\"url\":\"https:\/\/pagina10.com\/web\/wp-content\/uploads\/2014\/02\/d9d2e77bedd51d355609b48e9ca53552.jpg\",\"contentUrl\":\"https:\/\/pagina10.com\/web\/wp-content\/uploads\/2014\/02\/d9d2e77bedd51d355609b48e9ca53552.jpg\",\"width\":720,\"height\":470,\"caption\":\"Fotograf\u00eda: Diego Rodriguez\"},{\"@type\":\"BreadcrumbList\",\"@id\":\"https:\/\/pagina10.com\/web\/miercoles-5-y-jueves-6-comision-del-bid-y-findeter-visitaran-pasto\/#breadcrumb\",\"itemListElement\":[{\"@type\":\"ListItem\",\"position\":1,\"name\":\"Portada\",\"item\":\"https:\/\/pagina10.com\/web\/\"},{\"@type\":\"ListItem\",\"position\":2,\"name\":\"Mi\u00e9rcoles 5 y jueves 6 comisi\u00f3n del BID y Findeter visitar\u00e1n Pasto\"}]},{\"@type\":\"WebSite\",\"@id\":\"https:\/\/pagina10.com\/web\/#website\",\"url\":\"https:\/\/pagina10.com\/web\/\",\"name\":\"P\u00e1gina10\",\"description\":\"Peri\u00f3dico Regional\",\"publisher\":{\"@id\":\"https:\/\/pagina10.com\/web\/#organization\"},\"alternateName\":\"P\u00e1gina10 Peri\u00f3dico Regional\",\"potentialAction\":[{\"@type\":\"SearchAction\",\"target\":{\"@type\":\"EntryPoint\",\"urlTemplate\":\"https:\/\/pagina10.com\/web\/?s={search_term_string}\"},\"query-input\":{\"@type\":\"PropertyValueSpecification\",\"valueRequired\":true,\"valueName\":\"search_term_string\"}}],\"inLanguage\":\"es\"},{\"@type\":\"Organization\",\"@id\":\"https:\/\/pagina10.com\/web\/#organization\",\"name\":\"P\u00e1gina10\",\"alternateName\":\"P\u00e1gina10 Peri\u00f3dico Regional\",\"url\":\"https:\/\/pagina10.com\/web\/\",\"logo\":{\"@type\":\"ImageObject\",\"inLanguage\":\"es\",\"@id\":\"https:\/\/pagina10.com\/web\/#\/schema\/logo\/image\/\",\"url\":\"https:\/\/pagina10.com\/web\/wp-content\/uploads\/2024\/01\/40-pagina-10-periodico-regional-pasto.jpg\",\"contentUrl\":\"https:\/\/pagina10.com\/web\/wp-content\/uploads\/2024\/01\/40-pagina-10-periodico-regional-pasto.jpg\",\"width\":1280,\"height\":720,\"caption\":\"P\u00e1gina10\"},\"image\":{\"@id\":\"https:\/\/pagina10.com\/web\/#\/schema\/logo\/image\/\"},\"sameAs\":[\"https:\/\/www.facebook.com\/pag10com\",\"https:\/\/x.com\/Pag10com\",\"https:\/\/www.instagram.com\/pagina10col\/\",\"https:\/\/youtube.com\/channel\/pag10\",\"https:\/\/www.tiktok.com\/@p10col\"]},{\"@type\":\"Person\",\"@id\":\"https:\/\/pagina10.com\/web\/#\/schema\/person\/a7a5d38f0629dfc107f619fbae4f6cc3\",\"name\":\"P\u00e1gina 10\",\"description\":\"P\u00e1gina10.com es un peri\u00f3dico digital que nace en Colombia, en el departamento de Nari\u00f1o, con un enfoque global, fundamentado en cuatro pilares esenciales: la libertad, el pluralismo, la inclusi\u00f3n y la independencia. P\u00e1gina10.com hace referencia a Nari\u00f1o como el d\u00e9cimo departamento creado en Colombia, despu\u00e9s de un proceso pol\u00edtico liderado por actores y actrices regionales con el fin de obtener la independencia y autonom\u00eda de nuestros territorios. Con la creaci\u00f3n de P\u00e1gina10.com se pretende abrir un escenario para el dialogo, la reflexi\u00f3n y el debate que se extienda a otras geograf\u00edas de Am\u00e9rica Latina y del planeta, en una apuesta por transformar colectivamente los desaf\u00edos de un mundo contempor\u00e1neo, m\u00e1s all\u00e1 de las fronteras impuestas.\",\"url\":\"https:\/\/pagina10.com\/web\/author\/mcepeda\/\"}]}<\/script>\n<!-- \/ Yoast SEO plugin. -->","yoast_head_json":{"title":"Mi\u00e9rcoles 5 y jueves 6 comisi\u00f3n del BID y Findeter visitar\u00e1n Pasto | P\u00e1gina10","robots":{"index":"index","follow":"follow","max-snippet":"max-snippet:-1","max-image-preview":"max-image-preview:large","max-video-preview":"max-video-preview:-1"},"canonical":"https:\/\/pagina10.com\/web\/miercoles-5-y-jueves-6-comision-del-bid-y-findeter-visitaran-pasto\/","og_locale":"es_ES","og_type":"article","og_title":"Mi\u00e9rcoles 5 y jueves 6 comisi\u00f3n del BID y Findeter visitar\u00e1n Pasto | P\u00e1gina10","og_description":"El Alcalde de Pasto, Harold Guerrero L\u00f3pez, anunci\u00f3 que desde el mi\u00e9rcoles 5 de febrero arribar\u00e1 a Pasto, una comisi\u00f3n del Banco Interamericano de Desarrollo, BID y la Financiera de Desarrollo Territorial S.A, Findeter, integrada por el coordinador general de la iniciativa de Ciudades Emergentes y Sostenibles, ICES del BID, Ellis Juan, como tambi\u00e9n el [&hellip;]","og_url":"https:\/\/pagina10.com\/web\/miercoles-5-y-jueves-6-comision-del-bid-y-findeter-visitaran-pasto\/","og_site_name":"P\u00e1gina10","article_publisher":"https:\/\/www.facebook.com\/pag10com","article_published_time":"2014-02-03T15:47:13+00:00","og_image":[{"width":720,"height":470,"url":"https:\/\/pagina10.com\/web\/wp-content\/uploads\/2014\/02\/d9d2e77bedd51d355609b48e9ca53552.jpg","type":"image\/jpeg"}],"author":"P\u00e1gina 10","twitter_card":"summary_large_image","twitter_creator":"@Pag10com","twitter_site":"@Pag10com","twitter_misc":{"Escrito por":"P\u00e1gina 10","Tiempo de lectura":"1 minuto"},"schema":{"@context":"https:\/\/schema.org","@graph":[{"@type":"Article","@id":"https:\/\/pagina10.com\/web\/miercoles-5-y-jueves-6-comision-del-bid-y-findeter-visitaran-pasto\/#article","isPartOf":{"@id":"https:\/\/pagina10.com\/web\/miercoles-5-y-jueves-6-comision-del-bid-y-findeter-visitaran-pasto\/"},"author":{"name":"P\u00e1gina 10","@id":"https:\/\/pagina10.com\/web\/#\/schema\/person\/a7a5d38f0629dfc107f619fbae4f6cc3"},"headline":"Mi\u00e9rcoles 5 y jueves 6 comisi\u00f3n del BID y Findeter visitar\u00e1n Pasto","datePublished":"2014-02-03T15:47:13+00:00","mainEntityOfPage":{"@id":"https:\/\/pagina10.com\/web\/miercoles-5-y-jueves-6-comision-del-bid-y-findeter-visitaran-pasto\/"},"wordCount":243,"commentCount":0,"publisher":{"@id":"https:\/\/pagina10.com\/web\/#organization"},"image":{"@id":"https:\/\/pagina10.com\/web\/miercoles-5-y-jueves-6-comision-del-bid-y-findeter-visitaran-pasto\/#primaryimage"},"thumbnailUrl":"https:\/\/pagina10.com\/web\/wp-content\/uploads\/2014\/02\/d9d2e77bedd51d355609b48e9ca53552.jpg","articleSection":["Ciudad"],"inLanguage":"es","potentialAction":[{"@type":"CommentAction","name":"Comment","target":["https:\/\/pagina10.com\/web\/miercoles-5-y-jueves-6-comision-del-bid-y-findeter-visitaran-pasto\/#respond"]}]},{"@type":"WebPage","@id":"https:\/\/pagina10.com\/web\/miercoles-5-y-jueves-6-comision-del-bid-y-findeter-visitaran-pasto\/","url":"https:\/\/pagina10.com\/web\/miercoles-5-y-jueves-6-comision-del-bid-y-findeter-visitaran-pasto\/","name":"Mi\u00e9rcoles 5 y jueves 6 comisi\u00f3n del BID y Findeter visitar\u00e1n Pasto | P\u00e1gina10","isPartOf":{"@id":"https:\/\/pagina10.com\/web\/#website"},"primaryImageOfPage":{"@id":"https:\/\/pagina10.com\/web\/miercoles-5-y-jueves-6-comision-del-bid-y-findeter-visitaran-pasto\/#primaryimage"},"image":{"@id":"https:\/\/pagina10.com\/web\/miercoles-5-y-jueves-6-comision-del-bid-y-findeter-visitaran-pasto\/#primaryimage"},"thumbnailUrl":"https:\/\/pagina10.com\/web\/wp-content\/uploads\/2014\/02\/d9d2e77bedd51d355609b48e9ca53552.jpg","datePublished":"2014-02-03T15:47:13+00:00","breadcrumb":{"@id":"https:\/\/pagina10.com\/web\/miercoles-5-y-jueves-6-comision-del-bid-y-findeter-visitaran-pasto\/#breadcrumb"},"inLanguage":"es","potentialAction":[{"@type":"ReadAction","target":["https:\/\/pagina10.com\/web\/miercoles-5-y-jueves-6-comision-del-bid-y-findeter-visitaran-pasto\/"]}]},{"@type":"ImageObject","inLanguage":"es","@id":"https:\/\/pagina10.com\/web\/miercoles-5-y-jueves-6-comision-del-bid-y-findeter-visitaran-pasto\/#primaryimage","url":"https:\/\/pagina10.com\/web\/wp-content\/uploads\/2014\/02\/d9d2e77bedd51d355609b48e9ca53552.jpg","contentUrl":"https:\/\/pagina10.com\/web\/wp-content\/uploads\/2014\/02\/d9d2e77bedd51d355609b48e9ca53552.jpg","width":720,"height":470,"caption":"Fotograf\u00eda: Diego Rodriguez"},{"@type":"BreadcrumbList","@id":"https:\/\/pagina10.com\/web\/miercoles-5-y-jueves-6-comision-del-bid-y-findeter-visitaran-pasto\/#breadcrumb","itemListElement":[{"@type":"ListItem","position":1,"name":"Portada","item":"https:\/\/pagina10.com\/web\/"},{"@type":"ListItem","position":2,"name":"Mi\u00e9rcoles 5 y jueves 6 comisi\u00f3n del BID y Findeter visitar\u00e1n Pasto"}]},{"@type":"WebSite","@id":"https:\/\/pagina10.com\/web\/#website","url":"https:\/\/pagina10.com\/web\/","name":"P\u00e1gina10","description":"Peri\u00f3dico Regional","publisher":{"@id":"https:\/\/pagina10.com\/web\/#organization"},"alternateName":"P\u00e1gina10 Peri\u00f3dico Regional","potentialAction":[{"@type":"SearchAction","target":{"@type":"EntryPoint","urlTemplate":"https:\/\/pagina10.com\/web\/?s={search_term_string}"},"query-input":{"@type":"PropertyValueSpecification","valueRequired":true,"valueName":"search_term_string"}}],"inLanguage":"es"},{"@type":"Organization","@id":"https:\/\/pagina10.com\/web\/#organization","name":"P\u00e1gina10","alternateName":"P\u00e1gina10 Peri\u00f3dico Regional","url":"https:\/\/pagina10.com\/web\/","logo":{"@type":"ImageObject","inLanguage":"es","@id":"https:\/\/pagina10.com\/web\/#\/schema\/logo\/image\/","url":"https:\/\/pagina10.com\/web\/wp-content\/uploads\/2024\/01\/40-pagina-10-periodico-regional-pasto.jpg","contentUrl":"https:\/\/pagina10.com\/web\/wp-content\/uploads\/2024\/01\/40-pagina-10-periodico-regional-pasto.jpg","width":1280,"height":720,"caption":"P\u00e1gina10"},"image":{"@id":"https:\/\/pagina10.com\/web\/#\/schema\/logo\/image\/"},"sameAs":["https:\/\/www.facebook.com\/pag10com","https:\/\/x.com\/Pag10com","https:\/\/www.instagram.com\/pagina10col\/","https:\/\/youtube.com\/channel\/pag10","https:\/\/www.tiktok.com\/@p10col"]},{"@type":"Person","@id":"https:\/\/pagina10.com\/web\/#\/schema\/person\/a7a5d38f0629dfc107f619fbae4f6cc3","name":"P\u00e1gina 10","description":"P\u00e1gina10.com es un peri\u00f3dico digital que nace en Colombia, en el departamento de Nari\u00f1o, con un enfoque global, fundamentado en cuatro pilares esenciales: la libertad, el pluralismo, la inclusi\u00f3n y la independencia. P\u00e1gina10.com hace referencia a Nari\u00f1o como el d\u00e9cimo departamento creado en Colombia, despu\u00e9s de un proceso pol\u00edtico liderado por actores y actrices regionales con el fin de obtener la independencia y autonom\u00eda de nuestros territorios. Con la creaci\u00f3n de P\u00e1gina10.com se pretende abrir un escenario para el dialogo, la reflexi\u00f3n y el debate que se extienda a otras geograf\u00edas de Am\u00e9rica Latina y del planeta, en una apuesta por transformar colectivamente los desaf\u00edos de un mundo contempor\u00e1neo, m\u00e1s all\u00e1 de las fronteras impuestas.","url":"https:\/\/pagina10.com\/web\/author\/mcepeda\/"}]}},"_links":{"self":[{"href":"https:\/\/pagina10.com\/web\/wp-json\/wp\/v2\/posts\/6475","targetHints":{"allow":["GET"]}}],"collection":[{"href":"https:\/\/pagina10.com\/web\/wp-json\/wp\/v2\/posts"}],"about":[{"href":"https:\/\/pagina10.com\/web\/wp-json\/wp\/v2\/types\/post"}],"author":[{"embeddable":true,"href":"https:\/\/pagina10.com\/web\/wp-json\/wp\/v2\/users\/29"}],"replies":[{"embeddable":true,"href":"https:\/\/pagina10.com\/web\/wp-json\/wp\/v2\/comments?post=6475"}],"version-history":[{"count":0,"href":"https:\/\/pagina10.com\/web\/wp-json\/wp\/v2\/posts\/6475\/revisions"}],"wp:featuredmedia":[{"embeddable":true,"href":"https:\/\/pagina10.com\/web\/wp-json\/wp\/v2\/media\/6473"}],"wp:attachment":[{"href":"https:\/\/pagina10.com\/web\/wp-json\/wp\/v2\/media?parent=6475"}],"wp:term":[{"taxonomy":"category","embeddable":true,"href":"https:\/\/pagina10.com\/web\/wp-json\/wp\/v2\/categories?post=6475"},{"taxonomy":"post_tag","embeddable":true,"href":"https:\/\/pagina10.com\/web\/wp-json\/wp\/v2\/tags?post=6475"}],"curies":[{"name":"wp","href":"https:\/\/api.w.org\/{rel}","templated":true}]}}