{"id":64751,"date":"2023-02-23T00:16:15","date_gmt":"2023-02-23T05:16:15","guid":{"rendered":"https:\/\/pagina10.com\/web\/?p=64751"},"modified":"2023-02-23T00:16:15","modified_gmt":"2023-02-23T05:16:15","slug":"comunidad-cerro-via-alterna-que-comunica-a-narino-y-cauca-con-el-resto-del-pais","status":"publish","type":"post","link":"https:\/\/pagina10.com\/web\/comunidad-cerro-via-alterna-que-comunica-a-narino-y-cauca-con-el-resto-del-pais\/","title":{"rendered":"Comunidad cerr\u00f3 v\u00eda alterna que comunica a Nari\u00f1o y Cauca con el resto del pa\u00eds"},"content":{"rendered":"<p style=\"text-align: justify;\">La comunidad organizada del consejo comunitario afrodescendiente de La Nueva Esperanza de El Hoyo &#8211; Pat\u00eda, decidi\u00f3 suspender el tr\u00e1fico de todo tipo de veh\u00edculos por la v\u00eda Piedra Sentada- El Hoyo &#8211; El Tambo, la cual serv\u00eda como ruta de conexi\u00f3n alterna hacia el interior del pa\u00eds para los departamentos de Nari\u00f1o y Cauca.<\/p>\n<p style=\"text-align: justify;\">La determinaci\u00f3n se tom\u00f3 debido a la suspensi\u00f3n de las obras de mejoramiento que se adelantaban en la carretera por donde actualmente exist\u00eda un gran flujo de buses y transporte de carga.<\/p>\n<p style=\"text-align: justify;\">\u201cFrente al deterioro que presenta la v\u00eda en los \u00faltimos d\u00edas, hemos tomado la decisi\u00f3n de restringir el tr\u00e1nsito de todo tipo de veh\u00edculos que hagan uso de la v\u00eda alterna, cerramiento que se har\u00e1 en la poblaci\u00f3n de Piedra Sentada y en el Tambo, Cauca\u201d, precisaron voceros del consejo comunitario.<\/p>\n<p style=\"text-align: justify;\">Igualmente, argumentaron que este cerramiento \u201cse realiza hasta que el gobierno departamental y nacional, asuman con responsabilidad los compromisos de mejoramiento y mantenimiento de la v\u00eda, adquiridos por el Ministerio de Transporte e Inv\u00edas. Sentimos profundamente las incomodidades generadas a la comunidad usuaria de la v\u00eda, pedimos su comprensi\u00f3n y apoyo\u201d.<\/p>\n","protected":false},"excerpt":{"rendered":"<p>La comunidad organizada del consejo comunitario afrodescendiente de La Nueva Esperanza de El Hoyo &#8211; Pat\u00eda, decidi\u00f3 suspender el tr\u00e1fico de todo tipo de veh\u00edculos por la v\u00eda Piedra Sentada- El Hoyo &#8211; El Tambo, la cual serv\u00eda como ruta de conexi\u00f3n alterna hacia el interior del pa\u00eds para los departamentos de Nari\u00f1o y Cauca. [&hellip;]<\/p>\n","protected":false},"author":1,"featured_media":64752,"comment_status":"open","ping_status":"open","sticky":false,"template":"","format":"standard","meta":{"footnotes":""},"categories":[84],"tags":[],"class_list":["post-64751","post","type-post","status-publish","format-standard","has-post-thumbnail","hentry","category-global-2"],"yoast_head":"<!-- This site is optimized with the Yoast SEO plugin v27.1.1 - https:\/\/yoast.com\/product\/yoast-seo-wordpress\/ -->\n<title>Comunidad cerr\u00f3 v\u00eda alterna que comunica a Nari\u00f1o y Cauca con el resto del pa\u00eds | P\u00e1gina10<\/title>\n<meta name=\"robots\" content=\"index, follow, max-snippet:-1, max-image-preview:large, max-video-preview:-1\" \/>\n<link rel=\"canonical\" href=\"https:\/\/pagina10.com\/web\/comunidad-cerro-via-alterna-que-comunica-a-narino-y-cauca-con-el-resto-del-pais\/\" \/>\n<meta property=\"og:locale\" content=\"es_ES\" \/>\n<meta property=\"og:type\" content=\"article\" \/>\n<meta property=\"og:title\" content=\"Comunidad cerr\u00f3 v\u00eda alterna que comunica a Nari\u00f1o y Cauca con el resto del pa\u00eds | P\u00e1gina10\" \/>\n<meta property=\"og:description\" content=\"La comunidad organizada del consejo comunitario afrodescendiente de La Nueva Esperanza de El Hoyo &#8211; Pat\u00eda, decidi\u00f3 suspender el tr\u00e1fico de todo tipo de veh\u00edculos por la v\u00eda Piedra Sentada- El Hoyo &#8211; El Tambo, la cual serv\u00eda como ruta de conexi\u00f3n alterna hacia el interior del pa\u00eds para los departamentos de Nari\u00f1o y Cauca. [&hellip;]\" \/>\n<meta property=\"og:url\" content=\"https:\/\/pagina10.com\/web\/comunidad-cerro-via-alterna-que-comunica-a-narino-y-cauca-con-el-resto-del-pais\/\" \/>\n<meta property=\"og:site_name\" content=\"P\u00e1gina10\" \/>\n<meta property=\"article:publisher\" content=\"https:\/\/www.facebook.com\/pag10com\" \/>\n<meta property=\"article:published_time\" content=\"2023-02-23T05:16:15+00:00\" \/>\n<meta property=\"og:image\" content=\"https:\/\/pagina10.com\/web\/wp-content\/uploads\/2023\/02\/IMG_20230201_080419.jpg\" \/>\n\t<meta property=\"og:image:width\" content=\"964\" \/>\n\t<meta property=\"og:image:height\" content=\"648\" \/>\n\t<meta property=\"og:image:type\" content=\"image\/jpeg\" \/>\n<meta name=\"author\" content=\"P\u00e1gina 10\" \/>\n<meta name=\"twitter:card\" content=\"summary_large_image\" \/>\n<meta name=\"twitter:creator\" content=\"@Pag10com\" \/>\n<meta name=\"twitter:site\" content=\"@Pag10com\" \/>\n<meta name=\"twitter:label1\" content=\"Escrito por\" \/>\n\t<meta name=\"twitter:data1\" content=\"P\u00e1gina 10\" \/>\n\t<meta name=\"twitter:label2\" content=\"Tiempo de lectura\" \/>\n\t<meta name=\"twitter:data2\" content=\"1 minuto\" \/>\n<script type=\"application\/ld+json\" class=\"yoast-schema-graph\">{\"@context\":\"https:\/\/schema.org\",\"@graph\":[{\"@type\":\"Article\",\"@id\":\"https:\/\/pagina10.com\/web\/comunidad-cerro-via-alterna-que-comunica-a-narino-y-cauca-con-el-resto-del-pais\/#article\",\"isPartOf\":{\"@id\":\"https:\/\/pagina10.com\/web\/comunidad-cerro-via-alterna-que-comunica-a-narino-y-cauca-con-el-resto-del-pais\/\"},\"author\":{\"name\":\"P\u00e1gina 10\",\"@id\":\"https:\/\/pagina10.com\/web\/#\/schema\/person\/2efc4a090d25b667d3bc796798a3a81b\"},\"headline\":\"Comunidad cerr\u00f3 v\u00eda alterna que comunica a Nari\u00f1o y Cauca con el resto del pa\u00eds\",\"datePublished\":\"2023-02-23T05:16:15+00:00\",\"mainEntityOfPage\":{\"@id\":\"https:\/\/pagina10.com\/web\/comunidad-cerro-via-alterna-que-comunica-a-narino-y-cauca-con-el-resto-del-pais\/\"},\"wordCount\":229,\"commentCount\":0,\"publisher\":{\"@id\":\"https:\/\/pagina10.com\/web\/#organization\"},\"image\":{\"@id\":\"https:\/\/pagina10.com\/web\/comunidad-cerro-via-alterna-que-comunica-a-narino-y-cauca-con-el-resto-del-pais\/#primaryimage\"},\"thumbnailUrl\":\"https:\/\/pagina10.com\/web\/wp-content\/uploads\/2023\/02\/IMG_20230201_080419.jpg\",\"articleSection\":[\"Global\"],\"inLanguage\":\"es\",\"potentialAction\":[{\"@type\":\"CommentAction\",\"name\":\"Comment\",\"target\":[\"https:\/\/pagina10.com\/web\/comunidad-cerro-via-alterna-que-comunica-a-narino-y-cauca-con-el-resto-del-pais\/#respond\"]}]},{\"@type\":\"WebPage\",\"@id\":\"https:\/\/pagina10.com\/web\/comunidad-cerro-via-alterna-que-comunica-a-narino-y-cauca-con-el-resto-del-pais\/\",\"url\":\"https:\/\/pagina10.com\/web\/comunidad-cerro-via-alterna-que-comunica-a-narino-y-cauca-con-el-resto-del-pais\/\",\"name\":\"Comunidad cerr\u00f3 v\u00eda alterna que comunica a Nari\u00f1o y Cauca con el resto del pa\u00eds | P\u00e1gina10\",\"isPartOf\":{\"@id\":\"https:\/\/pagina10.com\/web\/#website\"},\"primaryImageOfPage\":{\"@id\":\"https:\/\/pagina10.com\/web\/comunidad-cerro-via-alterna-que-comunica-a-narino-y-cauca-con-el-resto-del-pais\/#primaryimage\"},\"image\":{\"@id\":\"https:\/\/pagina10.com\/web\/comunidad-cerro-via-alterna-que-comunica-a-narino-y-cauca-con-el-resto-del-pais\/#primaryimage\"},\"thumbnailUrl\":\"https:\/\/pagina10.com\/web\/wp-content\/uploads\/2023\/02\/IMG_20230201_080419.jpg\",\"datePublished\":\"2023-02-23T05:16:15+00:00\",\"breadcrumb\":{\"@id\":\"https:\/\/pagina10.com\/web\/comunidad-cerro-via-alterna-que-comunica-a-narino-y-cauca-con-el-resto-del-pais\/#breadcrumb\"},\"inLanguage\":\"es\",\"potentialAction\":[{\"@type\":\"ReadAction\",\"target\":[\"https:\/\/pagina10.com\/web\/comunidad-cerro-via-alterna-que-comunica-a-narino-y-cauca-con-el-resto-del-pais\/\"]}]},{\"@type\":\"ImageObject\",\"inLanguage\":\"es\",\"@id\":\"https:\/\/pagina10.com\/web\/comunidad-cerro-via-alterna-que-comunica-a-narino-y-cauca-con-el-resto-del-pais\/#primaryimage\",\"url\":\"https:\/\/pagina10.com\/web\/wp-content\/uploads\/2023\/02\/IMG_20230201_080419.jpg\",\"contentUrl\":\"https:\/\/pagina10.com\/web\/wp-content\/uploads\/2023\/02\/IMG_20230201_080419.jpg\",\"width\":964,\"height\":648},{\"@type\":\"BreadcrumbList\",\"@id\":\"https:\/\/pagina10.com\/web\/comunidad-cerro-via-alterna-que-comunica-a-narino-y-cauca-con-el-resto-del-pais\/#breadcrumb\",\"itemListElement\":[{\"@type\":\"ListItem\",\"position\":1,\"name\":\"Portada\",\"item\":\"https:\/\/pagina10.com\/web\/\"},{\"@type\":\"ListItem\",\"position\":2,\"name\":\"Comunidad cerr\u00f3 v\u00eda alterna que comunica a Nari\u00f1o y Cauca con el resto del pa\u00eds\"}]},{\"@type\":\"WebSite\",\"@id\":\"https:\/\/pagina10.com\/web\/#website\",\"url\":\"https:\/\/pagina10.com\/web\/\",\"name\":\"P\u00e1gina10\",\"description\":\"Peri\u00f3dico Regional\",\"publisher\":{\"@id\":\"https:\/\/pagina10.com\/web\/#organization\"},\"alternateName\":\"P\u00e1gina10 Peri\u00f3dico Regional\",\"potentialAction\":[{\"@type\":\"SearchAction\",\"target\":{\"@type\":\"EntryPoint\",\"urlTemplate\":\"https:\/\/pagina10.com\/web\/?s={search_term_string}\"},\"query-input\":{\"@type\":\"PropertyValueSpecification\",\"valueRequired\":true,\"valueName\":\"search_term_string\"}}],\"inLanguage\":\"es\"},{\"@type\":\"Organization\",\"@id\":\"https:\/\/pagina10.com\/web\/#organization\",\"name\":\"P\u00e1gina10\",\"alternateName\":\"P\u00e1gina10 Peri\u00f3dico Regional\",\"url\":\"https:\/\/pagina10.com\/web\/\",\"logo\":{\"@type\":\"ImageObject\",\"inLanguage\":\"es\",\"@id\":\"https:\/\/pagina10.com\/web\/#\/schema\/logo\/image\/\",\"url\":\"https:\/\/pagina10.com\/web\/wp-content\/uploads\/2024\/01\/40-pagina-10-periodico-regional-pasto.jpg\",\"contentUrl\":\"https:\/\/pagina10.com\/web\/wp-content\/uploads\/2024\/01\/40-pagina-10-periodico-regional-pasto.jpg\",\"width\":1280,\"height\":720,\"caption\":\"P\u00e1gina10\"},\"image\":{\"@id\":\"https:\/\/pagina10.com\/web\/#\/schema\/logo\/image\/\"},\"sameAs\":[\"https:\/\/www.facebook.com\/pag10com\",\"https:\/\/x.com\/Pag10com\",\"https:\/\/www.instagram.com\/pagina10col\/\",\"https:\/\/youtube.com\/channel\/pag10\",\"https:\/\/www.tiktok.com\/@p10col\"]},{\"@type\":\"Person\",\"@id\":\"https:\/\/pagina10.com\/web\/#\/schema\/person\/2efc4a090d25b667d3bc796798a3a81b\",\"name\":\"P\u00e1gina 10\",\"description\":\"P\u00e1gina 10 es un peri\u00f3dico regional que nace en Colombia, en el departamento de Nari\u00f1o, con un enfoque global, fundamentado en cuatro pilares esenciales: la libertad, el pluralismo, la inclusi\u00f3n y la independencia. P\u00e1gina 10 hace referencia a Nari\u00f1o como el d\u00e9cimo departamento creado en Colombia, despu\u00e9s de un proceso pol\u00edtico liderado por actores y actrices regionales con el fin de obtener la independencia y autonom\u00eda de nuestros territorios. Con la creaci\u00f3n de P\u00e1gina 10 se pretende abrir un escenario para el dialogo, la reflexi\u00f3n y el debate que se extienda a otras geograf\u00edas de Am\u00e9rica Latina y del planeta, en una apuesta por transformar colectivamente los desaf\u00edos de un mundo contempor\u00e1neo, m\u00e1s all\u00e1 de las fronteras impuestas.\",\"url\":\"https:\/\/pagina10.com\/web\/author\/pdiezadmin\/\"}]}<\/script>\n<!-- \/ Yoast SEO plugin. -->","yoast_head_json":{"title":"Comunidad cerr\u00f3 v\u00eda alterna que comunica a Nari\u00f1o y Cauca con el resto del pa\u00eds | P\u00e1gina10","robots":{"index":"index","follow":"follow","max-snippet":"max-snippet:-1","max-image-preview":"max-image-preview:large","max-video-preview":"max-video-preview:-1"},"canonical":"https:\/\/pagina10.com\/web\/comunidad-cerro-via-alterna-que-comunica-a-narino-y-cauca-con-el-resto-del-pais\/","og_locale":"es_ES","og_type":"article","og_title":"Comunidad cerr\u00f3 v\u00eda alterna que comunica a Nari\u00f1o y Cauca con el resto del pa\u00eds | P\u00e1gina10","og_description":"La comunidad organizada del consejo comunitario afrodescendiente de La Nueva Esperanza de El Hoyo &#8211; Pat\u00eda, decidi\u00f3 suspender el tr\u00e1fico de todo tipo de veh\u00edculos por la v\u00eda Piedra Sentada- El Hoyo &#8211; El Tambo, la cual serv\u00eda como ruta de conexi\u00f3n alterna hacia el interior del pa\u00eds para los departamentos de Nari\u00f1o y Cauca. [&hellip;]","og_url":"https:\/\/pagina10.com\/web\/comunidad-cerro-via-alterna-que-comunica-a-narino-y-cauca-con-el-resto-del-pais\/","og_site_name":"P\u00e1gina10","article_publisher":"https:\/\/www.facebook.com\/pag10com","article_published_time":"2023-02-23T05:16:15+00:00","og_image":[{"width":964,"height":648,"url":"https:\/\/pagina10.com\/web\/wp-content\/uploads\/2023\/02\/IMG_20230201_080419.jpg","type":"image\/jpeg"}],"author":"P\u00e1gina 10","twitter_card":"summary_large_image","twitter_creator":"@Pag10com","twitter_site":"@Pag10com","twitter_misc":{"Escrito por":"P\u00e1gina 10","Tiempo de lectura":"1 minuto"},"schema":{"@context":"https:\/\/schema.org","@graph":[{"@type":"Article","@id":"https:\/\/pagina10.com\/web\/comunidad-cerro-via-alterna-que-comunica-a-narino-y-cauca-con-el-resto-del-pais\/#article","isPartOf":{"@id":"https:\/\/pagina10.com\/web\/comunidad-cerro-via-alterna-que-comunica-a-narino-y-cauca-con-el-resto-del-pais\/"},"author":{"name":"P\u00e1gina 10","@id":"https:\/\/pagina10.com\/web\/#\/schema\/person\/2efc4a090d25b667d3bc796798a3a81b"},"headline":"Comunidad cerr\u00f3 v\u00eda alterna que comunica a Nari\u00f1o y Cauca con el resto del pa\u00eds","datePublished":"2023-02-23T05:16:15+00:00","mainEntityOfPage":{"@id":"https:\/\/pagina10.com\/web\/comunidad-cerro-via-alterna-que-comunica-a-narino-y-cauca-con-el-resto-del-pais\/"},"wordCount":229,"commentCount":0,"publisher":{"@id":"https:\/\/pagina10.com\/web\/#organization"},"image":{"@id":"https:\/\/pagina10.com\/web\/comunidad-cerro-via-alterna-que-comunica-a-narino-y-cauca-con-el-resto-del-pais\/#primaryimage"},"thumbnailUrl":"https:\/\/pagina10.com\/web\/wp-content\/uploads\/2023\/02\/IMG_20230201_080419.jpg","articleSection":["Global"],"inLanguage":"es","potentialAction":[{"@type":"CommentAction","name":"Comment","target":["https:\/\/pagina10.com\/web\/comunidad-cerro-via-alterna-que-comunica-a-narino-y-cauca-con-el-resto-del-pais\/#respond"]}]},{"@type":"WebPage","@id":"https:\/\/pagina10.com\/web\/comunidad-cerro-via-alterna-que-comunica-a-narino-y-cauca-con-el-resto-del-pais\/","url":"https:\/\/pagina10.com\/web\/comunidad-cerro-via-alterna-que-comunica-a-narino-y-cauca-con-el-resto-del-pais\/","name":"Comunidad cerr\u00f3 v\u00eda alterna que comunica a Nari\u00f1o y Cauca con el resto del pa\u00eds | P\u00e1gina10","isPartOf":{"@id":"https:\/\/pagina10.com\/web\/#website"},"primaryImageOfPage":{"@id":"https:\/\/pagina10.com\/web\/comunidad-cerro-via-alterna-que-comunica-a-narino-y-cauca-con-el-resto-del-pais\/#primaryimage"},"image":{"@id":"https:\/\/pagina10.com\/web\/comunidad-cerro-via-alterna-que-comunica-a-narino-y-cauca-con-el-resto-del-pais\/#primaryimage"},"thumbnailUrl":"https:\/\/pagina10.com\/web\/wp-content\/uploads\/2023\/02\/IMG_20230201_080419.jpg","datePublished":"2023-02-23T05:16:15+00:00","breadcrumb":{"@id":"https:\/\/pagina10.com\/web\/comunidad-cerro-via-alterna-que-comunica-a-narino-y-cauca-con-el-resto-del-pais\/#breadcrumb"},"inLanguage":"es","potentialAction":[{"@type":"ReadAction","target":["https:\/\/pagina10.com\/web\/comunidad-cerro-via-alterna-que-comunica-a-narino-y-cauca-con-el-resto-del-pais\/"]}]},{"@type":"ImageObject","inLanguage":"es","@id":"https:\/\/pagina10.com\/web\/comunidad-cerro-via-alterna-que-comunica-a-narino-y-cauca-con-el-resto-del-pais\/#primaryimage","url":"https:\/\/pagina10.com\/web\/wp-content\/uploads\/2023\/02\/IMG_20230201_080419.jpg","contentUrl":"https:\/\/pagina10.com\/web\/wp-content\/uploads\/2023\/02\/IMG_20230201_080419.jpg","width":964,"height":648},{"@type":"BreadcrumbList","@id":"https:\/\/pagina10.com\/web\/comunidad-cerro-via-alterna-que-comunica-a-narino-y-cauca-con-el-resto-del-pais\/#breadcrumb","itemListElement":[{"@type":"ListItem","position":1,"name":"Portada","item":"https:\/\/pagina10.com\/web\/"},{"@type":"ListItem","position":2,"name":"Comunidad cerr\u00f3 v\u00eda alterna que comunica a Nari\u00f1o y Cauca con el resto del pa\u00eds"}]},{"@type":"WebSite","@id":"https:\/\/pagina10.com\/web\/#website","url":"https:\/\/pagina10.com\/web\/","name":"P\u00e1gina10","description":"Peri\u00f3dico Regional","publisher":{"@id":"https:\/\/pagina10.com\/web\/#organization"},"alternateName":"P\u00e1gina10 Peri\u00f3dico Regional","potentialAction":[{"@type":"SearchAction","target":{"@type":"EntryPoint","urlTemplate":"https:\/\/pagina10.com\/web\/?s={search_term_string}"},"query-input":{"@type":"PropertyValueSpecification","valueRequired":true,"valueName":"search_term_string"}}],"inLanguage":"es"},{"@type":"Organization","@id":"https:\/\/pagina10.com\/web\/#organization","name":"P\u00e1gina10","alternateName":"P\u00e1gina10 Peri\u00f3dico Regional","url":"https:\/\/pagina10.com\/web\/","logo":{"@type":"ImageObject","inLanguage":"es","@id":"https:\/\/pagina10.com\/web\/#\/schema\/logo\/image\/","url":"https:\/\/pagina10.com\/web\/wp-content\/uploads\/2024\/01\/40-pagina-10-periodico-regional-pasto.jpg","contentUrl":"https:\/\/pagina10.com\/web\/wp-content\/uploads\/2024\/01\/40-pagina-10-periodico-regional-pasto.jpg","width":1280,"height":720,"caption":"P\u00e1gina10"},"image":{"@id":"https:\/\/pagina10.com\/web\/#\/schema\/logo\/image\/"},"sameAs":["https:\/\/www.facebook.com\/pag10com","https:\/\/x.com\/Pag10com","https:\/\/www.instagram.com\/pagina10col\/","https:\/\/youtube.com\/channel\/pag10","https:\/\/www.tiktok.com\/@p10col"]},{"@type":"Person","@id":"https:\/\/pagina10.com\/web\/#\/schema\/person\/2efc4a090d25b667d3bc796798a3a81b","name":"P\u00e1gina 10","description":"P\u00e1gina 10 es un peri\u00f3dico regional que nace en Colombia, en el departamento de Nari\u00f1o, con un enfoque global, fundamentado en cuatro pilares esenciales: la libertad, el pluralismo, la inclusi\u00f3n y la independencia. P\u00e1gina 10 hace referencia a Nari\u00f1o como el d\u00e9cimo departamento creado en Colombia, despu\u00e9s de un proceso pol\u00edtico liderado por actores y actrices regionales con el fin de obtener la independencia y autonom\u00eda de nuestros territorios. Con la creaci\u00f3n de P\u00e1gina 10 se pretende abrir un escenario para el dialogo, la reflexi\u00f3n y el debate que se extienda a otras geograf\u00edas de Am\u00e9rica Latina y del planeta, en una apuesta por transformar colectivamente los desaf\u00edos de un mundo contempor\u00e1neo, m\u00e1s all\u00e1 de las fronteras impuestas.","url":"https:\/\/pagina10.com\/web\/author\/pdiezadmin\/"}]}},"_links":{"self":[{"href":"https:\/\/pagina10.com\/web\/wp-json\/wp\/v2\/posts\/64751","targetHints":{"allow":["GET"]}}],"collection":[{"href":"https:\/\/pagina10.com\/web\/wp-json\/wp\/v2\/posts"}],"about":[{"href":"https:\/\/pagina10.com\/web\/wp-json\/wp\/v2\/types\/post"}],"author":[{"embeddable":true,"href":"https:\/\/pagina10.com\/web\/wp-json\/wp\/v2\/users\/1"}],"replies":[{"embeddable":true,"href":"https:\/\/pagina10.com\/web\/wp-json\/wp\/v2\/comments?post=64751"}],"version-history":[{"count":1,"href":"https:\/\/pagina10.com\/web\/wp-json\/wp\/v2\/posts\/64751\/revisions"}],"predecessor-version":[{"id":64753,"href":"https:\/\/pagina10.com\/web\/wp-json\/wp\/v2\/posts\/64751\/revisions\/64753"}],"wp:featuredmedia":[{"embeddable":true,"href":"https:\/\/pagina10.com\/web\/wp-json\/wp\/v2\/media\/64752"}],"wp:attachment":[{"href":"https:\/\/pagina10.com\/web\/wp-json\/wp\/v2\/media?parent=64751"}],"wp:term":[{"taxonomy":"category","embeddable":true,"href":"https:\/\/pagina10.com\/web\/wp-json\/wp\/v2\/categories?post=64751"},{"taxonomy":"post_tag","embeddable":true,"href":"https:\/\/pagina10.com\/web\/wp-json\/wp\/v2\/tags?post=64751"}],"curies":[{"name":"wp","href":"https:\/\/api.w.org\/{rel}","templated":true}]}}