{"id":64788,"date":"2023-02-25T16:16:53","date_gmt":"2023-02-25T21:16:53","guid":{"rendered":"https:\/\/pagina10.com\/web\/?p=64788"},"modified":"2023-02-25T16:16:53","modified_gmt":"2023-02-25T21:16:53","slug":"consejero-presidencial-responde-peticiones-del-sector-de-la-construccion-en-narino","status":"publish","type":"post","link":"https:\/\/pagina10.com\/web\/consejero-presidencial-responde-peticiones-del-sector-de-la-construccion-en-narino\/","title":{"rendered":"Consejero presidencial responde peticiones del sector de la construcci\u00f3n en Nari\u00f1o"},"content":{"rendered":"<p style=\"text-align: justify;\">En un comunicado oficial conocido en primicia por <strong>P\u00e1gina 10<\/strong>, el Consejero Presidencial para las Regiones, Luis Fernando Velazco, respondi\u00f3 la petici\u00f3n presentada por el presidente de Camacol Nari\u00f1o, Jos\u00e9 Antonio Mart\u00ednez quien remiti\u00f3 carta al Departamento Administrativo de la Presidencia con el fin de que se brinde apoyo para el sector de la construcci\u00f3n por la emergencia presentada en el sur del pa\u00eds debido al cierre de la v\u00eda Panamericana.<\/p>\n<p style=\"text-align: justify;\">\u201cEs de nuestro inter\u00e9s contarle que hemos ejecutado acciones intersectoriales para atender la crisis socioecon\u00f3mica del pa\u00eds, realizando todos los esfuerzos posibles para evitar p\u00e9rdidas econ\u00f3micas\u201d, precis\u00f3 Velazco en el documento.<\/p>\n<p style=\"text-align: justify;\">As\u00ed mismo, indic\u00f3 que dado que el tema planteado corresponde sectorialmente a diferentes entidades, se dio traslado de la petici\u00f3n a las siguientes entidades con el objeto de que se brinde una respuesta dentro del alcance de sus competencias:<\/p>\n<p style=\"text-align: justify;\">-Ministerio del Comercio, Industria y Turismo: Revisar la posibilidad de la apertura de importaciones de cemento desde Ecuador.<\/p>\n<p style=\"text-align: justify;\">-Ministerio de Vivienda, Ciudad y Territorio: Priorizar desembolso de subsidios &#8220;Mi Casa Ya&#8221; en el departamento de Nari\u00f1o y aumento del tope de Vivienda Social en el departamento de Nari\u00f1o a 150 SMLMV.<\/p>\n<p style=\"text-align: justify;\">-Direcci\u00f3n de Impuestos y Aduanas Nacionales: Implementaci\u00f3n de IVA CERO para la compra de materiales de construcci\u00f3n -Simplificaci\u00f3n de tr\u00e1mites para importar desde Ecuador.<\/p>\n<p style=\"text-align: justify;\">-Ministerio de Relaciones Exteriores: Requerimiento de implementaci\u00f3n del CEBAF.<\/p>\n<p style=\"text-align: justify;\">-Ministerio de Transporte: Subsidio para los fletes de transporte de materiales e insumos del Sector.<\/p>\n<p style=\"text-align: justify;\">Finalmente, Velazco indic\u00f3 que \u201ccon el \u00e1nimo de acompa\u00f1ar la comunicaci\u00f3n que se adelanta, se solicitar\u00e1, una vez sea tramitada dicha petici\u00f3n, se remita a esta Consejer\u00eda copia de la respuesta por parte dicha entidad\u201d.<\/p>\n","protected":false},"excerpt":{"rendered":"<p>En un comunicado oficial conocido en primicia por P\u00e1gina 10, el Consejero Presidencial para las Regiones, Luis Fernando Velazco, respondi\u00f3 la petici\u00f3n presentada por el presidente de Camacol Nari\u00f1o, Jos\u00e9 Antonio Mart\u00ednez quien remiti\u00f3 carta al Departamento Administrativo de la Presidencia con el fin de que se brinde apoyo para el sector de la construcci\u00f3n [&hellip;]<\/p>\n","protected":false},"author":1,"featured_media":64789,"comment_status":"open","ping_status":"open","sticky":false,"template":"","format":"standard","meta":{"footnotes":""},"categories":[84],"tags":[],"class_list":["post-64788","post","type-post","status-publish","format-standard","has-post-thumbnail","hentry","category-global-2"],"yoast_head":"<!-- This site is optimized with the Yoast SEO plugin v27.1.1 - https:\/\/yoast.com\/product\/yoast-seo-wordpress\/ -->\n<title>Consejero presidencial responde peticiones del sector de la construcci\u00f3n en Nari\u00f1o | P\u00e1gina10<\/title>\n<meta name=\"robots\" content=\"index, follow, max-snippet:-1, max-image-preview:large, max-video-preview:-1\" \/>\n<link rel=\"canonical\" href=\"https:\/\/pagina10.com\/web\/consejero-presidencial-responde-peticiones-del-sector-de-la-construccion-en-narino\/\" \/>\n<meta property=\"og:locale\" content=\"es_ES\" \/>\n<meta property=\"og:type\" content=\"article\" \/>\n<meta property=\"og:title\" content=\"Consejero presidencial responde peticiones del sector de la construcci\u00f3n en Nari\u00f1o | P\u00e1gina10\" \/>\n<meta property=\"og:description\" content=\"En un comunicado oficial conocido en primicia por P\u00e1gina 10, el Consejero Presidencial para las Regiones, Luis Fernando Velazco, respondi\u00f3 la petici\u00f3n presentada por el presidente de Camacol Nari\u00f1o, Jos\u00e9 Antonio Mart\u00ednez quien remiti\u00f3 carta al Departamento Administrativo de la Presidencia con el fin de que se brinde apoyo para el sector de la construcci\u00f3n [&hellip;]\" \/>\n<meta property=\"og:url\" content=\"https:\/\/pagina10.com\/web\/consejero-presidencial-responde-peticiones-del-sector-de-la-construccion-en-narino\/\" \/>\n<meta property=\"og:site_name\" content=\"P\u00e1gina10\" \/>\n<meta property=\"article:publisher\" content=\"https:\/\/www.facebook.com\/pag10com\" \/>\n<meta property=\"article:published_time\" content=\"2023-02-25T21:16:53+00:00\" \/>\n<meta property=\"og:image\" content=\"https:\/\/pagina10.com\/web\/wp-content\/uploads\/2023\/02\/Luis-Fernando-Velasco-668x334-1.jpg\" \/>\n\t<meta property=\"og:image:width\" content=\"668\" \/>\n\t<meta property=\"og:image:height\" content=\"334\" \/>\n\t<meta property=\"og:image:type\" content=\"image\/jpeg\" \/>\n<meta name=\"author\" content=\"P\u00e1gina 10\" \/>\n<meta name=\"twitter:card\" content=\"summary_large_image\" \/>\n<meta name=\"twitter:creator\" content=\"@Pag10com\" \/>\n<meta name=\"twitter:site\" content=\"@Pag10com\" \/>\n<meta name=\"twitter:label1\" content=\"Escrito por\" \/>\n\t<meta name=\"twitter:data1\" content=\"P\u00e1gina 10\" \/>\n\t<meta name=\"twitter:label2\" content=\"Tiempo de lectura\" \/>\n\t<meta name=\"twitter:data2\" content=\"1 minuto\" \/>\n<script type=\"application\/ld+json\" class=\"yoast-schema-graph\">{\"@context\":\"https:\/\/schema.org\",\"@graph\":[{\"@type\":\"Article\",\"@id\":\"https:\/\/pagina10.com\/web\/consejero-presidencial-responde-peticiones-del-sector-de-la-construccion-en-narino\/#article\",\"isPartOf\":{\"@id\":\"https:\/\/pagina10.com\/web\/consejero-presidencial-responde-peticiones-del-sector-de-la-construccion-en-narino\/\"},\"author\":{\"name\":\"P\u00e1gina 10\",\"@id\":\"https:\/\/pagina10.com\/web\/#\/schema\/person\/2efc4a090d25b667d3bc796798a3a81b\"},\"headline\":\"Consejero presidencial responde peticiones del sector de la construcci\u00f3n en Nari\u00f1o\",\"datePublished\":\"2023-02-25T21:16:53+00:00\",\"mainEntityOfPage\":{\"@id\":\"https:\/\/pagina10.com\/web\/consejero-presidencial-responde-peticiones-del-sector-de-la-construccion-en-narino\/\"},\"wordCount\":311,\"commentCount\":0,\"publisher\":{\"@id\":\"https:\/\/pagina10.com\/web\/#organization\"},\"image\":{\"@id\":\"https:\/\/pagina10.com\/web\/consejero-presidencial-responde-peticiones-del-sector-de-la-construccion-en-narino\/#primaryimage\"},\"thumbnailUrl\":\"https:\/\/pagina10.com\/web\/wp-content\/uploads\/2023\/02\/Luis-Fernando-Velasco-668x334-1.jpg\",\"articleSection\":[\"Global\"],\"inLanguage\":\"es\",\"potentialAction\":[{\"@type\":\"CommentAction\",\"name\":\"Comment\",\"target\":[\"https:\/\/pagina10.com\/web\/consejero-presidencial-responde-peticiones-del-sector-de-la-construccion-en-narino\/#respond\"]}]},{\"@type\":\"WebPage\",\"@id\":\"https:\/\/pagina10.com\/web\/consejero-presidencial-responde-peticiones-del-sector-de-la-construccion-en-narino\/\",\"url\":\"https:\/\/pagina10.com\/web\/consejero-presidencial-responde-peticiones-del-sector-de-la-construccion-en-narino\/\",\"name\":\"Consejero presidencial responde peticiones del sector de la construcci\u00f3n en Nari\u00f1o | P\u00e1gina10\",\"isPartOf\":{\"@id\":\"https:\/\/pagina10.com\/web\/#website\"},\"primaryImageOfPage\":{\"@id\":\"https:\/\/pagina10.com\/web\/consejero-presidencial-responde-peticiones-del-sector-de-la-construccion-en-narino\/#primaryimage\"},\"image\":{\"@id\":\"https:\/\/pagina10.com\/web\/consejero-presidencial-responde-peticiones-del-sector-de-la-construccion-en-narino\/#primaryimage\"},\"thumbnailUrl\":\"https:\/\/pagina10.com\/web\/wp-content\/uploads\/2023\/02\/Luis-Fernando-Velasco-668x334-1.jpg\",\"datePublished\":\"2023-02-25T21:16:53+00:00\",\"breadcrumb\":{\"@id\":\"https:\/\/pagina10.com\/web\/consejero-presidencial-responde-peticiones-del-sector-de-la-construccion-en-narino\/#breadcrumb\"},\"inLanguage\":\"es\",\"potentialAction\":[{\"@type\":\"ReadAction\",\"target\":[\"https:\/\/pagina10.com\/web\/consejero-presidencial-responde-peticiones-del-sector-de-la-construccion-en-narino\/\"]}]},{\"@type\":\"ImageObject\",\"inLanguage\":\"es\",\"@id\":\"https:\/\/pagina10.com\/web\/consejero-presidencial-responde-peticiones-del-sector-de-la-construccion-en-narino\/#primaryimage\",\"url\":\"https:\/\/pagina10.com\/web\/wp-content\/uploads\/2023\/02\/Luis-Fernando-Velasco-668x334-1.jpg\",\"contentUrl\":\"https:\/\/pagina10.com\/web\/wp-content\/uploads\/2023\/02\/Luis-Fernando-Velasco-668x334-1.jpg\",\"width\":668,\"height\":334},{\"@type\":\"BreadcrumbList\",\"@id\":\"https:\/\/pagina10.com\/web\/consejero-presidencial-responde-peticiones-del-sector-de-la-construccion-en-narino\/#breadcrumb\",\"itemListElement\":[{\"@type\":\"ListItem\",\"position\":1,\"name\":\"Portada\",\"item\":\"https:\/\/pagina10.com\/web\/\"},{\"@type\":\"ListItem\",\"position\":2,\"name\":\"Consejero presidencial responde peticiones del sector de la construcci\u00f3n en Nari\u00f1o\"}]},{\"@type\":\"WebSite\",\"@id\":\"https:\/\/pagina10.com\/web\/#website\",\"url\":\"https:\/\/pagina10.com\/web\/\",\"name\":\"P\u00e1gina10\",\"description\":\"Peri\u00f3dico Regional\",\"publisher\":{\"@id\":\"https:\/\/pagina10.com\/web\/#organization\"},\"alternateName\":\"P\u00e1gina10 Peri\u00f3dico Regional\",\"potentialAction\":[{\"@type\":\"SearchAction\",\"target\":{\"@type\":\"EntryPoint\",\"urlTemplate\":\"https:\/\/pagina10.com\/web\/?s={search_term_string}\"},\"query-input\":{\"@type\":\"PropertyValueSpecification\",\"valueRequired\":true,\"valueName\":\"search_term_string\"}}],\"inLanguage\":\"es\"},{\"@type\":\"Organization\",\"@id\":\"https:\/\/pagina10.com\/web\/#organization\",\"name\":\"P\u00e1gina10\",\"alternateName\":\"P\u00e1gina10 Peri\u00f3dico Regional\",\"url\":\"https:\/\/pagina10.com\/web\/\",\"logo\":{\"@type\":\"ImageObject\",\"inLanguage\":\"es\",\"@id\":\"https:\/\/pagina10.com\/web\/#\/schema\/logo\/image\/\",\"url\":\"https:\/\/pagina10.com\/web\/wp-content\/uploads\/2024\/01\/40-pagina-10-periodico-regional-pasto.jpg\",\"contentUrl\":\"https:\/\/pagina10.com\/web\/wp-content\/uploads\/2024\/01\/40-pagina-10-periodico-regional-pasto.jpg\",\"width\":1280,\"height\":720,\"caption\":\"P\u00e1gina10\"},\"image\":{\"@id\":\"https:\/\/pagina10.com\/web\/#\/schema\/logo\/image\/\"},\"sameAs\":[\"https:\/\/www.facebook.com\/pag10com\",\"https:\/\/x.com\/Pag10com\",\"https:\/\/www.instagram.com\/pagina10col\/\",\"https:\/\/youtube.com\/channel\/pag10\",\"https:\/\/www.tiktok.com\/@p10col\"]},{\"@type\":\"Person\",\"@id\":\"https:\/\/pagina10.com\/web\/#\/schema\/person\/2efc4a090d25b667d3bc796798a3a81b\",\"name\":\"P\u00e1gina 10\",\"description\":\"P\u00e1gina 10 es un peri\u00f3dico regional que nace en Colombia, en el departamento de Nari\u00f1o, con un enfoque global, fundamentado en cuatro pilares esenciales: la libertad, el pluralismo, la inclusi\u00f3n y la independencia. P\u00e1gina 10 hace referencia a Nari\u00f1o como el d\u00e9cimo departamento creado en Colombia, despu\u00e9s de un proceso pol\u00edtico liderado por actores y actrices regionales con el fin de obtener la independencia y autonom\u00eda de nuestros territorios. Con la creaci\u00f3n de P\u00e1gina 10 se pretende abrir un escenario para el dialogo, la reflexi\u00f3n y el debate que se extienda a otras geograf\u00edas de Am\u00e9rica Latina y del planeta, en una apuesta por transformar colectivamente los desaf\u00edos de un mundo contempor\u00e1neo, m\u00e1s all\u00e1 de las fronteras impuestas.\",\"url\":\"https:\/\/pagina10.com\/web\/author\/pdiezadmin\/\"}]}<\/script>\n<!-- \/ Yoast SEO plugin. -->","yoast_head_json":{"title":"Consejero presidencial responde peticiones del sector de la construcci\u00f3n en Nari\u00f1o | P\u00e1gina10","robots":{"index":"index","follow":"follow","max-snippet":"max-snippet:-1","max-image-preview":"max-image-preview:large","max-video-preview":"max-video-preview:-1"},"canonical":"https:\/\/pagina10.com\/web\/consejero-presidencial-responde-peticiones-del-sector-de-la-construccion-en-narino\/","og_locale":"es_ES","og_type":"article","og_title":"Consejero presidencial responde peticiones del sector de la construcci\u00f3n en Nari\u00f1o | P\u00e1gina10","og_description":"En un comunicado oficial conocido en primicia por P\u00e1gina 10, el Consejero Presidencial para las Regiones, Luis Fernando Velazco, respondi\u00f3 la petici\u00f3n presentada por el presidente de Camacol Nari\u00f1o, Jos\u00e9 Antonio Mart\u00ednez quien remiti\u00f3 carta al Departamento Administrativo de la Presidencia con el fin de que se brinde apoyo para el sector de la construcci\u00f3n [&hellip;]","og_url":"https:\/\/pagina10.com\/web\/consejero-presidencial-responde-peticiones-del-sector-de-la-construccion-en-narino\/","og_site_name":"P\u00e1gina10","article_publisher":"https:\/\/www.facebook.com\/pag10com","article_published_time":"2023-02-25T21:16:53+00:00","og_image":[{"width":668,"height":334,"url":"https:\/\/pagina10.com\/web\/wp-content\/uploads\/2023\/02\/Luis-Fernando-Velasco-668x334-1.jpg","type":"image\/jpeg"}],"author":"P\u00e1gina 10","twitter_card":"summary_large_image","twitter_creator":"@Pag10com","twitter_site":"@Pag10com","twitter_misc":{"Escrito por":"P\u00e1gina 10","Tiempo de lectura":"1 minuto"},"schema":{"@context":"https:\/\/schema.org","@graph":[{"@type":"Article","@id":"https:\/\/pagina10.com\/web\/consejero-presidencial-responde-peticiones-del-sector-de-la-construccion-en-narino\/#article","isPartOf":{"@id":"https:\/\/pagina10.com\/web\/consejero-presidencial-responde-peticiones-del-sector-de-la-construccion-en-narino\/"},"author":{"name":"P\u00e1gina 10","@id":"https:\/\/pagina10.com\/web\/#\/schema\/person\/2efc4a090d25b667d3bc796798a3a81b"},"headline":"Consejero presidencial responde peticiones del sector de la construcci\u00f3n en Nari\u00f1o","datePublished":"2023-02-25T21:16:53+00:00","mainEntityOfPage":{"@id":"https:\/\/pagina10.com\/web\/consejero-presidencial-responde-peticiones-del-sector-de-la-construccion-en-narino\/"},"wordCount":311,"commentCount":0,"publisher":{"@id":"https:\/\/pagina10.com\/web\/#organization"},"image":{"@id":"https:\/\/pagina10.com\/web\/consejero-presidencial-responde-peticiones-del-sector-de-la-construccion-en-narino\/#primaryimage"},"thumbnailUrl":"https:\/\/pagina10.com\/web\/wp-content\/uploads\/2023\/02\/Luis-Fernando-Velasco-668x334-1.jpg","articleSection":["Global"],"inLanguage":"es","potentialAction":[{"@type":"CommentAction","name":"Comment","target":["https:\/\/pagina10.com\/web\/consejero-presidencial-responde-peticiones-del-sector-de-la-construccion-en-narino\/#respond"]}]},{"@type":"WebPage","@id":"https:\/\/pagina10.com\/web\/consejero-presidencial-responde-peticiones-del-sector-de-la-construccion-en-narino\/","url":"https:\/\/pagina10.com\/web\/consejero-presidencial-responde-peticiones-del-sector-de-la-construccion-en-narino\/","name":"Consejero presidencial responde peticiones del sector de la construcci\u00f3n en Nari\u00f1o | P\u00e1gina10","isPartOf":{"@id":"https:\/\/pagina10.com\/web\/#website"},"primaryImageOfPage":{"@id":"https:\/\/pagina10.com\/web\/consejero-presidencial-responde-peticiones-del-sector-de-la-construccion-en-narino\/#primaryimage"},"image":{"@id":"https:\/\/pagina10.com\/web\/consejero-presidencial-responde-peticiones-del-sector-de-la-construccion-en-narino\/#primaryimage"},"thumbnailUrl":"https:\/\/pagina10.com\/web\/wp-content\/uploads\/2023\/02\/Luis-Fernando-Velasco-668x334-1.jpg","datePublished":"2023-02-25T21:16:53+00:00","breadcrumb":{"@id":"https:\/\/pagina10.com\/web\/consejero-presidencial-responde-peticiones-del-sector-de-la-construccion-en-narino\/#breadcrumb"},"inLanguage":"es","potentialAction":[{"@type":"ReadAction","target":["https:\/\/pagina10.com\/web\/consejero-presidencial-responde-peticiones-del-sector-de-la-construccion-en-narino\/"]}]},{"@type":"ImageObject","inLanguage":"es","@id":"https:\/\/pagina10.com\/web\/consejero-presidencial-responde-peticiones-del-sector-de-la-construccion-en-narino\/#primaryimage","url":"https:\/\/pagina10.com\/web\/wp-content\/uploads\/2023\/02\/Luis-Fernando-Velasco-668x334-1.jpg","contentUrl":"https:\/\/pagina10.com\/web\/wp-content\/uploads\/2023\/02\/Luis-Fernando-Velasco-668x334-1.jpg","width":668,"height":334},{"@type":"BreadcrumbList","@id":"https:\/\/pagina10.com\/web\/consejero-presidencial-responde-peticiones-del-sector-de-la-construccion-en-narino\/#breadcrumb","itemListElement":[{"@type":"ListItem","position":1,"name":"Portada","item":"https:\/\/pagina10.com\/web\/"},{"@type":"ListItem","position":2,"name":"Consejero presidencial responde peticiones del sector de la construcci\u00f3n en Nari\u00f1o"}]},{"@type":"WebSite","@id":"https:\/\/pagina10.com\/web\/#website","url":"https:\/\/pagina10.com\/web\/","name":"P\u00e1gina10","description":"Peri\u00f3dico Regional","publisher":{"@id":"https:\/\/pagina10.com\/web\/#organization"},"alternateName":"P\u00e1gina10 Peri\u00f3dico Regional","potentialAction":[{"@type":"SearchAction","target":{"@type":"EntryPoint","urlTemplate":"https:\/\/pagina10.com\/web\/?s={search_term_string}"},"query-input":{"@type":"PropertyValueSpecification","valueRequired":true,"valueName":"search_term_string"}}],"inLanguage":"es"},{"@type":"Organization","@id":"https:\/\/pagina10.com\/web\/#organization","name":"P\u00e1gina10","alternateName":"P\u00e1gina10 Peri\u00f3dico Regional","url":"https:\/\/pagina10.com\/web\/","logo":{"@type":"ImageObject","inLanguage":"es","@id":"https:\/\/pagina10.com\/web\/#\/schema\/logo\/image\/","url":"https:\/\/pagina10.com\/web\/wp-content\/uploads\/2024\/01\/40-pagina-10-periodico-regional-pasto.jpg","contentUrl":"https:\/\/pagina10.com\/web\/wp-content\/uploads\/2024\/01\/40-pagina-10-periodico-regional-pasto.jpg","width":1280,"height":720,"caption":"P\u00e1gina10"},"image":{"@id":"https:\/\/pagina10.com\/web\/#\/schema\/logo\/image\/"},"sameAs":["https:\/\/www.facebook.com\/pag10com","https:\/\/x.com\/Pag10com","https:\/\/www.instagram.com\/pagina10col\/","https:\/\/youtube.com\/channel\/pag10","https:\/\/www.tiktok.com\/@p10col"]},{"@type":"Person","@id":"https:\/\/pagina10.com\/web\/#\/schema\/person\/2efc4a090d25b667d3bc796798a3a81b","name":"P\u00e1gina 10","description":"P\u00e1gina 10 es un peri\u00f3dico regional que nace en Colombia, en el departamento de Nari\u00f1o, con un enfoque global, fundamentado en cuatro pilares esenciales: la libertad, el pluralismo, la inclusi\u00f3n y la independencia. P\u00e1gina 10 hace referencia a Nari\u00f1o como el d\u00e9cimo departamento creado en Colombia, despu\u00e9s de un proceso pol\u00edtico liderado por actores y actrices regionales con el fin de obtener la independencia y autonom\u00eda de nuestros territorios. Con la creaci\u00f3n de P\u00e1gina 10 se pretende abrir un escenario para el dialogo, la reflexi\u00f3n y el debate que se extienda a otras geograf\u00edas de Am\u00e9rica Latina y del planeta, en una apuesta por transformar colectivamente los desaf\u00edos de un mundo contempor\u00e1neo, m\u00e1s all\u00e1 de las fronteras impuestas.","url":"https:\/\/pagina10.com\/web\/author\/pdiezadmin\/"}]}},"_links":{"self":[{"href":"https:\/\/pagina10.com\/web\/wp-json\/wp\/v2\/posts\/64788","targetHints":{"allow":["GET"]}}],"collection":[{"href":"https:\/\/pagina10.com\/web\/wp-json\/wp\/v2\/posts"}],"about":[{"href":"https:\/\/pagina10.com\/web\/wp-json\/wp\/v2\/types\/post"}],"author":[{"embeddable":true,"href":"https:\/\/pagina10.com\/web\/wp-json\/wp\/v2\/users\/1"}],"replies":[{"embeddable":true,"href":"https:\/\/pagina10.com\/web\/wp-json\/wp\/v2\/comments?post=64788"}],"version-history":[{"count":1,"href":"https:\/\/pagina10.com\/web\/wp-json\/wp\/v2\/posts\/64788\/revisions"}],"predecessor-version":[{"id":64790,"href":"https:\/\/pagina10.com\/web\/wp-json\/wp\/v2\/posts\/64788\/revisions\/64790"}],"wp:featuredmedia":[{"embeddable":true,"href":"https:\/\/pagina10.com\/web\/wp-json\/wp\/v2\/media\/64789"}],"wp:attachment":[{"href":"https:\/\/pagina10.com\/web\/wp-json\/wp\/v2\/media?parent=64788"}],"wp:term":[{"taxonomy":"category","embeddable":true,"href":"https:\/\/pagina10.com\/web\/wp-json\/wp\/v2\/categories?post=64788"},{"taxonomy":"post_tag","embeddable":true,"href":"https:\/\/pagina10.com\/web\/wp-json\/wp\/v2\/tags?post=64788"}],"curies":[{"name":"wp","href":"https:\/\/api.w.org\/{rel}","templated":true}]}}