{"id":6484,"date":"2014-02-04T00:43:00","date_gmt":"2014-02-04T00:43:00","guid":{"rendered":"https:\/\/pagina10.com\/web\/martes-teatral-la-guagua-presenta-trilogia\/"},"modified":"2014-02-04T00:43:00","modified_gmt":"2014-02-04T00:43:00","slug":"martes-teatral-la-guagua-presenta-trilogia","status":"publish","type":"post","link":"https:\/\/pagina10.com\/web\/martes-teatral-la-guagua-presenta-trilogia\/","title":{"rendered":"MARTES TEATRAL. LA GUAGUA PRESENTA: &#8220;TRILOG\u00cdA&#8221;"},"content":{"rendered":"<p><img fetchpriority=\"high\" decoding=\"async\" class=\" size-full wp-image-6483\" src=\"https:\/\/pagina10.com\/web\/wp-content\/uploads\/2014\/02\/388e00cea7b04a25bc8bc7fb61cbe2af.jpg\" alt=\"\" width=\"960\" height=\"355\" srcset=\"https:\/\/pagina10.com\/web\/wp-content\/uploads\/2014\/02\/388e00cea7b04a25bc8bc7fb61cbe2af.jpg 960w, https:\/\/pagina10.com\/web\/wp-content\/uploads\/2014\/02\/388e00cea7b04a25bc8bc7fb61cbe2af-300x111.jpg 300w, https:\/\/pagina10.com\/web\/wp-content\/uploads\/2014\/02\/388e00cea7b04a25bc8bc7fb61cbe2af-768x284.jpg 768w\" sizes=\"(max-width: 960px) 100vw, 960px\" \/><\/p>\n<p style=\"text-align: justify;\">Casa Teatro La Guagua presenta para este martes 4 de febrero el grupo teatral Unicornio &nbsp;Universidad Mariana con su obra, \u201cTRILOG\u00cdA\u201d, bajo la Direcci\u00f3n de Wilson Caicedo Mart\u00ednez. &nbsp;La musicalizaci\u00f3n de Oscar Erazo, Vladimir Timaran y Michael L\u00f3pez.<\/p>\n<p>  <!--more-->  <\/p>\n<p style=\"text-align: justify;\">Este talentoso grupo nari\u00f1ense desde hace 17 a\u00f1os presenta reflexiones cotidianas de los estudiantes frente a la ciudad y sus problemas desde el escenario teatral, retando al cuerpo a una aventura fant\u00e1stica lejos de los pupitres, las aulas, las fotocopias y los parciales.<\/p>\n<p style=\"text-align: justify;\">&nbsp;<\/p>\n<p style=\"text-align: justify;\"><strong>RESE\u00d1A:<\/strong><\/p>\n<p style=\"text-align: justify;\"><strong>&nbsp;<\/strong><\/p>\n<p style=\"text-align: justify;\">Conjunto c\u00f3mico &#8211; dram\u00e1tico de tres piezas cortas, donde se recrea el amor, las pasiones y el imaginario andino. En \u201cEva\u201d texto adaptado de Dar\u00edo Fo, se dan cita los primeros padres para hablar en medio del para\u00edso del amor, con su inocencia y pasi\u00f3n propias de un autentico romance que se castig\u00f3 con destierro. En la segunda pieza \u201csobre el da\u00f1o que produce el tabaco\u201d adaptaci\u00f3n del texto de Anton Chejov, un hombre se debate con sus pasiones en medio del p\u00fablico que espera una conferencia. Y finalmente en \u201cEl Sue\u00f1o del pongo\u201d, Unicornio propone una reflexi\u00f3n sobre el ser andino que resurge entre las cenizas en su lucha milenaria por identidad y territorio, a partir del texto del peruano Jos\u00e9 Mar\u00eda Arguedas<\/p>\n<p style=\"text-align: justify;\">&nbsp;<\/p>\n<p style=\"text-align: justify;\"><strong>BOLETER\u00cdA:<\/strong><\/p>\n<p style=\"text-align: justify;\">$ 5.000 EN PREVENTA<\/p>\n<p style=\"text-align: justify;\">$ 7.000 EN TAQUILLA<\/p>\n<p style=\"text-align: justify;\">&nbsp;<\/p>\n<p style=\"text-align: justify;\">A todos los interesados y aficionados por las buenas representaciones art\u00edsticas, Teatro La Guagua los espera en su sede ubicada en la Cra. 35 # 15-07 El Bosque-San Ignacio.<\/p>\n<p style=\"text-align: justify;\">&nbsp;<\/p>\n<p style=\"text-align: justify;\">Mayores informes: <a href=\"https:\/\/www.facebook.com\/laguagua?fref=ts\"><\/a><a href=\"https:\/\/www.facebook.com\/laguagua?fref=ts\">https:\/\/www.facebook.com\/laguagua?fref=ts<\/a><\/p>\n","protected":false},"excerpt":{"rendered":"<p>Casa Teatro La Guagua presenta para este martes 4 de febrero el grupo teatral Unicornio &nbsp;Universidad Mariana con su obra, \u201cTRILOG\u00cdA\u201d, bajo la Direcci\u00f3n de Wilson Caicedo Mart\u00ednez. &nbsp;La musicalizaci\u00f3n de Oscar Erazo, Vladimir Timaran y Michael L\u00f3pez.<\/p>\n","protected":false},"author":29,"featured_media":6483,"comment_status":"open","ping_status":"open","sticky":false,"template":"","format":"standard","meta":{"footnotes":""},"categories":[82],"tags":[],"class_list":["post-6484","post","type-post","status-publish","format-standard","has-post-thumbnail","hentry","category-ciudad-2"],"yoast_head":"<!-- This site is optimized with the Yoast SEO plugin v27.1.1 - https:\/\/yoast.com\/product\/yoast-seo-wordpress\/ -->\n<title>MARTES TEATRAL. LA GUAGUA PRESENTA: &quot;TRILOG\u00cdA&quot; | P\u00e1gina10<\/title>\n<meta name=\"robots\" content=\"index, follow, max-snippet:-1, max-image-preview:large, max-video-preview:-1\" \/>\n<link rel=\"canonical\" href=\"https:\/\/pagina10.com\/web\/martes-teatral-la-guagua-presenta-trilogia\/\" \/>\n<meta property=\"og:locale\" content=\"es_ES\" \/>\n<meta property=\"og:type\" content=\"article\" \/>\n<meta property=\"og:title\" content=\"MARTES TEATRAL. LA GUAGUA PRESENTA: &quot;TRILOG\u00cdA&quot; | P\u00e1gina10\" \/>\n<meta property=\"og:description\" content=\"Casa Teatro La Guagua presenta para este martes 4 de febrero el grupo teatral Unicornio &nbsp;Universidad Mariana con su obra, \u201cTRILOG\u00cdA\u201d, bajo la Direcci\u00f3n de Wilson Caicedo Mart\u00ednez. &nbsp;La musicalizaci\u00f3n de Oscar Erazo, Vladimir Timaran y Michael L\u00f3pez.\" \/>\n<meta property=\"og:url\" content=\"https:\/\/pagina10.com\/web\/martes-teatral-la-guagua-presenta-trilogia\/\" \/>\n<meta property=\"og:site_name\" content=\"P\u00e1gina10\" \/>\n<meta property=\"article:publisher\" content=\"https:\/\/www.facebook.com\/pag10com\" \/>\n<meta property=\"article:published_time\" content=\"2014-02-04T00:43:00+00:00\" \/>\n<meta property=\"og:image\" content=\"https:\/\/pagina10.com\/web\/wp-content\/uploads\/2014\/02\/388e00cea7b04a25bc8bc7fb61cbe2af.jpg\" \/>\n\t<meta property=\"og:image:width\" content=\"960\" \/>\n\t<meta property=\"og:image:height\" content=\"355\" \/>\n\t<meta property=\"og:image:type\" content=\"image\/jpeg\" \/>\n<meta name=\"author\" content=\"P\u00e1gina 10\" \/>\n<meta name=\"twitter:card\" content=\"summary_large_image\" \/>\n<meta name=\"twitter:creator\" content=\"@Pag10com\" \/>\n<meta name=\"twitter:site\" content=\"@Pag10com\" \/>\n<meta name=\"twitter:label1\" content=\"Escrito por\" \/>\n\t<meta name=\"twitter:data1\" content=\"P\u00e1gina 10\" \/>\n\t<meta name=\"twitter:label2\" content=\"Tiempo de lectura\" \/>\n\t<meta name=\"twitter:data2\" content=\"1 minuto\" \/>\n<script type=\"application\/ld+json\" class=\"yoast-schema-graph\">{\"@context\":\"https:\/\/schema.org\",\"@graph\":[{\"@type\":\"Article\",\"@id\":\"https:\/\/pagina10.com\/web\/martes-teatral-la-guagua-presenta-trilogia\/#article\",\"isPartOf\":{\"@id\":\"https:\/\/pagina10.com\/web\/martes-teatral-la-guagua-presenta-trilogia\/\"},\"author\":{\"name\":\"P\u00e1gina 10\",\"@id\":\"https:\/\/pagina10.com\/web\/#\/schema\/person\/a7a5d38f0629dfc107f619fbae4f6cc3\"},\"headline\":\"MARTES TEATRAL. LA GUAGUA PRESENTA: &#8220;TRILOG\u00cdA&#8221;\",\"datePublished\":\"2014-02-04T00:43:00+00:00\",\"mainEntityOfPage\":{\"@id\":\"https:\/\/pagina10.com\/web\/martes-teatral-la-guagua-presenta-trilogia\/\"},\"wordCount\":281,\"commentCount\":0,\"publisher\":{\"@id\":\"https:\/\/pagina10.com\/web\/#organization\"},\"image\":{\"@id\":\"https:\/\/pagina10.com\/web\/martes-teatral-la-guagua-presenta-trilogia\/#primaryimage\"},\"thumbnailUrl\":\"https:\/\/pagina10.com\/web\/wp-content\/uploads\/2014\/02\/388e00cea7b04a25bc8bc7fb61cbe2af.jpg\",\"articleSection\":[\"Ciudad\"],\"inLanguage\":\"es\",\"potentialAction\":[{\"@type\":\"CommentAction\",\"name\":\"Comment\",\"target\":[\"https:\/\/pagina10.com\/web\/martes-teatral-la-guagua-presenta-trilogia\/#respond\"]}]},{\"@type\":\"WebPage\",\"@id\":\"https:\/\/pagina10.com\/web\/martes-teatral-la-guagua-presenta-trilogia\/\",\"url\":\"https:\/\/pagina10.com\/web\/martes-teatral-la-guagua-presenta-trilogia\/\",\"name\":\"MARTES TEATRAL. LA GUAGUA PRESENTA: \\\"TRILOG\u00cdA\\\" | P\u00e1gina10\",\"isPartOf\":{\"@id\":\"https:\/\/pagina10.com\/web\/#website\"},\"primaryImageOfPage\":{\"@id\":\"https:\/\/pagina10.com\/web\/martes-teatral-la-guagua-presenta-trilogia\/#primaryimage\"},\"image\":{\"@id\":\"https:\/\/pagina10.com\/web\/martes-teatral-la-guagua-presenta-trilogia\/#primaryimage\"},\"thumbnailUrl\":\"https:\/\/pagina10.com\/web\/wp-content\/uploads\/2014\/02\/388e00cea7b04a25bc8bc7fb61cbe2af.jpg\",\"datePublished\":\"2014-02-04T00:43:00+00:00\",\"breadcrumb\":{\"@id\":\"https:\/\/pagina10.com\/web\/martes-teatral-la-guagua-presenta-trilogia\/#breadcrumb\"},\"inLanguage\":\"es\",\"potentialAction\":[{\"@type\":\"ReadAction\",\"target\":[\"https:\/\/pagina10.com\/web\/martes-teatral-la-guagua-presenta-trilogia\/\"]}]},{\"@type\":\"ImageObject\",\"inLanguage\":\"es\",\"@id\":\"https:\/\/pagina10.com\/web\/martes-teatral-la-guagua-presenta-trilogia\/#primaryimage\",\"url\":\"https:\/\/pagina10.com\/web\/wp-content\/uploads\/2014\/02\/388e00cea7b04a25bc8bc7fb61cbe2af.jpg\",\"contentUrl\":\"https:\/\/pagina10.com\/web\/wp-content\/uploads\/2014\/02\/388e00cea7b04a25bc8bc7fb61cbe2af.jpg\",\"width\":960,\"height\":355},{\"@type\":\"BreadcrumbList\",\"@id\":\"https:\/\/pagina10.com\/web\/martes-teatral-la-guagua-presenta-trilogia\/#breadcrumb\",\"itemListElement\":[{\"@type\":\"ListItem\",\"position\":1,\"name\":\"Portada\",\"item\":\"https:\/\/pagina10.com\/web\/\"},{\"@type\":\"ListItem\",\"position\":2,\"name\":\"MARTES TEATRAL. LA GUAGUA PRESENTA: &#8220;TRILOG\u00cdA&#8221;\"}]},{\"@type\":\"WebSite\",\"@id\":\"https:\/\/pagina10.com\/web\/#website\",\"url\":\"https:\/\/pagina10.com\/web\/\",\"name\":\"P\u00e1gina10\",\"description\":\"Peri\u00f3dico Regional\",\"publisher\":{\"@id\":\"https:\/\/pagina10.com\/web\/#organization\"},\"alternateName\":\"P\u00e1gina10 Peri\u00f3dico Regional\",\"potentialAction\":[{\"@type\":\"SearchAction\",\"target\":{\"@type\":\"EntryPoint\",\"urlTemplate\":\"https:\/\/pagina10.com\/web\/?s={search_term_string}\"},\"query-input\":{\"@type\":\"PropertyValueSpecification\",\"valueRequired\":true,\"valueName\":\"search_term_string\"}}],\"inLanguage\":\"es\"},{\"@type\":\"Organization\",\"@id\":\"https:\/\/pagina10.com\/web\/#organization\",\"name\":\"P\u00e1gina10\",\"alternateName\":\"P\u00e1gina10 Peri\u00f3dico Regional\",\"url\":\"https:\/\/pagina10.com\/web\/\",\"logo\":{\"@type\":\"ImageObject\",\"inLanguage\":\"es\",\"@id\":\"https:\/\/pagina10.com\/web\/#\/schema\/logo\/image\/\",\"url\":\"https:\/\/pagina10.com\/web\/wp-content\/uploads\/2024\/01\/40-pagina-10-periodico-regional-pasto.jpg\",\"contentUrl\":\"https:\/\/pagina10.com\/web\/wp-content\/uploads\/2024\/01\/40-pagina-10-periodico-regional-pasto.jpg\",\"width\":1280,\"height\":720,\"caption\":\"P\u00e1gina10\"},\"image\":{\"@id\":\"https:\/\/pagina10.com\/web\/#\/schema\/logo\/image\/\"},\"sameAs\":[\"https:\/\/www.facebook.com\/pag10com\",\"https:\/\/x.com\/Pag10com\",\"https:\/\/www.instagram.com\/pagina10col\/\",\"https:\/\/youtube.com\/channel\/pag10\",\"https:\/\/www.tiktok.com\/@p10col\"]},{\"@type\":\"Person\",\"@id\":\"https:\/\/pagina10.com\/web\/#\/schema\/person\/a7a5d38f0629dfc107f619fbae4f6cc3\",\"name\":\"P\u00e1gina 10\",\"description\":\"P\u00e1gina10.com es un peri\u00f3dico digital que nace en Colombia, en el departamento de Nari\u00f1o, con un enfoque global, fundamentado en cuatro pilares esenciales: la libertad, el pluralismo, la inclusi\u00f3n y la independencia. P\u00e1gina10.com hace referencia a Nari\u00f1o como el d\u00e9cimo departamento creado en Colombia, despu\u00e9s de un proceso pol\u00edtico liderado por actores y actrices regionales con el fin de obtener la independencia y autonom\u00eda de nuestros territorios. Con la creaci\u00f3n de P\u00e1gina10.com se pretende abrir un escenario para el dialogo, la reflexi\u00f3n y el debate que se extienda a otras geograf\u00edas de Am\u00e9rica Latina y del planeta, en una apuesta por transformar colectivamente los desaf\u00edos de un mundo contempor\u00e1neo, m\u00e1s all\u00e1 de las fronteras impuestas.\",\"url\":\"https:\/\/pagina10.com\/web\/author\/mcepeda\/\"}]}<\/script>\n<!-- \/ Yoast SEO plugin. -->","yoast_head_json":{"title":"MARTES TEATRAL. LA GUAGUA PRESENTA: \"TRILOG\u00cdA\" | P\u00e1gina10","robots":{"index":"index","follow":"follow","max-snippet":"max-snippet:-1","max-image-preview":"max-image-preview:large","max-video-preview":"max-video-preview:-1"},"canonical":"https:\/\/pagina10.com\/web\/martes-teatral-la-guagua-presenta-trilogia\/","og_locale":"es_ES","og_type":"article","og_title":"MARTES TEATRAL. LA GUAGUA PRESENTA: \"TRILOG\u00cdA\" | P\u00e1gina10","og_description":"Casa Teatro La Guagua presenta para este martes 4 de febrero el grupo teatral Unicornio &nbsp;Universidad Mariana con su obra, \u201cTRILOG\u00cdA\u201d, bajo la Direcci\u00f3n de Wilson Caicedo Mart\u00ednez. &nbsp;La musicalizaci\u00f3n de Oscar Erazo, Vladimir Timaran y Michael L\u00f3pez.","og_url":"https:\/\/pagina10.com\/web\/martes-teatral-la-guagua-presenta-trilogia\/","og_site_name":"P\u00e1gina10","article_publisher":"https:\/\/www.facebook.com\/pag10com","article_published_time":"2014-02-04T00:43:00+00:00","og_image":[{"width":960,"height":355,"url":"https:\/\/pagina10.com\/web\/wp-content\/uploads\/2014\/02\/388e00cea7b04a25bc8bc7fb61cbe2af.jpg","type":"image\/jpeg"}],"author":"P\u00e1gina 10","twitter_card":"summary_large_image","twitter_creator":"@Pag10com","twitter_site":"@Pag10com","twitter_misc":{"Escrito por":"P\u00e1gina 10","Tiempo de lectura":"1 minuto"},"schema":{"@context":"https:\/\/schema.org","@graph":[{"@type":"Article","@id":"https:\/\/pagina10.com\/web\/martes-teatral-la-guagua-presenta-trilogia\/#article","isPartOf":{"@id":"https:\/\/pagina10.com\/web\/martes-teatral-la-guagua-presenta-trilogia\/"},"author":{"name":"P\u00e1gina 10","@id":"https:\/\/pagina10.com\/web\/#\/schema\/person\/a7a5d38f0629dfc107f619fbae4f6cc3"},"headline":"MARTES TEATRAL. LA GUAGUA PRESENTA: &#8220;TRILOG\u00cdA&#8221;","datePublished":"2014-02-04T00:43:00+00:00","mainEntityOfPage":{"@id":"https:\/\/pagina10.com\/web\/martes-teatral-la-guagua-presenta-trilogia\/"},"wordCount":281,"commentCount":0,"publisher":{"@id":"https:\/\/pagina10.com\/web\/#organization"},"image":{"@id":"https:\/\/pagina10.com\/web\/martes-teatral-la-guagua-presenta-trilogia\/#primaryimage"},"thumbnailUrl":"https:\/\/pagina10.com\/web\/wp-content\/uploads\/2014\/02\/388e00cea7b04a25bc8bc7fb61cbe2af.jpg","articleSection":["Ciudad"],"inLanguage":"es","potentialAction":[{"@type":"CommentAction","name":"Comment","target":["https:\/\/pagina10.com\/web\/martes-teatral-la-guagua-presenta-trilogia\/#respond"]}]},{"@type":"WebPage","@id":"https:\/\/pagina10.com\/web\/martes-teatral-la-guagua-presenta-trilogia\/","url":"https:\/\/pagina10.com\/web\/martes-teatral-la-guagua-presenta-trilogia\/","name":"MARTES TEATRAL. LA GUAGUA PRESENTA: \"TRILOG\u00cdA\" | P\u00e1gina10","isPartOf":{"@id":"https:\/\/pagina10.com\/web\/#website"},"primaryImageOfPage":{"@id":"https:\/\/pagina10.com\/web\/martes-teatral-la-guagua-presenta-trilogia\/#primaryimage"},"image":{"@id":"https:\/\/pagina10.com\/web\/martes-teatral-la-guagua-presenta-trilogia\/#primaryimage"},"thumbnailUrl":"https:\/\/pagina10.com\/web\/wp-content\/uploads\/2014\/02\/388e00cea7b04a25bc8bc7fb61cbe2af.jpg","datePublished":"2014-02-04T00:43:00+00:00","breadcrumb":{"@id":"https:\/\/pagina10.com\/web\/martes-teatral-la-guagua-presenta-trilogia\/#breadcrumb"},"inLanguage":"es","potentialAction":[{"@type":"ReadAction","target":["https:\/\/pagina10.com\/web\/martes-teatral-la-guagua-presenta-trilogia\/"]}]},{"@type":"ImageObject","inLanguage":"es","@id":"https:\/\/pagina10.com\/web\/martes-teatral-la-guagua-presenta-trilogia\/#primaryimage","url":"https:\/\/pagina10.com\/web\/wp-content\/uploads\/2014\/02\/388e00cea7b04a25bc8bc7fb61cbe2af.jpg","contentUrl":"https:\/\/pagina10.com\/web\/wp-content\/uploads\/2014\/02\/388e00cea7b04a25bc8bc7fb61cbe2af.jpg","width":960,"height":355},{"@type":"BreadcrumbList","@id":"https:\/\/pagina10.com\/web\/martes-teatral-la-guagua-presenta-trilogia\/#breadcrumb","itemListElement":[{"@type":"ListItem","position":1,"name":"Portada","item":"https:\/\/pagina10.com\/web\/"},{"@type":"ListItem","position":2,"name":"MARTES TEATRAL. LA GUAGUA PRESENTA: &#8220;TRILOG\u00cdA&#8221;"}]},{"@type":"WebSite","@id":"https:\/\/pagina10.com\/web\/#website","url":"https:\/\/pagina10.com\/web\/","name":"P\u00e1gina10","description":"Peri\u00f3dico Regional","publisher":{"@id":"https:\/\/pagina10.com\/web\/#organization"},"alternateName":"P\u00e1gina10 Peri\u00f3dico Regional","potentialAction":[{"@type":"SearchAction","target":{"@type":"EntryPoint","urlTemplate":"https:\/\/pagina10.com\/web\/?s={search_term_string}"},"query-input":{"@type":"PropertyValueSpecification","valueRequired":true,"valueName":"search_term_string"}}],"inLanguage":"es"},{"@type":"Organization","@id":"https:\/\/pagina10.com\/web\/#organization","name":"P\u00e1gina10","alternateName":"P\u00e1gina10 Peri\u00f3dico Regional","url":"https:\/\/pagina10.com\/web\/","logo":{"@type":"ImageObject","inLanguage":"es","@id":"https:\/\/pagina10.com\/web\/#\/schema\/logo\/image\/","url":"https:\/\/pagina10.com\/web\/wp-content\/uploads\/2024\/01\/40-pagina-10-periodico-regional-pasto.jpg","contentUrl":"https:\/\/pagina10.com\/web\/wp-content\/uploads\/2024\/01\/40-pagina-10-periodico-regional-pasto.jpg","width":1280,"height":720,"caption":"P\u00e1gina10"},"image":{"@id":"https:\/\/pagina10.com\/web\/#\/schema\/logo\/image\/"},"sameAs":["https:\/\/www.facebook.com\/pag10com","https:\/\/x.com\/Pag10com","https:\/\/www.instagram.com\/pagina10col\/","https:\/\/youtube.com\/channel\/pag10","https:\/\/www.tiktok.com\/@p10col"]},{"@type":"Person","@id":"https:\/\/pagina10.com\/web\/#\/schema\/person\/a7a5d38f0629dfc107f619fbae4f6cc3","name":"P\u00e1gina 10","description":"P\u00e1gina10.com es un peri\u00f3dico digital que nace en Colombia, en el departamento de Nari\u00f1o, con un enfoque global, fundamentado en cuatro pilares esenciales: la libertad, el pluralismo, la inclusi\u00f3n y la independencia. P\u00e1gina10.com hace referencia a Nari\u00f1o como el d\u00e9cimo departamento creado en Colombia, despu\u00e9s de un proceso pol\u00edtico liderado por actores y actrices regionales con el fin de obtener la independencia y autonom\u00eda de nuestros territorios. Con la creaci\u00f3n de P\u00e1gina10.com se pretende abrir un escenario para el dialogo, la reflexi\u00f3n y el debate que se extienda a otras geograf\u00edas de Am\u00e9rica Latina y del planeta, en una apuesta por transformar colectivamente los desaf\u00edos de un mundo contempor\u00e1neo, m\u00e1s all\u00e1 de las fronteras impuestas.","url":"https:\/\/pagina10.com\/web\/author\/mcepeda\/"}]}},"_links":{"self":[{"href":"https:\/\/pagina10.com\/web\/wp-json\/wp\/v2\/posts\/6484","targetHints":{"allow":["GET"]}}],"collection":[{"href":"https:\/\/pagina10.com\/web\/wp-json\/wp\/v2\/posts"}],"about":[{"href":"https:\/\/pagina10.com\/web\/wp-json\/wp\/v2\/types\/post"}],"author":[{"embeddable":true,"href":"https:\/\/pagina10.com\/web\/wp-json\/wp\/v2\/users\/29"}],"replies":[{"embeddable":true,"href":"https:\/\/pagina10.com\/web\/wp-json\/wp\/v2\/comments?post=6484"}],"version-history":[{"count":0,"href":"https:\/\/pagina10.com\/web\/wp-json\/wp\/v2\/posts\/6484\/revisions"}],"wp:featuredmedia":[{"embeddable":true,"href":"https:\/\/pagina10.com\/web\/wp-json\/wp\/v2\/media\/6483"}],"wp:attachment":[{"href":"https:\/\/pagina10.com\/web\/wp-json\/wp\/v2\/media?parent=6484"}],"wp:term":[{"taxonomy":"category","embeddable":true,"href":"https:\/\/pagina10.com\/web\/wp-json\/wp\/v2\/categories?post=6484"},{"taxonomy":"post_tag","embeddable":true,"href":"https:\/\/pagina10.com\/web\/wp-json\/wp\/v2\/tags?post=6484"}],"curies":[{"name":"wp","href":"https:\/\/api.w.org\/{rel}","templated":true}]}}