{"id":64877,"date":"2023-02-28T17:13:34","date_gmt":"2023-02-28T22:13:34","guid":{"rendered":"https:\/\/pagina10.com\/web\/?p=64877"},"modified":"2023-02-28T17:13:34","modified_gmt":"2023-02-28T22:13:34","slug":"declaratoria-de-emergencia-economica-ya","status":"publish","type":"post","link":"https:\/\/pagina10.com\/web\/declaratoria-de-emergencia-economica-ya\/","title":{"rendered":"\u00a1Declaratoria de emergencia econ\u00f3mica ya!"},"content":{"rendered":"<p style=\"text-align: justify;\">De las cosas preocupantes que le pueden ocurrir a una comunidad es que se habit\u00fae a las condiciones infernales. Como la f\u00e1bula de la rana y el agua hirviendo: una vez una rana salto a una olla de agua hirviendo, de inmediato escap\u00f3; su instinto hizo que se salvara de perecer. Otro d\u00eda la misma olla estaba llena de agua fr\u00eda. Una rana salt\u00f3 dentro y nad\u00f3 tranquila. Lo que no sab\u00eda es que el agua se iba calentando poco a poco que lleg\u00f3 a estar templada y luego caliente, y la rana muri\u00f3 de calor. La moraleja es que, si te vas acomodando y acostumbrando sin reflexionar sobre los cambios, es posible que pierdas el norte y termine afectando tu calidad de vida. Es por ello que es importante mantener el esp\u00edritu cr\u00edtico para descubrir los cambios que acontecen a tu alrededor y saber si la situaci\u00f3n te conviene o no.<\/p>\n<p style=\"text-align: justify;\">\n<p style=\"text-align: justify;\">Esta f\u00e1bula es bien tra\u00edda para lo que nos acontece en el departamento de Nari\u00f1o, en particular: al principio de la crisis ocasionada por los deslizamientos de tierra en Rosas, Cauca, hubo una gran preocupaci\u00f3n de la comunidad en general ante el desabastecimiento de combustibles y tener que ba\u00f1arnos con agua fr\u00eda por el racionamiento del gas. Poco a poco se fueron incrementando los precios en los art\u00edculos de la canasta familiar, los pasajes, la comida en los restaurantes, entre otros. Luego, ya empez\u00f3 a llegar la gasolina por Tumaco y Ecuador, pero los precios de las mercanc\u00edas no bajaron, y nos vamos acostumbrando a que eso sea una norma.<\/p>\n<p style=\"text-align: justify;\">\n<p style=\"text-align: justify;\">Pero tambi\u00e9n hist\u00f3ricamente, nos habituamos a tener una trocha peligrosa que comunica con el Putumayo, llamada el \u2018Trampol\u00edn de la Muerte\u2019. Asumimos una conducta del conformismo; cuando Latinoam\u00e9rica y el mundo poseen carreteras de cuarta generaci\u00f3n. Lo que fue una esperanza postergada, al fin con el gobierno Petro ser\u00e1 realidad la variante San Francisco-Mocoa, ya est\u00e1n comprometidos los recursos.<\/p>\n<p style=\"text-align: justify;\">\n<p style=\"text-align: justify;\">Hemos sido como la rana que se olvida que la temperatura est\u00e1 aumentando, y que en alg\u00fan momento puede sufrir un colapso, cuando sabemos plenamente que hay una falla geol\u00f3gica que hace que la tierra se deslice en cualquier momento y ocasione una tragedia, como la que vivimos apenas despuntaba el a\u00f1o. Las gentes del sur sab\u00edamos plenamente de la urgente necesidad de construir la variante Timb\u00edo-El Estanquillo. Pero pudo m\u00e1s la negligencia, y los caciques que, en su af\u00e1n de conseguir votos, le negaron a la poblaci\u00f3n del lugar la posibilidad de reubicarse de ante el inminente peligro.<\/p>\n<p style=\"text-align: justify;\">\n<p style=\"text-align: justify;\">El bloqueo de la v\u00eda, por el deslizamiento de tierra en Rosas, deja p\u00e9rdidas que ascienden a 1.6 billones de pesos entre los departamentos de Cauca y Nari\u00f1o. En total, unos 10 mil empleos estar\u00edan vacantes; la construcci\u00f3n se paraliza por falta de insumos. De acuerdo a la C\u00e1mara de Comercio de Pasto, ha habido un incremento de la cancelaci\u00f3n de matr\u00edculas; una p\u00e9rdida de 250.000 litros de leche que habitualmente son transportados a plantas de procesamiento del Valle del Cauca.<\/p>\n<p style=\"text-align: justify;\">\n<p style=\"text-align: justify;\">Pero se normaliz\u00f3 la venta de gasolina, y parece que hubiera llegado la gran soluci\u00f3n. La gasolina llega por el puerto de Tumaco, pero seguimos aislados porque no llegan los insumos para los dem\u00e1s sectores de la econom\u00eda. El turismo se viene al suelo con una emergencia de estas.<\/p>\n<p style=\"text-align: justify;\">\n<p style=\"text-align: justify;\">Es por ello que el presidente Petro debe escuchar el clamor de los nari\u00f1enses y declarar la emergencia econ\u00f3mica para restaurar la maltrecha econom\u00eda de la regi\u00f3n. Seg\u00fan la Constituci\u00f3n Pol\u00edtica, una emergencia econ\u00f3mica se da cuando se presentan hechos que perturben o amenacen de forma grave e inminente el orden econ\u00f3mico y social o si constituyen una grave calamidad p\u00fablica. Elementos suficientes para su declaratoria. El Presidente podr\u00e1 declarar estado de emergencia por periodos de 30 d\u00edas y hasta 90 d\u00edas.<\/p>\n<p style=\"text-align: justify;\">\n<p style=\"text-align: justify;\">Al presidente Petro le pedimos que en la zona afectada por la emergencia se rebaje el valor del cobro del IVA en los productos de la canasta familiar, se rebaje las tarifas de los servicios p\u00fablicos, se establezcan descuentos importantes en el pago del impuesto predial y de rodamiento de veh\u00edculos. La situaci\u00f3n no es para menos.<\/p>\n<p style=\"text-align: justify;\">\n<p style=\"text-align: justify;\">No podemos acostumbrarnos a la situaci\u00f3n cr\u00edtica, como lo hacen los batracios. Afrontemos esta crisis con criterios que nos permitan mitigar la situaci\u00f3n dif\u00edcil. \u00a1Declaratoria de emergencia econ\u00f3mica ya!<\/p>\n","protected":false},"excerpt":{"rendered":"<p>De las cosas preocupantes que le pueden ocurrir a una comunidad es que se habit\u00fae a las condiciones infernales. Como la f\u00e1bula de la rana y el agua hirviendo: una vez una rana salto a una olla de agua hirviendo, de inmediato escap\u00f3; su instinto hizo que se salvara de perecer. Otro d\u00eda la misma [&hellip;]<\/p>\n","protected":false},"author":65,"featured_media":64878,"comment_status":"open","ping_status":"open","sticky":false,"template":"","format":"standard","meta":{"footnotes":""},"categories":[53],"tags":[],"class_list":["post-64877","post","type-post","status-publish","format-standard","has-post-thumbnail","hentry","category-regiones"],"yoast_head":"<!-- This site is optimized with the Yoast SEO plugin v27.1.1 - https:\/\/yoast.com\/product\/yoast-seo-wordpress\/ -->\n<title>\u00a1Declaratoria de emergencia econ\u00f3mica ya! | P\u00e1gina10<\/title>\n<meta name=\"robots\" content=\"index, follow, max-snippet:-1, max-image-preview:large, max-video-preview:-1\" \/>\n<link rel=\"canonical\" href=\"https:\/\/pagina10.com\/web\/declaratoria-de-emergencia-economica-ya\/\" \/>\n<meta property=\"og:locale\" content=\"es_ES\" \/>\n<meta property=\"og:type\" content=\"article\" \/>\n<meta property=\"og:title\" content=\"\u00a1Declaratoria de emergencia econ\u00f3mica ya! | P\u00e1gina10\" \/>\n<meta property=\"og:description\" content=\"De las cosas preocupantes que le pueden ocurrir a una comunidad es que se habit\u00fae a las condiciones infernales. Como la f\u00e1bula de la rana y el agua hirviendo: una vez una rana salto a una olla de agua hirviendo, de inmediato escap\u00f3; su instinto hizo que se salvara de perecer. Otro d\u00eda la misma [&hellip;]\" \/>\n<meta property=\"og:url\" content=\"https:\/\/pagina10.com\/web\/declaratoria-de-emergencia-economica-ya\/\" \/>\n<meta property=\"og:site_name\" content=\"P\u00e1gina10\" \/>\n<meta property=\"article:publisher\" content=\"https:\/\/www.facebook.com\/pag10com\" \/>\n<meta property=\"article:published_time\" content=\"2023-02-28T22:13:34+00:00\" \/>\n<meta property=\"og:image\" content=\"https:\/\/pagina10.com\/web\/wp-content\/uploads\/2023\/02\/WhatsApp-Image-2023-02-27-at-10.37.11-PM-1.jpeg\" \/>\n\t<meta property=\"og:image:width\" content=\"700\" \/>\n\t<meta property=\"og:image:height\" content=\"526\" \/>\n\t<meta property=\"og:image:type\" content=\"image\/jpeg\" \/>\n<meta name=\"author\" content=\"Anibal Ar\u00e9valo Rosero\" \/>\n<meta name=\"twitter:card\" content=\"summary_large_image\" \/>\n<meta name=\"twitter:creator\" content=\"@Pag10com\" \/>\n<meta name=\"twitter:site\" content=\"@Pag10com\" \/>\n<meta name=\"twitter:label1\" content=\"Escrito por\" \/>\n\t<meta name=\"twitter:data1\" content=\"Anibal Ar\u00e9valo Rosero\" \/>\n\t<meta name=\"twitter:label2\" content=\"Tiempo de lectura\" \/>\n\t<meta name=\"twitter:data2\" content=\"4 minutos\" \/>\n<script type=\"application\/ld+json\" class=\"yoast-schema-graph\">{\"@context\":\"https:\/\/schema.org\",\"@graph\":[{\"@type\":\"Article\",\"@id\":\"https:\/\/pagina10.com\/web\/declaratoria-de-emergencia-economica-ya\/#article\",\"isPartOf\":{\"@id\":\"https:\/\/pagina10.com\/web\/declaratoria-de-emergencia-economica-ya\/\"},\"author\":{\"name\":\"Anibal Ar\u00e9valo Rosero\",\"@id\":\"https:\/\/pagina10.com\/web\/#\/schema\/person\/9ec3e2b432363a195d2d01bf820c66fe\"},\"headline\":\"\u00a1Declaratoria de emergencia econ\u00f3mica ya!\",\"datePublished\":\"2023-02-28T22:13:34+00:00\",\"mainEntityOfPage\":{\"@id\":\"https:\/\/pagina10.com\/web\/declaratoria-de-emergencia-economica-ya\/\"},\"wordCount\":781,\"commentCount\":0,\"publisher\":{\"@id\":\"https:\/\/pagina10.com\/web\/#organization\"},\"image\":{\"@id\":\"https:\/\/pagina10.com\/web\/declaratoria-de-emergencia-economica-ya\/#primaryimage\"},\"thumbnailUrl\":\"https:\/\/pagina10.com\/web\/wp-content\/uploads\/2023\/02\/WhatsApp-Image-2023-02-27-at-10.37.11-PM-1.jpeg\",\"articleSection\":[\"Regiones\"],\"inLanguage\":\"es\",\"potentialAction\":[{\"@type\":\"CommentAction\",\"name\":\"Comment\",\"target\":[\"https:\/\/pagina10.com\/web\/declaratoria-de-emergencia-economica-ya\/#respond\"]}]},{\"@type\":\"WebPage\",\"@id\":\"https:\/\/pagina10.com\/web\/declaratoria-de-emergencia-economica-ya\/\",\"url\":\"https:\/\/pagina10.com\/web\/declaratoria-de-emergencia-economica-ya\/\",\"name\":\"\u00a1Declaratoria de emergencia econ\u00f3mica ya! | P\u00e1gina10\",\"isPartOf\":{\"@id\":\"https:\/\/pagina10.com\/web\/#website\"},\"primaryImageOfPage\":{\"@id\":\"https:\/\/pagina10.com\/web\/declaratoria-de-emergencia-economica-ya\/#primaryimage\"},\"image\":{\"@id\":\"https:\/\/pagina10.com\/web\/declaratoria-de-emergencia-economica-ya\/#primaryimage\"},\"thumbnailUrl\":\"https:\/\/pagina10.com\/web\/wp-content\/uploads\/2023\/02\/WhatsApp-Image-2023-02-27-at-10.37.11-PM-1.jpeg\",\"datePublished\":\"2023-02-28T22:13:34+00:00\",\"breadcrumb\":{\"@id\":\"https:\/\/pagina10.com\/web\/declaratoria-de-emergencia-economica-ya\/#breadcrumb\"},\"inLanguage\":\"es\",\"potentialAction\":[{\"@type\":\"ReadAction\",\"target\":[\"https:\/\/pagina10.com\/web\/declaratoria-de-emergencia-economica-ya\/\"]}]},{\"@type\":\"ImageObject\",\"inLanguage\":\"es\",\"@id\":\"https:\/\/pagina10.com\/web\/declaratoria-de-emergencia-economica-ya\/#primaryimage\",\"url\":\"https:\/\/pagina10.com\/web\/wp-content\/uploads\/2023\/02\/WhatsApp-Image-2023-02-27-at-10.37.11-PM-1.jpeg\",\"contentUrl\":\"https:\/\/pagina10.com\/web\/wp-content\/uploads\/2023\/02\/WhatsApp-Image-2023-02-27-at-10.37.11-PM-1.jpeg\",\"width\":700,\"height\":526},{\"@type\":\"BreadcrumbList\",\"@id\":\"https:\/\/pagina10.com\/web\/declaratoria-de-emergencia-economica-ya\/#breadcrumb\",\"itemListElement\":[{\"@type\":\"ListItem\",\"position\":1,\"name\":\"Portada\",\"item\":\"https:\/\/pagina10.com\/web\/\"},{\"@type\":\"ListItem\",\"position\":2,\"name\":\"\u00a1Declaratoria de emergencia econ\u00f3mica ya!\"}]},{\"@type\":\"WebSite\",\"@id\":\"https:\/\/pagina10.com\/web\/#website\",\"url\":\"https:\/\/pagina10.com\/web\/\",\"name\":\"P\u00e1gina10\",\"description\":\"Peri\u00f3dico Regional\",\"publisher\":{\"@id\":\"https:\/\/pagina10.com\/web\/#organization\"},\"alternateName\":\"P\u00e1gina10 Peri\u00f3dico Regional\",\"potentialAction\":[{\"@type\":\"SearchAction\",\"target\":{\"@type\":\"EntryPoint\",\"urlTemplate\":\"https:\/\/pagina10.com\/web\/?s={search_term_string}\"},\"query-input\":{\"@type\":\"PropertyValueSpecification\",\"valueRequired\":true,\"valueName\":\"search_term_string\"}}],\"inLanguage\":\"es\"},{\"@type\":\"Organization\",\"@id\":\"https:\/\/pagina10.com\/web\/#organization\",\"name\":\"P\u00e1gina10\",\"alternateName\":\"P\u00e1gina10 Peri\u00f3dico Regional\",\"url\":\"https:\/\/pagina10.com\/web\/\",\"logo\":{\"@type\":\"ImageObject\",\"inLanguage\":\"es\",\"@id\":\"https:\/\/pagina10.com\/web\/#\/schema\/logo\/image\/\",\"url\":\"https:\/\/pagina10.com\/web\/wp-content\/uploads\/2024\/01\/40-pagina-10-periodico-regional-pasto.jpg\",\"contentUrl\":\"https:\/\/pagina10.com\/web\/wp-content\/uploads\/2024\/01\/40-pagina-10-periodico-regional-pasto.jpg\",\"width\":1280,\"height\":720,\"caption\":\"P\u00e1gina10\"},\"image\":{\"@id\":\"https:\/\/pagina10.com\/web\/#\/schema\/logo\/image\/\"},\"sameAs\":[\"https:\/\/www.facebook.com\/pag10com\",\"https:\/\/x.com\/Pag10com\",\"https:\/\/www.instagram.com\/pagina10col\/\",\"https:\/\/youtube.com\/channel\/pag10\",\"https:\/\/www.tiktok.com\/@p10col\"]},{\"@type\":\"Person\",\"@id\":\"https:\/\/pagina10.com\/web\/#\/schema\/person\/9ec3e2b432363a195d2d01bf820c66fe\",\"name\":\"Anibal Ar\u00e9valo Rosero\",\"description\":\"An\u00edbal Ar\u00e9valo Rosero a trav\u00e9s de su vida ha realizado diversas actividades tendientes a reivindicar al ser humano en su conciencia plena. Durante su vida ha hecho teatro, a escrito poes\u00eda y en sus tiempos de universitario realiz\u00f3 varias publicaciones entre las que se recuerda la revista Quinde. Junto con otros compa\u00f1eros fund\u00f3 el Taller Cultural El Cueche, equipo con el que se hicieron varias publicaciones. De este mismo grupo hay que resaltar que se hizo un trabajo pionero en la difusi\u00f3n de la m\u00fasica andina, latinoamericana y del caribe. Despu\u00e9s de terminar sus estudios de biolog\u00eda en la Universidad de Nari\u00f1o entr\u00f3 a laborar en emisoras de la ciudad de Pasto como en RCN, donde se desempe\u00f1aba como locutor de planta. Dirigi\u00f3 programas en la extinta Ondas del Mayo, en varias oportunidades; tambi\u00e9n en Ecos de Pasto. Fue colaborador de el Noticias RCN y dirigi\u00f3 el programa Simana al D\u00eda, del Sindicato del Magisterio de Nari\u00f1o, en dos \u00e9pocas. En el a\u00f1o de 1992 funda el Comit\u00e9 de Solidaridad con Cuba Jos\u00e9 Mart\u00ed, cuyo objetivo era divulgar la realidad cubana y expresar apoyo moral, pol\u00edtico y material al pa\u00eds caribe\u00f1o. Ante la mala interpretaci\u00f3n que la gente le daba a este tipo de acciones, se decide promover viajes de solidad a Cuba para participar en la Brigada Latinoamericana de Trabajo Voluntario, en el Festival Cuba Vive y, de manera especia,l en el 14 Festival Mundial de la Juventud y los Estudiantes, que se desarroll\u00f3 en la isla en el a\u00f1o de 1997. Con esta experiencia impulsa el turismo al pa\u00eds caribe\u00f1o con el resultado de que miles de personas han participado de las excursiones organizadas por Ar\u00e9valo Rosero. Asimismo ha venido impulsando las Brigadas de Salud en Cuba, tendiente a llevar pacientes de c\u00e1ncer a ese destino con el fin de que reciban atenci\u00f3n m\u00e9dica, teniendo en cuenta que la experiencia cubana en el tema ha sido bastante favorable. Veinte a\u00f1os despu\u00e9s de estas nutritivas experiencias, le permiten impulsar excursiones adem\u00e1s a M\u00e9xico, Machu Picchu, Argentina, Ecuador, Panam\u00e1 y Tierra Santa. En cuanto al desempe\u00f1o period\u00edstico, adem\u00e1s de los medios radiales y de televisi\u00f3n, en los canales de la universidades de Nari\u00f1o y Mariana, se ha desempe\u00f1ado como columnista en Diario del Sur durante 6 a\u00f1os y en algunos medios virtuales. Tambi\u00e9n es colaborador de el Diario del Cauca. Considera que la pr\u00e1ctica de la lectura es beber de la fuente nutricia que permite apropiarse de manera consciente del ejercicio de la democracia; y la posibilidad de escribir y ser le\u00eddo, acceder al poder, por que considera la palabra como el mayor instrumento de acci\u00f3n cuando est\u00e1 bien encamina al leg\u00edtimo servicio social. En la actualidad adem\u00e1s de so\u00f1ar con viajar por el mundo se desempe\u00f1a como docente del departamento de ciencias de Inem Luis Delf\u00edn Insuasty de Pasto. Correo: Esta direcci\u00f3n de correo electr\u00f3nico est\u00e1 protegida contra spambots. Usted necesita tener Javascript activado para poder verla.\\\" target=\\\"_blank\\\" style=\\\"color: #1155cc; text-align: justify; font-family: arial, sans-serif; font-size: 13px; line-height: normal;\\\"&gt;fundacionecosofia@gmail.com\",\"url\":\"https:\/\/pagina10.com\/web\/author\/anibal\/\"}]}<\/script>\n<!-- \/ Yoast SEO plugin. -->","yoast_head_json":{"title":"\u00a1Declaratoria de emergencia econ\u00f3mica ya! | P\u00e1gina10","robots":{"index":"index","follow":"follow","max-snippet":"max-snippet:-1","max-image-preview":"max-image-preview:large","max-video-preview":"max-video-preview:-1"},"canonical":"https:\/\/pagina10.com\/web\/declaratoria-de-emergencia-economica-ya\/","og_locale":"es_ES","og_type":"article","og_title":"\u00a1Declaratoria de emergencia econ\u00f3mica ya! | P\u00e1gina10","og_description":"De las cosas preocupantes que le pueden ocurrir a una comunidad es que se habit\u00fae a las condiciones infernales. Como la f\u00e1bula de la rana y el agua hirviendo: una vez una rana salto a una olla de agua hirviendo, de inmediato escap\u00f3; su instinto hizo que se salvara de perecer. Otro d\u00eda la misma [&hellip;]","og_url":"https:\/\/pagina10.com\/web\/declaratoria-de-emergencia-economica-ya\/","og_site_name":"P\u00e1gina10","article_publisher":"https:\/\/www.facebook.com\/pag10com","article_published_time":"2023-02-28T22:13:34+00:00","og_image":[{"width":700,"height":526,"url":"https:\/\/pagina10.com\/web\/wp-content\/uploads\/2023\/02\/WhatsApp-Image-2023-02-27-at-10.37.11-PM-1.jpeg","type":"image\/jpeg"}],"author":"Anibal Ar\u00e9valo Rosero","twitter_card":"summary_large_image","twitter_creator":"@Pag10com","twitter_site":"@Pag10com","twitter_misc":{"Escrito por":"Anibal Ar\u00e9valo Rosero","Tiempo de lectura":"4 minutos"},"schema":{"@context":"https:\/\/schema.org","@graph":[{"@type":"Article","@id":"https:\/\/pagina10.com\/web\/declaratoria-de-emergencia-economica-ya\/#article","isPartOf":{"@id":"https:\/\/pagina10.com\/web\/declaratoria-de-emergencia-economica-ya\/"},"author":{"name":"Anibal Ar\u00e9valo Rosero","@id":"https:\/\/pagina10.com\/web\/#\/schema\/person\/9ec3e2b432363a195d2d01bf820c66fe"},"headline":"\u00a1Declaratoria de emergencia econ\u00f3mica ya!","datePublished":"2023-02-28T22:13:34+00:00","mainEntityOfPage":{"@id":"https:\/\/pagina10.com\/web\/declaratoria-de-emergencia-economica-ya\/"},"wordCount":781,"commentCount":0,"publisher":{"@id":"https:\/\/pagina10.com\/web\/#organization"},"image":{"@id":"https:\/\/pagina10.com\/web\/declaratoria-de-emergencia-economica-ya\/#primaryimage"},"thumbnailUrl":"https:\/\/pagina10.com\/web\/wp-content\/uploads\/2023\/02\/WhatsApp-Image-2023-02-27-at-10.37.11-PM-1.jpeg","articleSection":["Regiones"],"inLanguage":"es","potentialAction":[{"@type":"CommentAction","name":"Comment","target":["https:\/\/pagina10.com\/web\/declaratoria-de-emergencia-economica-ya\/#respond"]}]},{"@type":"WebPage","@id":"https:\/\/pagina10.com\/web\/declaratoria-de-emergencia-economica-ya\/","url":"https:\/\/pagina10.com\/web\/declaratoria-de-emergencia-economica-ya\/","name":"\u00a1Declaratoria de emergencia econ\u00f3mica ya! | P\u00e1gina10","isPartOf":{"@id":"https:\/\/pagina10.com\/web\/#website"},"primaryImageOfPage":{"@id":"https:\/\/pagina10.com\/web\/declaratoria-de-emergencia-economica-ya\/#primaryimage"},"image":{"@id":"https:\/\/pagina10.com\/web\/declaratoria-de-emergencia-economica-ya\/#primaryimage"},"thumbnailUrl":"https:\/\/pagina10.com\/web\/wp-content\/uploads\/2023\/02\/WhatsApp-Image-2023-02-27-at-10.37.11-PM-1.jpeg","datePublished":"2023-02-28T22:13:34+00:00","breadcrumb":{"@id":"https:\/\/pagina10.com\/web\/declaratoria-de-emergencia-economica-ya\/#breadcrumb"},"inLanguage":"es","potentialAction":[{"@type":"ReadAction","target":["https:\/\/pagina10.com\/web\/declaratoria-de-emergencia-economica-ya\/"]}]},{"@type":"ImageObject","inLanguage":"es","@id":"https:\/\/pagina10.com\/web\/declaratoria-de-emergencia-economica-ya\/#primaryimage","url":"https:\/\/pagina10.com\/web\/wp-content\/uploads\/2023\/02\/WhatsApp-Image-2023-02-27-at-10.37.11-PM-1.jpeg","contentUrl":"https:\/\/pagina10.com\/web\/wp-content\/uploads\/2023\/02\/WhatsApp-Image-2023-02-27-at-10.37.11-PM-1.jpeg","width":700,"height":526},{"@type":"BreadcrumbList","@id":"https:\/\/pagina10.com\/web\/declaratoria-de-emergencia-economica-ya\/#breadcrumb","itemListElement":[{"@type":"ListItem","position":1,"name":"Portada","item":"https:\/\/pagina10.com\/web\/"},{"@type":"ListItem","position":2,"name":"\u00a1Declaratoria de emergencia econ\u00f3mica ya!"}]},{"@type":"WebSite","@id":"https:\/\/pagina10.com\/web\/#website","url":"https:\/\/pagina10.com\/web\/","name":"P\u00e1gina10","description":"Peri\u00f3dico Regional","publisher":{"@id":"https:\/\/pagina10.com\/web\/#organization"},"alternateName":"P\u00e1gina10 Peri\u00f3dico Regional","potentialAction":[{"@type":"SearchAction","target":{"@type":"EntryPoint","urlTemplate":"https:\/\/pagina10.com\/web\/?s={search_term_string}"},"query-input":{"@type":"PropertyValueSpecification","valueRequired":true,"valueName":"search_term_string"}}],"inLanguage":"es"},{"@type":"Organization","@id":"https:\/\/pagina10.com\/web\/#organization","name":"P\u00e1gina10","alternateName":"P\u00e1gina10 Peri\u00f3dico Regional","url":"https:\/\/pagina10.com\/web\/","logo":{"@type":"ImageObject","inLanguage":"es","@id":"https:\/\/pagina10.com\/web\/#\/schema\/logo\/image\/","url":"https:\/\/pagina10.com\/web\/wp-content\/uploads\/2024\/01\/40-pagina-10-periodico-regional-pasto.jpg","contentUrl":"https:\/\/pagina10.com\/web\/wp-content\/uploads\/2024\/01\/40-pagina-10-periodico-regional-pasto.jpg","width":1280,"height":720,"caption":"P\u00e1gina10"},"image":{"@id":"https:\/\/pagina10.com\/web\/#\/schema\/logo\/image\/"},"sameAs":["https:\/\/www.facebook.com\/pag10com","https:\/\/x.com\/Pag10com","https:\/\/www.instagram.com\/pagina10col\/","https:\/\/youtube.com\/channel\/pag10","https:\/\/www.tiktok.com\/@p10col"]},{"@type":"Person","@id":"https:\/\/pagina10.com\/web\/#\/schema\/person\/9ec3e2b432363a195d2d01bf820c66fe","name":"Anibal Ar\u00e9valo Rosero","description":"An\u00edbal Ar\u00e9valo Rosero a trav\u00e9s de su vida ha realizado diversas actividades tendientes a reivindicar al ser humano en su conciencia plena. Durante su vida ha hecho teatro, a escrito poes\u00eda y en sus tiempos de universitario realiz\u00f3 varias publicaciones entre las que se recuerda la revista Quinde. Junto con otros compa\u00f1eros fund\u00f3 el Taller Cultural El Cueche, equipo con el que se hicieron varias publicaciones. De este mismo grupo hay que resaltar que se hizo un trabajo pionero en la difusi\u00f3n de la m\u00fasica andina, latinoamericana y del caribe. Despu\u00e9s de terminar sus estudios de biolog\u00eda en la Universidad de Nari\u00f1o entr\u00f3 a laborar en emisoras de la ciudad de Pasto como en RCN, donde se desempe\u00f1aba como locutor de planta. Dirigi\u00f3 programas en la extinta Ondas del Mayo, en varias oportunidades; tambi\u00e9n en Ecos de Pasto. Fue colaborador de el Noticias RCN y dirigi\u00f3 el programa Simana al D\u00eda, del Sindicato del Magisterio de Nari\u00f1o, en dos \u00e9pocas. En el a\u00f1o de 1992 funda el Comit\u00e9 de Solidaridad con Cuba Jos\u00e9 Mart\u00ed, cuyo objetivo era divulgar la realidad cubana y expresar apoyo moral, pol\u00edtico y material al pa\u00eds caribe\u00f1o. Ante la mala interpretaci\u00f3n que la gente le daba a este tipo de acciones, se decide promover viajes de solidad a Cuba para participar en la Brigada Latinoamericana de Trabajo Voluntario, en el Festival Cuba Vive y, de manera especia,l en el 14 Festival Mundial de la Juventud y los Estudiantes, que se desarroll\u00f3 en la isla en el a\u00f1o de 1997. Con esta experiencia impulsa el turismo al pa\u00eds caribe\u00f1o con el resultado de que miles de personas han participado de las excursiones organizadas por Ar\u00e9valo Rosero. Asimismo ha venido impulsando las Brigadas de Salud en Cuba, tendiente a llevar pacientes de c\u00e1ncer a ese destino con el fin de que reciban atenci\u00f3n m\u00e9dica, teniendo en cuenta que la experiencia cubana en el tema ha sido bastante favorable. Veinte a\u00f1os despu\u00e9s de estas nutritivas experiencias, le permiten impulsar excursiones adem\u00e1s a M\u00e9xico, Machu Picchu, Argentina, Ecuador, Panam\u00e1 y Tierra Santa. En cuanto al desempe\u00f1o period\u00edstico, adem\u00e1s de los medios radiales y de televisi\u00f3n, en los canales de la universidades de Nari\u00f1o y Mariana, se ha desempe\u00f1ado como columnista en Diario del Sur durante 6 a\u00f1os y en algunos medios virtuales. Tambi\u00e9n es colaborador de el Diario del Cauca. Considera que la pr\u00e1ctica de la lectura es beber de la fuente nutricia que permite apropiarse de manera consciente del ejercicio de la democracia; y la posibilidad de escribir y ser le\u00eddo, acceder al poder, por que considera la palabra como el mayor instrumento de acci\u00f3n cuando est\u00e1 bien encamina al leg\u00edtimo servicio social. En la actualidad adem\u00e1s de so\u00f1ar con viajar por el mundo se desempe\u00f1a como docente del departamento de ciencias de Inem Luis Delf\u00edn Insuasty de Pasto. Correo: Esta direcci\u00f3n de correo electr\u00f3nico est\u00e1 protegida contra spambots. Usted necesita tener Javascript activado para poder verla.\" target=\"_blank\" style=\"color: #1155cc; text-align: justify; font-family: arial, sans-serif; font-size: 13px; line-height: normal;\"&gt;fundacionecosofia@gmail.com","url":"https:\/\/pagina10.com\/web\/author\/anibal\/"}]}},"_links":{"self":[{"href":"https:\/\/pagina10.com\/web\/wp-json\/wp\/v2\/posts\/64877","targetHints":{"allow":["GET"]}}],"collection":[{"href":"https:\/\/pagina10.com\/web\/wp-json\/wp\/v2\/posts"}],"about":[{"href":"https:\/\/pagina10.com\/web\/wp-json\/wp\/v2\/types\/post"}],"author":[{"embeddable":true,"href":"https:\/\/pagina10.com\/web\/wp-json\/wp\/v2\/users\/65"}],"replies":[{"embeddable":true,"href":"https:\/\/pagina10.com\/web\/wp-json\/wp\/v2\/comments?post=64877"}],"version-history":[{"count":1,"href":"https:\/\/pagina10.com\/web\/wp-json\/wp\/v2\/posts\/64877\/revisions"}],"predecessor-version":[{"id":64879,"href":"https:\/\/pagina10.com\/web\/wp-json\/wp\/v2\/posts\/64877\/revisions\/64879"}],"wp:featuredmedia":[{"embeddable":true,"href":"https:\/\/pagina10.com\/web\/wp-json\/wp\/v2\/media\/64878"}],"wp:attachment":[{"href":"https:\/\/pagina10.com\/web\/wp-json\/wp\/v2\/media?parent=64877"}],"wp:term":[{"taxonomy":"category","embeddable":true,"href":"https:\/\/pagina10.com\/web\/wp-json\/wp\/v2\/categories?post=64877"},{"taxonomy":"post_tag","embeddable":true,"href":"https:\/\/pagina10.com\/web\/wp-json\/wp\/v2\/tags?post=64877"}],"curies":[{"name":"wp","href":"https:\/\/api.w.org\/{rel}","templated":true}]}}