{"id":64902,"date":"2023-03-02T17:52:14","date_gmt":"2023-03-02T22:52:14","guid":{"rendered":"https:\/\/pagina10.com\/web\/?p=64902"},"modified":"2023-03-02T17:52:14","modified_gmt":"2023-03-02T22:52:14","slug":"presidente-petro-pide-investigacion-contra-su-hijo-y-su-hermano","status":"publish","type":"post","link":"https:\/\/pagina10.com\/web\/presidente-petro-pide-investigacion-contra-su-hijo-y-su-hermano\/","title":{"rendered":"Presidente Petro pide investigaci\u00f3n contra su hijo y su hermano"},"content":{"rendered":"<p style=\"text-align: justify;\">Frente a las acusaciones hechas contra Juan Fernando Petro y Nicol\u00e1s Petro Burgos, hermano e hijo del presidente Gustavo Petro, quienes presuntamente estar\u00edan involucrados en un presunto cartel que cobrar\u00eda dinero a narcotraficantes para ingresar a la paz total, el mandatario pidi\u00f3 a la Fiscal\u00eda investigar el caso.<\/p>\n<p style=\"text-align: justify;\">En el comunicado emitido hace pocas horas indic\u00f3 \u201cDe nuevo reitero que el \u00fanico funcionario que cuenta con el aval de Gobierno para tener contacto con las organizaciones al margen de la ley, con el objetivo \u00fanico de la b\u00fasqueda de la paz, es el Alto Comisionado para la Paz, Danilo Rueda.<\/p>\n<p style=\"text-align: justify;\">Mi Gobierno no otorgar\u00e1 beneficios a criminales a cambio de sobornos. Al contrario, nos encontramos en la construcci\u00f3n de los mecanismos legales para que estas agrupaciones al margen de la ley se acojan a la justicia, reparen a las v\u00edctimas y cesen la violencia en las ciudades y dem\u00e1s territorios. La protecci\u00f3n de la vida es una prioridad\u201d.<\/p>\n<p style=\"text-align: justify;\">Igualmente, el presidente afirm\u00f3 que \u201cquien quiera interferir en el prop\u00f3sito de conseguir la paz, o sacar provecho personal de este, no tiene cabida en el Gobierno, incluso si son miembros de mi familia\u201d y concluy\u00f3 \u201cconf\u00edo en que mi hermano y mi hijo puedan demostrar su inocencia pero respetar\u00e9 las conclusiones a las que llegue la justicia\u201d.<\/p>\n","protected":false},"excerpt":{"rendered":"<p>Frente a las acusaciones hechas contra Juan Fernando Petro y Nicol\u00e1s Petro Burgos, hermano e hijo del presidente Gustavo Petro, quienes presuntamente estar\u00edan involucrados en un presunto cartel que cobrar\u00eda dinero a narcotraficantes para ingresar a la paz total, el mandatario pidi\u00f3 a la Fiscal\u00eda investigar el caso. En el comunicado emitido hace pocas horas [&hellip;]<\/p>\n","protected":false},"author":1,"featured_media":64903,"comment_status":"open","ping_status":"open","sticky":false,"template":"","format":"standard","meta":{"footnotes":""},"categories":[94],"tags":[],"class_list":["post-64902","post","type-post","status-publish","format-standard","has-post-thumbnail","hentry","category-nacional-global-2"],"yoast_head":"<!-- This site is optimized with the Yoast SEO plugin v27.1.1 - https:\/\/yoast.com\/product\/yoast-seo-wordpress\/ -->\n<title>Presidente Petro pide investigaci\u00f3n contra su hijo y su hermano | P\u00e1gina10<\/title>\n<meta name=\"robots\" content=\"index, follow, max-snippet:-1, max-image-preview:large, max-video-preview:-1\" \/>\n<link rel=\"canonical\" href=\"https:\/\/pagina10.com\/web\/presidente-petro-pide-investigacion-contra-su-hijo-y-su-hermano\/\" \/>\n<meta property=\"og:locale\" content=\"es_ES\" \/>\n<meta property=\"og:type\" content=\"article\" \/>\n<meta property=\"og:title\" content=\"Presidente Petro pide investigaci\u00f3n contra su hijo y su hermano | P\u00e1gina10\" \/>\n<meta property=\"og:description\" content=\"Frente a las acusaciones hechas contra Juan Fernando Petro y Nicol\u00e1s Petro Burgos, hermano e hijo del presidente Gustavo Petro, quienes presuntamente estar\u00edan involucrados en un presunto cartel que cobrar\u00eda dinero a narcotraficantes para ingresar a la paz total, el mandatario pidi\u00f3 a la Fiscal\u00eda investigar el caso. En el comunicado emitido hace pocas horas [&hellip;]\" \/>\n<meta property=\"og:url\" content=\"https:\/\/pagina10.com\/web\/presidente-petro-pide-investigacion-contra-su-hijo-y-su-hermano\/\" \/>\n<meta property=\"og:site_name\" content=\"P\u00e1gina10\" \/>\n<meta property=\"article:publisher\" content=\"https:\/\/www.facebook.com\/pag10com\" \/>\n<meta property=\"article:published_time\" content=\"2023-03-02T22:52:14+00:00\" \/>\n<meta property=\"og:image\" content=\"https:\/\/pagina10.com\/web\/wp-content\/uploads\/2023\/03\/QWIA5HGJQ5GZFMCVCWYDZANJRQ.jpg\" \/>\n\t<meta property=\"og:image:width\" content=\"525\" \/>\n\t<meta property=\"og:image:height\" content=\"350\" \/>\n\t<meta property=\"og:image:type\" content=\"image\/jpeg\" \/>\n<meta name=\"author\" content=\"P\u00e1gina 10\" \/>\n<meta name=\"twitter:card\" content=\"summary_large_image\" \/>\n<meta name=\"twitter:creator\" content=\"@Pag10com\" \/>\n<meta name=\"twitter:site\" content=\"@Pag10com\" \/>\n<meta name=\"twitter:label1\" content=\"Escrito por\" \/>\n\t<meta name=\"twitter:data1\" content=\"P\u00e1gina 10\" \/>\n\t<meta name=\"twitter:label2\" content=\"Tiempo de lectura\" \/>\n\t<meta name=\"twitter:data2\" content=\"1 minuto\" \/>\n<script type=\"application\/ld+json\" class=\"yoast-schema-graph\">{\"@context\":\"https:\/\/schema.org\",\"@graph\":[{\"@type\":\"Article\",\"@id\":\"https:\/\/pagina10.com\/web\/presidente-petro-pide-investigacion-contra-su-hijo-y-su-hermano\/#article\",\"isPartOf\":{\"@id\":\"https:\/\/pagina10.com\/web\/presidente-petro-pide-investigacion-contra-su-hijo-y-su-hermano\/\"},\"author\":{\"name\":\"P\u00e1gina 10\",\"@id\":\"https:\/\/pagina10.com\/web\/#\/schema\/person\/2efc4a090d25b667d3bc796798a3a81b\"},\"headline\":\"Presidente Petro pide investigaci\u00f3n contra su hijo y su hermano\",\"datePublished\":\"2023-03-02T22:52:14+00:00\",\"mainEntityOfPage\":{\"@id\":\"https:\/\/pagina10.com\/web\/presidente-petro-pide-investigacion-contra-su-hijo-y-su-hermano\/\"},\"wordCount\":238,\"commentCount\":0,\"publisher\":{\"@id\":\"https:\/\/pagina10.com\/web\/#organization\"},\"image\":{\"@id\":\"https:\/\/pagina10.com\/web\/presidente-petro-pide-investigacion-contra-su-hijo-y-su-hermano\/#primaryimage\"},\"thumbnailUrl\":\"https:\/\/pagina10.com\/web\/wp-content\/uploads\/2023\/03\/QWIA5HGJQ5GZFMCVCWYDZANJRQ.jpg\",\"articleSection\":[\"Nacional\"],\"inLanguage\":\"es\",\"potentialAction\":[{\"@type\":\"CommentAction\",\"name\":\"Comment\",\"target\":[\"https:\/\/pagina10.com\/web\/presidente-petro-pide-investigacion-contra-su-hijo-y-su-hermano\/#respond\"]}]},{\"@type\":\"WebPage\",\"@id\":\"https:\/\/pagina10.com\/web\/presidente-petro-pide-investigacion-contra-su-hijo-y-su-hermano\/\",\"url\":\"https:\/\/pagina10.com\/web\/presidente-petro-pide-investigacion-contra-su-hijo-y-su-hermano\/\",\"name\":\"Presidente Petro pide investigaci\u00f3n contra su hijo y su hermano | P\u00e1gina10\",\"isPartOf\":{\"@id\":\"https:\/\/pagina10.com\/web\/#website\"},\"primaryImageOfPage\":{\"@id\":\"https:\/\/pagina10.com\/web\/presidente-petro-pide-investigacion-contra-su-hijo-y-su-hermano\/#primaryimage\"},\"image\":{\"@id\":\"https:\/\/pagina10.com\/web\/presidente-petro-pide-investigacion-contra-su-hijo-y-su-hermano\/#primaryimage\"},\"thumbnailUrl\":\"https:\/\/pagina10.com\/web\/wp-content\/uploads\/2023\/03\/QWIA5HGJQ5GZFMCVCWYDZANJRQ.jpg\",\"datePublished\":\"2023-03-02T22:52:14+00:00\",\"breadcrumb\":{\"@id\":\"https:\/\/pagina10.com\/web\/presidente-petro-pide-investigacion-contra-su-hijo-y-su-hermano\/#breadcrumb\"},\"inLanguage\":\"es\",\"potentialAction\":[{\"@type\":\"ReadAction\",\"target\":[\"https:\/\/pagina10.com\/web\/presidente-petro-pide-investigacion-contra-su-hijo-y-su-hermano\/\"]}]},{\"@type\":\"ImageObject\",\"inLanguage\":\"es\",\"@id\":\"https:\/\/pagina10.com\/web\/presidente-petro-pide-investigacion-contra-su-hijo-y-su-hermano\/#primaryimage\",\"url\":\"https:\/\/pagina10.com\/web\/wp-content\/uploads\/2023\/03\/QWIA5HGJQ5GZFMCVCWYDZANJRQ.jpg\",\"contentUrl\":\"https:\/\/pagina10.com\/web\/wp-content\/uploads\/2023\/03\/QWIA5HGJQ5GZFMCVCWYDZANJRQ.jpg\",\"width\":525,\"height\":350},{\"@type\":\"BreadcrumbList\",\"@id\":\"https:\/\/pagina10.com\/web\/presidente-petro-pide-investigacion-contra-su-hijo-y-su-hermano\/#breadcrumb\",\"itemListElement\":[{\"@type\":\"ListItem\",\"position\":1,\"name\":\"Portada\",\"item\":\"https:\/\/pagina10.com\/web\/\"},{\"@type\":\"ListItem\",\"position\":2,\"name\":\"Presidente Petro pide investigaci\u00f3n contra su hijo y su hermano\"}]},{\"@type\":\"WebSite\",\"@id\":\"https:\/\/pagina10.com\/web\/#website\",\"url\":\"https:\/\/pagina10.com\/web\/\",\"name\":\"P\u00e1gina10\",\"description\":\"Peri\u00f3dico Regional\",\"publisher\":{\"@id\":\"https:\/\/pagina10.com\/web\/#organization\"},\"alternateName\":\"P\u00e1gina10 Peri\u00f3dico Regional\",\"potentialAction\":[{\"@type\":\"SearchAction\",\"target\":{\"@type\":\"EntryPoint\",\"urlTemplate\":\"https:\/\/pagina10.com\/web\/?s={search_term_string}\"},\"query-input\":{\"@type\":\"PropertyValueSpecification\",\"valueRequired\":true,\"valueName\":\"search_term_string\"}}],\"inLanguage\":\"es\"},{\"@type\":\"Organization\",\"@id\":\"https:\/\/pagina10.com\/web\/#organization\",\"name\":\"P\u00e1gina10\",\"alternateName\":\"P\u00e1gina10 Peri\u00f3dico Regional\",\"url\":\"https:\/\/pagina10.com\/web\/\",\"logo\":{\"@type\":\"ImageObject\",\"inLanguage\":\"es\",\"@id\":\"https:\/\/pagina10.com\/web\/#\/schema\/logo\/image\/\",\"url\":\"https:\/\/pagina10.com\/web\/wp-content\/uploads\/2024\/01\/40-pagina-10-periodico-regional-pasto.jpg\",\"contentUrl\":\"https:\/\/pagina10.com\/web\/wp-content\/uploads\/2024\/01\/40-pagina-10-periodico-regional-pasto.jpg\",\"width\":1280,\"height\":720,\"caption\":\"P\u00e1gina10\"},\"image\":{\"@id\":\"https:\/\/pagina10.com\/web\/#\/schema\/logo\/image\/\"},\"sameAs\":[\"https:\/\/www.facebook.com\/pag10com\",\"https:\/\/x.com\/Pag10com\",\"https:\/\/www.instagram.com\/pagina10col\/\",\"https:\/\/youtube.com\/channel\/pag10\",\"https:\/\/www.tiktok.com\/@p10col\"]},{\"@type\":\"Person\",\"@id\":\"https:\/\/pagina10.com\/web\/#\/schema\/person\/2efc4a090d25b667d3bc796798a3a81b\",\"name\":\"P\u00e1gina 10\",\"description\":\"P\u00e1gina 10 es un peri\u00f3dico regional que nace en Colombia, en el departamento de Nari\u00f1o, con un enfoque global, fundamentado en cuatro pilares esenciales: la libertad, el pluralismo, la inclusi\u00f3n y la independencia. P\u00e1gina 10 hace referencia a Nari\u00f1o como el d\u00e9cimo departamento creado en Colombia, despu\u00e9s de un proceso pol\u00edtico liderado por actores y actrices regionales con el fin de obtener la independencia y autonom\u00eda de nuestros territorios. Con la creaci\u00f3n de P\u00e1gina 10 se pretende abrir un escenario para el dialogo, la reflexi\u00f3n y el debate que se extienda a otras geograf\u00edas de Am\u00e9rica Latina y del planeta, en una apuesta por transformar colectivamente los desaf\u00edos de un mundo contempor\u00e1neo, m\u00e1s all\u00e1 de las fronteras impuestas.\",\"url\":\"https:\/\/pagina10.com\/web\/author\/pdiezadmin\/\"}]}<\/script>\n<!-- \/ Yoast SEO plugin. -->","yoast_head_json":{"title":"Presidente Petro pide investigaci\u00f3n contra su hijo y su hermano | P\u00e1gina10","robots":{"index":"index","follow":"follow","max-snippet":"max-snippet:-1","max-image-preview":"max-image-preview:large","max-video-preview":"max-video-preview:-1"},"canonical":"https:\/\/pagina10.com\/web\/presidente-petro-pide-investigacion-contra-su-hijo-y-su-hermano\/","og_locale":"es_ES","og_type":"article","og_title":"Presidente Petro pide investigaci\u00f3n contra su hijo y su hermano | P\u00e1gina10","og_description":"Frente a las acusaciones hechas contra Juan Fernando Petro y Nicol\u00e1s Petro Burgos, hermano e hijo del presidente Gustavo Petro, quienes presuntamente estar\u00edan involucrados en un presunto cartel que cobrar\u00eda dinero a narcotraficantes para ingresar a la paz total, el mandatario pidi\u00f3 a la Fiscal\u00eda investigar el caso. En el comunicado emitido hace pocas horas [&hellip;]","og_url":"https:\/\/pagina10.com\/web\/presidente-petro-pide-investigacion-contra-su-hijo-y-su-hermano\/","og_site_name":"P\u00e1gina10","article_publisher":"https:\/\/www.facebook.com\/pag10com","article_published_time":"2023-03-02T22:52:14+00:00","og_image":[{"width":525,"height":350,"url":"https:\/\/pagina10.com\/web\/wp-content\/uploads\/2023\/03\/QWIA5HGJQ5GZFMCVCWYDZANJRQ.jpg","type":"image\/jpeg"}],"author":"P\u00e1gina 10","twitter_card":"summary_large_image","twitter_creator":"@Pag10com","twitter_site":"@Pag10com","twitter_misc":{"Escrito por":"P\u00e1gina 10","Tiempo de lectura":"1 minuto"},"schema":{"@context":"https:\/\/schema.org","@graph":[{"@type":"Article","@id":"https:\/\/pagina10.com\/web\/presidente-petro-pide-investigacion-contra-su-hijo-y-su-hermano\/#article","isPartOf":{"@id":"https:\/\/pagina10.com\/web\/presidente-petro-pide-investigacion-contra-su-hijo-y-su-hermano\/"},"author":{"name":"P\u00e1gina 10","@id":"https:\/\/pagina10.com\/web\/#\/schema\/person\/2efc4a090d25b667d3bc796798a3a81b"},"headline":"Presidente Petro pide investigaci\u00f3n contra su hijo y su hermano","datePublished":"2023-03-02T22:52:14+00:00","mainEntityOfPage":{"@id":"https:\/\/pagina10.com\/web\/presidente-petro-pide-investigacion-contra-su-hijo-y-su-hermano\/"},"wordCount":238,"commentCount":0,"publisher":{"@id":"https:\/\/pagina10.com\/web\/#organization"},"image":{"@id":"https:\/\/pagina10.com\/web\/presidente-petro-pide-investigacion-contra-su-hijo-y-su-hermano\/#primaryimage"},"thumbnailUrl":"https:\/\/pagina10.com\/web\/wp-content\/uploads\/2023\/03\/QWIA5HGJQ5GZFMCVCWYDZANJRQ.jpg","articleSection":["Nacional"],"inLanguage":"es","potentialAction":[{"@type":"CommentAction","name":"Comment","target":["https:\/\/pagina10.com\/web\/presidente-petro-pide-investigacion-contra-su-hijo-y-su-hermano\/#respond"]}]},{"@type":"WebPage","@id":"https:\/\/pagina10.com\/web\/presidente-petro-pide-investigacion-contra-su-hijo-y-su-hermano\/","url":"https:\/\/pagina10.com\/web\/presidente-petro-pide-investigacion-contra-su-hijo-y-su-hermano\/","name":"Presidente Petro pide investigaci\u00f3n contra su hijo y su hermano | P\u00e1gina10","isPartOf":{"@id":"https:\/\/pagina10.com\/web\/#website"},"primaryImageOfPage":{"@id":"https:\/\/pagina10.com\/web\/presidente-petro-pide-investigacion-contra-su-hijo-y-su-hermano\/#primaryimage"},"image":{"@id":"https:\/\/pagina10.com\/web\/presidente-petro-pide-investigacion-contra-su-hijo-y-su-hermano\/#primaryimage"},"thumbnailUrl":"https:\/\/pagina10.com\/web\/wp-content\/uploads\/2023\/03\/QWIA5HGJQ5GZFMCVCWYDZANJRQ.jpg","datePublished":"2023-03-02T22:52:14+00:00","breadcrumb":{"@id":"https:\/\/pagina10.com\/web\/presidente-petro-pide-investigacion-contra-su-hijo-y-su-hermano\/#breadcrumb"},"inLanguage":"es","potentialAction":[{"@type":"ReadAction","target":["https:\/\/pagina10.com\/web\/presidente-petro-pide-investigacion-contra-su-hijo-y-su-hermano\/"]}]},{"@type":"ImageObject","inLanguage":"es","@id":"https:\/\/pagina10.com\/web\/presidente-petro-pide-investigacion-contra-su-hijo-y-su-hermano\/#primaryimage","url":"https:\/\/pagina10.com\/web\/wp-content\/uploads\/2023\/03\/QWIA5HGJQ5GZFMCVCWYDZANJRQ.jpg","contentUrl":"https:\/\/pagina10.com\/web\/wp-content\/uploads\/2023\/03\/QWIA5HGJQ5GZFMCVCWYDZANJRQ.jpg","width":525,"height":350},{"@type":"BreadcrumbList","@id":"https:\/\/pagina10.com\/web\/presidente-petro-pide-investigacion-contra-su-hijo-y-su-hermano\/#breadcrumb","itemListElement":[{"@type":"ListItem","position":1,"name":"Portada","item":"https:\/\/pagina10.com\/web\/"},{"@type":"ListItem","position":2,"name":"Presidente Petro pide investigaci\u00f3n contra su hijo y su hermano"}]},{"@type":"WebSite","@id":"https:\/\/pagina10.com\/web\/#website","url":"https:\/\/pagina10.com\/web\/","name":"P\u00e1gina10","description":"Peri\u00f3dico Regional","publisher":{"@id":"https:\/\/pagina10.com\/web\/#organization"},"alternateName":"P\u00e1gina10 Peri\u00f3dico Regional","potentialAction":[{"@type":"SearchAction","target":{"@type":"EntryPoint","urlTemplate":"https:\/\/pagina10.com\/web\/?s={search_term_string}"},"query-input":{"@type":"PropertyValueSpecification","valueRequired":true,"valueName":"search_term_string"}}],"inLanguage":"es"},{"@type":"Organization","@id":"https:\/\/pagina10.com\/web\/#organization","name":"P\u00e1gina10","alternateName":"P\u00e1gina10 Peri\u00f3dico Regional","url":"https:\/\/pagina10.com\/web\/","logo":{"@type":"ImageObject","inLanguage":"es","@id":"https:\/\/pagina10.com\/web\/#\/schema\/logo\/image\/","url":"https:\/\/pagina10.com\/web\/wp-content\/uploads\/2024\/01\/40-pagina-10-periodico-regional-pasto.jpg","contentUrl":"https:\/\/pagina10.com\/web\/wp-content\/uploads\/2024\/01\/40-pagina-10-periodico-regional-pasto.jpg","width":1280,"height":720,"caption":"P\u00e1gina10"},"image":{"@id":"https:\/\/pagina10.com\/web\/#\/schema\/logo\/image\/"},"sameAs":["https:\/\/www.facebook.com\/pag10com","https:\/\/x.com\/Pag10com","https:\/\/www.instagram.com\/pagina10col\/","https:\/\/youtube.com\/channel\/pag10","https:\/\/www.tiktok.com\/@p10col"]},{"@type":"Person","@id":"https:\/\/pagina10.com\/web\/#\/schema\/person\/2efc4a090d25b667d3bc796798a3a81b","name":"P\u00e1gina 10","description":"P\u00e1gina 10 es un peri\u00f3dico regional que nace en Colombia, en el departamento de Nari\u00f1o, con un enfoque global, fundamentado en cuatro pilares esenciales: la libertad, el pluralismo, la inclusi\u00f3n y la independencia. P\u00e1gina 10 hace referencia a Nari\u00f1o como el d\u00e9cimo departamento creado en Colombia, despu\u00e9s de un proceso pol\u00edtico liderado por actores y actrices regionales con el fin de obtener la independencia y autonom\u00eda de nuestros territorios. Con la creaci\u00f3n de P\u00e1gina 10 se pretende abrir un escenario para el dialogo, la reflexi\u00f3n y el debate que se extienda a otras geograf\u00edas de Am\u00e9rica Latina y del planeta, en una apuesta por transformar colectivamente los desaf\u00edos de un mundo contempor\u00e1neo, m\u00e1s all\u00e1 de las fronteras impuestas.","url":"https:\/\/pagina10.com\/web\/author\/pdiezadmin\/"}]}},"_links":{"self":[{"href":"https:\/\/pagina10.com\/web\/wp-json\/wp\/v2\/posts\/64902","targetHints":{"allow":["GET"]}}],"collection":[{"href":"https:\/\/pagina10.com\/web\/wp-json\/wp\/v2\/posts"}],"about":[{"href":"https:\/\/pagina10.com\/web\/wp-json\/wp\/v2\/types\/post"}],"author":[{"embeddable":true,"href":"https:\/\/pagina10.com\/web\/wp-json\/wp\/v2\/users\/1"}],"replies":[{"embeddable":true,"href":"https:\/\/pagina10.com\/web\/wp-json\/wp\/v2\/comments?post=64902"}],"version-history":[{"count":1,"href":"https:\/\/pagina10.com\/web\/wp-json\/wp\/v2\/posts\/64902\/revisions"}],"predecessor-version":[{"id":64904,"href":"https:\/\/pagina10.com\/web\/wp-json\/wp\/v2\/posts\/64902\/revisions\/64904"}],"wp:featuredmedia":[{"embeddable":true,"href":"https:\/\/pagina10.com\/web\/wp-json\/wp\/v2\/media\/64903"}],"wp:attachment":[{"href":"https:\/\/pagina10.com\/web\/wp-json\/wp\/v2\/media?parent=64902"}],"wp:term":[{"taxonomy":"category","embeddable":true,"href":"https:\/\/pagina10.com\/web\/wp-json\/wp\/v2\/categories?post=64902"},{"taxonomy":"post_tag","embeddable":true,"href":"https:\/\/pagina10.com\/web\/wp-json\/wp\/v2\/tags?post=64902"}],"curies":[{"name":"wp","href":"https:\/\/api.w.org\/{rel}","templated":true}]}}