{"id":64919,"date":"2023-03-03T22:32:05","date_gmt":"2023-03-04T03:32:05","guid":{"rendered":"https:\/\/pagina10.com\/web\/?p=64919"},"modified":"2023-03-03T22:32:05","modified_gmt":"2023-03-04T03:32:05","slug":"velaton-en-memoria-del-menor-leonel-santiago-landazury","status":"publish","type":"post","link":"https:\/\/pagina10.com\/web\/velaton-en-memoria-del-menor-leonel-santiago-landazury\/","title":{"rendered":"Velat\u00f3n en memoria del menor Leonel Santiago Landazury"},"content":{"rendered":"<p style=\"text-align: justify;\">Como gobierno y comunidad nos unimos en solidaridad con la familia del menor Leonel Santiago Landazuri Nastacuas a quien la intolerancia le ceg\u00f3 la vida.<br \/>\nEn oraci\u00f3n y en un acto simb\u00f3lico rechazamos todo tipo de violencia en contra de nuestro ni\u00f1os, ni\u00f1as y adolescentes, total solidaridad con los padres, familiares, amigos y comunidad de Ricaurte, exigiendo justicia para este caso que enluta a todo el Departamento.<br \/>\n\u201cHoy el departamento de Nari\u00f1o est\u00e1 de luto y nuestro deber como sociedad es convocarnos a estar unidos y mostrar nuestra solidaridad con los ni\u00f1os y ni\u00f1as de Nari\u00f1o y de Colombia, hoy rechazamos de manera contundente el vil asesinato de Leonel Santiago Land\u00e1zuri Nastacuas. No saben el dolor que nos embarga, como padre de familia, como ciudadano hago un llamado a toda la sociedad para desempe\u00f1ar el papel que tenemos, en proteger a nuestro ni\u00f1os y ni\u00f1as\u201d, manifest\u00f3 el Gobernador de Nari\u00f1o, Jhon Rojas.<br \/>\nDesde la administraci\u00f3n departamental, se realiza adem\u00e1s el acompa\u00f1amiento social y psicol\u00f3gico a la familia de Leonel Santiago, en especial a la madre del menor, tambi\u00e9n v\u00edctima de violencia basada en g\u00e9nero. Frente al caso, el mismo ya est\u00e1 en manos de las autoridades, as\u00ed lo manifest\u00f3 el Secretario de Gobierno departamental, Andr\u00e9s Z\u00fa\u00f1iga: \u201cYa se declar\u00f3 la captura legalizada, lo que permitir\u00e1 avanzar prontamente en la judicializaci\u00f3n del sujeto, el padrastro quien coment\u00f3 el repudiable hecho, le pedimos a la justicia que actu\u00e9 con prontitud y recaiga sobre este sujeto todo el peso de la ley\u201d<br \/>\nDesde la Gobernaci\u00f3n de Nari\u00f1o continuaremos trabajando en defensa de los m\u00e1s peque\u00f1os, seguiremos trabajando por la garant\u00eda de sus derechos.<\/p>\n","protected":false},"excerpt":{"rendered":"<p>Como gobierno y comunidad nos unimos en solidaridad con la familia del menor Leonel Santiago Landazuri Nastacuas a quien la intolerancia le ceg\u00f3 la vida. En oraci\u00f3n y en un acto simb\u00f3lico rechazamos todo tipo de violencia en contra de nuestro ni\u00f1os, ni\u00f1as y adolescentes, total solidaridad con los padres, familiares, amigos y comunidad de [&hellip;]<\/p>\n","protected":false},"author":1,"featured_media":64920,"comment_status":"open","ping_status":"open","sticky":false,"template":"","format":"standard","meta":{"footnotes":""},"categories":[53],"tags":[],"class_list":["post-64919","post","type-post","status-publish","format-standard","has-post-thumbnail","hentry","category-regiones"],"yoast_head":"<!-- This site is optimized with the Yoast SEO plugin v27.1.1 - https:\/\/yoast.com\/product\/yoast-seo-wordpress\/ -->\n<title>Velat\u00f3n en memoria del menor Leonel Santiago Landazury | P\u00e1gina10<\/title>\n<meta name=\"robots\" content=\"index, follow, max-snippet:-1, max-image-preview:large, max-video-preview:-1\" \/>\n<link rel=\"canonical\" href=\"https:\/\/pagina10.com\/web\/velaton-en-memoria-del-menor-leonel-santiago-landazury\/\" \/>\n<meta property=\"og:locale\" content=\"es_ES\" \/>\n<meta property=\"og:type\" content=\"article\" \/>\n<meta property=\"og:title\" content=\"Velat\u00f3n en memoria del menor Leonel Santiago Landazury | P\u00e1gina10\" \/>\n<meta property=\"og:description\" content=\"Como gobierno y comunidad nos unimos en solidaridad con la familia del menor Leonel Santiago Landazuri Nastacuas a quien la intolerancia le ceg\u00f3 la vida. En oraci\u00f3n y en un acto simb\u00f3lico rechazamos todo tipo de violencia en contra de nuestro ni\u00f1os, ni\u00f1as y adolescentes, total solidaridad con los padres, familiares, amigos y comunidad de [&hellip;]\" \/>\n<meta property=\"og:url\" content=\"https:\/\/pagina10.com\/web\/velaton-en-memoria-del-menor-leonel-santiago-landazury\/\" \/>\n<meta property=\"og:site_name\" content=\"P\u00e1gina10\" \/>\n<meta property=\"article:publisher\" content=\"https:\/\/www.facebook.com\/pag10com\" \/>\n<meta property=\"article:published_time\" content=\"2023-03-04T03:32:05+00:00\" \/>\n<meta property=\"og:image\" content=\"https:\/\/pagina10.com\/web\/wp-content\/uploads\/2023\/03\/331634855_159036189925067_8707862543980548634_n.jpg\" \/>\n\t<meta property=\"og:image:width\" content=\"1600\" \/>\n\t<meta property=\"og:image:height\" content=\"1066\" \/>\n\t<meta property=\"og:image:type\" content=\"image\/jpeg\" \/>\n<meta name=\"author\" content=\"P\u00e1gina 10\" \/>\n<meta name=\"twitter:card\" content=\"summary_large_image\" \/>\n<meta name=\"twitter:creator\" content=\"@Pag10com\" \/>\n<meta name=\"twitter:site\" content=\"@Pag10com\" \/>\n<meta name=\"twitter:label1\" content=\"Escrito por\" \/>\n\t<meta name=\"twitter:data1\" content=\"P\u00e1gina 10\" \/>\n\t<meta name=\"twitter:label2\" content=\"Tiempo de lectura\" \/>\n\t<meta name=\"twitter:data2\" content=\"1 minuto\" \/>\n<script type=\"application\/ld+json\" class=\"yoast-schema-graph\">{\"@context\":\"https:\/\/schema.org\",\"@graph\":[{\"@type\":\"Article\",\"@id\":\"https:\/\/pagina10.com\/web\/velaton-en-memoria-del-menor-leonel-santiago-landazury\/#article\",\"isPartOf\":{\"@id\":\"https:\/\/pagina10.com\/web\/velaton-en-memoria-del-menor-leonel-santiago-landazury\/\"},\"author\":{\"name\":\"P\u00e1gina 10\",\"@id\":\"https:\/\/pagina10.com\/web\/#\/schema\/person\/2efc4a090d25b667d3bc796798a3a81b\"},\"headline\":\"Velat\u00f3n en memoria del menor Leonel Santiago Landazury\",\"datePublished\":\"2023-03-04T03:32:05+00:00\",\"mainEntityOfPage\":{\"@id\":\"https:\/\/pagina10.com\/web\/velaton-en-memoria-del-menor-leonel-santiago-landazury\/\"},\"wordCount\":307,\"commentCount\":0,\"publisher\":{\"@id\":\"https:\/\/pagina10.com\/web\/#organization\"},\"image\":{\"@id\":\"https:\/\/pagina10.com\/web\/velaton-en-memoria-del-menor-leonel-santiago-landazury\/#primaryimage\"},\"thumbnailUrl\":\"https:\/\/pagina10.com\/web\/wp-content\/uploads\/2023\/03\/331634855_159036189925067_8707862543980548634_n.jpg\",\"articleSection\":[\"Regiones\"],\"inLanguage\":\"es\",\"potentialAction\":[{\"@type\":\"CommentAction\",\"name\":\"Comment\",\"target\":[\"https:\/\/pagina10.com\/web\/velaton-en-memoria-del-menor-leonel-santiago-landazury\/#respond\"]}]},{\"@type\":\"WebPage\",\"@id\":\"https:\/\/pagina10.com\/web\/velaton-en-memoria-del-menor-leonel-santiago-landazury\/\",\"url\":\"https:\/\/pagina10.com\/web\/velaton-en-memoria-del-menor-leonel-santiago-landazury\/\",\"name\":\"Velat\u00f3n en memoria del menor Leonel Santiago Landazury | P\u00e1gina10\",\"isPartOf\":{\"@id\":\"https:\/\/pagina10.com\/web\/#website\"},\"primaryImageOfPage\":{\"@id\":\"https:\/\/pagina10.com\/web\/velaton-en-memoria-del-menor-leonel-santiago-landazury\/#primaryimage\"},\"image\":{\"@id\":\"https:\/\/pagina10.com\/web\/velaton-en-memoria-del-menor-leonel-santiago-landazury\/#primaryimage\"},\"thumbnailUrl\":\"https:\/\/pagina10.com\/web\/wp-content\/uploads\/2023\/03\/331634855_159036189925067_8707862543980548634_n.jpg\",\"datePublished\":\"2023-03-04T03:32:05+00:00\",\"breadcrumb\":{\"@id\":\"https:\/\/pagina10.com\/web\/velaton-en-memoria-del-menor-leonel-santiago-landazury\/#breadcrumb\"},\"inLanguage\":\"es\",\"potentialAction\":[{\"@type\":\"ReadAction\",\"target\":[\"https:\/\/pagina10.com\/web\/velaton-en-memoria-del-menor-leonel-santiago-landazury\/\"]}]},{\"@type\":\"ImageObject\",\"inLanguage\":\"es\",\"@id\":\"https:\/\/pagina10.com\/web\/velaton-en-memoria-del-menor-leonel-santiago-landazury\/#primaryimage\",\"url\":\"https:\/\/pagina10.com\/web\/wp-content\/uploads\/2023\/03\/331634855_159036189925067_8707862543980548634_n.jpg\",\"contentUrl\":\"https:\/\/pagina10.com\/web\/wp-content\/uploads\/2023\/03\/331634855_159036189925067_8707862543980548634_n.jpg\",\"width\":1600,\"height\":1066},{\"@type\":\"BreadcrumbList\",\"@id\":\"https:\/\/pagina10.com\/web\/velaton-en-memoria-del-menor-leonel-santiago-landazury\/#breadcrumb\",\"itemListElement\":[{\"@type\":\"ListItem\",\"position\":1,\"name\":\"Portada\",\"item\":\"https:\/\/pagina10.com\/web\/\"},{\"@type\":\"ListItem\",\"position\":2,\"name\":\"Velat\u00f3n en memoria del menor Leonel Santiago Landazury\"}]},{\"@type\":\"WebSite\",\"@id\":\"https:\/\/pagina10.com\/web\/#website\",\"url\":\"https:\/\/pagina10.com\/web\/\",\"name\":\"P\u00e1gina10\",\"description\":\"Peri\u00f3dico Regional\",\"publisher\":{\"@id\":\"https:\/\/pagina10.com\/web\/#organization\"},\"alternateName\":\"P\u00e1gina10 Peri\u00f3dico Regional\",\"potentialAction\":[{\"@type\":\"SearchAction\",\"target\":{\"@type\":\"EntryPoint\",\"urlTemplate\":\"https:\/\/pagina10.com\/web\/?s={search_term_string}\"},\"query-input\":{\"@type\":\"PropertyValueSpecification\",\"valueRequired\":true,\"valueName\":\"search_term_string\"}}],\"inLanguage\":\"es\"},{\"@type\":\"Organization\",\"@id\":\"https:\/\/pagina10.com\/web\/#organization\",\"name\":\"P\u00e1gina10\",\"alternateName\":\"P\u00e1gina10 Peri\u00f3dico Regional\",\"url\":\"https:\/\/pagina10.com\/web\/\",\"logo\":{\"@type\":\"ImageObject\",\"inLanguage\":\"es\",\"@id\":\"https:\/\/pagina10.com\/web\/#\/schema\/logo\/image\/\",\"url\":\"https:\/\/pagina10.com\/web\/wp-content\/uploads\/2024\/01\/40-pagina-10-periodico-regional-pasto.jpg\",\"contentUrl\":\"https:\/\/pagina10.com\/web\/wp-content\/uploads\/2024\/01\/40-pagina-10-periodico-regional-pasto.jpg\",\"width\":1280,\"height\":720,\"caption\":\"P\u00e1gina10\"},\"image\":{\"@id\":\"https:\/\/pagina10.com\/web\/#\/schema\/logo\/image\/\"},\"sameAs\":[\"https:\/\/www.facebook.com\/pag10com\",\"https:\/\/x.com\/Pag10com\",\"https:\/\/www.instagram.com\/pagina10col\/\",\"https:\/\/youtube.com\/channel\/pag10\",\"https:\/\/www.tiktok.com\/@p10col\"]},{\"@type\":\"Person\",\"@id\":\"https:\/\/pagina10.com\/web\/#\/schema\/person\/2efc4a090d25b667d3bc796798a3a81b\",\"name\":\"P\u00e1gina 10\",\"description\":\"P\u00e1gina 10 es un peri\u00f3dico regional que nace en Colombia, en el departamento de Nari\u00f1o, con un enfoque global, fundamentado en cuatro pilares esenciales: la libertad, el pluralismo, la inclusi\u00f3n y la independencia. P\u00e1gina 10 hace referencia a Nari\u00f1o como el d\u00e9cimo departamento creado en Colombia, despu\u00e9s de un proceso pol\u00edtico liderado por actores y actrices regionales con el fin de obtener la independencia y autonom\u00eda de nuestros territorios. Con la creaci\u00f3n de P\u00e1gina 10 se pretende abrir un escenario para el dialogo, la reflexi\u00f3n y el debate que se extienda a otras geograf\u00edas de Am\u00e9rica Latina y del planeta, en una apuesta por transformar colectivamente los desaf\u00edos de un mundo contempor\u00e1neo, m\u00e1s all\u00e1 de las fronteras impuestas.\",\"url\":\"https:\/\/pagina10.com\/web\/author\/pdiezadmin\/\"}]}<\/script>\n<!-- \/ Yoast SEO plugin. -->","yoast_head_json":{"title":"Velat\u00f3n en memoria del menor Leonel Santiago Landazury | P\u00e1gina10","robots":{"index":"index","follow":"follow","max-snippet":"max-snippet:-1","max-image-preview":"max-image-preview:large","max-video-preview":"max-video-preview:-1"},"canonical":"https:\/\/pagina10.com\/web\/velaton-en-memoria-del-menor-leonel-santiago-landazury\/","og_locale":"es_ES","og_type":"article","og_title":"Velat\u00f3n en memoria del menor Leonel Santiago Landazury | P\u00e1gina10","og_description":"Como gobierno y comunidad nos unimos en solidaridad con la familia del menor Leonel Santiago Landazuri Nastacuas a quien la intolerancia le ceg\u00f3 la vida. En oraci\u00f3n y en un acto simb\u00f3lico rechazamos todo tipo de violencia en contra de nuestro ni\u00f1os, ni\u00f1as y adolescentes, total solidaridad con los padres, familiares, amigos y comunidad de [&hellip;]","og_url":"https:\/\/pagina10.com\/web\/velaton-en-memoria-del-menor-leonel-santiago-landazury\/","og_site_name":"P\u00e1gina10","article_publisher":"https:\/\/www.facebook.com\/pag10com","article_published_time":"2023-03-04T03:32:05+00:00","og_image":[{"width":1600,"height":1066,"url":"https:\/\/pagina10.com\/web\/wp-content\/uploads\/2023\/03\/331634855_159036189925067_8707862543980548634_n.jpg","type":"image\/jpeg"}],"author":"P\u00e1gina 10","twitter_card":"summary_large_image","twitter_creator":"@Pag10com","twitter_site":"@Pag10com","twitter_misc":{"Escrito por":"P\u00e1gina 10","Tiempo de lectura":"1 minuto"},"schema":{"@context":"https:\/\/schema.org","@graph":[{"@type":"Article","@id":"https:\/\/pagina10.com\/web\/velaton-en-memoria-del-menor-leonel-santiago-landazury\/#article","isPartOf":{"@id":"https:\/\/pagina10.com\/web\/velaton-en-memoria-del-menor-leonel-santiago-landazury\/"},"author":{"name":"P\u00e1gina 10","@id":"https:\/\/pagina10.com\/web\/#\/schema\/person\/2efc4a090d25b667d3bc796798a3a81b"},"headline":"Velat\u00f3n en memoria del menor Leonel Santiago Landazury","datePublished":"2023-03-04T03:32:05+00:00","mainEntityOfPage":{"@id":"https:\/\/pagina10.com\/web\/velaton-en-memoria-del-menor-leonel-santiago-landazury\/"},"wordCount":307,"commentCount":0,"publisher":{"@id":"https:\/\/pagina10.com\/web\/#organization"},"image":{"@id":"https:\/\/pagina10.com\/web\/velaton-en-memoria-del-menor-leonel-santiago-landazury\/#primaryimage"},"thumbnailUrl":"https:\/\/pagina10.com\/web\/wp-content\/uploads\/2023\/03\/331634855_159036189925067_8707862543980548634_n.jpg","articleSection":["Regiones"],"inLanguage":"es","potentialAction":[{"@type":"CommentAction","name":"Comment","target":["https:\/\/pagina10.com\/web\/velaton-en-memoria-del-menor-leonel-santiago-landazury\/#respond"]}]},{"@type":"WebPage","@id":"https:\/\/pagina10.com\/web\/velaton-en-memoria-del-menor-leonel-santiago-landazury\/","url":"https:\/\/pagina10.com\/web\/velaton-en-memoria-del-menor-leonel-santiago-landazury\/","name":"Velat\u00f3n en memoria del menor Leonel Santiago Landazury | P\u00e1gina10","isPartOf":{"@id":"https:\/\/pagina10.com\/web\/#website"},"primaryImageOfPage":{"@id":"https:\/\/pagina10.com\/web\/velaton-en-memoria-del-menor-leonel-santiago-landazury\/#primaryimage"},"image":{"@id":"https:\/\/pagina10.com\/web\/velaton-en-memoria-del-menor-leonel-santiago-landazury\/#primaryimage"},"thumbnailUrl":"https:\/\/pagina10.com\/web\/wp-content\/uploads\/2023\/03\/331634855_159036189925067_8707862543980548634_n.jpg","datePublished":"2023-03-04T03:32:05+00:00","breadcrumb":{"@id":"https:\/\/pagina10.com\/web\/velaton-en-memoria-del-menor-leonel-santiago-landazury\/#breadcrumb"},"inLanguage":"es","potentialAction":[{"@type":"ReadAction","target":["https:\/\/pagina10.com\/web\/velaton-en-memoria-del-menor-leonel-santiago-landazury\/"]}]},{"@type":"ImageObject","inLanguage":"es","@id":"https:\/\/pagina10.com\/web\/velaton-en-memoria-del-menor-leonel-santiago-landazury\/#primaryimage","url":"https:\/\/pagina10.com\/web\/wp-content\/uploads\/2023\/03\/331634855_159036189925067_8707862543980548634_n.jpg","contentUrl":"https:\/\/pagina10.com\/web\/wp-content\/uploads\/2023\/03\/331634855_159036189925067_8707862543980548634_n.jpg","width":1600,"height":1066},{"@type":"BreadcrumbList","@id":"https:\/\/pagina10.com\/web\/velaton-en-memoria-del-menor-leonel-santiago-landazury\/#breadcrumb","itemListElement":[{"@type":"ListItem","position":1,"name":"Portada","item":"https:\/\/pagina10.com\/web\/"},{"@type":"ListItem","position":2,"name":"Velat\u00f3n en memoria del menor Leonel Santiago Landazury"}]},{"@type":"WebSite","@id":"https:\/\/pagina10.com\/web\/#website","url":"https:\/\/pagina10.com\/web\/","name":"P\u00e1gina10","description":"Peri\u00f3dico Regional","publisher":{"@id":"https:\/\/pagina10.com\/web\/#organization"},"alternateName":"P\u00e1gina10 Peri\u00f3dico Regional","potentialAction":[{"@type":"SearchAction","target":{"@type":"EntryPoint","urlTemplate":"https:\/\/pagina10.com\/web\/?s={search_term_string}"},"query-input":{"@type":"PropertyValueSpecification","valueRequired":true,"valueName":"search_term_string"}}],"inLanguage":"es"},{"@type":"Organization","@id":"https:\/\/pagina10.com\/web\/#organization","name":"P\u00e1gina10","alternateName":"P\u00e1gina10 Peri\u00f3dico Regional","url":"https:\/\/pagina10.com\/web\/","logo":{"@type":"ImageObject","inLanguage":"es","@id":"https:\/\/pagina10.com\/web\/#\/schema\/logo\/image\/","url":"https:\/\/pagina10.com\/web\/wp-content\/uploads\/2024\/01\/40-pagina-10-periodico-regional-pasto.jpg","contentUrl":"https:\/\/pagina10.com\/web\/wp-content\/uploads\/2024\/01\/40-pagina-10-periodico-regional-pasto.jpg","width":1280,"height":720,"caption":"P\u00e1gina10"},"image":{"@id":"https:\/\/pagina10.com\/web\/#\/schema\/logo\/image\/"},"sameAs":["https:\/\/www.facebook.com\/pag10com","https:\/\/x.com\/Pag10com","https:\/\/www.instagram.com\/pagina10col\/","https:\/\/youtube.com\/channel\/pag10","https:\/\/www.tiktok.com\/@p10col"]},{"@type":"Person","@id":"https:\/\/pagina10.com\/web\/#\/schema\/person\/2efc4a090d25b667d3bc796798a3a81b","name":"P\u00e1gina 10","description":"P\u00e1gina 10 es un peri\u00f3dico regional que nace en Colombia, en el departamento de Nari\u00f1o, con un enfoque global, fundamentado en cuatro pilares esenciales: la libertad, el pluralismo, la inclusi\u00f3n y la independencia. P\u00e1gina 10 hace referencia a Nari\u00f1o como el d\u00e9cimo departamento creado en Colombia, despu\u00e9s de un proceso pol\u00edtico liderado por actores y actrices regionales con el fin de obtener la independencia y autonom\u00eda de nuestros territorios. Con la creaci\u00f3n de P\u00e1gina 10 se pretende abrir un escenario para el dialogo, la reflexi\u00f3n y el debate que se extienda a otras geograf\u00edas de Am\u00e9rica Latina y del planeta, en una apuesta por transformar colectivamente los desaf\u00edos de un mundo contempor\u00e1neo, m\u00e1s all\u00e1 de las fronteras impuestas.","url":"https:\/\/pagina10.com\/web\/author\/pdiezadmin\/"}]}},"_links":{"self":[{"href":"https:\/\/pagina10.com\/web\/wp-json\/wp\/v2\/posts\/64919","targetHints":{"allow":["GET"]}}],"collection":[{"href":"https:\/\/pagina10.com\/web\/wp-json\/wp\/v2\/posts"}],"about":[{"href":"https:\/\/pagina10.com\/web\/wp-json\/wp\/v2\/types\/post"}],"author":[{"embeddable":true,"href":"https:\/\/pagina10.com\/web\/wp-json\/wp\/v2\/users\/1"}],"replies":[{"embeddable":true,"href":"https:\/\/pagina10.com\/web\/wp-json\/wp\/v2\/comments?post=64919"}],"version-history":[{"count":1,"href":"https:\/\/pagina10.com\/web\/wp-json\/wp\/v2\/posts\/64919\/revisions"}],"predecessor-version":[{"id":64921,"href":"https:\/\/pagina10.com\/web\/wp-json\/wp\/v2\/posts\/64919\/revisions\/64921"}],"wp:featuredmedia":[{"embeddable":true,"href":"https:\/\/pagina10.com\/web\/wp-json\/wp\/v2\/media\/64920"}],"wp:attachment":[{"href":"https:\/\/pagina10.com\/web\/wp-json\/wp\/v2\/media?parent=64919"}],"wp:term":[{"taxonomy":"category","embeddable":true,"href":"https:\/\/pagina10.com\/web\/wp-json\/wp\/v2\/categories?post=64919"},{"taxonomy":"post_tag","embeddable":true,"href":"https:\/\/pagina10.com\/web\/wp-json\/wp\/v2\/tags?post=64919"}],"curies":[{"name":"wp","href":"https:\/\/api.w.org\/{rel}","templated":true}]}}