{"id":64922,"date":"2023-03-03T22:36:30","date_gmt":"2023-03-04T03:36:30","guid":{"rendered":"https:\/\/pagina10.com\/web\/?p=64922"},"modified":"2023-03-03T22:36:30","modified_gmt":"2023-03-04T03:36:30","slug":"continua-convenio-para-atencion-de-personas-en-situacion-de-calle-en-pasto","status":"publish","type":"post","link":"https:\/\/pagina10.com\/web\/continua-convenio-para-atencion-de-personas-en-situacion-de-calle-en-pasto\/","title":{"rendered":"Contin\u00faa convenio para atenci\u00f3n de personas en situaci\u00f3n de calle en Pasto"},"content":{"rendered":"<p style=\"text-align: justify;\">Con el prop\u00f3sito de dignificar a la poblaci\u00f3n habitante de calle y en calle, se brindar\u00e1 oferta institucional que garantizar\u00e1 los derechos fundamentales, la generaci\u00f3n de oportunidades, el desarrollo de capacidades y el mejoramiento de calidad de vida de esta poblaci\u00f3n.<\/p>\n<p style=\"text-align: justify;\">La Secretar\u00eda de Equidad de G\u00e9nero e Inclusi\u00f3n Social de Nari\u00f1o, reafirma su compromiso con la comunidad en condici\u00f3n de calle, con la firma del convenio interadministrativo N\u00b02136-2022, cuya ejecuci\u00f3n ser\u00e1 celebrada hasta el 31 de diciembre de 2023 y cuenta con una inversi\u00f3n total de 100 millones de pesos.<br \/>\nEl presente convenio est\u00e1 suscrito entre la secretar\u00eda de equidad de g\u00e9nero e inclusi\u00f3n social de la Gobernaci\u00f3n de Nari\u00f1o y la Alcald\u00eda del municipio de Pasto, se aunar\u00e1n esfuerzos administrativos t\u00e9cnicos, humanos y financieros, para mantener la atenci\u00f3n de las personas habitantes de calle y en calle de Pasto, que se encuentran en el centro de acogida \u201cEn \u00c8l, Hay Esperanza\u201d.<\/p>\n<p style=\"text-align: justify;\">Por lo que, la secretaria de g\u00e9nero de Nari\u00f1o, Silena Dajome Palacios afirm\u00f3 que desde la SEGIS, \u201capoyamos a esta poblaci\u00f3n quienes por diferentes motivos o circunstancias de la vida, est\u00e1n aqu\u00ed. En articulaci\u00f3n con la Alcald\u00eda del municipio brindaremos una atenci\u00f3n integral, de trabajo social, psicol\u00f3gica, enfermer\u00eda, talleres ocio-ocupacionales, alimentaci\u00f3n, desayuno, almuerzo y cena, primeros auxilios y alojamiento a m\u00e1s de 60 personas que llegan al centro de acogida\u201d.<br \/>\nAdem\u00e1s, se resalta que desde el quehacer misional de la secretar\u00eda, se pondr\u00e1 en desarrollo la estrategia comunicativa, \u201cRompe el silencio ante la violencia\u201d, la cual buscar\u00e1 sensibilizar a la comunidad en general, a trav\u00e9s de productos edu- comunicativos sobre c\u00f3mo se pueden prevenir las violencias que afectan la calidad de vida y los derechos de la poblaci\u00f3n habitante de calle y en calle del Departamento.<\/p>\n<p style=\"text-align: justify;\">Lenguaje incluyente:<br \/>\nHabitante de calle: aquella persona que encuentra su sustento y forma de vida en la calle, pero no duerme en ella.<br \/>\nHabitante en calle: aquella persona que adem\u00e1s de, encontrar su sustento y forma de vida en la calle, duerme en ella.<\/p>\n","protected":false},"excerpt":{"rendered":"<p>Con el prop\u00f3sito de dignificar a la poblaci\u00f3n habitante de calle y en calle, se brindar\u00e1 oferta institucional que garantizar\u00e1 los derechos fundamentales, la generaci\u00f3n de oportunidades, el desarrollo de capacidades y el mejoramiento de calidad de vida de esta poblaci\u00f3n. La Secretar\u00eda de Equidad de G\u00e9nero e Inclusi\u00f3n Social de Nari\u00f1o, reafirma su compromiso [&hellip;]<\/p>\n","protected":false},"author":1,"featured_media":64923,"comment_status":"open","ping_status":"open","sticky":false,"template":"","format":"standard","meta":{"footnotes":""},"categories":[82],"tags":[],"class_list":["post-64922","post","type-post","status-publish","format-standard","has-post-thumbnail","hentry","category-ciudad-2"],"yoast_head":"<!-- This site is optimized with the Yoast SEO plugin v27.1.1 - https:\/\/yoast.com\/product\/yoast-seo-wordpress\/ -->\n<title>Contin\u00faa convenio para atenci\u00f3n de personas en situaci\u00f3n de calle en Pasto | P\u00e1gina10<\/title>\n<meta name=\"robots\" content=\"index, follow, max-snippet:-1, max-image-preview:large, max-video-preview:-1\" \/>\n<link rel=\"canonical\" href=\"https:\/\/pagina10.com\/web\/continua-convenio-para-atencion-de-personas-en-situacion-de-calle-en-pasto\/\" \/>\n<meta property=\"og:locale\" content=\"es_ES\" \/>\n<meta property=\"og:type\" content=\"article\" \/>\n<meta property=\"og:title\" content=\"Contin\u00faa convenio para atenci\u00f3n de personas en situaci\u00f3n de calle en Pasto | P\u00e1gina10\" \/>\n<meta property=\"og:description\" content=\"Con el prop\u00f3sito de dignificar a la poblaci\u00f3n habitante de calle y en calle, se brindar\u00e1 oferta institucional que garantizar\u00e1 los derechos fundamentales, la generaci\u00f3n de oportunidades, el desarrollo de capacidades y el mejoramiento de calidad de vida de esta poblaci\u00f3n. La Secretar\u00eda de Equidad de G\u00e9nero e Inclusi\u00f3n Social de Nari\u00f1o, reafirma su compromiso [&hellip;]\" \/>\n<meta property=\"og:url\" content=\"https:\/\/pagina10.com\/web\/continua-convenio-para-atencion-de-personas-en-situacion-de-calle-en-pasto\/\" \/>\n<meta property=\"og:site_name\" content=\"P\u00e1gina10\" \/>\n<meta property=\"article:publisher\" content=\"https:\/\/www.facebook.com\/pag10com\" \/>\n<meta property=\"article:published_time\" content=\"2023-03-04T03:36:30+00:00\" \/>\n<meta property=\"og:image\" content=\"https:\/\/pagina10.com\/web\/wp-content\/uploads\/2023\/03\/WhatsApp-Image-2023-03-03-at-10.35.38-PM.jpeg\" \/>\n\t<meta property=\"og:image:width\" content=\"1024\" \/>\n\t<meta property=\"og:image:height\" content=\"682\" \/>\n\t<meta property=\"og:image:type\" content=\"image\/jpeg\" \/>\n<meta name=\"author\" content=\"P\u00e1gina 10\" \/>\n<meta name=\"twitter:card\" content=\"summary_large_image\" \/>\n<meta name=\"twitter:creator\" content=\"@Pag10com\" \/>\n<meta name=\"twitter:site\" content=\"@Pag10com\" \/>\n<meta name=\"twitter:label1\" content=\"Escrito por\" \/>\n\t<meta name=\"twitter:data1\" content=\"P\u00e1gina 10\" \/>\n\t<meta name=\"twitter:label2\" content=\"Tiempo de lectura\" \/>\n\t<meta name=\"twitter:data2\" content=\"2 minutos\" \/>\n<script type=\"application\/ld+json\" class=\"yoast-schema-graph\">{\"@context\":\"https:\/\/schema.org\",\"@graph\":[{\"@type\":\"Article\",\"@id\":\"https:\/\/pagina10.com\/web\/continua-convenio-para-atencion-de-personas-en-situacion-de-calle-en-pasto\/#article\",\"isPartOf\":{\"@id\":\"https:\/\/pagina10.com\/web\/continua-convenio-para-atencion-de-personas-en-situacion-de-calle-en-pasto\/\"},\"author\":{\"name\":\"P\u00e1gina 10\",\"@id\":\"https:\/\/pagina10.com\/web\/#\/schema\/person\/2efc4a090d25b667d3bc796798a3a81b\"},\"headline\":\"Contin\u00faa convenio para atenci\u00f3n de personas en situaci\u00f3n de calle en Pasto\",\"datePublished\":\"2023-03-04T03:36:30+00:00\",\"mainEntityOfPage\":{\"@id\":\"https:\/\/pagina10.com\/web\/continua-convenio-para-atencion-de-personas-en-situacion-de-calle-en-pasto\/\"},\"wordCount\":382,\"commentCount\":0,\"publisher\":{\"@id\":\"https:\/\/pagina10.com\/web\/#organization\"},\"image\":{\"@id\":\"https:\/\/pagina10.com\/web\/continua-convenio-para-atencion-de-personas-en-situacion-de-calle-en-pasto\/#primaryimage\"},\"thumbnailUrl\":\"https:\/\/pagina10.com\/web\/wp-content\/uploads\/2023\/03\/WhatsApp-Image-2023-03-03-at-10.35.38-PM.jpeg\",\"articleSection\":[\"Ciudad\"],\"inLanguage\":\"es\",\"potentialAction\":[{\"@type\":\"CommentAction\",\"name\":\"Comment\",\"target\":[\"https:\/\/pagina10.com\/web\/continua-convenio-para-atencion-de-personas-en-situacion-de-calle-en-pasto\/#respond\"]}]},{\"@type\":\"WebPage\",\"@id\":\"https:\/\/pagina10.com\/web\/continua-convenio-para-atencion-de-personas-en-situacion-de-calle-en-pasto\/\",\"url\":\"https:\/\/pagina10.com\/web\/continua-convenio-para-atencion-de-personas-en-situacion-de-calle-en-pasto\/\",\"name\":\"Contin\u00faa convenio para atenci\u00f3n de personas en situaci\u00f3n de calle en Pasto | P\u00e1gina10\",\"isPartOf\":{\"@id\":\"https:\/\/pagina10.com\/web\/#website\"},\"primaryImageOfPage\":{\"@id\":\"https:\/\/pagina10.com\/web\/continua-convenio-para-atencion-de-personas-en-situacion-de-calle-en-pasto\/#primaryimage\"},\"image\":{\"@id\":\"https:\/\/pagina10.com\/web\/continua-convenio-para-atencion-de-personas-en-situacion-de-calle-en-pasto\/#primaryimage\"},\"thumbnailUrl\":\"https:\/\/pagina10.com\/web\/wp-content\/uploads\/2023\/03\/WhatsApp-Image-2023-03-03-at-10.35.38-PM.jpeg\",\"datePublished\":\"2023-03-04T03:36:30+00:00\",\"breadcrumb\":{\"@id\":\"https:\/\/pagina10.com\/web\/continua-convenio-para-atencion-de-personas-en-situacion-de-calle-en-pasto\/#breadcrumb\"},\"inLanguage\":\"es\",\"potentialAction\":[{\"@type\":\"ReadAction\",\"target\":[\"https:\/\/pagina10.com\/web\/continua-convenio-para-atencion-de-personas-en-situacion-de-calle-en-pasto\/\"]}]},{\"@type\":\"ImageObject\",\"inLanguage\":\"es\",\"@id\":\"https:\/\/pagina10.com\/web\/continua-convenio-para-atencion-de-personas-en-situacion-de-calle-en-pasto\/#primaryimage\",\"url\":\"https:\/\/pagina10.com\/web\/wp-content\/uploads\/2023\/03\/WhatsApp-Image-2023-03-03-at-10.35.38-PM.jpeg\",\"contentUrl\":\"https:\/\/pagina10.com\/web\/wp-content\/uploads\/2023\/03\/WhatsApp-Image-2023-03-03-at-10.35.38-PM.jpeg\",\"width\":1024,\"height\":682},{\"@type\":\"BreadcrumbList\",\"@id\":\"https:\/\/pagina10.com\/web\/continua-convenio-para-atencion-de-personas-en-situacion-de-calle-en-pasto\/#breadcrumb\",\"itemListElement\":[{\"@type\":\"ListItem\",\"position\":1,\"name\":\"Portada\",\"item\":\"https:\/\/pagina10.com\/web\/\"},{\"@type\":\"ListItem\",\"position\":2,\"name\":\"Contin\u00faa convenio para atenci\u00f3n de personas en situaci\u00f3n de calle en Pasto\"}]},{\"@type\":\"WebSite\",\"@id\":\"https:\/\/pagina10.com\/web\/#website\",\"url\":\"https:\/\/pagina10.com\/web\/\",\"name\":\"P\u00e1gina10\",\"description\":\"Peri\u00f3dico Regional\",\"publisher\":{\"@id\":\"https:\/\/pagina10.com\/web\/#organization\"},\"alternateName\":\"P\u00e1gina10 Peri\u00f3dico Regional\",\"potentialAction\":[{\"@type\":\"SearchAction\",\"target\":{\"@type\":\"EntryPoint\",\"urlTemplate\":\"https:\/\/pagina10.com\/web\/?s={search_term_string}\"},\"query-input\":{\"@type\":\"PropertyValueSpecification\",\"valueRequired\":true,\"valueName\":\"search_term_string\"}}],\"inLanguage\":\"es\"},{\"@type\":\"Organization\",\"@id\":\"https:\/\/pagina10.com\/web\/#organization\",\"name\":\"P\u00e1gina10\",\"alternateName\":\"P\u00e1gina10 Peri\u00f3dico Regional\",\"url\":\"https:\/\/pagina10.com\/web\/\",\"logo\":{\"@type\":\"ImageObject\",\"inLanguage\":\"es\",\"@id\":\"https:\/\/pagina10.com\/web\/#\/schema\/logo\/image\/\",\"url\":\"https:\/\/pagina10.com\/web\/wp-content\/uploads\/2024\/01\/40-pagina-10-periodico-regional-pasto.jpg\",\"contentUrl\":\"https:\/\/pagina10.com\/web\/wp-content\/uploads\/2024\/01\/40-pagina-10-periodico-regional-pasto.jpg\",\"width\":1280,\"height\":720,\"caption\":\"P\u00e1gina10\"},\"image\":{\"@id\":\"https:\/\/pagina10.com\/web\/#\/schema\/logo\/image\/\"},\"sameAs\":[\"https:\/\/www.facebook.com\/pag10com\",\"https:\/\/x.com\/Pag10com\",\"https:\/\/www.instagram.com\/pagina10col\/\",\"https:\/\/youtube.com\/channel\/pag10\",\"https:\/\/www.tiktok.com\/@p10col\"]},{\"@type\":\"Person\",\"@id\":\"https:\/\/pagina10.com\/web\/#\/schema\/person\/2efc4a090d25b667d3bc796798a3a81b\",\"name\":\"P\u00e1gina 10\",\"description\":\"P\u00e1gina 10 es un peri\u00f3dico regional que nace en Colombia, en el departamento de Nari\u00f1o, con un enfoque global, fundamentado en cuatro pilares esenciales: la libertad, el pluralismo, la inclusi\u00f3n y la independencia. P\u00e1gina 10 hace referencia a Nari\u00f1o como el d\u00e9cimo departamento creado en Colombia, despu\u00e9s de un proceso pol\u00edtico liderado por actores y actrices regionales con el fin de obtener la independencia y autonom\u00eda de nuestros territorios. Con la creaci\u00f3n de P\u00e1gina 10 se pretende abrir un escenario para el dialogo, la reflexi\u00f3n y el debate que se extienda a otras geograf\u00edas de Am\u00e9rica Latina y del planeta, en una apuesta por transformar colectivamente los desaf\u00edos de un mundo contempor\u00e1neo, m\u00e1s all\u00e1 de las fronteras impuestas.\",\"url\":\"https:\/\/pagina10.com\/web\/author\/pdiezadmin\/\"}]}<\/script>\n<!-- \/ Yoast SEO plugin. -->","yoast_head_json":{"title":"Contin\u00faa convenio para atenci\u00f3n de personas en situaci\u00f3n de calle en Pasto | P\u00e1gina10","robots":{"index":"index","follow":"follow","max-snippet":"max-snippet:-1","max-image-preview":"max-image-preview:large","max-video-preview":"max-video-preview:-1"},"canonical":"https:\/\/pagina10.com\/web\/continua-convenio-para-atencion-de-personas-en-situacion-de-calle-en-pasto\/","og_locale":"es_ES","og_type":"article","og_title":"Contin\u00faa convenio para atenci\u00f3n de personas en situaci\u00f3n de calle en Pasto | P\u00e1gina10","og_description":"Con el prop\u00f3sito de dignificar a la poblaci\u00f3n habitante de calle y en calle, se brindar\u00e1 oferta institucional que garantizar\u00e1 los derechos fundamentales, la generaci\u00f3n de oportunidades, el desarrollo de capacidades y el mejoramiento de calidad de vida de esta poblaci\u00f3n. La Secretar\u00eda de Equidad de G\u00e9nero e Inclusi\u00f3n Social de Nari\u00f1o, reafirma su compromiso [&hellip;]","og_url":"https:\/\/pagina10.com\/web\/continua-convenio-para-atencion-de-personas-en-situacion-de-calle-en-pasto\/","og_site_name":"P\u00e1gina10","article_publisher":"https:\/\/www.facebook.com\/pag10com","article_published_time":"2023-03-04T03:36:30+00:00","og_image":[{"width":1024,"height":682,"url":"https:\/\/pagina10.com\/web\/wp-content\/uploads\/2023\/03\/WhatsApp-Image-2023-03-03-at-10.35.38-PM.jpeg","type":"image\/jpeg"}],"author":"P\u00e1gina 10","twitter_card":"summary_large_image","twitter_creator":"@Pag10com","twitter_site":"@Pag10com","twitter_misc":{"Escrito por":"P\u00e1gina 10","Tiempo de lectura":"2 minutos"},"schema":{"@context":"https:\/\/schema.org","@graph":[{"@type":"Article","@id":"https:\/\/pagina10.com\/web\/continua-convenio-para-atencion-de-personas-en-situacion-de-calle-en-pasto\/#article","isPartOf":{"@id":"https:\/\/pagina10.com\/web\/continua-convenio-para-atencion-de-personas-en-situacion-de-calle-en-pasto\/"},"author":{"name":"P\u00e1gina 10","@id":"https:\/\/pagina10.com\/web\/#\/schema\/person\/2efc4a090d25b667d3bc796798a3a81b"},"headline":"Contin\u00faa convenio para atenci\u00f3n de personas en situaci\u00f3n de calle en Pasto","datePublished":"2023-03-04T03:36:30+00:00","mainEntityOfPage":{"@id":"https:\/\/pagina10.com\/web\/continua-convenio-para-atencion-de-personas-en-situacion-de-calle-en-pasto\/"},"wordCount":382,"commentCount":0,"publisher":{"@id":"https:\/\/pagina10.com\/web\/#organization"},"image":{"@id":"https:\/\/pagina10.com\/web\/continua-convenio-para-atencion-de-personas-en-situacion-de-calle-en-pasto\/#primaryimage"},"thumbnailUrl":"https:\/\/pagina10.com\/web\/wp-content\/uploads\/2023\/03\/WhatsApp-Image-2023-03-03-at-10.35.38-PM.jpeg","articleSection":["Ciudad"],"inLanguage":"es","potentialAction":[{"@type":"CommentAction","name":"Comment","target":["https:\/\/pagina10.com\/web\/continua-convenio-para-atencion-de-personas-en-situacion-de-calle-en-pasto\/#respond"]}]},{"@type":"WebPage","@id":"https:\/\/pagina10.com\/web\/continua-convenio-para-atencion-de-personas-en-situacion-de-calle-en-pasto\/","url":"https:\/\/pagina10.com\/web\/continua-convenio-para-atencion-de-personas-en-situacion-de-calle-en-pasto\/","name":"Contin\u00faa convenio para atenci\u00f3n de personas en situaci\u00f3n de calle en Pasto | P\u00e1gina10","isPartOf":{"@id":"https:\/\/pagina10.com\/web\/#website"},"primaryImageOfPage":{"@id":"https:\/\/pagina10.com\/web\/continua-convenio-para-atencion-de-personas-en-situacion-de-calle-en-pasto\/#primaryimage"},"image":{"@id":"https:\/\/pagina10.com\/web\/continua-convenio-para-atencion-de-personas-en-situacion-de-calle-en-pasto\/#primaryimage"},"thumbnailUrl":"https:\/\/pagina10.com\/web\/wp-content\/uploads\/2023\/03\/WhatsApp-Image-2023-03-03-at-10.35.38-PM.jpeg","datePublished":"2023-03-04T03:36:30+00:00","breadcrumb":{"@id":"https:\/\/pagina10.com\/web\/continua-convenio-para-atencion-de-personas-en-situacion-de-calle-en-pasto\/#breadcrumb"},"inLanguage":"es","potentialAction":[{"@type":"ReadAction","target":["https:\/\/pagina10.com\/web\/continua-convenio-para-atencion-de-personas-en-situacion-de-calle-en-pasto\/"]}]},{"@type":"ImageObject","inLanguage":"es","@id":"https:\/\/pagina10.com\/web\/continua-convenio-para-atencion-de-personas-en-situacion-de-calle-en-pasto\/#primaryimage","url":"https:\/\/pagina10.com\/web\/wp-content\/uploads\/2023\/03\/WhatsApp-Image-2023-03-03-at-10.35.38-PM.jpeg","contentUrl":"https:\/\/pagina10.com\/web\/wp-content\/uploads\/2023\/03\/WhatsApp-Image-2023-03-03-at-10.35.38-PM.jpeg","width":1024,"height":682},{"@type":"BreadcrumbList","@id":"https:\/\/pagina10.com\/web\/continua-convenio-para-atencion-de-personas-en-situacion-de-calle-en-pasto\/#breadcrumb","itemListElement":[{"@type":"ListItem","position":1,"name":"Portada","item":"https:\/\/pagina10.com\/web\/"},{"@type":"ListItem","position":2,"name":"Contin\u00faa convenio para atenci\u00f3n de personas en situaci\u00f3n de calle en Pasto"}]},{"@type":"WebSite","@id":"https:\/\/pagina10.com\/web\/#website","url":"https:\/\/pagina10.com\/web\/","name":"P\u00e1gina10","description":"Peri\u00f3dico Regional","publisher":{"@id":"https:\/\/pagina10.com\/web\/#organization"},"alternateName":"P\u00e1gina10 Peri\u00f3dico Regional","potentialAction":[{"@type":"SearchAction","target":{"@type":"EntryPoint","urlTemplate":"https:\/\/pagina10.com\/web\/?s={search_term_string}"},"query-input":{"@type":"PropertyValueSpecification","valueRequired":true,"valueName":"search_term_string"}}],"inLanguage":"es"},{"@type":"Organization","@id":"https:\/\/pagina10.com\/web\/#organization","name":"P\u00e1gina10","alternateName":"P\u00e1gina10 Peri\u00f3dico Regional","url":"https:\/\/pagina10.com\/web\/","logo":{"@type":"ImageObject","inLanguage":"es","@id":"https:\/\/pagina10.com\/web\/#\/schema\/logo\/image\/","url":"https:\/\/pagina10.com\/web\/wp-content\/uploads\/2024\/01\/40-pagina-10-periodico-regional-pasto.jpg","contentUrl":"https:\/\/pagina10.com\/web\/wp-content\/uploads\/2024\/01\/40-pagina-10-periodico-regional-pasto.jpg","width":1280,"height":720,"caption":"P\u00e1gina10"},"image":{"@id":"https:\/\/pagina10.com\/web\/#\/schema\/logo\/image\/"},"sameAs":["https:\/\/www.facebook.com\/pag10com","https:\/\/x.com\/Pag10com","https:\/\/www.instagram.com\/pagina10col\/","https:\/\/youtube.com\/channel\/pag10","https:\/\/www.tiktok.com\/@p10col"]},{"@type":"Person","@id":"https:\/\/pagina10.com\/web\/#\/schema\/person\/2efc4a090d25b667d3bc796798a3a81b","name":"P\u00e1gina 10","description":"P\u00e1gina 10 es un peri\u00f3dico regional que nace en Colombia, en el departamento de Nari\u00f1o, con un enfoque global, fundamentado en cuatro pilares esenciales: la libertad, el pluralismo, la inclusi\u00f3n y la independencia. P\u00e1gina 10 hace referencia a Nari\u00f1o como el d\u00e9cimo departamento creado en Colombia, despu\u00e9s de un proceso pol\u00edtico liderado por actores y actrices regionales con el fin de obtener la independencia y autonom\u00eda de nuestros territorios. Con la creaci\u00f3n de P\u00e1gina 10 se pretende abrir un escenario para el dialogo, la reflexi\u00f3n y el debate que se extienda a otras geograf\u00edas de Am\u00e9rica Latina y del planeta, en una apuesta por transformar colectivamente los desaf\u00edos de un mundo contempor\u00e1neo, m\u00e1s all\u00e1 de las fronteras impuestas.","url":"https:\/\/pagina10.com\/web\/author\/pdiezadmin\/"}]}},"_links":{"self":[{"href":"https:\/\/pagina10.com\/web\/wp-json\/wp\/v2\/posts\/64922","targetHints":{"allow":["GET"]}}],"collection":[{"href":"https:\/\/pagina10.com\/web\/wp-json\/wp\/v2\/posts"}],"about":[{"href":"https:\/\/pagina10.com\/web\/wp-json\/wp\/v2\/types\/post"}],"author":[{"embeddable":true,"href":"https:\/\/pagina10.com\/web\/wp-json\/wp\/v2\/users\/1"}],"replies":[{"embeddable":true,"href":"https:\/\/pagina10.com\/web\/wp-json\/wp\/v2\/comments?post=64922"}],"version-history":[{"count":1,"href":"https:\/\/pagina10.com\/web\/wp-json\/wp\/v2\/posts\/64922\/revisions"}],"predecessor-version":[{"id":64924,"href":"https:\/\/pagina10.com\/web\/wp-json\/wp\/v2\/posts\/64922\/revisions\/64924"}],"wp:featuredmedia":[{"embeddable":true,"href":"https:\/\/pagina10.com\/web\/wp-json\/wp\/v2\/media\/64923"}],"wp:attachment":[{"href":"https:\/\/pagina10.com\/web\/wp-json\/wp\/v2\/media?parent=64922"}],"wp:term":[{"taxonomy":"category","embeddable":true,"href":"https:\/\/pagina10.com\/web\/wp-json\/wp\/v2\/categories?post=64922"},{"taxonomy":"post_tag","embeddable":true,"href":"https:\/\/pagina10.com\/web\/wp-json\/wp\/v2\/tags?post=64922"}],"curies":[{"name":"wp","href":"https:\/\/api.w.org\/{rel}","templated":true}]}}