{"id":64961,"date":"2023-03-06T08:45:07","date_gmt":"2023-03-06T13:45:07","guid":{"rendered":"https:\/\/pagina10.com\/web\/?p=64961"},"modified":"2023-03-06T08:45:07","modified_gmt":"2023-03-06T13:45:07","slug":"padre-de-david-urena-detuvo-correria-por-narino-tras-recaptura-del-alcalde-de-el-charco","status":"publish","type":"post","link":"https:\/\/pagina10.com\/web\/padre-de-david-urena-detuvo-correria-por-narino-tras-recaptura-del-alcalde-de-el-charco\/","title":{"rendered":"Padre de David Ure\u00f1a detuvo correr\u00eda por Nari\u00f1o tras recaptura del alcalde de El Charco"},"content":{"rendered":"<p style=\"text-align: justify;\">Luego de conocer la noticia sobre la recaptura del alcalde de El Charco, V\u00edctor C\u00e1ndelo Reina, \u00c1lvaro Ure\u00f1a padre de David Ure\u00f1a, quien fue secuestrado el 24 de abril de 2022; decidi\u00f3 detener la correr\u00eda que ten\u00eda programada por todo Nari\u00f1o debido a que seg\u00fan \u00e9l, la investigaci\u00f3n sobre la desaparici\u00f3n de su hijo podr\u00eda tomar un nuevo rumbo.<\/p>\n<p style=\"text-align: justify;\">La medida de aseguramiento en centro carcelario dictada contra el mandatario a quien la Fiscal\u00eda lo acusa por los delitos de contrato sin cumplimiento de requisitos legales en concurso heterog\u00e9neo con violaci\u00f3n del r\u00e9gimen legal de inhabilidades e incompatibilidades y falsedad ideol\u00f3gica en documento p\u00fablico, lo sacar\u00eda definitivamente de su cargo.<\/p>\n<p style=\"text-align: justify;\">Por lo anterior, el partido pol\u00edtico Cambio Radical y el Gobernador de Nari\u00f1o deber\u00e1n nombrar provisionalmente un encargado y luego decretar quien asumir\u00e1 por el resto del mandato que culmina el 31 de diciembre del presente a\u00f1o. Cabe mencionar que ese partido pol\u00edtico fue el que nombr\u00f3 a Ure\u00f1a como alcalde encargado para reemplazar a C\u00e1ndelo, quien logr\u00f3 regresar a su cargo tiempo despu\u00e9s del secuestro de su sucesor.<\/p>\n<p style=\"text-align: right;\">\u201cNadie sabe con evidencias porque lo escogieron a mi hijo para ese cargo. Nadie tampoco advirti\u00f3 de esa tierra sin ley. Quiero saber la verdad, sin querer saber qui\u00e9nes fueron los responsables de su desaparici\u00f3n\u201d, anot\u00f3 \u00c1lvaro al portal MiPutumayo.com.<\/p>\n","protected":false},"excerpt":{"rendered":"<p>Luego de conocer la noticia sobre la recaptura del alcalde de El Charco, V\u00edctor C\u00e1ndelo Reina, \u00c1lvaro Ure\u00f1a padre de David Ure\u00f1a, quien fue secuestrado el 24 de abril de 2022; decidi\u00f3 detener la correr\u00eda que ten\u00eda programada por todo Nari\u00f1o debido a que seg\u00fan \u00e9l, la investigaci\u00f3n sobre la desaparici\u00f3n de su hijo podr\u00eda [&hellip;]<\/p>\n","protected":false},"author":1,"featured_media":64962,"comment_status":"open","ping_status":"open","sticky":false,"template":"","format":"standard","meta":{"footnotes":""},"categories":[53],"tags":[],"class_list":["post-64961","post","type-post","status-publish","format-standard","has-post-thumbnail","hentry","category-regiones"],"yoast_head":"<!-- This site is optimized with the Yoast SEO plugin v27.1.1 - https:\/\/yoast.com\/product\/yoast-seo-wordpress\/ -->\n<title>Padre de David Ure\u00f1a detuvo correr\u00eda por Nari\u00f1o tras recaptura del alcalde de El Charco | P\u00e1gina10<\/title>\n<meta name=\"robots\" content=\"index, follow, max-snippet:-1, max-image-preview:large, max-video-preview:-1\" \/>\n<link rel=\"canonical\" href=\"https:\/\/pagina10.com\/web\/padre-de-david-urena-detuvo-correria-por-narino-tras-recaptura-del-alcalde-de-el-charco\/\" \/>\n<meta property=\"og:locale\" content=\"es_ES\" \/>\n<meta property=\"og:type\" content=\"article\" \/>\n<meta property=\"og:title\" content=\"Padre de David Ure\u00f1a detuvo correr\u00eda por Nari\u00f1o tras recaptura del alcalde de El Charco | P\u00e1gina10\" \/>\n<meta property=\"og:description\" content=\"Luego de conocer la noticia sobre la recaptura del alcalde de El Charco, V\u00edctor C\u00e1ndelo Reina, \u00c1lvaro Ure\u00f1a padre de David Ure\u00f1a, quien fue secuestrado el 24 de abril de 2022; decidi\u00f3 detener la correr\u00eda que ten\u00eda programada por todo Nari\u00f1o debido a que seg\u00fan \u00e9l, la investigaci\u00f3n sobre la desaparici\u00f3n de su hijo podr\u00eda [&hellip;]\" \/>\n<meta property=\"og:url\" content=\"https:\/\/pagina10.com\/web\/padre-de-david-urena-detuvo-correria-por-narino-tras-recaptura-del-alcalde-de-el-charco\/\" \/>\n<meta property=\"og:site_name\" content=\"P\u00e1gina10\" \/>\n<meta property=\"article:publisher\" content=\"https:\/\/www.facebook.com\/pag10com\" \/>\n<meta property=\"article:published_time\" content=\"2023-03-06T13:45:07+00:00\" \/>\n<meta property=\"og:image\" content=\"https:\/\/pagina10.com\/web\/wp-content\/uploads\/2023\/03\/WhatsApp-Image-2023-02-27-at-10.43.03-PM.jpeg\" \/>\n\t<meta property=\"og:image:width\" content=\"1080\" \/>\n\t<meta property=\"og:image:height\" content=\"616\" \/>\n\t<meta property=\"og:image:type\" content=\"image\/jpeg\" \/>\n<meta name=\"author\" content=\"P\u00e1gina 10\" \/>\n<meta name=\"twitter:card\" content=\"summary_large_image\" \/>\n<meta name=\"twitter:creator\" content=\"@Pag10com\" \/>\n<meta name=\"twitter:site\" content=\"@Pag10com\" \/>\n<meta name=\"twitter:label1\" content=\"Escrito por\" \/>\n\t<meta name=\"twitter:data1\" content=\"P\u00e1gina 10\" \/>\n\t<meta name=\"twitter:label2\" content=\"Tiempo de lectura\" \/>\n\t<meta name=\"twitter:data2\" content=\"1 minuto\" \/>\n<script type=\"application\/ld+json\" class=\"yoast-schema-graph\">{\"@context\":\"https:\/\/schema.org\",\"@graph\":[{\"@type\":\"Article\",\"@id\":\"https:\/\/pagina10.com\/web\/padre-de-david-urena-detuvo-correria-por-narino-tras-recaptura-del-alcalde-de-el-charco\/#article\",\"isPartOf\":{\"@id\":\"https:\/\/pagina10.com\/web\/padre-de-david-urena-detuvo-correria-por-narino-tras-recaptura-del-alcalde-de-el-charco\/\"},\"author\":{\"name\":\"P\u00e1gina 10\",\"@id\":\"https:\/\/pagina10.com\/web\/#\/schema\/person\/2efc4a090d25b667d3bc796798a3a81b\"},\"headline\":\"Padre de David Ure\u00f1a detuvo correr\u00eda por Nari\u00f1o tras recaptura del alcalde de El Charco\",\"datePublished\":\"2023-03-06T13:45:07+00:00\",\"mainEntityOfPage\":{\"@id\":\"https:\/\/pagina10.com\/web\/padre-de-david-urena-detuvo-correria-por-narino-tras-recaptura-del-alcalde-de-el-charco\/\"},\"wordCount\":263,\"commentCount\":0,\"publisher\":{\"@id\":\"https:\/\/pagina10.com\/web\/#organization\"},\"image\":{\"@id\":\"https:\/\/pagina10.com\/web\/padre-de-david-urena-detuvo-correria-por-narino-tras-recaptura-del-alcalde-de-el-charco\/#primaryimage\"},\"thumbnailUrl\":\"https:\/\/pagina10.com\/web\/wp-content\/uploads\/2023\/03\/WhatsApp-Image-2023-02-27-at-10.43.03-PM.jpeg\",\"articleSection\":[\"Regiones\"],\"inLanguage\":\"es\",\"potentialAction\":[{\"@type\":\"CommentAction\",\"name\":\"Comment\",\"target\":[\"https:\/\/pagina10.com\/web\/padre-de-david-urena-detuvo-correria-por-narino-tras-recaptura-del-alcalde-de-el-charco\/#respond\"]}]},{\"@type\":\"WebPage\",\"@id\":\"https:\/\/pagina10.com\/web\/padre-de-david-urena-detuvo-correria-por-narino-tras-recaptura-del-alcalde-de-el-charco\/\",\"url\":\"https:\/\/pagina10.com\/web\/padre-de-david-urena-detuvo-correria-por-narino-tras-recaptura-del-alcalde-de-el-charco\/\",\"name\":\"Padre de David Ure\u00f1a detuvo correr\u00eda por Nari\u00f1o tras recaptura del alcalde de El Charco | P\u00e1gina10\",\"isPartOf\":{\"@id\":\"https:\/\/pagina10.com\/web\/#website\"},\"primaryImageOfPage\":{\"@id\":\"https:\/\/pagina10.com\/web\/padre-de-david-urena-detuvo-correria-por-narino-tras-recaptura-del-alcalde-de-el-charco\/#primaryimage\"},\"image\":{\"@id\":\"https:\/\/pagina10.com\/web\/padre-de-david-urena-detuvo-correria-por-narino-tras-recaptura-del-alcalde-de-el-charco\/#primaryimage\"},\"thumbnailUrl\":\"https:\/\/pagina10.com\/web\/wp-content\/uploads\/2023\/03\/WhatsApp-Image-2023-02-27-at-10.43.03-PM.jpeg\",\"datePublished\":\"2023-03-06T13:45:07+00:00\",\"breadcrumb\":{\"@id\":\"https:\/\/pagina10.com\/web\/padre-de-david-urena-detuvo-correria-por-narino-tras-recaptura-del-alcalde-de-el-charco\/#breadcrumb\"},\"inLanguage\":\"es\",\"potentialAction\":[{\"@type\":\"ReadAction\",\"target\":[\"https:\/\/pagina10.com\/web\/padre-de-david-urena-detuvo-correria-por-narino-tras-recaptura-del-alcalde-de-el-charco\/\"]}]},{\"@type\":\"ImageObject\",\"inLanguage\":\"es\",\"@id\":\"https:\/\/pagina10.com\/web\/padre-de-david-urena-detuvo-correria-por-narino-tras-recaptura-del-alcalde-de-el-charco\/#primaryimage\",\"url\":\"https:\/\/pagina10.com\/web\/wp-content\/uploads\/2023\/03\/WhatsApp-Image-2023-02-27-at-10.43.03-PM.jpeg\",\"contentUrl\":\"https:\/\/pagina10.com\/web\/wp-content\/uploads\/2023\/03\/WhatsApp-Image-2023-02-27-at-10.43.03-PM.jpeg\",\"width\":1080,\"height\":616,\"caption\":\"Foto: MiPutumayo.com\"},{\"@type\":\"BreadcrumbList\",\"@id\":\"https:\/\/pagina10.com\/web\/padre-de-david-urena-detuvo-correria-por-narino-tras-recaptura-del-alcalde-de-el-charco\/#breadcrumb\",\"itemListElement\":[{\"@type\":\"ListItem\",\"position\":1,\"name\":\"Portada\",\"item\":\"https:\/\/pagina10.com\/web\/\"},{\"@type\":\"ListItem\",\"position\":2,\"name\":\"Padre de David Ure\u00f1a detuvo correr\u00eda por Nari\u00f1o tras recaptura del alcalde de El Charco\"}]},{\"@type\":\"WebSite\",\"@id\":\"https:\/\/pagina10.com\/web\/#website\",\"url\":\"https:\/\/pagina10.com\/web\/\",\"name\":\"P\u00e1gina10\",\"description\":\"Peri\u00f3dico Regional\",\"publisher\":{\"@id\":\"https:\/\/pagina10.com\/web\/#organization\"},\"alternateName\":\"P\u00e1gina10 Peri\u00f3dico Regional\",\"potentialAction\":[{\"@type\":\"SearchAction\",\"target\":{\"@type\":\"EntryPoint\",\"urlTemplate\":\"https:\/\/pagina10.com\/web\/?s={search_term_string}\"},\"query-input\":{\"@type\":\"PropertyValueSpecification\",\"valueRequired\":true,\"valueName\":\"search_term_string\"}}],\"inLanguage\":\"es\"},{\"@type\":\"Organization\",\"@id\":\"https:\/\/pagina10.com\/web\/#organization\",\"name\":\"P\u00e1gina10\",\"alternateName\":\"P\u00e1gina10 Peri\u00f3dico Regional\",\"url\":\"https:\/\/pagina10.com\/web\/\",\"logo\":{\"@type\":\"ImageObject\",\"inLanguage\":\"es\",\"@id\":\"https:\/\/pagina10.com\/web\/#\/schema\/logo\/image\/\",\"url\":\"https:\/\/pagina10.com\/web\/wp-content\/uploads\/2024\/01\/40-pagina-10-periodico-regional-pasto.jpg\",\"contentUrl\":\"https:\/\/pagina10.com\/web\/wp-content\/uploads\/2024\/01\/40-pagina-10-periodico-regional-pasto.jpg\",\"width\":1280,\"height\":720,\"caption\":\"P\u00e1gina10\"},\"image\":{\"@id\":\"https:\/\/pagina10.com\/web\/#\/schema\/logo\/image\/\"},\"sameAs\":[\"https:\/\/www.facebook.com\/pag10com\",\"https:\/\/x.com\/Pag10com\",\"https:\/\/www.instagram.com\/pagina10col\/\",\"https:\/\/youtube.com\/channel\/pag10\",\"https:\/\/www.tiktok.com\/@p10col\"]},{\"@type\":\"Person\",\"@id\":\"https:\/\/pagina10.com\/web\/#\/schema\/person\/2efc4a090d25b667d3bc796798a3a81b\",\"name\":\"P\u00e1gina 10\",\"description\":\"P\u00e1gina 10 es un peri\u00f3dico regional que nace en Colombia, en el departamento de Nari\u00f1o, con un enfoque global, fundamentado en cuatro pilares esenciales: la libertad, el pluralismo, la inclusi\u00f3n y la independencia. P\u00e1gina 10 hace referencia a Nari\u00f1o como el d\u00e9cimo departamento creado en Colombia, despu\u00e9s de un proceso pol\u00edtico liderado por actores y actrices regionales con el fin de obtener la independencia y autonom\u00eda de nuestros territorios. Con la creaci\u00f3n de P\u00e1gina 10 se pretende abrir un escenario para el dialogo, la reflexi\u00f3n y el debate que se extienda a otras geograf\u00edas de Am\u00e9rica Latina y del planeta, en una apuesta por transformar colectivamente los desaf\u00edos de un mundo contempor\u00e1neo, m\u00e1s all\u00e1 de las fronteras impuestas.\",\"url\":\"https:\/\/pagina10.com\/web\/author\/pdiezadmin\/\"}]}<\/script>\n<!-- \/ Yoast SEO plugin. -->","yoast_head_json":{"title":"Padre de David Ure\u00f1a detuvo correr\u00eda por Nari\u00f1o tras recaptura del alcalde de El Charco | P\u00e1gina10","robots":{"index":"index","follow":"follow","max-snippet":"max-snippet:-1","max-image-preview":"max-image-preview:large","max-video-preview":"max-video-preview:-1"},"canonical":"https:\/\/pagina10.com\/web\/padre-de-david-urena-detuvo-correria-por-narino-tras-recaptura-del-alcalde-de-el-charco\/","og_locale":"es_ES","og_type":"article","og_title":"Padre de David Ure\u00f1a detuvo correr\u00eda por Nari\u00f1o tras recaptura del alcalde de El Charco | P\u00e1gina10","og_description":"Luego de conocer la noticia sobre la recaptura del alcalde de El Charco, V\u00edctor C\u00e1ndelo Reina, \u00c1lvaro Ure\u00f1a padre de David Ure\u00f1a, quien fue secuestrado el 24 de abril de 2022; decidi\u00f3 detener la correr\u00eda que ten\u00eda programada por todo Nari\u00f1o debido a que seg\u00fan \u00e9l, la investigaci\u00f3n sobre la desaparici\u00f3n de su hijo podr\u00eda [&hellip;]","og_url":"https:\/\/pagina10.com\/web\/padre-de-david-urena-detuvo-correria-por-narino-tras-recaptura-del-alcalde-de-el-charco\/","og_site_name":"P\u00e1gina10","article_publisher":"https:\/\/www.facebook.com\/pag10com","article_published_time":"2023-03-06T13:45:07+00:00","og_image":[{"width":1080,"height":616,"url":"https:\/\/pagina10.com\/web\/wp-content\/uploads\/2023\/03\/WhatsApp-Image-2023-02-27-at-10.43.03-PM.jpeg","type":"image\/jpeg"}],"author":"P\u00e1gina 10","twitter_card":"summary_large_image","twitter_creator":"@Pag10com","twitter_site":"@Pag10com","twitter_misc":{"Escrito por":"P\u00e1gina 10","Tiempo de lectura":"1 minuto"},"schema":{"@context":"https:\/\/schema.org","@graph":[{"@type":"Article","@id":"https:\/\/pagina10.com\/web\/padre-de-david-urena-detuvo-correria-por-narino-tras-recaptura-del-alcalde-de-el-charco\/#article","isPartOf":{"@id":"https:\/\/pagina10.com\/web\/padre-de-david-urena-detuvo-correria-por-narino-tras-recaptura-del-alcalde-de-el-charco\/"},"author":{"name":"P\u00e1gina 10","@id":"https:\/\/pagina10.com\/web\/#\/schema\/person\/2efc4a090d25b667d3bc796798a3a81b"},"headline":"Padre de David Ure\u00f1a detuvo correr\u00eda por Nari\u00f1o tras recaptura del alcalde de El Charco","datePublished":"2023-03-06T13:45:07+00:00","mainEntityOfPage":{"@id":"https:\/\/pagina10.com\/web\/padre-de-david-urena-detuvo-correria-por-narino-tras-recaptura-del-alcalde-de-el-charco\/"},"wordCount":263,"commentCount":0,"publisher":{"@id":"https:\/\/pagina10.com\/web\/#organization"},"image":{"@id":"https:\/\/pagina10.com\/web\/padre-de-david-urena-detuvo-correria-por-narino-tras-recaptura-del-alcalde-de-el-charco\/#primaryimage"},"thumbnailUrl":"https:\/\/pagina10.com\/web\/wp-content\/uploads\/2023\/03\/WhatsApp-Image-2023-02-27-at-10.43.03-PM.jpeg","articleSection":["Regiones"],"inLanguage":"es","potentialAction":[{"@type":"CommentAction","name":"Comment","target":["https:\/\/pagina10.com\/web\/padre-de-david-urena-detuvo-correria-por-narino-tras-recaptura-del-alcalde-de-el-charco\/#respond"]}]},{"@type":"WebPage","@id":"https:\/\/pagina10.com\/web\/padre-de-david-urena-detuvo-correria-por-narino-tras-recaptura-del-alcalde-de-el-charco\/","url":"https:\/\/pagina10.com\/web\/padre-de-david-urena-detuvo-correria-por-narino-tras-recaptura-del-alcalde-de-el-charco\/","name":"Padre de David Ure\u00f1a detuvo correr\u00eda por Nari\u00f1o tras recaptura del alcalde de El Charco | P\u00e1gina10","isPartOf":{"@id":"https:\/\/pagina10.com\/web\/#website"},"primaryImageOfPage":{"@id":"https:\/\/pagina10.com\/web\/padre-de-david-urena-detuvo-correria-por-narino-tras-recaptura-del-alcalde-de-el-charco\/#primaryimage"},"image":{"@id":"https:\/\/pagina10.com\/web\/padre-de-david-urena-detuvo-correria-por-narino-tras-recaptura-del-alcalde-de-el-charco\/#primaryimage"},"thumbnailUrl":"https:\/\/pagina10.com\/web\/wp-content\/uploads\/2023\/03\/WhatsApp-Image-2023-02-27-at-10.43.03-PM.jpeg","datePublished":"2023-03-06T13:45:07+00:00","breadcrumb":{"@id":"https:\/\/pagina10.com\/web\/padre-de-david-urena-detuvo-correria-por-narino-tras-recaptura-del-alcalde-de-el-charco\/#breadcrumb"},"inLanguage":"es","potentialAction":[{"@type":"ReadAction","target":["https:\/\/pagina10.com\/web\/padre-de-david-urena-detuvo-correria-por-narino-tras-recaptura-del-alcalde-de-el-charco\/"]}]},{"@type":"ImageObject","inLanguage":"es","@id":"https:\/\/pagina10.com\/web\/padre-de-david-urena-detuvo-correria-por-narino-tras-recaptura-del-alcalde-de-el-charco\/#primaryimage","url":"https:\/\/pagina10.com\/web\/wp-content\/uploads\/2023\/03\/WhatsApp-Image-2023-02-27-at-10.43.03-PM.jpeg","contentUrl":"https:\/\/pagina10.com\/web\/wp-content\/uploads\/2023\/03\/WhatsApp-Image-2023-02-27-at-10.43.03-PM.jpeg","width":1080,"height":616,"caption":"Foto: MiPutumayo.com"},{"@type":"BreadcrumbList","@id":"https:\/\/pagina10.com\/web\/padre-de-david-urena-detuvo-correria-por-narino-tras-recaptura-del-alcalde-de-el-charco\/#breadcrumb","itemListElement":[{"@type":"ListItem","position":1,"name":"Portada","item":"https:\/\/pagina10.com\/web\/"},{"@type":"ListItem","position":2,"name":"Padre de David Ure\u00f1a detuvo correr\u00eda por Nari\u00f1o tras recaptura del alcalde de El Charco"}]},{"@type":"WebSite","@id":"https:\/\/pagina10.com\/web\/#website","url":"https:\/\/pagina10.com\/web\/","name":"P\u00e1gina10","description":"Peri\u00f3dico Regional","publisher":{"@id":"https:\/\/pagina10.com\/web\/#organization"},"alternateName":"P\u00e1gina10 Peri\u00f3dico Regional","potentialAction":[{"@type":"SearchAction","target":{"@type":"EntryPoint","urlTemplate":"https:\/\/pagina10.com\/web\/?s={search_term_string}"},"query-input":{"@type":"PropertyValueSpecification","valueRequired":true,"valueName":"search_term_string"}}],"inLanguage":"es"},{"@type":"Organization","@id":"https:\/\/pagina10.com\/web\/#organization","name":"P\u00e1gina10","alternateName":"P\u00e1gina10 Peri\u00f3dico Regional","url":"https:\/\/pagina10.com\/web\/","logo":{"@type":"ImageObject","inLanguage":"es","@id":"https:\/\/pagina10.com\/web\/#\/schema\/logo\/image\/","url":"https:\/\/pagina10.com\/web\/wp-content\/uploads\/2024\/01\/40-pagina-10-periodico-regional-pasto.jpg","contentUrl":"https:\/\/pagina10.com\/web\/wp-content\/uploads\/2024\/01\/40-pagina-10-periodico-regional-pasto.jpg","width":1280,"height":720,"caption":"P\u00e1gina10"},"image":{"@id":"https:\/\/pagina10.com\/web\/#\/schema\/logo\/image\/"},"sameAs":["https:\/\/www.facebook.com\/pag10com","https:\/\/x.com\/Pag10com","https:\/\/www.instagram.com\/pagina10col\/","https:\/\/youtube.com\/channel\/pag10","https:\/\/www.tiktok.com\/@p10col"]},{"@type":"Person","@id":"https:\/\/pagina10.com\/web\/#\/schema\/person\/2efc4a090d25b667d3bc796798a3a81b","name":"P\u00e1gina 10","description":"P\u00e1gina 10 es un peri\u00f3dico regional que nace en Colombia, en el departamento de Nari\u00f1o, con un enfoque global, fundamentado en cuatro pilares esenciales: la libertad, el pluralismo, la inclusi\u00f3n y la independencia. P\u00e1gina 10 hace referencia a Nari\u00f1o como el d\u00e9cimo departamento creado en Colombia, despu\u00e9s de un proceso pol\u00edtico liderado por actores y actrices regionales con el fin de obtener la independencia y autonom\u00eda de nuestros territorios. Con la creaci\u00f3n de P\u00e1gina 10 se pretende abrir un escenario para el dialogo, la reflexi\u00f3n y el debate que se extienda a otras geograf\u00edas de Am\u00e9rica Latina y del planeta, en una apuesta por transformar colectivamente los desaf\u00edos de un mundo contempor\u00e1neo, m\u00e1s all\u00e1 de las fronteras impuestas.","url":"https:\/\/pagina10.com\/web\/author\/pdiezadmin\/"}]}},"_links":{"self":[{"href":"https:\/\/pagina10.com\/web\/wp-json\/wp\/v2\/posts\/64961","targetHints":{"allow":["GET"]}}],"collection":[{"href":"https:\/\/pagina10.com\/web\/wp-json\/wp\/v2\/posts"}],"about":[{"href":"https:\/\/pagina10.com\/web\/wp-json\/wp\/v2\/types\/post"}],"author":[{"embeddable":true,"href":"https:\/\/pagina10.com\/web\/wp-json\/wp\/v2\/users\/1"}],"replies":[{"embeddable":true,"href":"https:\/\/pagina10.com\/web\/wp-json\/wp\/v2\/comments?post=64961"}],"version-history":[{"count":1,"href":"https:\/\/pagina10.com\/web\/wp-json\/wp\/v2\/posts\/64961\/revisions"}],"predecessor-version":[{"id":64963,"href":"https:\/\/pagina10.com\/web\/wp-json\/wp\/v2\/posts\/64961\/revisions\/64963"}],"wp:featuredmedia":[{"embeddable":true,"href":"https:\/\/pagina10.com\/web\/wp-json\/wp\/v2\/media\/64962"}],"wp:attachment":[{"href":"https:\/\/pagina10.com\/web\/wp-json\/wp\/v2\/media?parent=64961"}],"wp:term":[{"taxonomy":"category","embeddable":true,"href":"https:\/\/pagina10.com\/web\/wp-json\/wp\/v2\/categories?post=64961"},{"taxonomy":"post_tag","embeddable":true,"href":"https:\/\/pagina10.com\/web\/wp-json\/wp\/v2\/tags?post=64961"}],"curies":[{"name":"wp","href":"https:\/\/api.w.org\/{rel}","templated":true}]}}