{"id":65011,"date":"2023-03-08T17:51:08","date_gmt":"2023-03-08T22:51:08","guid":{"rendered":"https:\/\/pagina10.com\/web\/?p=65011"},"modified":"2023-03-08T17:51:08","modified_gmt":"2023-03-08T22:51:08","slug":"congresistas-se-unen-en-bancada-por-el-desarrollo-del-sur-de-colombia","status":"publish","type":"post","link":"https:\/\/pagina10.com\/web\/congresistas-se-unen-en-bancada-por-el-desarrollo-del-sur-de-colombia\/","title":{"rendered":"Congresistas se unen en bancada por el desarrollo del sur de Colombia"},"content":{"rendered":"<p style=\"text-align: justify;\">Ayer en el sal\u00f3n Luis Carlos Gal\u00e1n, en las instalaciones del Congreso de la Rep\u00fablica, se radic\u00f3 un documento con m\u00e1s de 70 proposiciones que buscan fortalecer en el Plan Nacional de Desarrollo para los departamentos de Nari\u00f1o, Cauca y Putumayo.<\/p>\n<p style=\"text-align: justify;\">En la radicaci\u00f3n estuvieron los senadores nari\u00f1enses Alberto Benavides Mora, Robert Daza, Liliana Benavides, Polivio Rosales y los Representantes a la C\u00e1mara Erick Velasco, Juan Daniel Pe\u00f1uela, Teresa Enr\u00edquez, Ruth Caicedo y Gilberto Betancourt, adem\u00e1s de sus hom\u00f3logos Gerson Monta\u00f1o, Hermes Pete, Juan Pablo Salazar y Andr\u00e9s Cancimance.<\/p>\n<p style=\"text-align: justify;\">Las m\u00e1s de 70 proposiciones que se radicaron tienen como base los di\u00e1logos regionales vinculantes que se desarrollaron en las tres regiones del pa\u00eds que integran el sur de Colombia y que van de la mano con la hoja de ruta que propuso el Gobierno en el Plan Nacional de Desarrollo, \u2018Colombia Potencia Mundial de la Vida\u2019.<\/p>\n<p style=\"text-align: justify;\">Sobre el particular, el representante a la C\u00e1mara Juan Daniel Pe\u00f1uela indic\u00f3 que las proposiciones est\u00e1n relacionadas con proyectos en sectores como infraestructura, medioambiente, educaci\u00f3n y salud.<\/p>\n<p style=\"text-align: justify;\">\u201cEste documento que se radic\u00f3 ante las Comisiones Tercera y Cuarta de Senado y C\u00e1mara, buscan precisamente que esos proyectos sean incluidos dentro del Plan Nacional de Desarrollo y tengan una financiaci\u00f3n para que su ejecuci\u00f3n sea real\u201d, asever\u00f3.<\/p>\n","protected":false},"excerpt":{"rendered":"<p>Ayer en el sal\u00f3n Luis Carlos Gal\u00e1n, en las instalaciones del Congreso de la Rep\u00fablica, se radic\u00f3 un documento con m\u00e1s de 70 proposiciones que buscan fortalecer en el Plan Nacional de Desarrollo para los departamentos de Nari\u00f1o, Cauca y Putumayo. En la radicaci\u00f3n estuvieron los senadores nari\u00f1enses Alberto Benavides Mora, Robert Daza, Liliana Benavides, [&hellip;]<\/p>\n","protected":false},"author":1,"featured_media":65012,"comment_status":"open","ping_status":"open","sticky":false,"template":"","format":"standard","meta":{"footnotes":""},"categories":[94],"tags":[],"class_list":["post-65011","post","type-post","status-publish","format-standard","has-post-thumbnail","hentry","category-nacional-global-2"],"yoast_head":"<!-- This site is optimized with the Yoast SEO plugin v27.1.1 - https:\/\/yoast.com\/product\/yoast-seo-wordpress\/ -->\n<title>Congresistas se unen en bancada por el desarrollo del sur de Colombia | P\u00e1gina10<\/title>\n<meta name=\"robots\" content=\"index, follow, max-snippet:-1, max-image-preview:large, max-video-preview:-1\" \/>\n<link rel=\"canonical\" href=\"https:\/\/pagina10.com\/web\/congresistas-se-unen-en-bancada-por-el-desarrollo-del-sur-de-colombia\/\" \/>\n<meta property=\"og:locale\" content=\"es_ES\" \/>\n<meta property=\"og:type\" content=\"article\" \/>\n<meta property=\"og:title\" content=\"Congresistas se unen en bancada por el desarrollo del sur de Colombia | P\u00e1gina10\" \/>\n<meta property=\"og:description\" content=\"Ayer en el sal\u00f3n Luis Carlos Gal\u00e1n, en las instalaciones del Congreso de la Rep\u00fablica, se radic\u00f3 un documento con m\u00e1s de 70 proposiciones que buscan fortalecer en el Plan Nacional de Desarrollo para los departamentos de Nari\u00f1o, Cauca y Putumayo. En la radicaci\u00f3n estuvieron los senadores nari\u00f1enses Alberto Benavides Mora, Robert Daza, Liliana Benavides, [&hellip;]\" \/>\n<meta property=\"og:url\" content=\"https:\/\/pagina10.com\/web\/congresistas-se-unen-en-bancada-por-el-desarrollo-del-sur-de-colombia\/\" \/>\n<meta property=\"og:site_name\" content=\"P\u00e1gina10\" \/>\n<meta property=\"article:publisher\" content=\"https:\/\/www.facebook.com\/pag10com\" \/>\n<meta property=\"article:published_time\" content=\"2023-03-08T22:51:08+00:00\" \/>\n<meta property=\"og:image\" content=\"https:\/\/pagina10.com\/web\/wp-content\/uploads\/2023\/03\/333553005_602820375066251_3905442182000445707_n.jpg\" \/>\n\t<meta property=\"og:image:width\" content=\"1687\" \/>\n\t<meta property=\"og:image:height\" content=\"881\" \/>\n\t<meta property=\"og:image:type\" content=\"image\/jpeg\" \/>\n<meta name=\"author\" content=\"P\u00e1gina 10\" \/>\n<meta name=\"twitter:card\" content=\"summary_large_image\" \/>\n<meta name=\"twitter:creator\" content=\"@Pag10com\" \/>\n<meta name=\"twitter:site\" content=\"@Pag10com\" \/>\n<meta name=\"twitter:label1\" content=\"Escrito por\" \/>\n\t<meta name=\"twitter:data1\" content=\"P\u00e1gina 10\" \/>\n\t<meta name=\"twitter:label2\" content=\"Tiempo de lectura\" \/>\n\t<meta name=\"twitter:data2\" content=\"1 minuto\" \/>\n<script type=\"application\/ld+json\" class=\"yoast-schema-graph\">{\"@context\":\"https:\/\/schema.org\",\"@graph\":[{\"@type\":\"Article\",\"@id\":\"https:\/\/pagina10.com\/web\/congresistas-se-unen-en-bancada-por-el-desarrollo-del-sur-de-colombia\/#article\",\"isPartOf\":{\"@id\":\"https:\/\/pagina10.com\/web\/congresistas-se-unen-en-bancada-por-el-desarrollo-del-sur-de-colombia\/\"},\"author\":{\"name\":\"P\u00e1gina 10\",\"@id\":\"https:\/\/pagina10.com\/web\/#\/schema\/person\/2efc4a090d25b667d3bc796798a3a81b\"},\"headline\":\"Congresistas se unen en bancada por el desarrollo del sur de Colombia\",\"datePublished\":\"2023-03-08T22:51:08+00:00\",\"mainEntityOfPage\":{\"@id\":\"https:\/\/pagina10.com\/web\/congresistas-se-unen-en-bancada-por-el-desarrollo-del-sur-de-colombia\/\"},\"wordCount\":246,\"commentCount\":0,\"publisher\":{\"@id\":\"https:\/\/pagina10.com\/web\/#organization\"},\"image\":{\"@id\":\"https:\/\/pagina10.com\/web\/congresistas-se-unen-en-bancada-por-el-desarrollo-del-sur-de-colombia\/#primaryimage\"},\"thumbnailUrl\":\"https:\/\/pagina10.com\/web\/wp-content\/uploads\/2023\/03\/333553005_602820375066251_3905442182000445707_n.jpg\",\"articleSection\":[\"Nacional\"],\"inLanguage\":\"es\",\"potentialAction\":[{\"@type\":\"CommentAction\",\"name\":\"Comment\",\"target\":[\"https:\/\/pagina10.com\/web\/congresistas-se-unen-en-bancada-por-el-desarrollo-del-sur-de-colombia\/#respond\"]}]},{\"@type\":\"WebPage\",\"@id\":\"https:\/\/pagina10.com\/web\/congresistas-se-unen-en-bancada-por-el-desarrollo-del-sur-de-colombia\/\",\"url\":\"https:\/\/pagina10.com\/web\/congresistas-se-unen-en-bancada-por-el-desarrollo-del-sur-de-colombia\/\",\"name\":\"Congresistas se unen en bancada por el desarrollo del sur de Colombia | P\u00e1gina10\",\"isPartOf\":{\"@id\":\"https:\/\/pagina10.com\/web\/#website\"},\"primaryImageOfPage\":{\"@id\":\"https:\/\/pagina10.com\/web\/congresistas-se-unen-en-bancada-por-el-desarrollo-del-sur-de-colombia\/#primaryimage\"},\"image\":{\"@id\":\"https:\/\/pagina10.com\/web\/congresistas-se-unen-en-bancada-por-el-desarrollo-del-sur-de-colombia\/#primaryimage\"},\"thumbnailUrl\":\"https:\/\/pagina10.com\/web\/wp-content\/uploads\/2023\/03\/333553005_602820375066251_3905442182000445707_n.jpg\",\"datePublished\":\"2023-03-08T22:51:08+00:00\",\"breadcrumb\":{\"@id\":\"https:\/\/pagina10.com\/web\/congresistas-se-unen-en-bancada-por-el-desarrollo-del-sur-de-colombia\/#breadcrumb\"},\"inLanguage\":\"es\",\"potentialAction\":[{\"@type\":\"ReadAction\",\"target\":[\"https:\/\/pagina10.com\/web\/congresistas-se-unen-en-bancada-por-el-desarrollo-del-sur-de-colombia\/\"]}]},{\"@type\":\"ImageObject\",\"inLanguage\":\"es\",\"@id\":\"https:\/\/pagina10.com\/web\/congresistas-se-unen-en-bancada-por-el-desarrollo-del-sur-de-colombia\/#primaryimage\",\"url\":\"https:\/\/pagina10.com\/web\/wp-content\/uploads\/2023\/03\/333553005_602820375066251_3905442182000445707_n.jpg\",\"contentUrl\":\"https:\/\/pagina10.com\/web\/wp-content\/uploads\/2023\/03\/333553005_602820375066251_3905442182000445707_n.jpg\",\"width\":1687,\"height\":881},{\"@type\":\"BreadcrumbList\",\"@id\":\"https:\/\/pagina10.com\/web\/congresistas-se-unen-en-bancada-por-el-desarrollo-del-sur-de-colombia\/#breadcrumb\",\"itemListElement\":[{\"@type\":\"ListItem\",\"position\":1,\"name\":\"Portada\",\"item\":\"https:\/\/pagina10.com\/web\/\"},{\"@type\":\"ListItem\",\"position\":2,\"name\":\"Congresistas se unen en bancada por el desarrollo del sur de Colombia\"}]},{\"@type\":\"WebSite\",\"@id\":\"https:\/\/pagina10.com\/web\/#website\",\"url\":\"https:\/\/pagina10.com\/web\/\",\"name\":\"P\u00e1gina10\",\"description\":\"Peri\u00f3dico Regional\",\"publisher\":{\"@id\":\"https:\/\/pagina10.com\/web\/#organization\"},\"alternateName\":\"P\u00e1gina10 Peri\u00f3dico Regional\",\"potentialAction\":[{\"@type\":\"SearchAction\",\"target\":{\"@type\":\"EntryPoint\",\"urlTemplate\":\"https:\/\/pagina10.com\/web\/?s={search_term_string}\"},\"query-input\":{\"@type\":\"PropertyValueSpecification\",\"valueRequired\":true,\"valueName\":\"search_term_string\"}}],\"inLanguage\":\"es\"},{\"@type\":\"Organization\",\"@id\":\"https:\/\/pagina10.com\/web\/#organization\",\"name\":\"P\u00e1gina10\",\"alternateName\":\"P\u00e1gina10 Peri\u00f3dico Regional\",\"url\":\"https:\/\/pagina10.com\/web\/\",\"logo\":{\"@type\":\"ImageObject\",\"inLanguage\":\"es\",\"@id\":\"https:\/\/pagina10.com\/web\/#\/schema\/logo\/image\/\",\"url\":\"https:\/\/pagina10.com\/web\/wp-content\/uploads\/2024\/01\/40-pagina-10-periodico-regional-pasto.jpg\",\"contentUrl\":\"https:\/\/pagina10.com\/web\/wp-content\/uploads\/2024\/01\/40-pagina-10-periodico-regional-pasto.jpg\",\"width\":1280,\"height\":720,\"caption\":\"P\u00e1gina10\"},\"image\":{\"@id\":\"https:\/\/pagina10.com\/web\/#\/schema\/logo\/image\/\"},\"sameAs\":[\"https:\/\/www.facebook.com\/pag10com\",\"https:\/\/x.com\/Pag10com\",\"https:\/\/www.instagram.com\/pagina10col\/\",\"https:\/\/youtube.com\/channel\/pag10\",\"https:\/\/www.tiktok.com\/@p10col\"]},{\"@type\":\"Person\",\"@id\":\"https:\/\/pagina10.com\/web\/#\/schema\/person\/2efc4a090d25b667d3bc796798a3a81b\",\"name\":\"P\u00e1gina 10\",\"description\":\"P\u00e1gina 10 es un peri\u00f3dico regional que nace en Colombia, en el departamento de Nari\u00f1o, con un enfoque global, fundamentado en cuatro pilares esenciales: la libertad, el pluralismo, la inclusi\u00f3n y la independencia. P\u00e1gina 10 hace referencia a Nari\u00f1o como el d\u00e9cimo departamento creado en Colombia, despu\u00e9s de un proceso pol\u00edtico liderado por actores y actrices regionales con el fin de obtener la independencia y autonom\u00eda de nuestros territorios. Con la creaci\u00f3n de P\u00e1gina 10 se pretende abrir un escenario para el dialogo, la reflexi\u00f3n y el debate que se extienda a otras geograf\u00edas de Am\u00e9rica Latina y del planeta, en una apuesta por transformar colectivamente los desaf\u00edos de un mundo contempor\u00e1neo, m\u00e1s all\u00e1 de las fronteras impuestas.\",\"url\":\"https:\/\/pagina10.com\/web\/author\/pdiezadmin\/\"}]}<\/script>\n<!-- \/ Yoast SEO plugin. -->","yoast_head_json":{"title":"Congresistas se unen en bancada por el desarrollo del sur de Colombia | P\u00e1gina10","robots":{"index":"index","follow":"follow","max-snippet":"max-snippet:-1","max-image-preview":"max-image-preview:large","max-video-preview":"max-video-preview:-1"},"canonical":"https:\/\/pagina10.com\/web\/congresistas-se-unen-en-bancada-por-el-desarrollo-del-sur-de-colombia\/","og_locale":"es_ES","og_type":"article","og_title":"Congresistas se unen en bancada por el desarrollo del sur de Colombia | P\u00e1gina10","og_description":"Ayer en el sal\u00f3n Luis Carlos Gal\u00e1n, en las instalaciones del Congreso de la Rep\u00fablica, se radic\u00f3 un documento con m\u00e1s de 70 proposiciones que buscan fortalecer en el Plan Nacional de Desarrollo para los departamentos de Nari\u00f1o, Cauca y Putumayo. En la radicaci\u00f3n estuvieron los senadores nari\u00f1enses Alberto Benavides Mora, Robert Daza, Liliana Benavides, [&hellip;]","og_url":"https:\/\/pagina10.com\/web\/congresistas-se-unen-en-bancada-por-el-desarrollo-del-sur-de-colombia\/","og_site_name":"P\u00e1gina10","article_publisher":"https:\/\/www.facebook.com\/pag10com","article_published_time":"2023-03-08T22:51:08+00:00","og_image":[{"width":1687,"height":881,"url":"https:\/\/pagina10.com\/web\/wp-content\/uploads\/2023\/03\/333553005_602820375066251_3905442182000445707_n.jpg","type":"image\/jpeg"}],"author":"P\u00e1gina 10","twitter_card":"summary_large_image","twitter_creator":"@Pag10com","twitter_site":"@Pag10com","twitter_misc":{"Escrito por":"P\u00e1gina 10","Tiempo de lectura":"1 minuto"},"schema":{"@context":"https:\/\/schema.org","@graph":[{"@type":"Article","@id":"https:\/\/pagina10.com\/web\/congresistas-se-unen-en-bancada-por-el-desarrollo-del-sur-de-colombia\/#article","isPartOf":{"@id":"https:\/\/pagina10.com\/web\/congresistas-se-unen-en-bancada-por-el-desarrollo-del-sur-de-colombia\/"},"author":{"name":"P\u00e1gina 10","@id":"https:\/\/pagina10.com\/web\/#\/schema\/person\/2efc4a090d25b667d3bc796798a3a81b"},"headline":"Congresistas se unen en bancada por el desarrollo del sur de Colombia","datePublished":"2023-03-08T22:51:08+00:00","mainEntityOfPage":{"@id":"https:\/\/pagina10.com\/web\/congresistas-se-unen-en-bancada-por-el-desarrollo-del-sur-de-colombia\/"},"wordCount":246,"commentCount":0,"publisher":{"@id":"https:\/\/pagina10.com\/web\/#organization"},"image":{"@id":"https:\/\/pagina10.com\/web\/congresistas-se-unen-en-bancada-por-el-desarrollo-del-sur-de-colombia\/#primaryimage"},"thumbnailUrl":"https:\/\/pagina10.com\/web\/wp-content\/uploads\/2023\/03\/333553005_602820375066251_3905442182000445707_n.jpg","articleSection":["Nacional"],"inLanguage":"es","potentialAction":[{"@type":"CommentAction","name":"Comment","target":["https:\/\/pagina10.com\/web\/congresistas-se-unen-en-bancada-por-el-desarrollo-del-sur-de-colombia\/#respond"]}]},{"@type":"WebPage","@id":"https:\/\/pagina10.com\/web\/congresistas-se-unen-en-bancada-por-el-desarrollo-del-sur-de-colombia\/","url":"https:\/\/pagina10.com\/web\/congresistas-se-unen-en-bancada-por-el-desarrollo-del-sur-de-colombia\/","name":"Congresistas se unen en bancada por el desarrollo del sur de Colombia | P\u00e1gina10","isPartOf":{"@id":"https:\/\/pagina10.com\/web\/#website"},"primaryImageOfPage":{"@id":"https:\/\/pagina10.com\/web\/congresistas-se-unen-en-bancada-por-el-desarrollo-del-sur-de-colombia\/#primaryimage"},"image":{"@id":"https:\/\/pagina10.com\/web\/congresistas-se-unen-en-bancada-por-el-desarrollo-del-sur-de-colombia\/#primaryimage"},"thumbnailUrl":"https:\/\/pagina10.com\/web\/wp-content\/uploads\/2023\/03\/333553005_602820375066251_3905442182000445707_n.jpg","datePublished":"2023-03-08T22:51:08+00:00","breadcrumb":{"@id":"https:\/\/pagina10.com\/web\/congresistas-se-unen-en-bancada-por-el-desarrollo-del-sur-de-colombia\/#breadcrumb"},"inLanguage":"es","potentialAction":[{"@type":"ReadAction","target":["https:\/\/pagina10.com\/web\/congresistas-se-unen-en-bancada-por-el-desarrollo-del-sur-de-colombia\/"]}]},{"@type":"ImageObject","inLanguage":"es","@id":"https:\/\/pagina10.com\/web\/congresistas-se-unen-en-bancada-por-el-desarrollo-del-sur-de-colombia\/#primaryimage","url":"https:\/\/pagina10.com\/web\/wp-content\/uploads\/2023\/03\/333553005_602820375066251_3905442182000445707_n.jpg","contentUrl":"https:\/\/pagina10.com\/web\/wp-content\/uploads\/2023\/03\/333553005_602820375066251_3905442182000445707_n.jpg","width":1687,"height":881},{"@type":"BreadcrumbList","@id":"https:\/\/pagina10.com\/web\/congresistas-se-unen-en-bancada-por-el-desarrollo-del-sur-de-colombia\/#breadcrumb","itemListElement":[{"@type":"ListItem","position":1,"name":"Portada","item":"https:\/\/pagina10.com\/web\/"},{"@type":"ListItem","position":2,"name":"Congresistas se unen en bancada por el desarrollo del sur de Colombia"}]},{"@type":"WebSite","@id":"https:\/\/pagina10.com\/web\/#website","url":"https:\/\/pagina10.com\/web\/","name":"P\u00e1gina10","description":"Peri\u00f3dico Regional","publisher":{"@id":"https:\/\/pagina10.com\/web\/#organization"},"alternateName":"P\u00e1gina10 Peri\u00f3dico Regional","potentialAction":[{"@type":"SearchAction","target":{"@type":"EntryPoint","urlTemplate":"https:\/\/pagina10.com\/web\/?s={search_term_string}"},"query-input":{"@type":"PropertyValueSpecification","valueRequired":true,"valueName":"search_term_string"}}],"inLanguage":"es"},{"@type":"Organization","@id":"https:\/\/pagina10.com\/web\/#organization","name":"P\u00e1gina10","alternateName":"P\u00e1gina10 Peri\u00f3dico Regional","url":"https:\/\/pagina10.com\/web\/","logo":{"@type":"ImageObject","inLanguage":"es","@id":"https:\/\/pagina10.com\/web\/#\/schema\/logo\/image\/","url":"https:\/\/pagina10.com\/web\/wp-content\/uploads\/2024\/01\/40-pagina-10-periodico-regional-pasto.jpg","contentUrl":"https:\/\/pagina10.com\/web\/wp-content\/uploads\/2024\/01\/40-pagina-10-periodico-regional-pasto.jpg","width":1280,"height":720,"caption":"P\u00e1gina10"},"image":{"@id":"https:\/\/pagina10.com\/web\/#\/schema\/logo\/image\/"},"sameAs":["https:\/\/www.facebook.com\/pag10com","https:\/\/x.com\/Pag10com","https:\/\/www.instagram.com\/pagina10col\/","https:\/\/youtube.com\/channel\/pag10","https:\/\/www.tiktok.com\/@p10col"]},{"@type":"Person","@id":"https:\/\/pagina10.com\/web\/#\/schema\/person\/2efc4a090d25b667d3bc796798a3a81b","name":"P\u00e1gina 10","description":"P\u00e1gina 10 es un peri\u00f3dico regional que nace en Colombia, en el departamento de Nari\u00f1o, con un enfoque global, fundamentado en cuatro pilares esenciales: la libertad, el pluralismo, la inclusi\u00f3n y la independencia. P\u00e1gina 10 hace referencia a Nari\u00f1o como el d\u00e9cimo departamento creado en Colombia, despu\u00e9s de un proceso pol\u00edtico liderado por actores y actrices regionales con el fin de obtener la independencia y autonom\u00eda de nuestros territorios. Con la creaci\u00f3n de P\u00e1gina 10 se pretende abrir un escenario para el dialogo, la reflexi\u00f3n y el debate que se extienda a otras geograf\u00edas de Am\u00e9rica Latina y del planeta, en una apuesta por transformar colectivamente los desaf\u00edos de un mundo contempor\u00e1neo, m\u00e1s all\u00e1 de las fronteras impuestas.","url":"https:\/\/pagina10.com\/web\/author\/pdiezadmin\/"}]}},"_links":{"self":[{"href":"https:\/\/pagina10.com\/web\/wp-json\/wp\/v2\/posts\/65011","targetHints":{"allow":["GET"]}}],"collection":[{"href":"https:\/\/pagina10.com\/web\/wp-json\/wp\/v2\/posts"}],"about":[{"href":"https:\/\/pagina10.com\/web\/wp-json\/wp\/v2\/types\/post"}],"author":[{"embeddable":true,"href":"https:\/\/pagina10.com\/web\/wp-json\/wp\/v2\/users\/1"}],"replies":[{"embeddable":true,"href":"https:\/\/pagina10.com\/web\/wp-json\/wp\/v2\/comments?post=65011"}],"version-history":[{"count":1,"href":"https:\/\/pagina10.com\/web\/wp-json\/wp\/v2\/posts\/65011\/revisions"}],"predecessor-version":[{"id":65013,"href":"https:\/\/pagina10.com\/web\/wp-json\/wp\/v2\/posts\/65011\/revisions\/65013"}],"wp:featuredmedia":[{"embeddable":true,"href":"https:\/\/pagina10.com\/web\/wp-json\/wp\/v2\/media\/65012"}],"wp:attachment":[{"href":"https:\/\/pagina10.com\/web\/wp-json\/wp\/v2\/media?parent=65011"}],"wp:term":[{"taxonomy":"category","embeddable":true,"href":"https:\/\/pagina10.com\/web\/wp-json\/wp\/v2\/categories?post=65011"},{"taxonomy":"post_tag","embeddable":true,"href":"https:\/\/pagina10.com\/web\/wp-json\/wp\/v2\/tags?post=65011"}],"curies":[{"name":"wp","href":"https:\/\/api.w.org\/{rel}","templated":true}]}}