{"id":65196,"date":"2023-03-22T15:14:18","date_gmt":"2023-03-22T20:14:18","guid":{"rendered":"https:\/\/pagina10.com\/web\/?p=65196"},"modified":"2023-03-22T15:14:18","modified_gmt":"2023-03-22T20:14:18","slug":"por-mantenimiento-preventivo-cedenar-realizara-suspension-de-energia-en-pasto","status":"publish","type":"post","link":"https:\/\/pagina10.com\/web\/por-mantenimiento-preventivo-cedenar-realizara-suspension-de-energia-en-pasto\/","title":{"rendered":"Por mantenimiento preventivo, Cedenar realizara\u0301 suspensi\u00f3n de energ\u00eda en Pasto."},"content":{"rendered":"<div title=\"Page 1\">\n<div>\n<div>\n<p style=\"text-align: justify;\">Con el fin de brindar un servicio de calidad a los usuarios y mejorar las condiciones operativas de Subestaciones, el personal te\u0301cnico de CEDENAR S.A. E.S.P. realizara\u0301 actividades de mantenimiento preventivo en interruptor de potencia 34,5 kV de la subestacio\u0301n Catambuco, para lo que se requiere realizar breves suspensiones del servicio de energi\u0301a ele\u0301ctrica, buscando garantizar condiciones o\u0301ptimas del sistema y permitir asi\u0301 el avance de los planes de mantenimiento de la empresa.<\/p>\n<p style=\"text-align: justify;\">CEDENAR S.A. E.S.P. ha programado las suspensiones de la siguiente manera:<\/p>\n<p style=\"text-align: justify;\">Fecha: Jueves 23 de Marzo de 2023. Hora: 5:30 AM a 6:30 AM.<\/p>\n<p style=\"text-align: justify;\">Fecha: Viernes 24 de Marzo de 2023. Hora: 5:30 AM a 6:30 AM. Sectores de suspensio\u0301n del municipio de Pasto:<\/p>\n<p style=\"text-align: justify;\">CIRCUITO 41CA07 comprende los siguientes sectores: Jongovito, Catambuco, Botana, Botanilla, Gualmatan, Ladrillera del sur, Campanero, Granja Universidad de Narin\u0303o, Matadero Municipal.<\/p>\n<p style=\"text-align: justify;\">CIRCUITO 41CA15 comprende los siguientes sectores: Salida al sur, Parque Chapalito, Caracolito, Chapal, San Marti\u0301n, Santa Clara, El Pilar, Carrera 4 entre 12 a 13, El Remanso, La Rosa, La Minga, I y II, Lorenzo, Colegio Ciudad de Pasto, Villa Oli\u0301mpica, Cantarana, Doce de Octubre, Puertas del Sol, Terminal de Transporte, Villa Docente, Villas del Sol, Refugios del Sol, Miraflores, El Rosario, Villa Victoria, Porvenir y Jamondino.<\/p>\n<p style=\"text-align: justify;\">CIRCUITO 41CA20 comprende los siguientes sectores: la Palma, CAM Anganoy, Empopasto Mijitayo, Obonuco, Altamira, Jerusale\u0301n, San Juan de Anganoy, los Lirios, San Cayetano, volca\u0301n Galeras.<\/p>\n<\/div>\n<\/div>\n<\/div>\n","protected":false},"excerpt":{"rendered":"<p>Con el fin de brindar un servicio de calidad a los usuarios y mejorar las condiciones operativas de Subestaciones, el personal te\u0301cnico de CEDENAR S.A. E.S.P. realizara\u0301 actividades de mantenimiento preventivo en interruptor de potencia 34,5 kV de la subestacio\u0301n Catambuco, para lo que se requiere realizar breves suspensiones del servicio de energi\u0301a ele\u0301ctrica, buscando [&hellip;]<\/p>\n","protected":false},"author":1,"featured_media":64373,"comment_status":"open","ping_status":"open","sticky":false,"template":"","format":"standard","meta":{"footnotes":""},"categories":[82],"tags":[],"class_list":["post-65196","post","type-post","status-publish","format-standard","has-post-thumbnail","hentry","category-ciudad-2"],"yoast_head":"<!-- This site is optimized with the Yoast SEO plugin v27.1.1 - https:\/\/yoast.com\/product\/yoast-seo-wordpress\/ -->\n<title>Por mantenimiento preventivo, Cedenar realizara\u0301 suspensi\u00f3n de energ\u00eda en Pasto. | P\u00e1gina10<\/title>\n<meta name=\"robots\" content=\"index, follow, max-snippet:-1, max-image-preview:large, max-video-preview:-1\" \/>\n<link rel=\"canonical\" href=\"https:\/\/pagina10.com\/web\/por-mantenimiento-preventivo-cedenar-realizara-suspension-de-energia-en-pasto\/\" \/>\n<meta property=\"og:locale\" content=\"es_ES\" \/>\n<meta property=\"og:type\" content=\"article\" \/>\n<meta property=\"og:title\" content=\"Por mantenimiento preventivo, Cedenar realizara\u0301 suspensi\u00f3n de energ\u00eda en Pasto. | P\u00e1gina10\" \/>\n<meta property=\"og:description\" content=\"Con el fin de brindar un servicio de calidad a los usuarios y mejorar las condiciones operativas de Subestaciones, el personal te\u0301cnico de CEDENAR S.A. E.S.P. realizara\u0301 actividades de mantenimiento preventivo en interruptor de potencia 34,5 kV de la subestacio\u0301n Catambuco, para lo que se requiere realizar breves suspensiones del servicio de energi\u0301a ele\u0301ctrica, buscando [&hellip;]\" \/>\n<meta property=\"og:url\" content=\"https:\/\/pagina10.com\/web\/por-mantenimiento-preventivo-cedenar-realizara-suspension-de-energia-en-pasto\/\" \/>\n<meta property=\"og:site_name\" content=\"P\u00e1gina10\" \/>\n<meta property=\"article:publisher\" content=\"https:\/\/www.facebook.com\/pag10com\" \/>\n<meta property=\"article:published_time\" content=\"2023-03-22T20:14:18+00:00\" \/>\n<meta property=\"og:image\" content=\"https:\/\/pagina10.com\/web\/wp-content\/uploads\/2023\/02\/cedenar-1_orig.jpg\" \/>\n\t<meta property=\"og:image:width\" content=\"600\" \/>\n\t<meta property=\"og:image:height\" content=\"300\" \/>\n\t<meta property=\"og:image:type\" content=\"image\/jpeg\" \/>\n<meta name=\"author\" content=\"P\u00e1gina 10\" \/>\n<meta name=\"twitter:card\" content=\"summary_large_image\" \/>\n<meta name=\"twitter:creator\" content=\"@Pag10com\" \/>\n<meta name=\"twitter:site\" content=\"@Pag10com\" \/>\n<meta name=\"twitter:label1\" content=\"Escrito por\" \/>\n\t<meta name=\"twitter:data1\" content=\"P\u00e1gina 10\" \/>\n\t<meta name=\"twitter:label2\" content=\"Tiempo de lectura\" \/>\n\t<meta name=\"twitter:data2\" content=\"1 minuto\" \/>\n<script type=\"application\/ld+json\" class=\"yoast-schema-graph\">{\"@context\":\"https:\/\/schema.org\",\"@graph\":[{\"@type\":\"Article\",\"@id\":\"https:\/\/pagina10.com\/web\/por-mantenimiento-preventivo-cedenar-realizara-suspension-de-energia-en-pasto\/#article\",\"isPartOf\":{\"@id\":\"https:\/\/pagina10.com\/web\/por-mantenimiento-preventivo-cedenar-realizara-suspension-de-energia-en-pasto\/\"},\"author\":{\"name\":\"P\u00e1gina 10\",\"@id\":\"https:\/\/pagina10.com\/web\/#\/schema\/person\/2efc4a090d25b667d3bc796798a3a81b\"},\"headline\":\"Por mantenimiento preventivo, Cedenar realizara\u0301 suspensi\u00f3n de energ\u00eda en Pasto.\",\"datePublished\":\"2023-03-22T20:14:18+00:00\",\"mainEntityOfPage\":{\"@id\":\"https:\/\/pagina10.com\/web\/por-mantenimiento-preventivo-cedenar-realizara-suspension-de-energia-en-pasto\/\"},\"wordCount\":247,\"commentCount\":0,\"publisher\":{\"@id\":\"https:\/\/pagina10.com\/web\/#organization\"},\"image\":{\"@id\":\"https:\/\/pagina10.com\/web\/por-mantenimiento-preventivo-cedenar-realizara-suspension-de-energia-en-pasto\/#primaryimage\"},\"thumbnailUrl\":\"https:\/\/pagina10.com\/web\/wp-content\/uploads\/2023\/02\/cedenar-1_orig.jpg\",\"articleSection\":[\"Ciudad\"],\"inLanguage\":\"es\",\"potentialAction\":[{\"@type\":\"CommentAction\",\"name\":\"Comment\",\"target\":[\"https:\/\/pagina10.com\/web\/por-mantenimiento-preventivo-cedenar-realizara-suspension-de-energia-en-pasto\/#respond\"]}]},{\"@type\":\"WebPage\",\"@id\":\"https:\/\/pagina10.com\/web\/por-mantenimiento-preventivo-cedenar-realizara-suspension-de-energia-en-pasto\/\",\"url\":\"https:\/\/pagina10.com\/web\/por-mantenimiento-preventivo-cedenar-realizara-suspension-de-energia-en-pasto\/\",\"name\":\"Por mantenimiento preventivo, Cedenar realizara\u0301 suspensi\u00f3n de energ\u00eda en Pasto. | P\u00e1gina10\",\"isPartOf\":{\"@id\":\"https:\/\/pagina10.com\/web\/#website\"},\"primaryImageOfPage\":{\"@id\":\"https:\/\/pagina10.com\/web\/por-mantenimiento-preventivo-cedenar-realizara-suspension-de-energia-en-pasto\/#primaryimage\"},\"image\":{\"@id\":\"https:\/\/pagina10.com\/web\/por-mantenimiento-preventivo-cedenar-realizara-suspension-de-energia-en-pasto\/#primaryimage\"},\"thumbnailUrl\":\"https:\/\/pagina10.com\/web\/wp-content\/uploads\/2023\/02\/cedenar-1_orig.jpg\",\"datePublished\":\"2023-03-22T20:14:18+00:00\",\"breadcrumb\":{\"@id\":\"https:\/\/pagina10.com\/web\/por-mantenimiento-preventivo-cedenar-realizara-suspension-de-energia-en-pasto\/#breadcrumb\"},\"inLanguage\":\"es\",\"potentialAction\":[{\"@type\":\"ReadAction\",\"target\":[\"https:\/\/pagina10.com\/web\/por-mantenimiento-preventivo-cedenar-realizara-suspension-de-energia-en-pasto\/\"]}]},{\"@type\":\"ImageObject\",\"inLanguage\":\"es\",\"@id\":\"https:\/\/pagina10.com\/web\/por-mantenimiento-preventivo-cedenar-realizara-suspension-de-energia-en-pasto\/#primaryimage\",\"url\":\"https:\/\/pagina10.com\/web\/wp-content\/uploads\/2023\/02\/cedenar-1_orig.jpg\",\"contentUrl\":\"https:\/\/pagina10.com\/web\/wp-content\/uploads\/2023\/02\/cedenar-1_orig.jpg\",\"width\":600,\"height\":300},{\"@type\":\"BreadcrumbList\",\"@id\":\"https:\/\/pagina10.com\/web\/por-mantenimiento-preventivo-cedenar-realizara-suspension-de-energia-en-pasto\/#breadcrumb\",\"itemListElement\":[{\"@type\":\"ListItem\",\"position\":1,\"name\":\"Portada\",\"item\":\"https:\/\/pagina10.com\/web\/\"},{\"@type\":\"ListItem\",\"position\":2,\"name\":\"Por mantenimiento preventivo, Cedenar realizara\u0301 suspensi\u00f3n de energ\u00eda en Pasto.\"}]},{\"@type\":\"WebSite\",\"@id\":\"https:\/\/pagina10.com\/web\/#website\",\"url\":\"https:\/\/pagina10.com\/web\/\",\"name\":\"P\u00e1gina10\",\"description\":\"Peri\u00f3dico Regional\",\"publisher\":{\"@id\":\"https:\/\/pagina10.com\/web\/#organization\"},\"alternateName\":\"P\u00e1gina10 Peri\u00f3dico Regional\",\"potentialAction\":[{\"@type\":\"SearchAction\",\"target\":{\"@type\":\"EntryPoint\",\"urlTemplate\":\"https:\/\/pagina10.com\/web\/?s={search_term_string}\"},\"query-input\":{\"@type\":\"PropertyValueSpecification\",\"valueRequired\":true,\"valueName\":\"search_term_string\"}}],\"inLanguage\":\"es\"},{\"@type\":\"Organization\",\"@id\":\"https:\/\/pagina10.com\/web\/#organization\",\"name\":\"P\u00e1gina10\",\"alternateName\":\"P\u00e1gina10 Peri\u00f3dico Regional\",\"url\":\"https:\/\/pagina10.com\/web\/\",\"logo\":{\"@type\":\"ImageObject\",\"inLanguage\":\"es\",\"@id\":\"https:\/\/pagina10.com\/web\/#\/schema\/logo\/image\/\",\"url\":\"https:\/\/pagina10.com\/web\/wp-content\/uploads\/2024\/01\/40-pagina-10-periodico-regional-pasto.jpg\",\"contentUrl\":\"https:\/\/pagina10.com\/web\/wp-content\/uploads\/2024\/01\/40-pagina-10-periodico-regional-pasto.jpg\",\"width\":1280,\"height\":720,\"caption\":\"P\u00e1gina10\"},\"image\":{\"@id\":\"https:\/\/pagina10.com\/web\/#\/schema\/logo\/image\/\"},\"sameAs\":[\"https:\/\/www.facebook.com\/pag10com\",\"https:\/\/x.com\/Pag10com\",\"https:\/\/www.instagram.com\/pagina10col\/\",\"https:\/\/youtube.com\/channel\/pag10\",\"https:\/\/www.tiktok.com\/@p10col\"]},{\"@type\":\"Person\",\"@id\":\"https:\/\/pagina10.com\/web\/#\/schema\/person\/2efc4a090d25b667d3bc796798a3a81b\",\"name\":\"P\u00e1gina 10\",\"description\":\"P\u00e1gina 10 es un peri\u00f3dico regional que nace en Colombia, en el departamento de Nari\u00f1o, con un enfoque global, fundamentado en cuatro pilares esenciales: la libertad, el pluralismo, la inclusi\u00f3n y la independencia. P\u00e1gina 10 hace referencia a Nari\u00f1o como el d\u00e9cimo departamento creado en Colombia, despu\u00e9s de un proceso pol\u00edtico liderado por actores y actrices regionales con el fin de obtener la independencia y autonom\u00eda de nuestros territorios. Con la creaci\u00f3n de P\u00e1gina 10 se pretende abrir un escenario para el dialogo, la reflexi\u00f3n y el debate que se extienda a otras geograf\u00edas de Am\u00e9rica Latina y del planeta, en una apuesta por transformar colectivamente los desaf\u00edos de un mundo contempor\u00e1neo, m\u00e1s all\u00e1 de las fronteras impuestas.\",\"url\":\"https:\/\/pagina10.com\/web\/author\/pdiezadmin\/\"}]}<\/script>\n<!-- \/ Yoast SEO plugin. -->","yoast_head_json":{"title":"Por mantenimiento preventivo, Cedenar realizara\u0301 suspensi\u00f3n de energ\u00eda en Pasto. | P\u00e1gina10","robots":{"index":"index","follow":"follow","max-snippet":"max-snippet:-1","max-image-preview":"max-image-preview:large","max-video-preview":"max-video-preview:-1"},"canonical":"https:\/\/pagina10.com\/web\/por-mantenimiento-preventivo-cedenar-realizara-suspension-de-energia-en-pasto\/","og_locale":"es_ES","og_type":"article","og_title":"Por mantenimiento preventivo, Cedenar realizara\u0301 suspensi\u00f3n de energ\u00eda en Pasto. | P\u00e1gina10","og_description":"Con el fin de brindar un servicio de calidad a los usuarios y mejorar las condiciones operativas de Subestaciones, el personal te\u0301cnico de CEDENAR S.A. E.S.P. realizara\u0301 actividades de mantenimiento preventivo en interruptor de potencia 34,5 kV de la subestacio\u0301n Catambuco, para lo que se requiere realizar breves suspensiones del servicio de energi\u0301a ele\u0301ctrica, buscando [&hellip;]","og_url":"https:\/\/pagina10.com\/web\/por-mantenimiento-preventivo-cedenar-realizara-suspension-de-energia-en-pasto\/","og_site_name":"P\u00e1gina10","article_publisher":"https:\/\/www.facebook.com\/pag10com","article_published_time":"2023-03-22T20:14:18+00:00","og_image":[{"width":600,"height":300,"url":"https:\/\/pagina10.com\/web\/wp-content\/uploads\/2023\/02\/cedenar-1_orig.jpg","type":"image\/jpeg"}],"author":"P\u00e1gina 10","twitter_card":"summary_large_image","twitter_creator":"@Pag10com","twitter_site":"@Pag10com","twitter_misc":{"Escrito por":"P\u00e1gina 10","Tiempo de lectura":"1 minuto"},"schema":{"@context":"https:\/\/schema.org","@graph":[{"@type":"Article","@id":"https:\/\/pagina10.com\/web\/por-mantenimiento-preventivo-cedenar-realizara-suspension-de-energia-en-pasto\/#article","isPartOf":{"@id":"https:\/\/pagina10.com\/web\/por-mantenimiento-preventivo-cedenar-realizara-suspension-de-energia-en-pasto\/"},"author":{"name":"P\u00e1gina 10","@id":"https:\/\/pagina10.com\/web\/#\/schema\/person\/2efc4a090d25b667d3bc796798a3a81b"},"headline":"Por mantenimiento preventivo, Cedenar realizara\u0301 suspensi\u00f3n de energ\u00eda en Pasto.","datePublished":"2023-03-22T20:14:18+00:00","mainEntityOfPage":{"@id":"https:\/\/pagina10.com\/web\/por-mantenimiento-preventivo-cedenar-realizara-suspension-de-energia-en-pasto\/"},"wordCount":247,"commentCount":0,"publisher":{"@id":"https:\/\/pagina10.com\/web\/#organization"},"image":{"@id":"https:\/\/pagina10.com\/web\/por-mantenimiento-preventivo-cedenar-realizara-suspension-de-energia-en-pasto\/#primaryimage"},"thumbnailUrl":"https:\/\/pagina10.com\/web\/wp-content\/uploads\/2023\/02\/cedenar-1_orig.jpg","articleSection":["Ciudad"],"inLanguage":"es","potentialAction":[{"@type":"CommentAction","name":"Comment","target":["https:\/\/pagina10.com\/web\/por-mantenimiento-preventivo-cedenar-realizara-suspension-de-energia-en-pasto\/#respond"]}]},{"@type":"WebPage","@id":"https:\/\/pagina10.com\/web\/por-mantenimiento-preventivo-cedenar-realizara-suspension-de-energia-en-pasto\/","url":"https:\/\/pagina10.com\/web\/por-mantenimiento-preventivo-cedenar-realizara-suspension-de-energia-en-pasto\/","name":"Por mantenimiento preventivo, Cedenar realizara\u0301 suspensi\u00f3n de energ\u00eda en Pasto. | P\u00e1gina10","isPartOf":{"@id":"https:\/\/pagina10.com\/web\/#website"},"primaryImageOfPage":{"@id":"https:\/\/pagina10.com\/web\/por-mantenimiento-preventivo-cedenar-realizara-suspension-de-energia-en-pasto\/#primaryimage"},"image":{"@id":"https:\/\/pagina10.com\/web\/por-mantenimiento-preventivo-cedenar-realizara-suspension-de-energia-en-pasto\/#primaryimage"},"thumbnailUrl":"https:\/\/pagina10.com\/web\/wp-content\/uploads\/2023\/02\/cedenar-1_orig.jpg","datePublished":"2023-03-22T20:14:18+00:00","breadcrumb":{"@id":"https:\/\/pagina10.com\/web\/por-mantenimiento-preventivo-cedenar-realizara-suspension-de-energia-en-pasto\/#breadcrumb"},"inLanguage":"es","potentialAction":[{"@type":"ReadAction","target":["https:\/\/pagina10.com\/web\/por-mantenimiento-preventivo-cedenar-realizara-suspension-de-energia-en-pasto\/"]}]},{"@type":"ImageObject","inLanguage":"es","@id":"https:\/\/pagina10.com\/web\/por-mantenimiento-preventivo-cedenar-realizara-suspension-de-energia-en-pasto\/#primaryimage","url":"https:\/\/pagina10.com\/web\/wp-content\/uploads\/2023\/02\/cedenar-1_orig.jpg","contentUrl":"https:\/\/pagina10.com\/web\/wp-content\/uploads\/2023\/02\/cedenar-1_orig.jpg","width":600,"height":300},{"@type":"BreadcrumbList","@id":"https:\/\/pagina10.com\/web\/por-mantenimiento-preventivo-cedenar-realizara-suspension-de-energia-en-pasto\/#breadcrumb","itemListElement":[{"@type":"ListItem","position":1,"name":"Portada","item":"https:\/\/pagina10.com\/web\/"},{"@type":"ListItem","position":2,"name":"Por mantenimiento preventivo, Cedenar realizara\u0301 suspensi\u00f3n de energ\u00eda en Pasto."}]},{"@type":"WebSite","@id":"https:\/\/pagina10.com\/web\/#website","url":"https:\/\/pagina10.com\/web\/","name":"P\u00e1gina10","description":"Peri\u00f3dico Regional","publisher":{"@id":"https:\/\/pagina10.com\/web\/#organization"},"alternateName":"P\u00e1gina10 Peri\u00f3dico Regional","potentialAction":[{"@type":"SearchAction","target":{"@type":"EntryPoint","urlTemplate":"https:\/\/pagina10.com\/web\/?s={search_term_string}"},"query-input":{"@type":"PropertyValueSpecification","valueRequired":true,"valueName":"search_term_string"}}],"inLanguage":"es"},{"@type":"Organization","@id":"https:\/\/pagina10.com\/web\/#organization","name":"P\u00e1gina10","alternateName":"P\u00e1gina10 Peri\u00f3dico Regional","url":"https:\/\/pagina10.com\/web\/","logo":{"@type":"ImageObject","inLanguage":"es","@id":"https:\/\/pagina10.com\/web\/#\/schema\/logo\/image\/","url":"https:\/\/pagina10.com\/web\/wp-content\/uploads\/2024\/01\/40-pagina-10-periodico-regional-pasto.jpg","contentUrl":"https:\/\/pagina10.com\/web\/wp-content\/uploads\/2024\/01\/40-pagina-10-periodico-regional-pasto.jpg","width":1280,"height":720,"caption":"P\u00e1gina10"},"image":{"@id":"https:\/\/pagina10.com\/web\/#\/schema\/logo\/image\/"},"sameAs":["https:\/\/www.facebook.com\/pag10com","https:\/\/x.com\/Pag10com","https:\/\/www.instagram.com\/pagina10col\/","https:\/\/youtube.com\/channel\/pag10","https:\/\/www.tiktok.com\/@p10col"]},{"@type":"Person","@id":"https:\/\/pagina10.com\/web\/#\/schema\/person\/2efc4a090d25b667d3bc796798a3a81b","name":"P\u00e1gina 10","description":"P\u00e1gina 10 es un peri\u00f3dico regional que nace en Colombia, en el departamento de Nari\u00f1o, con un enfoque global, fundamentado en cuatro pilares esenciales: la libertad, el pluralismo, la inclusi\u00f3n y la independencia. P\u00e1gina 10 hace referencia a Nari\u00f1o como el d\u00e9cimo departamento creado en Colombia, despu\u00e9s de un proceso pol\u00edtico liderado por actores y actrices regionales con el fin de obtener la independencia y autonom\u00eda de nuestros territorios. Con la creaci\u00f3n de P\u00e1gina 10 se pretende abrir un escenario para el dialogo, la reflexi\u00f3n y el debate que se extienda a otras geograf\u00edas de Am\u00e9rica Latina y del planeta, en una apuesta por transformar colectivamente los desaf\u00edos de un mundo contempor\u00e1neo, m\u00e1s all\u00e1 de las fronteras impuestas.","url":"https:\/\/pagina10.com\/web\/author\/pdiezadmin\/"}]}},"_links":{"self":[{"href":"https:\/\/pagina10.com\/web\/wp-json\/wp\/v2\/posts\/65196","targetHints":{"allow":["GET"]}}],"collection":[{"href":"https:\/\/pagina10.com\/web\/wp-json\/wp\/v2\/posts"}],"about":[{"href":"https:\/\/pagina10.com\/web\/wp-json\/wp\/v2\/types\/post"}],"author":[{"embeddable":true,"href":"https:\/\/pagina10.com\/web\/wp-json\/wp\/v2\/users\/1"}],"replies":[{"embeddable":true,"href":"https:\/\/pagina10.com\/web\/wp-json\/wp\/v2\/comments?post=65196"}],"version-history":[{"count":1,"href":"https:\/\/pagina10.com\/web\/wp-json\/wp\/v2\/posts\/65196\/revisions"}],"predecessor-version":[{"id":65197,"href":"https:\/\/pagina10.com\/web\/wp-json\/wp\/v2\/posts\/65196\/revisions\/65197"}],"wp:featuredmedia":[{"embeddable":true,"href":"https:\/\/pagina10.com\/web\/wp-json\/wp\/v2\/media\/64373"}],"wp:attachment":[{"href":"https:\/\/pagina10.com\/web\/wp-json\/wp\/v2\/media?parent=65196"}],"wp:term":[{"taxonomy":"category","embeddable":true,"href":"https:\/\/pagina10.com\/web\/wp-json\/wp\/v2\/categories?post=65196"},{"taxonomy":"post_tag","embeddable":true,"href":"https:\/\/pagina10.com\/web\/wp-json\/wp\/v2\/tags?post=65196"}],"curies":[{"name":"wp","href":"https:\/\/api.w.org\/{rel}","templated":true}]}}