{"id":65207,"date":"2023-03-23T10:01:42","date_gmt":"2023-03-23T15:01:42","guid":{"rendered":"https:\/\/pagina10.com\/web\/?p=65207"},"modified":"2023-03-23T10:01:42","modified_gmt":"2023-03-23T15:01:42","slug":"esap-amplia-cobertura-en-la-territorial-narino-alto-putumayo","status":"publish","type":"post","link":"https:\/\/pagina10.com\/web\/esap-amplia-cobertura-en-la-territorial-narino-alto-putumayo\/","title":{"rendered":"ESAP ampl\u00eda cobertura en la Territorial Nari\u00f1o \u2013 Alto Putumayo"},"content":{"rendered":"<ul>\n<li style=\"text-align: justify;\">La Escuela Superior de Administraci\u00f3n P\u00fablica ha venido ampliando su oferta acad\u00e9mica en el sur de Colombia con oferta acad\u00e9mica en los municipios de T\u00faquerres, Consac\u00e1, Buesaco y Yacuanquer, Nari\u00f1o.<\/li>\n<\/ul>\n<p style=\"text-align: justify;\">\n<ul style=\"text-align: justify;\">\n<li>La ESAP hace presencia en 271 municipios, distribuidos en los 32 departamentos del pa\u00eds, lo que representa una cobertura del 24,1 % del territorio a nivel nacional.<\/li>\n<\/ul>\n<p style=\"text-align: justify;\">Con el prop\u00f3sito de ampliar y fortalecer la cobertura de la educaci\u00f3n superior en todos los rincones de Colombia, la Escuela Superior de Administraci\u00f3n P\u00fablica \u2013 ESAP, tiene oferta acad\u00e9mica en 271 municipios del pa\u00eds, de los cuales 64 son territorios PDET, 99 son zonas afectadas por el conflicto armado y 195 son de sexta categor\u00eda.<\/p>\n<p style=\"text-align: justify;\">\n<p style=\"text-align: justify;\">En ese sentido, la ESAP hace presencia en el 24,1 % de los municipios del territorio nacional, a trav\u00e9s de las 16 direcciones territoriales y la sede central en Bogot\u00e1, con 16 programas acad\u00e9micos.<\/p>\n<p style=\"text-align: justify;\">\n<p style=\"text-align: justify;\">\u201cEstamos buscando impactar los territorios y comunidades m\u00e1s vulnerables del pa\u00eds, donde hay menos opciones de acceso a la educaci\u00f3n superior. Mantenemos el programa de cobertura del 100 % del valor de la matr\u00edcula para estudiantes de los programas de pregrado e, incluso, buscamos gratuidad en la inscripci\u00f3n\u201d, afirm\u00f3 el director nacional de la ESAP, profesor Jorge Iv\u00e1n Bula Escobar.<\/p>\n<p style=\"text-align: justify;\">\n<p style=\"text-align: justify;\">Bajo la administraci\u00f3n de la directora Elsy Janeth Melo Maya, la Territorial Nari\u00f1o \u2013 Alto Putumayo ha venido ampliado su oferta acad\u00e9mica desde el a\u00f1o 2021, pasando de 16 Centros Territoriales de Administraci\u00f3n P\u00fablica a 24, hasta el a\u00f1o pasado.<\/p>\n<p style=\"text-align: justify;\">\n<p style=\"text-align: justify;\">Para el a\u00f1o 2023, con el gobierno del cambio, se prioriza la necesidades de llegar a muchos m\u00e1s territorios del pa\u00eds con oferta acad\u00e9mica, ampliando la cobertura a cuatro municipios del sur, norte, y occidente de Nari\u00f1o, \u201casumiendo innumerables retos y propiciando en la comunidad rural una mayor posibilidad de acceder a la educaci\u00f3n superior\u201d, dijo la directora territorial.<\/p>\n<p style=\"text-align: justify;\">\n<p style=\"text-align: justify;\">\u201cPara nosotros es muy satisfactorio iniciar este primer semestre vinculando a 200 estudiantes en cuatro municipios de gran importancia para la regi\u00f3n, como son: T\u00faquerres, Buesaco, Consac\u00e1 y Yacuanquer, lugares estrat\u00e9gicos que son epicentro de desarrollo comercial y productivo, que aportan al crecimiento del departamento de Nari\u00f1o. Tambi\u00e9n tenemos la apertura de dos nuevas cohortes en Pasto con 90 estudiantes y Sibundoy con 25, que emprenden su trayectoria hacia el conocimiento del saber administrativo p\u00fablico\u201d, agreg\u00f3.<\/p>\n<p style=\"text-align: justify;\">\n<p style=\"text-align: justify;\">A la fecha, la Territorial cuenta con 29 lugares de desarrollo en todo el departamento de Nari\u00f1o y uno en Alto Putumayo, atendiendo a 1.275 estudiantes matriculados, de los cuales 1.266 est\u00e1n en los programas de pregrado y 9 cursan su posgrado en el municipio de Sibundoy. Por otro lado, la ESAP cuenta con 14 docentes de tiempo completo, elegidos por m\u00e9ritos y por su trayectoria acad\u00e9mica, garantizando a los estudiantes los mejores est\u00e1ndares de calidad acad\u00e9mica.<\/p>\n<p style=\"text-align: justify;\">\n<p style=\"text-align: justify;\">De esta manera, la ESAP se pone en Sinfon\u00eda con el Cambio en concordancia con la b\u00fasqueda de la paz total propuesta por el gobierno nacional y con el prop\u00f3sito de desarrollar las apuestas estrat\u00e9gicas planteadas por la Escuela en el marco de la formulaci\u00f3n del Plan Nacional de Desarrollo.<\/p>\n","protected":false},"excerpt":{"rendered":"<p>La Escuela Superior de Administraci\u00f3n P\u00fablica ha venido ampliando su oferta acad\u00e9mica en el sur de Colombia con oferta acad\u00e9mica en los municipios de T\u00faquerres, Consac\u00e1, Buesaco y Yacuanquer, Nari\u00f1o. La ESAP hace presencia en 271 municipios, distribuidos en los 32 departamentos del pa\u00eds, lo que representa una cobertura del 24,1 % del territorio a [&hellip;]<\/p>\n","protected":false},"author":1,"featured_media":65208,"comment_status":"open","ping_status":"open","sticky":false,"template":"","format":"standard","meta":{"footnotes":""},"categories":[1580,1528],"tags":[],"class_list":["post-65207","post","type-post","status-publish","format-standard","has-post-thumbnail","hentry","category-educacion-innovacion","category-titulares"],"yoast_head":"<!-- This site is optimized with the Yoast SEO plugin v27.1.1 - https:\/\/yoast.com\/product\/yoast-seo-wordpress\/ -->\n<title>ESAP ampl\u00eda cobertura en la Territorial Nari\u00f1o \u2013 Alto Putumayo | P\u00e1gina10<\/title>\n<meta name=\"robots\" content=\"index, follow, max-snippet:-1, max-image-preview:large, max-video-preview:-1\" \/>\n<link rel=\"canonical\" href=\"https:\/\/pagina10.com\/web\/esap-amplia-cobertura-en-la-territorial-narino-alto-putumayo\/\" \/>\n<meta property=\"og:locale\" content=\"es_ES\" \/>\n<meta property=\"og:type\" content=\"article\" \/>\n<meta property=\"og:title\" content=\"ESAP ampl\u00eda cobertura en la Territorial Nari\u00f1o \u2013 Alto Putumayo | P\u00e1gina10\" \/>\n<meta property=\"og:description\" content=\"La Escuela Superior de Administraci\u00f3n P\u00fablica ha venido ampliando su oferta acad\u00e9mica en el sur de Colombia con oferta acad\u00e9mica en los municipios de T\u00faquerres, Consac\u00e1, Buesaco y Yacuanquer, Nari\u00f1o. La ESAP hace presencia en 271 municipios, distribuidos en los 32 departamentos del pa\u00eds, lo que representa una cobertura del 24,1 % del territorio a [&hellip;]\" \/>\n<meta property=\"og:url\" content=\"https:\/\/pagina10.com\/web\/esap-amplia-cobertura-en-la-territorial-narino-alto-putumayo\/\" \/>\n<meta property=\"og:site_name\" content=\"P\u00e1gina10\" \/>\n<meta property=\"article:publisher\" content=\"https:\/\/www.facebook.com\/pag10com\" \/>\n<meta property=\"article:published_time\" content=\"2023-03-23T15:01:42+00:00\" \/>\n<meta property=\"og:image\" content=\"https:\/\/pagina10.com\/web\/wp-content\/uploads\/2023\/03\/WhatsApp-Image-2023-03-23-at-9.52.58-AM.jpeg\" \/>\n\t<meta property=\"og:image:width\" content=\"1461\" \/>\n\t<meta property=\"og:image:height\" content=\"1000\" \/>\n\t<meta property=\"og:image:type\" content=\"image\/jpeg\" \/>\n<meta name=\"author\" content=\"P\u00e1gina 10\" \/>\n<meta name=\"twitter:card\" content=\"summary_large_image\" \/>\n<meta name=\"twitter:creator\" content=\"@Pag10com\" \/>\n<meta name=\"twitter:site\" content=\"@Pag10com\" \/>\n<meta name=\"twitter:label1\" content=\"Escrito por\" \/>\n\t<meta name=\"twitter:data1\" content=\"P\u00e1gina 10\" \/>\n\t<meta name=\"twitter:label2\" content=\"Tiempo de lectura\" \/>\n\t<meta name=\"twitter:data2\" content=\"3 minutos\" \/>\n<script type=\"application\/ld+json\" class=\"yoast-schema-graph\">{\"@context\":\"https:\/\/schema.org\",\"@graph\":[{\"@type\":\"Article\",\"@id\":\"https:\/\/pagina10.com\/web\/esap-amplia-cobertura-en-la-territorial-narino-alto-putumayo\/#article\",\"isPartOf\":{\"@id\":\"https:\/\/pagina10.com\/web\/esap-amplia-cobertura-en-la-territorial-narino-alto-putumayo\/\"},\"author\":{\"name\":\"P\u00e1gina 10\",\"@id\":\"https:\/\/pagina10.com\/web\/#\/schema\/person\/2efc4a090d25b667d3bc796798a3a81b\"},\"headline\":\"ESAP ampl\u00eda cobertura en la Territorial Nari\u00f1o \u2013 Alto Putumayo\",\"datePublished\":\"2023-03-23T15:01:42+00:00\",\"mainEntityOfPage\":{\"@id\":\"https:\/\/pagina10.com\/web\/esap-amplia-cobertura-en-la-territorial-narino-alto-putumayo\/\"},\"wordCount\":544,\"commentCount\":0,\"publisher\":{\"@id\":\"https:\/\/pagina10.com\/web\/#organization\"},\"image\":{\"@id\":\"https:\/\/pagina10.com\/web\/esap-amplia-cobertura-en-la-territorial-narino-alto-putumayo\/#primaryimage\"},\"thumbnailUrl\":\"https:\/\/pagina10.com\/web\/wp-content\/uploads\/2023\/03\/WhatsApp-Image-2023-03-23-at-9.52.58-AM.jpeg\",\"articleSection\":[\"Educaci\u00f3n\",\"Titulares\"],\"inLanguage\":\"es\",\"potentialAction\":[{\"@type\":\"CommentAction\",\"name\":\"Comment\",\"target\":[\"https:\/\/pagina10.com\/web\/esap-amplia-cobertura-en-la-territorial-narino-alto-putumayo\/#respond\"]}]},{\"@type\":\"WebPage\",\"@id\":\"https:\/\/pagina10.com\/web\/esap-amplia-cobertura-en-la-territorial-narino-alto-putumayo\/\",\"url\":\"https:\/\/pagina10.com\/web\/esap-amplia-cobertura-en-la-territorial-narino-alto-putumayo\/\",\"name\":\"ESAP ampl\u00eda cobertura en la Territorial Nari\u00f1o \u2013 Alto Putumayo | P\u00e1gina10\",\"isPartOf\":{\"@id\":\"https:\/\/pagina10.com\/web\/#website\"},\"primaryImageOfPage\":{\"@id\":\"https:\/\/pagina10.com\/web\/esap-amplia-cobertura-en-la-territorial-narino-alto-putumayo\/#primaryimage\"},\"image\":{\"@id\":\"https:\/\/pagina10.com\/web\/esap-amplia-cobertura-en-la-territorial-narino-alto-putumayo\/#primaryimage\"},\"thumbnailUrl\":\"https:\/\/pagina10.com\/web\/wp-content\/uploads\/2023\/03\/WhatsApp-Image-2023-03-23-at-9.52.58-AM.jpeg\",\"datePublished\":\"2023-03-23T15:01:42+00:00\",\"breadcrumb\":{\"@id\":\"https:\/\/pagina10.com\/web\/esap-amplia-cobertura-en-la-territorial-narino-alto-putumayo\/#breadcrumb\"},\"inLanguage\":\"es\",\"potentialAction\":[{\"@type\":\"ReadAction\",\"target\":[\"https:\/\/pagina10.com\/web\/esap-amplia-cobertura-en-la-territorial-narino-alto-putumayo\/\"]}]},{\"@type\":\"ImageObject\",\"inLanguage\":\"es\",\"@id\":\"https:\/\/pagina10.com\/web\/esap-amplia-cobertura-en-la-territorial-narino-alto-putumayo\/#primaryimage\",\"url\":\"https:\/\/pagina10.com\/web\/wp-content\/uploads\/2023\/03\/WhatsApp-Image-2023-03-23-at-9.52.58-AM.jpeg\",\"contentUrl\":\"https:\/\/pagina10.com\/web\/wp-content\/uploads\/2023\/03\/WhatsApp-Image-2023-03-23-at-9.52.58-AM.jpeg\",\"width\":1461,\"height\":1000},{\"@type\":\"BreadcrumbList\",\"@id\":\"https:\/\/pagina10.com\/web\/esap-amplia-cobertura-en-la-territorial-narino-alto-putumayo\/#breadcrumb\",\"itemListElement\":[{\"@type\":\"ListItem\",\"position\":1,\"name\":\"Portada\",\"item\":\"https:\/\/pagina10.com\/web\/\"},{\"@type\":\"ListItem\",\"position\":2,\"name\":\"ESAP ampl\u00eda cobertura en la Territorial Nari\u00f1o \u2013 Alto Putumayo\"}]},{\"@type\":\"WebSite\",\"@id\":\"https:\/\/pagina10.com\/web\/#website\",\"url\":\"https:\/\/pagina10.com\/web\/\",\"name\":\"P\u00e1gina10\",\"description\":\"Peri\u00f3dico Regional\",\"publisher\":{\"@id\":\"https:\/\/pagina10.com\/web\/#organization\"},\"alternateName\":\"P\u00e1gina10 Peri\u00f3dico Regional\",\"potentialAction\":[{\"@type\":\"SearchAction\",\"target\":{\"@type\":\"EntryPoint\",\"urlTemplate\":\"https:\/\/pagina10.com\/web\/?s={search_term_string}\"},\"query-input\":{\"@type\":\"PropertyValueSpecification\",\"valueRequired\":true,\"valueName\":\"search_term_string\"}}],\"inLanguage\":\"es\"},{\"@type\":\"Organization\",\"@id\":\"https:\/\/pagina10.com\/web\/#organization\",\"name\":\"P\u00e1gina10\",\"alternateName\":\"P\u00e1gina10 Peri\u00f3dico Regional\",\"url\":\"https:\/\/pagina10.com\/web\/\",\"logo\":{\"@type\":\"ImageObject\",\"inLanguage\":\"es\",\"@id\":\"https:\/\/pagina10.com\/web\/#\/schema\/logo\/image\/\",\"url\":\"https:\/\/pagina10.com\/web\/wp-content\/uploads\/2024\/01\/40-pagina-10-periodico-regional-pasto.jpg\",\"contentUrl\":\"https:\/\/pagina10.com\/web\/wp-content\/uploads\/2024\/01\/40-pagina-10-periodico-regional-pasto.jpg\",\"width\":1280,\"height\":720,\"caption\":\"P\u00e1gina10\"},\"image\":{\"@id\":\"https:\/\/pagina10.com\/web\/#\/schema\/logo\/image\/\"},\"sameAs\":[\"https:\/\/www.facebook.com\/pag10com\",\"https:\/\/x.com\/Pag10com\",\"https:\/\/www.instagram.com\/pagina10col\/\",\"https:\/\/youtube.com\/channel\/pag10\",\"https:\/\/www.tiktok.com\/@p10col\"]},{\"@type\":\"Person\",\"@id\":\"https:\/\/pagina10.com\/web\/#\/schema\/person\/2efc4a090d25b667d3bc796798a3a81b\",\"name\":\"P\u00e1gina 10\",\"description\":\"P\u00e1gina 10 es un peri\u00f3dico regional que nace en Colombia, en el departamento de Nari\u00f1o, con un enfoque global, fundamentado en cuatro pilares esenciales: la libertad, el pluralismo, la inclusi\u00f3n y la independencia. P\u00e1gina 10 hace referencia a Nari\u00f1o como el d\u00e9cimo departamento creado en Colombia, despu\u00e9s de un proceso pol\u00edtico liderado por actores y actrices regionales con el fin de obtener la independencia y autonom\u00eda de nuestros territorios. Con la creaci\u00f3n de P\u00e1gina 10 se pretende abrir un escenario para el dialogo, la reflexi\u00f3n y el debate que se extienda a otras geograf\u00edas de Am\u00e9rica Latina y del planeta, en una apuesta por transformar colectivamente los desaf\u00edos de un mundo contempor\u00e1neo, m\u00e1s all\u00e1 de las fronteras impuestas.\",\"url\":\"https:\/\/pagina10.com\/web\/author\/pdiezadmin\/\"}]}<\/script>\n<!-- \/ Yoast SEO plugin. -->","yoast_head_json":{"title":"ESAP ampl\u00eda cobertura en la Territorial Nari\u00f1o \u2013 Alto Putumayo | P\u00e1gina10","robots":{"index":"index","follow":"follow","max-snippet":"max-snippet:-1","max-image-preview":"max-image-preview:large","max-video-preview":"max-video-preview:-1"},"canonical":"https:\/\/pagina10.com\/web\/esap-amplia-cobertura-en-la-territorial-narino-alto-putumayo\/","og_locale":"es_ES","og_type":"article","og_title":"ESAP ampl\u00eda cobertura en la Territorial Nari\u00f1o \u2013 Alto Putumayo | P\u00e1gina10","og_description":"La Escuela Superior de Administraci\u00f3n P\u00fablica ha venido ampliando su oferta acad\u00e9mica en el sur de Colombia con oferta acad\u00e9mica en los municipios de T\u00faquerres, Consac\u00e1, Buesaco y Yacuanquer, Nari\u00f1o. La ESAP hace presencia en 271 municipios, distribuidos en los 32 departamentos del pa\u00eds, lo que representa una cobertura del 24,1 % del territorio a [&hellip;]","og_url":"https:\/\/pagina10.com\/web\/esap-amplia-cobertura-en-la-territorial-narino-alto-putumayo\/","og_site_name":"P\u00e1gina10","article_publisher":"https:\/\/www.facebook.com\/pag10com","article_published_time":"2023-03-23T15:01:42+00:00","og_image":[{"width":1461,"height":1000,"url":"https:\/\/pagina10.com\/web\/wp-content\/uploads\/2023\/03\/WhatsApp-Image-2023-03-23-at-9.52.58-AM.jpeg","type":"image\/jpeg"}],"author":"P\u00e1gina 10","twitter_card":"summary_large_image","twitter_creator":"@Pag10com","twitter_site":"@Pag10com","twitter_misc":{"Escrito por":"P\u00e1gina 10","Tiempo de lectura":"3 minutos"},"schema":{"@context":"https:\/\/schema.org","@graph":[{"@type":"Article","@id":"https:\/\/pagina10.com\/web\/esap-amplia-cobertura-en-la-territorial-narino-alto-putumayo\/#article","isPartOf":{"@id":"https:\/\/pagina10.com\/web\/esap-amplia-cobertura-en-la-territorial-narino-alto-putumayo\/"},"author":{"name":"P\u00e1gina 10","@id":"https:\/\/pagina10.com\/web\/#\/schema\/person\/2efc4a090d25b667d3bc796798a3a81b"},"headline":"ESAP ampl\u00eda cobertura en la Territorial Nari\u00f1o \u2013 Alto Putumayo","datePublished":"2023-03-23T15:01:42+00:00","mainEntityOfPage":{"@id":"https:\/\/pagina10.com\/web\/esap-amplia-cobertura-en-la-territorial-narino-alto-putumayo\/"},"wordCount":544,"commentCount":0,"publisher":{"@id":"https:\/\/pagina10.com\/web\/#organization"},"image":{"@id":"https:\/\/pagina10.com\/web\/esap-amplia-cobertura-en-la-territorial-narino-alto-putumayo\/#primaryimage"},"thumbnailUrl":"https:\/\/pagina10.com\/web\/wp-content\/uploads\/2023\/03\/WhatsApp-Image-2023-03-23-at-9.52.58-AM.jpeg","articleSection":["Educaci\u00f3n","Titulares"],"inLanguage":"es","potentialAction":[{"@type":"CommentAction","name":"Comment","target":["https:\/\/pagina10.com\/web\/esap-amplia-cobertura-en-la-territorial-narino-alto-putumayo\/#respond"]}]},{"@type":"WebPage","@id":"https:\/\/pagina10.com\/web\/esap-amplia-cobertura-en-la-territorial-narino-alto-putumayo\/","url":"https:\/\/pagina10.com\/web\/esap-amplia-cobertura-en-la-territorial-narino-alto-putumayo\/","name":"ESAP ampl\u00eda cobertura en la Territorial Nari\u00f1o \u2013 Alto Putumayo | P\u00e1gina10","isPartOf":{"@id":"https:\/\/pagina10.com\/web\/#website"},"primaryImageOfPage":{"@id":"https:\/\/pagina10.com\/web\/esap-amplia-cobertura-en-la-territorial-narino-alto-putumayo\/#primaryimage"},"image":{"@id":"https:\/\/pagina10.com\/web\/esap-amplia-cobertura-en-la-territorial-narino-alto-putumayo\/#primaryimage"},"thumbnailUrl":"https:\/\/pagina10.com\/web\/wp-content\/uploads\/2023\/03\/WhatsApp-Image-2023-03-23-at-9.52.58-AM.jpeg","datePublished":"2023-03-23T15:01:42+00:00","breadcrumb":{"@id":"https:\/\/pagina10.com\/web\/esap-amplia-cobertura-en-la-territorial-narino-alto-putumayo\/#breadcrumb"},"inLanguage":"es","potentialAction":[{"@type":"ReadAction","target":["https:\/\/pagina10.com\/web\/esap-amplia-cobertura-en-la-territorial-narino-alto-putumayo\/"]}]},{"@type":"ImageObject","inLanguage":"es","@id":"https:\/\/pagina10.com\/web\/esap-amplia-cobertura-en-la-territorial-narino-alto-putumayo\/#primaryimage","url":"https:\/\/pagina10.com\/web\/wp-content\/uploads\/2023\/03\/WhatsApp-Image-2023-03-23-at-9.52.58-AM.jpeg","contentUrl":"https:\/\/pagina10.com\/web\/wp-content\/uploads\/2023\/03\/WhatsApp-Image-2023-03-23-at-9.52.58-AM.jpeg","width":1461,"height":1000},{"@type":"BreadcrumbList","@id":"https:\/\/pagina10.com\/web\/esap-amplia-cobertura-en-la-territorial-narino-alto-putumayo\/#breadcrumb","itemListElement":[{"@type":"ListItem","position":1,"name":"Portada","item":"https:\/\/pagina10.com\/web\/"},{"@type":"ListItem","position":2,"name":"ESAP ampl\u00eda cobertura en la Territorial Nari\u00f1o \u2013 Alto Putumayo"}]},{"@type":"WebSite","@id":"https:\/\/pagina10.com\/web\/#website","url":"https:\/\/pagina10.com\/web\/","name":"P\u00e1gina10","description":"Peri\u00f3dico Regional","publisher":{"@id":"https:\/\/pagina10.com\/web\/#organization"},"alternateName":"P\u00e1gina10 Peri\u00f3dico Regional","potentialAction":[{"@type":"SearchAction","target":{"@type":"EntryPoint","urlTemplate":"https:\/\/pagina10.com\/web\/?s={search_term_string}"},"query-input":{"@type":"PropertyValueSpecification","valueRequired":true,"valueName":"search_term_string"}}],"inLanguage":"es"},{"@type":"Organization","@id":"https:\/\/pagina10.com\/web\/#organization","name":"P\u00e1gina10","alternateName":"P\u00e1gina10 Peri\u00f3dico Regional","url":"https:\/\/pagina10.com\/web\/","logo":{"@type":"ImageObject","inLanguage":"es","@id":"https:\/\/pagina10.com\/web\/#\/schema\/logo\/image\/","url":"https:\/\/pagina10.com\/web\/wp-content\/uploads\/2024\/01\/40-pagina-10-periodico-regional-pasto.jpg","contentUrl":"https:\/\/pagina10.com\/web\/wp-content\/uploads\/2024\/01\/40-pagina-10-periodico-regional-pasto.jpg","width":1280,"height":720,"caption":"P\u00e1gina10"},"image":{"@id":"https:\/\/pagina10.com\/web\/#\/schema\/logo\/image\/"},"sameAs":["https:\/\/www.facebook.com\/pag10com","https:\/\/x.com\/Pag10com","https:\/\/www.instagram.com\/pagina10col\/","https:\/\/youtube.com\/channel\/pag10","https:\/\/www.tiktok.com\/@p10col"]},{"@type":"Person","@id":"https:\/\/pagina10.com\/web\/#\/schema\/person\/2efc4a090d25b667d3bc796798a3a81b","name":"P\u00e1gina 10","description":"P\u00e1gina 10 es un peri\u00f3dico regional que nace en Colombia, en el departamento de Nari\u00f1o, con un enfoque global, fundamentado en cuatro pilares esenciales: la libertad, el pluralismo, la inclusi\u00f3n y la independencia. P\u00e1gina 10 hace referencia a Nari\u00f1o como el d\u00e9cimo departamento creado en Colombia, despu\u00e9s de un proceso pol\u00edtico liderado por actores y actrices regionales con el fin de obtener la independencia y autonom\u00eda de nuestros territorios. Con la creaci\u00f3n de P\u00e1gina 10 se pretende abrir un escenario para el dialogo, la reflexi\u00f3n y el debate que se extienda a otras geograf\u00edas de Am\u00e9rica Latina y del planeta, en una apuesta por transformar colectivamente los desaf\u00edos de un mundo contempor\u00e1neo, m\u00e1s all\u00e1 de las fronteras impuestas.","url":"https:\/\/pagina10.com\/web\/author\/pdiezadmin\/"}]}},"_links":{"self":[{"href":"https:\/\/pagina10.com\/web\/wp-json\/wp\/v2\/posts\/65207","targetHints":{"allow":["GET"]}}],"collection":[{"href":"https:\/\/pagina10.com\/web\/wp-json\/wp\/v2\/posts"}],"about":[{"href":"https:\/\/pagina10.com\/web\/wp-json\/wp\/v2\/types\/post"}],"author":[{"embeddable":true,"href":"https:\/\/pagina10.com\/web\/wp-json\/wp\/v2\/users\/1"}],"replies":[{"embeddable":true,"href":"https:\/\/pagina10.com\/web\/wp-json\/wp\/v2\/comments?post=65207"}],"version-history":[{"count":1,"href":"https:\/\/pagina10.com\/web\/wp-json\/wp\/v2\/posts\/65207\/revisions"}],"predecessor-version":[{"id":65209,"href":"https:\/\/pagina10.com\/web\/wp-json\/wp\/v2\/posts\/65207\/revisions\/65209"}],"wp:featuredmedia":[{"embeddable":true,"href":"https:\/\/pagina10.com\/web\/wp-json\/wp\/v2\/media\/65208"}],"wp:attachment":[{"href":"https:\/\/pagina10.com\/web\/wp-json\/wp\/v2\/media?parent=65207"}],"wp:term":[{"taxonomy":"category","embeddable":true,"href":"https:\/\/pagina10.com\/web\/wp-json\/wp\/v2\/categories?post=65207"},{"taxonomy":"post_tag","embeddable":true,"href":"https:\/\/pagina10.com\/web\/wp-json\/wp\/v2\/tags?post=65207"}],"curies":[{"name":"wp","href":"https:\/\/api.w.org\/{rel}","templated":true}]}}