{"id":6527,"date":"2014-02-07T02:17:31","date_gmt":"2014-02-07T02:17:31","guid":{"rendered":"https:\/\/pagina10.com\/web\/tarifa-de-buses-urbanos-sube-100-pesos\/"},"modified":"2014-02-07T02:17:31","modified_gmt":"2014-02-07T02:17:31","slug":"tarifa-de-buses-urbanos-sube-100-pesos","status":"publish","type":"post","link":"https:\/\/pagina10.com\/web\/tarifa-de-buses-urbanos-sube-100-pesos\/","title":{"rendered":"Tarifa de buses urbanos sube $100 pesos"},"content":{"rendered":"<p><img fetchpriority=\"high\" decoding=\"async\" class=\" size-full wp-image-6526\" src=\"https:\/\/pagina10.com\/web\/wp-content\/uploads\/2014\/02\/fe91275fa831a334e4b45722e1b22342.jpg\" alt=\"\" width=\"480\" height=\"360\" srcset=\"https:\/\/pagina10.com\/web\/wp-content\/uploads\/2014\/02\/fe91275fa831a334e4b45722e1b22342.jpg 480w, https:\/\/pagina10.com\/web\/wp-content\/uploads\/2014\/02\/fe91275fa831a334e4b45722e1b22342-300x225.jpg 300w, https:\/\/pagina10.com\/web\/wp-content\/uploads\/2014\/02\/fe91275fa831a334e4b45722e1b22342-86x64.jpg 86w\" sizes=\"(max-width: 480px) 100vw, 480px\" \/><\/p>\n<p style=\"text-align: justify;\">En 100 pesos fue autorizado el incremento de la tarifa en la prestaci\u00f3n del servicio de transporte p\u00fablico de pasajeros en veh\u00edculo tipo bus, la informaci\u00f3n fue suministrada por la Secretaria (e) de Tr\u00e1nsito del municipio Martha Roci\u00f3 Rodr\u00edguez Fl\u00f3rez, quien inform\u00f3 que el valor queda establecido en 1.200 pesos.<\/p>\n<p style=\"text-align: justify;\">&nbsp;<\/p>\n<p style=\"text-align: justify;\">La funcionaria agreg\u00f3 que la determinaci\u00f3n fue tomada una vez que la dependencia a trav\u00e9s de la Subsecretar\u00eda de Movilidad realiz\u00f3 los estudios pertinentes teniendo en cuenta aspectos como, que desde hace cuatro a\u00f1os no se hab\u00eda incrementado este tipo de tarifa, el aumento de la canasta familiar, el costo de insumos y otro tipo de gastos que diariamente tiene que efectuar los empresarios del transporte.<\/p>\n<p style=\"text-align: justify;\">&nbsp;<\/p>\n<p style=\"text-align: justify;\">La medida rige desde este jueves 06 de febrero del a\u00f1o en curso.<\/p>\n","protected":false},"excerpt":{"rendered":"<p>En 100 pesos fue autorizado el incremento de la tarifa en la prestaci\u00f3n del servicio de transporte p\u00fablico de pasajeros en veh\u00edculo tipo bus, la informaci\u00f3n fue suministrada por la Secretaria (e) de Tr\u00e1nsito del municipio Martha Roci\u00f3 Rodr\u00edguez Fl\u00f3rez, quien inform\u00f3 que el valor queda establecido en 1.200 pesos. &nbsp; La funcionaria agreg\u00f3 que [&hellip;]<\/p>\n","protected":false},"author":29,"featured_media":6526,"comment_status":"open","ping_status":"open","sticky":false,"template":"","format":"standard","meta":{"footnotes":""},"categories":[82],"tags":[],"class_list":["post-6527","post","type-post","status-publish","format-standard","has-post-thumbnail","hentry","category-ciudad-2"],"yoast_head":"<!-- This site is optimized with the Yoast SEO plugin v27.1.1 - https:\/\/yoast.com\/product\/yoast-seo-wordpress\/ -->\n<title>Tarifa de buses urbanos sube $100 pesos | P\u00e1gina10<\/title>\n<meta name=\"robots\" content=\"index, follow, max-snippet:-1, max-image-preview:large, max-video-preview:-1\" \/>\n<link rel=\"canonical\" href=\"https:\/\/pagina10.com\/web\/tarifa-de-buses-urbanos-sube-100-pesos\/\" \/>\n<meta property=\"og:locale\" content=\"es_ES\" \/>\n<meta property=\"og:type\" content=\"article\" \/>\n<meta property=\"og:title\" content=\"Tarifa de buses urbanos sube $100 pesos | P\u00e1gina10\" \/>\n<meta property=\"og:description\" content=\"En 100 pesos fue autorizado el incremento de la tarifa en la prestaci\u00f3n del servicio de transporte p\u00fablico de pasajeros en veh\u00edculo tipo bus, la informaci\u00f3n fue suministrada por la Secretaria (e) de Tr\u00e1nsito del municipio Martha Roci\u00f3 Rodr\u00edguez Fl\u00f3rez, quien inform\u00f3 que el valor queda establecido en 1.200 pesos. &nbsp; La funcionaria agreg\u00f3 que [&hellip;]\" \/>\n<meta property=\"og:url\" content=\"https:\/\/pagina10.com\/web\/tarifa-de-buses-urbanos-sube-100-pesos\/\" \/>\n<meta property=\"og:site_name\" content=\"P\u00e1gina10\" \/>\n<meta property=\"article:publisher\" content=\"https:\/\/www.facebook.com\/pag10com\" \/>\n<meta property=\"article:published_time\" content=\"2014-02-07T02:17:31+00:00\" \/>\n<meta property=\"og:image\" content=\"https:\/\/pagina10.com\/web\/wp-content\/uploads\/2014\/02\/fe91275fa831a334e4b45722e1b22342.jpg\" \/>\n\t<meta property=\"og:image:width\" content=\"480\" \/>\n\t<meta property=\"og:image:height\" content=\"360\" \/>\n\t<meta property=\"og:image:type\" content=\"image\/jpeg\" \/>\n<meta name=\"author\" content=\"P\u00e1gina 10\" \/>\n<meta name=\"twitter:card\" content=\"summary_large_image\" \/>\n<meta name=\"twitter:creator\" content=\"@Pag10com\" \/>\n<meta name=\"twitter:site\" content=\"@Pag10com\" \/>\n<meta name=\"twitter:label1\" content=\"Escrito por\" \/>\n\t<meta name=\"twitter:data1\" content=\"P\u00e1gina 10\" \/>\n\t<meta name=\"twitter:label2\" content=\"Tiempo de lectura\" \/>\n\t<meta name=\"twitter:data2\" content=\"1 minuto\" \/>\n<script type=\"application\/ld+json\" class=\"yoast-schema-graph\">{\"@context\":\"https:\/\/schema.org\",\"@graph\":[{\"@type\":\"Article\",\"@id\":\"https:\/\/pagina10.com\/web\/tarifa-de-buses-urbanos-sube-100-pesos\/#article\",\"isPartOf\":{\"@id\":\"https:\/\/pagina10.com\/web\/tarifa-de-buses-urbanos-sube-100-pesos\/\"},\"author\":{\"name\":\"P\u00e1gina 10\",\"@id\":\"https:\/\/pagina10.com\/web\/#\/schema\/person\/a7a5d38f0629dfc107f619fbae4f6cc3\"},\"headline\":\"Tarifa de buses urbanos sube $100 pesos\",\"datePublished\":\"2014-02-07T02:17:31+00:00\",\"mainEntityOfPage\":{\"@id\":\"https:\/\/pagina10.com\/web\/tarifa-de-buses-urbanos-sube-100-pesos\/\"},\"wordCount\":147,\"commentCount\":0,\"publisher\":{\"@id\":\"https:\/\/pagina10.com\/web\/#organization\"},\"image\":{\"@id\":\"https:\/\/pagina10.com\/web\/tarifa-de-buses-urbanos-sube-100-pesos\/#primaryimage\"},\"thumbnailUrl\":\"https:\/\/pagina10.com\/web\/wp-content\/uploads\/2014\/02\/fe91275fa831a334e4b45722e1b22342.jpg\",\"articleSection\":[\"Ciudad\"],\"inLanguage\":\"es\",\"potentialAction\":[{\"@type\":\"CommentAction\",\"name\":\"Comment\",\"target\":[\"https:\/\/pagina10.com\/web\/tarifa-de-buses-urbanos-sube-100-pesos\/#respond\"]}]},{\"@type\":\"WebPage\",\"@id\":\"https:\/\/pagina10.com\/web\/tarifa-de-buses-urbanos-sube-100-pesos\/\",\"url\":\"https:\/\/pagina10.com\/web\/tarifa-de-buses-urbanos-sube-100-pesos\/\",\"name\":\"Tarifa de buses urbanos sube $100 pesos | P\u00e1gina10\",\"isPartOf\":{\"@id\":\"https:\/\/pagina10.com\/web\/#website\"},\"primaryImageOfPage\":{\"@id\":\"https:\/\/pagina10.com\/web\/tarifa-de-buses-urbanos-sube-100-pesos\/#primaryimage\"},\"image\":{\"@id\":\"https:\/\/pagina10.com\/web\/tarifa-de-buses-urbanos-sube-100-pesos\/#primaryimage\"},\"thumbnailUrl\":\"https:\/\/pagina10.com\/web\/wp-content\/uploads\/2014\/02\/fe91275fa831a334e4b45722e1b22342.jpg\",\"datePublished\":\"2014-02-07T02:17:31+00:00\",\"breadcrumb\":{\"@id\":\"https:\/\/pagina10.com\/web\/tarifa-de-buses-urbanos-sube-100-pesos\/#breadcrumb\"},\"inLanguage\":\"es\",\"potentialAction\":[{\"@type\":\"ReadAction\",\"target\":[\"https:\/\/pagina10.com\/web\/tarifa-de-buses-urbanos-sube-100-pesos\/\"]}]},{\"@type\":\"ImageObject\",\"inLanguage\":\"es\",\"@id\":\"https:\/\/pagina10.com\/web\/tarifa-de-buses-urbanos-sube-100-pesos\/#primaryimage\",\"url\":\"https:\/\/pagina10.com\/web\/wp-content\/uploads\/2014\/02\/fe91275fa831a334e4b45722e1b22342.jpg\",\"contentUrl\":\"https:\/\/pagina10.com\/web\/wp-content\/uploads\/2014\/02\/fe91275fa831a334e4b45722e1b22342.jpg\",\"width\":480,\"height\":360},{\"@type\":\"BreadcrumbList\",\"@id\":\"https:\/\/pagina10.com\/web\/tarifa-de-buses-urbanos-sube-100-pesos\/#breadcrumb\",\"itemListElement\":[{\"@type\":\"ListItem\",\"position\":1,\"name\":\"Portada\",\"item\":\"https:\/\/pagina10.com\/web\/\"},{\"@type\":\"ListItem\",\"position\":2,\"name\":\"Tarifa de buses urbanos sube $100 pesos\"}]},{\"@type\":\"WebSite\",\"@id\":\"https:\/\/pagina10.com\/web\/#website\",\"url\":\"https:\/\/pagina10.com\/web\/\",\"name\":\"P\u00e1gina10\",\"description\":\"Peri\u00f3dico Regional\",\"publisher\":{\"@id\":\"https:\/\/pagina10.com\/web\/#organization\"},\"alternateName\":\"P\u00e1gina10 Peri\u00f3dico Regional\",\"potentialAction\":[{\"@type\":\"SearchAction\",\"target\":{\"@type\":\"EntryPoint\",\"urlTemplate\":\"https:\/\/pagina10.com\/web\/?s={search_term_string}\"},\"query-input\":{\"@type\":\"PropertyValueSpecification\",\"valueRequired\":true,\"valueName\":\"search_term_string\"}}],\"inLanguage\":\"es\"},{\"@type\":\"Organization\",\"@id\":\"https:\/\/pagina10.com\/web\/#organization\",\"name\":\"P\u00e1gina10\",\"alternateName\":\"P\u00e1gina10 Peri\u00f3dico Regional\",\"url\":\"https:\/\/pagina10.com\/web\/\",\"logo\":{\"@type\":\"ImageObject\",\"inLanguage\":\"es\",\"@id\":\"https:\/\/pagina10.com\/web\/#\/schema\/logo\/image\/\",\"url\":\"https:\/\/pagina10.com\/web\/wp-content\/uploads\/2024\/01\/40-pagina-10-periodico-regional-pasto.jpg\",\"contentUrl\":\"https:\/\/pagina10.com\/web\/wp-content\/uploads\/2024\/01\/40-pagina-10-periodico-regional-pasto.jpg\",\"width\":1280,\"height\":720,\"caption\":\"P\u00e1gina10\"},\"image\":{\"@id\":\"https:\/\/pagina10.com\/web\/#\/schema\/logo\/image\/\"},\"sameAs\":[\"https:\/\/www.facebook.com\/pag10com\",\"https:\/\/x.com\/Pag10com\",\"https:\/\/www.instagram.com\/pagina10col\/\",\"https:\/\/youtube.com\/channel\/pag10\",\"https:\/\/www.tiktok.com\/@p10col\"]},{\"@type\":\"Person\",\"@id\":\"https:\/\/pagina10.com\/web\/#\/schema\/person\/a7a5d38f0629dfc107f619fbae4f6cc3\",\"name\":\"P\u00e1gina 10\",\"description\":\"P\u00e1gina10.com es un peri\u00f3dico digital que nace en Colombia, en el departamento de Nari\u00f1o, con un enfoque global, fundamentado en cuatro pilares esenciales: la libertad, el pluralismo, la inclusi\u00f3n y la independencia. P\u00e1gina10.com hace referencia a Nari\u00f1o como el d\u00e9cimo departamento creado en Colombia, despu\u00e9s de un proceso pol\u00edtico liderado por actores y actrices regionales con el fin de obtener la independencia y autonom\u00eda de nuestros territorios. Con la creaci\u00f3n de P\u00e1gina10.com se pretende abrir un escenario para el dialogo, la reflexi\u00f3n y el debate que se extienda a otras geograf\u00edas de Am\u00e9rica Latina y del planeta, en una apuesta por transformar colectivamente los desaf\u00edos de un mundo contempor\u00e1neo, m\u00e1s all\u00e1 de las fronteras impuestas.\",\"url\":\"https:\/\/pagina10.com\/web\/author\/mcepeda\/\"}]}<\/script>\n<!-- \/ Yoast SEO plugin. -->","yoast_head_json":{"title":"Tarifa de buses urbanos sube $100 pesos | P\u00e1gina10","robots":{"index":"index","follow":"follow","max-snippet":"max-snippet:-1","max-image-preview":"max-image-preview:large","max-video-preview":"max-video-preview:-1"},"canonical":"https:\/\/pagina10.com\/web\/tarifa-de-buses-urbanos-sube-100-pesos\/","og_locale":"es_ES","og_type":"article","og_title":"Tarifa de buses urbanos sube $100 pesos | P\u00e1gina10","og_description":"En 100 pesos fue autorizado el incremento de la tarifa en la prestaci\u00f3n del servicio de transporte p\u00fablico de pasajeros en veh\u00edculo tipo bus, la informaci\u00f3n fue suministrada por la Secretaria (e) de Tr\u00e1nsito del municipio Martha Roci\u00f3 Rodr\u00edguez Fl\u00f3rez, quien inform\u00f3 que el valor queda establecido en 1.200 pesos. &nbsp; La funcionaria agreg\u00f3 que [&hellip;]","og_url":"https:\/\/pagina10.com\/web\/tarifa-de-buses-urbanos-sube-100-pesos\/","og_site_name":"P\u00e1gina10","article_publisher":"https:\/\/www.facebook.com\/pag10com","article_published_time":"2014-02-07T02:17:31+00:00","og_image":[{"width":480,"height":360,"url":"https:\/\/pagina10.com\/web\/wp-content\/uploads\/2014\/02\/fe91275fa831a334e4b45722e1b22342.jpg","type":"image\/jpeg"}],"author":"P\u00e1gina 10","twitter_card":"summary_large_image","twitter_creator":"@Pag10com","twitter_site":"@Pag10com","twitter_misc":{"Escrito por":"P\u00e1gina 10","Tiempo de lectura":"1 minuto"},"schema":{"@context":"https:\/\/schema.org","@graph":[{"@type":"Article","@id":"https:\/\/pagina10.com\/web\/tarifa-de-buses-urbanos-sube-100-pesos\/#article","isPartOf":{"@id":"https:\/\/pagina10.com\/web\/tarifa-de-buses-urbanos-sube-100-pesos\/"},"author":{"name":"P\u00e1gina 10","@id":"https:\/\/pagina10.com\/web\/#\/schema\/person\/a7a5d38f0629dfc107f619fbae4f6cc3"},"headline":"Tarifa de buses urbanos sube $100 pesos","datePublished":"2014-02-07T02:17:31+00:00","mainEntityOfPage":{"@id":"https:\/\/pagina10.com\/web\/tarifa-de-buses-urbanos-sube-100-pesos\/"},"wordCount":147,"commentCount":0,"publisher":{"@id":"https:\/\/pagina10.com\/web\/#organization"},"image":{"@id":"https:\/\/pagina10.com\/web\/tarifa-de-buses-urbanos-sube-100-pesos\/#primaryimage"},"thumbnailUrl":"https:\/\/pagina10.com\/web\/wp-content\/uploads\/2014\/02\/fe91275fa831a334e4b45722e1b22342.jpg","articleSection":["Ciudad"],"inLanguage":"es","potentialAction":[{"@type":"CommentAction","name":"Comment","target":["https:\/\/pagina10.com\/web\/tarifa-de-buses-urbanos-sube-100-pesos\/#respond"]}]},{"@type":"WebPage","@id":"https:\/\/pagina10.com\/web\/tarifa-de-buses-urbanos-sube-100-pesos\/","url":"https:\/\/pagina10.com\/web\/tarifa-de-buses-urbanos-sube-100-pesos\/","name":"Tarifa de buses urbanos sube $100 pesos | P\u00e1gina10","isPartOf":{"@id":"https:\/\/pagina10.com\/web\/#website"},"primaryImageOfPage":{"@id":"https:\/\/pagina10.com\/web\/tarifa-de-buses-urbanos-sube-100-pesos\/#primaryimage"},"image":{"@id":"https:\/\/pagina10.com\/web\/tarifa-de-buses-urbanos-sube-100-pesos\/#primaryimage"},"thumbnailUrl":"https:\/\/pagina10.com\/web\/wp-content\/uploads\/2014\/02\/fe91275fa831a334e4b45722e1b22342.jpg","datePublished":"2014-02-07T02:17:31+00:00","breadcrumb":{"@id":"https:\/\/pagina10.com\/web\/tarifa-de-buses-urbanos-sube-100-pesos\/#breadcrumb"},"inLanguage":"es","potentialAction":[{"@type":"ReadAction","target":["https:\/\/pagina10.com\/web\/tarifa-de-buses-urbanos-sube-100-pesos\/"]}]},{"@type":"ImageObject","inLanguage":"es","@id":"https:\/\/pagina10.com\/web\/tarifa-de-buses-urbanos-sube-100-pesos\/#primaryimage","url":"https:\/\/pagina10.com\/web\/wp-content\/uploads\/2014\/02\/fe91275fa831a334e4b45722e1b22342.jpg","contentUrl":"https:\/\/pagina10.com\/web\/wp-content\/uploads\/2014\/02\/fe91275fa831a334e4b45722e1b22342.jpg","width":480,"height":360},{"@type":"BreadcrumbList","@id":"https:\/\/pagina10.com\/web\/tarifa-de-buses-urbanos-sube-100-pesos\/#breadcrumb","itemListElement":[{"@type":"ListItem","position":1,"name":"Portada","item":"https:\/\/pagina10.com\/web\/"},{"@type":"ListItem","position":2,"name":"Tarifa de buses urbanos sube $100 pesos"}]},{"@type":"WebSite","@id":"https:\/\/pagina10.com\/web\/#website","url":"https:\/\/pagina10.com\/web\/","name":"P\u00e1gina10","description":"Peri\u00f3dico Regional","publisher":{"@id":"https:\/\/pagina10.com\/web\/#organization"},"alternateName":"P\u00e1gina10 Peri\u00f3dico Regional","potentialAction":[{"@type":"SearchAction","target":{"@type":"EntryPoint","urlTemplate":"https:\/\/pagina10.com\/web\/?s={search_term_string}"},"query-input":{"@type":"PropertyValueSpecification","valueRequired":true,"valueName":"search_term_string"}}],"inLanguage":"es"},{"@type":"Organization","@id":"https:\/\/pagina10.com\/web\/#organization","name":"P\u00e1gina10","alternateName":"P\u00e1gina10 Peri\u00f3dico Regional","url":"https:\/\/pagina10.com\/web\/","logo":{"@type":"ImageObject","inLanguage":"es","@id":"https:\/\/pagina10.com\/web\/#\/schema\/logo\/image\/","url":"https:\/\/pagina10.com\/web\/wp-content\/uploads\/2024\/01\/40-pagina-10-periodico-regional-pasto.jpg","contentUrl":"https:\/\/pagina10.com\/web\/wp-content\/uploads\/2024\/01\/40-pagina-10-periodico-regional-pasto.jpg","width":1280,"height":720,"caption":"P\u00e1gina10"},"image":{"@id":"https:\/\/pagina10.com\/web\/#\/schema\/logo\/image\/"},"sameAs":["https:\/\/www.facebook.com\/pag10com","https:\/\/x.com\/Pag10com","https:\/\/www.instagram.com\/pagina10col\/","https:\/\/youtube.com\/channel\/pag10","https:\/\/www.tiktok.com\/@p10col"]},{"@type":"Person","@id":"https:\/\/pagina10.com\/web\/#\/schema\/person\/a7a5d38f0629dfc107f619fbae4f6cc3","name":"P\u00e1gina 10","description":"P\u00e1gina10.com es un peri\u00f3dico digital que nace en Colombia, en el departamento de Nari\u00f1o, con un enfoque global, fundamentado en cuatro pilares esenciales: la libertad, el pluralismo, la inclusi\u00f3n y la independencia. P\u00e1gina10.com hace referencia a Nari\u00f1o como el d\u00e9cimo departamento creado en Colombia, despu\u00e9s de un proceso pol\u00edtico liderado por actores y actrices regionales con el fin de obtener la independencia y autonom\u00eda de nuestros territorios. Con la creaci\u00f3n de P\u00e1gina10.com se pretende abrir un escenario para el dialogo, la reflexi\u00f3n y el debate que se extienda a otras geograf\u00edas de Am\u00e9rica Latina y del planeta, en una apuesta por transformar colectivamente los desaf\u00edos de un mundo contempor\u00e1neo, m\u00e1s all\u00e1 de las fronteras impuestas.","url":"https:\/\/pagina10.com\/web\/author\/mcepeda\/"}]}},"_links":{"self":[{"href":"https:\/\/pagina10.com\/web\/wp-json\/wp\/v2\/posts\/6527","targetHints":{"allow":["GET"]}}],"collection":[{"href":"https:\/\/pagina10.com\/web\/wp-json\/wp\/v2\/posts"}],"about":[{"href":"https:\/\/pagina10.com\/web\/wp-json\/wp\/v2\/types\/post"}],"author":[{"embeddable":true,"href":"https:\/\/pagina10.com\/web\/wp-json\/wp\/v2\/users\/29"}],"replies":[{"embeddable":true,"href":"https:\/\/pagina10.com\/web\/wp-json\/wp\/v2\/comments?post=6527"}],"version-history":[{"count":0,"href":"https:\/\/pagina10.com\/web\/wp-json\/wp\/v2\/posts\/6527\/revisions"}],"wp:featuredmedia":[{"embeddable":true,"href":"https:\/\/pagina10.com\/web\/wp-json\/wp\/v2\/media\/6526"}],"wp:attachment":[{"href":"https:\/\/pagina10.com\/web\/wp-json\/wp\/v2\/media?parent=6527"}],"wp:term":[{"taxonomy":"category","embeddable":true,"href":"https:\/\/pagina10.com\/web\/wp-json\/wp\/v2\/categories?post=6527"},{"taxonomy":"post_tag","embeddable":true,"href":"https:\/\/pagina10.com\/web\/wp-json\/wp\/v2\/tags?post=6527"}],"curies":[{"name":"wp","href":"https:\/\/api.w.org\/{rel}","templated":true}]}}