{"id":65310,"date":"2023-03-31T18:08:40","date_gmt":"2023-03-31T23:08:40","guid":{"rendered":"https:\/\/pagina10.com\/web\/?p=65310"},"modified":"2023-03-31T18:08:40","modified_gmt":"2023-03-31T23:08:40","slug":"el-consorcio-galilea-incumplio-el-objeto-contractual-con-avante","status":"publish","type":"post","link":"https:\/\/pagina10.com\/web\/el-consorcio-galilea-incumplio-el-objeto-contractual-con-avante\/","title":{"rendered":"El consorcio Galilea incumpli\u00f3 el objeto contractual con Avante."},"content":{"rendered":"<p style=\"text-align: justify;\">La Unidad Administrativa Especial, Avante SETP, se permite informar que suscribi\u00f3 el contrato No 002 \u2013 LP 2021 con el consorcio Galilea, cuyo objeto fue: \u201cCONSTRUCCI\u00d3N DE LA INFRAESTRUCTURA VIAL, ESPACIO P\u00daBLICO Y OBRAS COMPLEMENTARIAS DE LA INTERSECCI\u00d3N CARRERA 4 CON CALLE 12 SALIDA AL SUR \u2013 GLORIETA CHAPAL\u201d el 11 de octubre de 2021, con un plazo de ejecuci\u00f3n de 7 meses y por un valor de $5.682,838,571\u00a0 Este proceso se desarroll\u00f3 bajo la normativa de \u201cpliegos tipo\u201d o \u201cest\u00e1ndar\u201d dentro de la plataforma SECOP II, en donde se presentaron 53 proponentes, dando cumplimento a la Ley 80 de 1983.<\/p>\n<p style=\"text-align: justify;\">En la ejecuci\u00f3n del proyecto, el consorcio Galilea, recibi\u00f3 diferentes llamados de atenci\u00f3n por atraso de obra, por parte de la firma interventora MAB Ingenier\u00eda de Valor, documentado desde el 11 de julio de 2022 hasta la fecha.\u00a0 Producto de este proceso de incumplimiento, se aplic\u00f3 una sanci\u00f3n de $258.908.692 el 22 de julio de 2022 bajo la Resoluci\u00f3n no 165.<\/p>\n<p style=\"text-align: justify;\">El pasado 16 de marzo de 2023, el consorcio Galilea, que ya ten\u00eda varios llamados de atenci\u00f3n por un posible incumplimiento no retom\u00f3 ni termin\u00f3 las obras, por lo que la firma interventora MAB recomend\u00f3, la terminaci\u00f3n del contrato por acaecimiento del plazo y adelantar el proceso sancionatorio.<\/p>\n<p style=\"text-align: justify;\">El consorcio Galilea no tiene relaci\u00f3n contractual con la UAE Avante en este momento, puesto que incumpli\u00f3 el objeto contractual y producto de ello se iniciar\u00e1 un proceso sancionatorio en el cual se respetar\u00e1 el debido proceso y en el caso, que el fallo sea sancionatorio, se aplicar\u00e1 la cl\u00e1usula 18 &#8211; cl\u00e1usula penal, donde cancelar\u00e1 a la entidad una suma equivalente al 30% del valor de contrato, correspondiente a $1.704 851.571 millones de pesos.<\/p>\n<p style=\"text-align: justify;\">Los recursos est\u00e1n salvaguardados en la fiduciaria Davivienda.\u00a0 As\u00ed mismo, se est\u00e1 haciendo el tr\u00e1mite correspondiente para hacer v\u00e1lida la p\u00f3liza no 21-44-101364381 de Seguros del Estado que respalda: 1. Las acreencias laborales. 2. El buen manejo y correcta inversi\u00f3n del anticipo. 3. El cumplimiento del contrato.\u00a0 Y en un plazo no mayor de 2 meses, iniciar un nuevo proceso de contrataci\u00f3n para culminar las obras de espacio p\u00fablico y complementarias.<\/p>\n<p style=\"text-align: justify;\">Se reitera que, dentro de la p\u00f3liza de cumplimiento, uno de los amparos es el pago de salarios, prestaciones sociales legales e indemnizaciones laborales, la cual se encuentra vigente y garantiza el pago a las acreencias laborales pendientes.<\/p>\n","protected":false},"excerpt":{"rendered":"<p>La Unidad Administrativa Especial, Avante SETP, se permite informar que suscribi\u00f3 el contrato No 002 \u2013 LP 2021 con el consorcio Galilea, cuyo objeto fue: \u201cCONSTRUCCI\u00d3N DE LA INFRAESTRUCTURA VIAL, ESPACIO P\u00daBLICO Y OBRAS COMPLEMENTARIAS DE LA INTERSECCI\u00d3N CARRERA 4 CON CALLE 12 SALIDA AL SUR \u2013 GLORIETA CHAPAL\u201d el 11 de octubre de 2021, [&hellip;]<\/p>\n","protected":false},"author":1,"featured_media":65311,"comment_status":"open","ping_status":"open","sticky":false,"template":"","format":"standard","meta":{"footnotes":""},"categories":[82],"tags":[],"class_list":["post-65310","post","type-post","status-publish","format-standard","has-post-thumbnail","hentry","category-ciudad-2"],"yoast_head":"<!-- This site is optimized with the Yoast SEO plugin v27.1.1 - https:\/\/yoast.com\/product\/yoast-seo-wordpress\/ -->\n<title>El consorcio Galilea incumpli\u00f3 el objeto contractual con Avante. | P\u00e1gina10<\/title>\n<meta name=\"robots\" content=\"index, follow, max-snippet:-1, max-image-preview:large, max-video-preview:-1\" \/>\n<link rel=\"canonical\" href=\"https:\/\/pagina10.com\/web\/el-consorcio-galilea-incumplio-el-objeto-contractual-con-avante\/\" \/>\n<meta property=\"og:locale\" content=\"es_ES\" \/>\n<meta property=\"og:type\" content=\"article\" \/>\n<meta property=\"og:title\" content=\"El consorcio Galilea incumpli\u00f3 el objeto contractual con Avante. | P\u00e1gina10\" \/>\n<meta property=\"og:description\" content=\"La Unidad Administrativa Especial, Avante SETP, se permite informar que suscribi\u00f3 el contrato No 002 \u2013 LP 2021 con el consorcio Galilea, cuyo objeto fue: \u201cCONSTRUCCI\u00d3N DE LA INFRAESTRUCTURA VIAL, ESPACIO P\u00daBLICO Y OBRAS COMPLEMENTARIAS DE LA INTERSECCI\u00d3N CARRERA 4 CON CALLE 12 SALIDA AL SUR \u2013 GLORIETA CHAPAL\u201d el 11 de octubre de 2021, [&hellip;]\" \/>\n<meta property=\"og:url\" content=\"https:\/\/pagina10.com\/web\/el-consorcio-galilea-incumplio-el-objeto-contractual-con-avante\/\" \/>\n<meta property=\"og:site_name\" content=\"P\u00e1gina10\" \/>\n<meta property=\"article:publisher\" content=\"https:\/\/www.facebook.com\/pag10com\" \/>\n<meta property=\"article:published_time\" content=\"2023-03-31T23:08:40+00:00\" \/>\n<meta property=\"og:image\" content=\"https:\/\/pagina10.com\/web\/wp-content\/uploads\/2023\/03\/305744591_442548261242821_3986933061525525086_n.jpg\" \/>\n\t<meta property=\"og:image:width\" content=\"2048\" \/>\n\t<meta property=\"og:image:height\" content=\"1117\" \/>\n\t<meta property=\"og:image:type\" content=\"image\/jpeg\" \/>\n<meta name=\"author\" content=\"P\u00e1gina 10\" \/>\n<meta name=\"twitter:card\" content=\"summary_large_image\" \/>\n<meta name=\"twitter:creator\" content=\"@Pag10com\" \/>\n<meta name=\"twitter:site\" content=\"@Pag10com\" \/>\n<meta name=\"twitter:label1\" content=\"Escrito por\" \/>\n\t<meta name=\"twitter:data1\" content=\"P\u00e1gina 10\" \/>\n\t<meta name=\"twitter:label2\" content=\"Tiempo de lectura\" \/>\n\t<meta name=\"twitter:data2\" content=\"2 minutos\" \/>\n<script type=\"application\/ld+json\" class=\"yoast-schema-graph\">{\"@context\":\"https:\/\/schema.org\",\"@graph\":[{\"@type\":\"Article\",\"@id\":\"https:\/\/pagina10.com\/web\/el-consorcio-galilea-incumplio-el-objeto-contractual-con-avante\/#article\",\"isPartOf\":{\"@id\":\"https:\/\/pagina10.com\/web\/el-consorcio-galilea-incumplio-el-objeto-contractual-con-avante\/\"},\"author\":{\"name\":\"P\u00e1gina 10\",\"@id\":\"https:\/\/pagina10.com\/web\/#\/schema\/person\/2efc4a090d25b667d3bc796798a3a81b\"},\"headline\":\"El consorcio Galilea incumpli\u00f3 el objeto contractual con Avante.\",\"datePublished\":\"2023-03-31T23:08:40+00:00\",\"mainEntityOfPage\":{\"@id\":\"https:\/\/pagina10.com\/web\/el-consorcio-galilea-incumplio-el-objeto-contractual-con-avante\/\"},\"wordCount\":399,\"commentCount\":0,\"publisher\":{\"@id\":\"https:\/\/pagina10.com\/web\/#organization\"},\"image\":{\"@id\":\"https:\/\/pagina10.com\/web\/el-consorcio-galilea-incumplio-el-objeto-contractual-con-avante\/#primaryimage\"},\"thumbnailUrl\":\"https:\/\/pagina10.com\/web\/wp-content\/uploads\/2023\/03\/305744591_442548261242821_3986933061525525086_n.jpg\",\"articleSection\":[\"Ciudad\"],\"inLanguage\":\"es\",\"potentialAction\":[{\"@type\":\"CommentAction\",\"name\":\"Comment\",\"target\":[\"https:\/\/pagina10.com\/web\/el-consorcio-galilea-incumplio-el-objeto-contractual-con-avante\/#respond\"]}]},{\"@type\":\"WebPage\",\"@id\":\"https:\/\/pagina10.com\/web\/el-consorcio-galilea-incumplio-el-objeto-contractual-con-avante\/\",\"url\":\"https:\/\/pagina10.com\/web\/el-consorcio-galilea-incumplio-el-objeto-contractual-con-avante\/\",\"name\":\"El consorcio Galilea incumpli\u00f3 el objeto contractual con Avante. | P\u00e1gina10\",\"isPartOf\":{\"@id\":\"https:\/\/pagina10.com\/web\/#website\"},\"primaryImageOfPage\":{\"@id\":\"https:\/\/pagina10.com\/web\/el-consorcio-galilea-incumplio-el-objeto-contractual-con-avante\/#primaryimage\"},\"image\":{\"@id\":\"https:\/\/pagina10.com\/web\/el-consorcio-galilea-incumplio-el-objeto-contractual-con-avante\/#primaryimage\"},\"thumbnailUrl\":\"https:\/\/pagina10.com\/web\/wp-content\/uploads\/2023\/03\/305744591_442548261242821_3986933061525525086_n.jpg\",\"datePublished\":\"2023-03-31T23:08:40+00:00\",\"breadcrumb\":{\"@id\":\"https:\/\/pagina10.com\/web\/el-consorcio-galilea-incumplio-el-objeto-contractual-con-avante\/#breadcrumb\"},\"inLanguage\":\"es\",\"potentialAction\":[{\"@type\":\"ReadAction\",\"target\":[\"https:\/\/pagina10.com\/web\/el-consorcio-galilea-incumplio-el-objeto-contractual-con-avante\/\"]}]},{\"@type\":\"ImageObject\",\"inLanguage\":\"es\",\"@id\":\"https:\/\/pagina10.com\/web\/el-consorcio-galilea-incumplio-el-objeto-contractual-con-avante\/#primaryimage\",\"url\":\"https:\/\/pagina10.com\/web\/wp-content\/uploads\/2023\/03\/305744591_442548261242821_3986933061525525086_n.jpg\",\"contentUrl\":\"https:\/\/pagina10.com\/web\/wp-content\/uploads\/2023\/03\/305744591_442548261242821_3986933061525525086_n.jpg\",\"width\":2048,\"height\":1117},{\"@type\":\"BreadcrumbList\",\"@id\":\"https:\/\/pagina10.com\/web\/el-consorcio-galilea-incumplio-el-objeto-contractual-con-avante\/#breadcrumb\",\"itemListElement\":[{\"@type\":\"ListItem\",\"position\":1,\"name\":\"Portada\",\"item\":\"https:\/\/pagina10.com\/web\/\"},{\"@type\":\"ListItem\",\"position\":2,\"name\":\"El consorcio Galilea incumpli\u00f3 el objeto contractual con Avante.\"}]},{\"@type\":\"WebSite\",\"@id\":\"https:\/\/pagina10.com\/web\/#website\",\"url\":\"https:\/\/pagina10.com\/web\/\",\"name\":\"P\u00e1gina10\",\"description\":\"Peri\u00f3dico Regional\",\"publisher\":{\"@id\":\"https:\/\/pagina10.com\/web\/#organization\"},\"alternateName\":\"P\u00e1gina10 Peri\u00f3dico Regional\",\"potentialAction\":[{\"@type\":\"SearchAction\",\"target\":{\"@type\":\"EntryPoint\",\"urlTemplate\":\"https:\/\/pagina10.com\/web\/?s={search_term_string}\"},\"query-input\":{\"@type\":\"PropertyValueSpecification\",\"valueRequired\":true,\"valueName\":\"search_term_string\"}}],\"inLanguage\":\"es\"},{\"@type\":\"Organization\",\"@id\":\"https:\/\/pagina10.com\/web\/#organization\",\"name\":\"P\u00e1gina10\",\"alternateName\":\"P\u00e1gina10 Peri\u00f3dico Regional\",\"url\":\"https:\/\/pagina10.com\/web\/\",\"logo\":{\"@type\":\"ImageObject\",\"inLanguage\":\"es\",\"@id\":\"https:\/\/pagina10.com\/web\/#\/schema\/logo\/image\/\",\"url\":\"https:\/\/pagina10.com\/web\/wp-content\/uploads\/2024\/01\/40-pagina-10-periodico-regional-pasto.jpg\",\"contentUrl\":\"https:\/\/pagina10.com\/web\/wp-content\/uploads\/2024\/01\/40-pagina-10-periodico-regional-pasto.jpg\",\"width\":1280,\"height\":720,\"caption\":\"P\u00e1gina10\"},\"image\":{\"@id\":\"https:\/\/pagina10.com\/web\/#\/schema\/logo\/image\/\"},\"sameAs\":[\"https:\/\/www.facebook.com\/pag10com\",\"https:\/\/x.com\/Pag10com\",\"https:\/\/www.instagram.com\/pagina10col\/\",\"https:\/\/youtube.com\/channel\/pag10\",\"https:\/\/www.tiktok.com\/@p10col\"]},{\"@type\":\"Person\",\"@id\":\"https:\/\/pagina10.com\/web\/#\/schema\/person\/2efc4a090d25b667d3bc796798a3a81b\",\"name\":\"P\u00e1gina 10\",\"description\":\"P\u00e1gina 10 es un peri\u00f3dico regional que nace en Colombia, en el departamento de Nari\u00f1o, con un enfoque global, fundamentado en cuatro pilares esenciales: la libertad, el pluralismo, la inclusi\u00f3n y la independencia. P\u00e1gina 10 hace referencia a Nari\u00f1o como el d\u00e9cimo departamento creado en Colombia, despu\u00e9s de un proceso pol\u00edtico liderado por actores y actrices regionales con el fin de obtener la independencia y autonom\u00eda de nuestros territorios. Con la creaci\u00f3n de P\u00e1gina 10 se pretende abrir un escenario para el dialogo, la reflexi\u00f3n y el debate que se extienda a otras geograf\u00edas de Am\u00e9rica Latina y del planeta, en una apuesta por transformar colectivamente los desaf\u00edos de un mundo contempor\u00e1neo, m\u00e1s all\u00e1 de las fronteras impuestas.\",\"url\":\"https:\/\/pagina10.com\/web\/author\/pdiezadmin\/\"}]}<\/script>\n<!-- \/ Yoast SEO plugin. -->","yoast_head_json":{"title":"El consorcio Galilea incumpli\u00f3 el objeto contractual con Avante. | P\u00e1gina10","robots":{"index":"index","follow":"follow","max-snippet":"max-snippet:-1","max-image-preview":"max-image-preview:large","max-video-preview":"max-video-preview:-1"},"canonical":"https:\/\/pagina10.com\/web\/el-consorcio-galilea-incumplio-el-objeto-contractual-con-avante\/","og_locale":"es_ES","og_type":"article","og_title":"El consorcio Galilea incumpli\u00f3 el objeto contractual con Avante. | P\u00e1gina10","og_description":"La Unidad Administrativa Especial, Avante SETP, se permite informar que suscribi\u00f3 el contrato No 002 \u2013 LP 2021 con el consorcio Galilea, cuyo objeto fue: \u201cCONSTRUCCI\u00d3N DE LA INFRAESTRUCTURA VIAL, ESPACIO P\u00daBLICO Y OBRAS COMPLEMENTARIAS DE LA INTERSECCI\u00d3N CARRERA 4 CON CALLE 12 SALIDA AL SUR \u2013 GLORIETA CHAPAL\u201d el 11 de octubre de 2021, [&hellip;]","og_url":"https:\/\/pagina10.com\/web\/el-consorcio-galilea-incumplio-el-objeto-contractual-con-avante\/","og_site_name":"P\u00e1gina10","article_publisher":"https:\/\/www.facebook.com\/pag10com","article_published_time":"2023-03-31T23:08:40+00:00","og_image":[{"width":2048,"height":1117,"url":"https:\/\/pagina10.com\/web\/wp-content\/uploads\/2023\/03\/305744591_442548261242821_3986933061525525086_n.jpg","type":"image\/jpeg"}],"author":"P\u00e1gina 10","twitter_card":"summary_large_image","twitter_creator":"@Pag10com","twitter_site":"@Pag10com","twitter_misc":{"Escrito por":"P\u00e1gina 10","Tiempo de lectura":"2 minutos"},"schema":{"@context":"https:\/\/schema.org","@graph":[{"@type":"Article","@id":"https:\/\/pagina10.com\/web\/el-consorcio-galilea-incumplio-el-objeto-contractual-con-avante\/#article","isPartOf":{"@id":"https:\/\/pagina10.com\/web\/el-consorcio-galilea-incumplio-el-objeto-contractual-con-avante\/"},"author":{"name":"P\u00e1gina 10","@id":"https:\/\/pagina10.com\/web\/#\/schema\/person\/2efc4a090d25b667d3bc796798a3a81b"},"headline":"El consorcio Galilea incumpli\u00f3 el objeto contractual con Avante.","datePublished":"2023-03-31T23:08:40+00:00","mainEntityOfPage":{"@id":"https:\/\/pagina10.com\/web\/el-consorcio-galilea-incumplio-el-objeto-contractual-con-avante\/"},"wordCount":399,"commentCount":0,"publisher":{"@id":"https:\/\/pagina10.com\/web\/#organization"},"image":{"@id":"https:\/\/pagina10.com\/web\/el-consorcio-galilea-incumplio-el-objeto-contractual-con-avante\/#primaryimage"},"thumbnailUrl":"https:\/\/pagina10.com\/web\/wp-content\/uploads\/2023\/03\/305744591_442548261242821_3986933061525525086_n.jpg","articleSection":["Ciudad"],"inLanguage":"es","potentialAction":[{"@type":"CommentAction","name":"Comment","target":["https:\/\/pagina10.com\/web\/el-consorcio-galilea-incumplio-el-objeto-contractual-con-avante\/#respond"]}]},{"@type":"WebPage","@id":"https:\/\/pagina10.com\/web\/el-consorcio-galilea-incumplio-el-objeto-contractual-con-avante\/","url":"https:\/\/pagina10.com\/web\/el-consorcio-galilea-incumplio-el-objeto-contractual-con-avante\/","name":"El consorcio Galilea incumpli\u00f3 el objeto contractual con Avante. | P\u00e1gina10","isPartOf":{"@id":"https:\/\/pagina10.com\/web\/#website"},"primaryImageOfPage":{"@id":"https:\/\/pagina10.com\/web\/el-consorcio-galilea-incumplio-el-objeto-contractual-con-avante\/#primaryimage"},"image":{"@id":"https:\/\/pagina10.com\/web\/el-consorcio-galilea-incumplio-el-objeto-contractual-con-avante\/#primaryimage"},"thumbnailUrl":"https:\/\/pagina10.com\/web\/wp-content\/uploads\/2023\/03\/305744591_442548261242821_3986933061525525086_n.jpg","datePublished":"2023-03-31T23:08:40+00:00","breadcrumb":{"@id":"https:\/\/pagina10.com\/web\/el-consorcio-galilea-incumplio-el-objeto-contractual-con-avante\/#breadcrumb"},"inLanguage":"es","potentialAction":[{"@type":"ReadAction","target":["https:\/\/pagina10.com\/web\/el-consorcio-galilea-incumplio-el-objeto-contractual-con-avante\/"]}]},{"@type":"ImageObject","inLanguage":"es","@id":"https:\/\/pagina10.com\/web\/el-consorcio-galilea-incumplio-el-objeto-contractual-con-avante\/#primaryimage","url":"https:\/\/pagina10.com\/web\/wp-content\/uploads\/2023\/03\/305744591_442548261242821_3986933061525525086_n.jpg","contentUrl":"https:\/\/pagina10.com\/web\/wp-content\/uploads\/2023\/03\/305744591_442548261242821_3986933061525525086_n.jpg","width":2048,"height":1117},{"@type":"BreadcrumbList","@id":"https:\/\/pagina10.com\/web\/el-consorcio-galilea-incumplio-el-objeto-contractual-con-avante\/#breadcrumb","itemListElement":[{"@type":"ListItem","position":1,"name":"Portada","item":"https:\/\/pagina10.com\/web\/"},{"@type":"ListItem","position":2,"name":"El consorcio Galilea incumpli\u00f3 el objeto contractual con Avante."}]},{"@type":"WebSite","@id":"https:\/\/pagina10.com\/web\/#website","url":"https:\/\/pagina10.com\/web\/","name":"P\u00e1gina10","description":"Peri\u00f3dico Regional","publisher":{"@id":"https:\/\/pagina10.com\/web\/#organization"},"alternateName":"P\u00e1gina10 Peri\u00f3dico Regional","potentialAction":[{"@type":"SearchAction","target":{"@type":"EntryPoint","urlTemplate":"https:\/\/pagina10.com\/web\/?s={search_term_string}"},"query-input":{"@type":"PropertyValueSpecification","valueRequired":true,"valueName":"search_term_string"}}],"inLanguage":"es"},{"@type":"Organization","@id":"https:\/\/pagina10.com\/web\/#organization","name":"P\u00e1gina10","alternateName":"P\u00e1gina10 Peri\u00f3dico Regional","url":"https:\/\/pagina10.com\/web\/","logo":{"@type":"ImageObject","inLanguage":"es","@id":"https:\/\/pagina10.com\/web\/#\/schema\/logo\/image\/","url":"https:\/\/pagina10.com\/web\/wp-content\/uploads\/2024\/01\/40-pagina-10-periodico-regional-pasto.jpg","contentUrl":"https:\/\/pagina10.com\/web\/wp-content\/uploads\/2024\/01\/40-pagina-10-periodico-regional-pasto.jpg","width":1280,"height":720,"caption":"P\u00e1gina10"},"image":{"@id":"https:\/\/pagina10.com\/web\/#\/schema\/logo\/image\/"},"sameAs":["https:\/\/www.facebook.com\/pag10com","https:\/\/x.com\/Pag10com","https:\/\/www.instagram.com\/pagina10col\/","https:\/\/youtube.com\/channel\/pag10","https:\/\/www.tiktok.com\/@p10col"]},{"@type":"Person","@id":"https:\/\/pagina10.com\/web\/#\/schema\/person\/2efc4a090d25b667d3bc796798a3a81b","name":"P\u00e1gina 10","description":"P\u00e1gina 10 es un peri\u00f3dico regional que nace en Colombia, en el departamento de Nari\u00f1o, con un enfoque global, fundamentado en cuatro pilares esenciales: la libertad, el pluralismo, la inclusi\u00f3n y la independencia. P\u00e1gina 10 hace referencia a Nari\u00f1o como el d\u00e9cimo departamento creado en Colombia, despu\u00e9s de un proceso pol\u00edtico liderado por actores y actrices regionales con el fin de obtener la independencia y autonom\u00eda de nuestros territorios. Con la creaci\u00f3n de P\u00e1gina 10 se pretende abrir un escenario para el dialogo, la reflexi\u00f3n y el debate que se extienda a otras geograf\u00edas de Am\u00e9rica Latina y del planeta, en una apuesta por transformar colectivamente los desaf\u00edos de un mundo contempor\u00e1neo, m\u00e1s all\u00e1 de las fronteras impuestas.","url":"https:\/\/pagina10.com\/web\/author\/pdiezadmin\/"}]}},"_links":{"self":[{"href":"https:\/\/pagina10.com\/web\/wp-json\/wp\/v2\/posts\/65310","targetHints":{"allow":["GET"]}}],"collection":[{"href":"https:\/\/pagina10.com\/web\/wp-json\/wp\/v2\/posts"}],"about":[{"href":"https:\/\/pagina10.com\/web\/wp-json\/wp\/v2\/types\/post"}],"author":[{"embeddable":true,"href":"https:\/\/pagina10.com\/web\/wp-json\/wp\/v2\/users\/1"}],"replies":[{"embeddable":true,"href":"https:\/\/pagina10.com\/web\/wp-json\/wp\/v2\/comments?post=65310"}],"version-history":[{"count":1,"href":"https:\/\/pagina10.com\/web\/wp-json\/wp\/v2\/posts\/65310\/revisions"}],"predecessor-version":[{"id":65312,"href":"https:\/\/pagina10.com\/web\/wp-json\/wp\/v2\/posts\/65310\/revisions\/65312"}],"wp:featuredmedia":[{"embeddable":true,"href":"https:\/\/pagina10.com\/web\/wp-json\/wp\/v2\/media\/65311"}],"wp:attachment":[{"href":"https:\/\/pagina10.com\/web\/wp-json\/wp\/v2\/media?parent=65310"}],"wp:term":[{"taxonomy":"category","embeddable":true,"href":"https:\/\/pagina10.com\/web\/wp-json\/wp\/v2\/categories?post=65310"},{"taxonomy":"post_tag","embeddable":true,"href":"https:\/\/pagina10.com\/web\/wp-json\/wp\/v2\/tags?post=65310"}],"curies":[{"name":"wp","href":"https:\/\/api.w.org\/{rel}","templated":true}]}}