{"id":65361,"date":"2023-04-05T15:10:24","date_gmt":"2023-04-05T20:10:24","guid":{"rendered":"https:\/\/pagina10.com\/web\/?p=65361"},"modified":"2023-04-05T15:10:24","modified_gmt":"2023-04-05T20:10:24","slug":"por-intensas-lluvias-recomiendan-no-hacer-caminatas-a-sitios-de-peregrinacion","status":"publish","type":"post","link":"https:\/\/pagina10.com\/web\/por-intensas-lluvias-recomiendan-no-hacer-caminatas-a-sitios-de-peregrinacion\/","title":{"rendered":"Por intensas lluvias, recomiendan no hacer caminatas a sitios de peregrinaci\u00f3n"},"content":{"rendered":"<p style=\"text-align: justify;\">El IDEAM informa que, durante la Semana Mayor, se registrar\u00e1n fuertes lluvias en el territorio nari\u00f1ense, desde la DAGRD se entregan recomendaciones para feligreses y comunidad que viajara durante los d\u00edas Santos.<\/p>\n<p style=\"text-align: justify;\">\u201cDesde la Direcci\u00f3n de Gesti\u00f3n del Riesgo, estamos invitando a toda la comunidad de Nari\u00f1o a que no realice las caminatas tradicionales, los peregrinajes a pie, de Pasto hacia las Lajas, El Tambo y otros templos religiosos, puesto que es muy riesgoso, el IDEAM nos ha informado que la Semana Santa estar\u00e1 pasada por lluvias y en la doble calzada hay mucha ca\u00edda de piedra, por ello, no queremos situaciones que lamentar\u201d, expuso el Director departamental de Gesti\u00f3n del Riesgo de Desastres, Jader Gaviria.<\/p>\n<p style=\"text-align: justify;\">El plan de contingencia de los organismos de socorro establece que durante este a\u00f1o no se incentivar\u00e1n las peregrinaciones, por lo que se ubicar\u00e1n solo dos puntos para atenci\u00f3n de emergencias en el corregimiento de El Pedregal v\u00eda Ipiales y El Motil\u00f3n v\u00eda El Tambo.<\/p>\n<p style=\"text-align: justify;\">Las acciones de seguridad, personal y familiar, incluyen revisi\u00f3n de veh\u00edculos, utilizaci\u00f3n de casco y refl\u00e9ctivos, evitar salidas a r\u00edos y quebradas, manejo de la informaci\u00f3n de manera responsable y activaci\u00f3n de los planes de emergencia a trav\u00e9s de los Comit\u00e9s Municipales de Gesti\u00f3n del Riesgo.<\/p>\n<p style=\"text-align: justify;\">Desde la Direcci\u00f3n administrativa se insta a la comunidad a seguir las recomendaciones de las autoridades, en el marco de la Semana Santa y en general la temporada de lluvias. Las ultimas afectaciones registradas en el Departamento, se relacionan con emergencias por fuertes lluvias e inundaciones en el municipio de El Tambo, Sotomayor y el Pe\u00f1ol, debido al colapso del sistema de alcantarillado y sismos en el Complejo volc\u00e1nico Chiles \u2013 Cerro Negro.<\/p>\n","protected":false},"excerpt":{"rendered":"<p>El IDEAM informa que, durante la Semana Mayor, se registrar\u00e1n fuertes lluvias en el territorio nari\u00f1ense, desde la DAGRD se entregan recomendaciones para feligreses y comunidad que viajara durante los d\u00edas Santos. \u201cDesde la Direcci\u00f3n de Gesti\u00f3n del Riesgo, estamos invitando a toda la comunidad de Nari\u00f1o a que no realice las caminatas tradicionales, los [&hellip;]<\/p>\n","protected":false},"author":1,"featured_media":65362,"comment_status":"open","ping_status":"open","sticky":false,"template":"","format":"standard","meta":{"footnotes":""},"categories":[53],"tags":[],"class_list":["post-65361","post","type-post","status-publish","format-standard","has-post-thumbnail","hentry","category-regiones"],"yoast_head":"<!-- This site is optimized with the Yoast SEO plugin v27.1.1 - https:\/\/yoast.com\/product\/yoast-seo-wordpress\/ -->\n<title>Por intensas lluvias, recomiendan no hacer caminatas a sitios de peregrinaci\u00f3n | P\u00e1gina10<\/title>\n<meta name=\"robots\" content=\"index, follow, max-snippet:-1, max-image-preview:large, max-video-preview:-1\" \/>\n<link rel=\"canonical\" href=\"https:\/\/pagina10.com\/web\/por-intensas-lluvias-recomiendan-no-hacer-caminatas-a-sitios-de-peregrinacion\/\" \/>\n<meta property=\"og:locale\" content=\"es_ES\" \/>\n<meta property=\"og:type\" content=\"article\" \/>\n<meta property=\"og:title\" content=\"Por intensas lluvias, recomiendan no hacer caminatas a sitios de peregrinaci\u00f3n | P\u00e1gina10\" \/>\n<meta property=\"og:description\" content=\"El IDEAM informa que, durante la Semana Mayor, se registrar\u00e1n fuertes lluvias en el territorio nari\u00f1ense, desde la DAGRD se entregan recomendaciones para feligreses y comunidad que viajara durante los d\u00edas Santos. \u201cDesde la Direcci\u00f3n de Gesti\u00f3n del Riesgo, estamos invitando a toda la comunidad de Nari\u00f1o a que no realice las caminatas tradicionales, los [&hellip;]\" \/>\n<meta property=\"og:url\" content=\"https:\/\/pagina10.com\/web\/por-intensas-lluvias-recomiendan-no-hacer-caminatas-a-sitios-de-peregrinacion\/\" \/>\n<meta property=\"og:site_name\" content=\"P\u00e1gina10\" \/>\n<meta property=\"article:publisher\" content=\"https:\/\/www.facebook.com\/pag10com\" \/>\n<meta property=\"article:published_time\" content=\"2023-04-05T20:10:24+00:00\" \/>\n<meta property=\"og:image\" content=\"https:\/\/pagina10.com\/web\/wp-content\/uploads\/2023\/04\/337288218_541567198133259_8195706647794042901_n.jpg\" \/>\n\t<meta property=\"og:image:width\" content=\"1600\" \/>\n\t<meta property=\"og:image:height\" content=\"1078\" \/>\n\t<meta property=\"og:image:type\" content=\"image\/jpeg\" \/>\n<meta name=\"author\" content=\"P\u00e1gina 10\" \/>\n<meta name=\"twitter:card\" content=\"summary_large_image\" \/>\n<meta name=\"twitter:creator\" content=\"@Pag10com\" \/>\n<meta name=\"twitter:site\" content=\"@Pag10com\" \/>\n<meta name=\"twitter:label1\" content=\"Escrito por\" \/>\n\t<meta name=\"twitter:data1\" content=\"P\u00e1gina 10\" \/>\n\t<meta name=\"twitter:label2\" content=\"Tiempo de lectura\" \/>\n\t<meta name=\"twitter:data2\" content=\"2 minutos\" \/>\n<script type=\"application\/ld+json\" class=\"yoast-schema-graph\">{\"@context\":\"https:\/\/schema.org\",\"@graph\":[{\"@type\":\"Article\",\"@id\":\"https:\/\/pagina10.com\/web\/por-intensas-lluvias-recomiendan-no-hacer-caminatas-a-sitios-de-peregrinacion\/#article\",\"isPartOf\":{\"@id\":\"https:\/\/pagina10.com\/web\/por-intensas-lluvias-recomiendan-no-hacer-caminatas-a-sitios-de-peregrinacion\/\"},\"author\":{\"name\":\"P\u00e1gina 10\",\"@id\":\"https:\/\/pagina10.com\/web\/#\/schema\/person\/2efc4a090d25b667d3bc796798a3a81b\"},\"headline\":\"Por intensas lluvias, recomiendan no hacer caminatas a sitios de peregrinaci\u00f3n\",\"datePublished\":\"2023-04-05T20:10:24+00:00\",\"mainEntityOfPage\":{\"@id\":\"https:\/\/pagina10.com\/web\/por-intensas-lluvias-recomiendan-no-hacer-caminatas-a-sitios-de-peregrinacion\/\"},\"wordCount\":319,\"commentCount\":0,\"publisher\":{\"@id\":\"https:\/\/pagina10.com\/web\/#organization\"},\"image\":{\"@id\":\"https:\/\/pagina10.com\/web\/por-intensas-lluvias-recomiendan-no-hacer-caminatas-a-sitios-de-peregrinacion\/#primaryimage\"},\"thumbnailUrl\":\"https:\/\/pagina10.com\/web\/wp-content\/uploads\/2023\/04\/337288218_541567198133259_8195706647794042901_n.jpg\",\"articleSection\":[\"Regiones\"],\"inLanguage\":\"es\",\"potentialAction\":[{\"@type\":\"CommentAction\",\"name\":\"Comment\",\"target\":[\"https:\/\/pagina10.com\/web\/por-intensas-lluvias-recomiendan-no-hacer-caminatas-a-sitios-de-peregrinacion\/#respond\"]}]},{\"@type\":\"WebPage\",\"@id\":\"https:\/\/pagina10.com\/web\/por-intensas-lluvias-recomiendan-no-hacer-caminatas-a-sitios-de-peregrinacion\/\",\"url\":\"https:\/\/pagina10.com\/web\/por-intensas-lluvias-recomiendan-no-hacer-caminatas-a-sitios-de-peregrinacion\/\",\"name\":\"Por intensas lluvias, recomiendan no hacer caminatas a sitios de peregrinaci\u00f3n | P\u00e1gina10\",\"isPartOf\":{\"@id\":\"https:\/\/pagina10.com\/web\/#website\"},\"primaryImageOfPage\":{\"@id\":\"https:\/\/pagina10.com\/web\/por-intensas-lluvias-recomiendan-no-hacer-caminatas-a-sitios-de-peregrinacion\/#primaryimage\"},\"image\":{\"@id\":\"https:\/\/pagina10.com\/web\/por-intensas-lluvias-recomiendan-no-hacer-caminatas-a-sitios-de-peregrinacion\/#primaryimage\"},\"thumbnailUrl\":\"https:\/\/pagina10.com\/web\/wp-content\/uploads\/2023\/04\/337288218_541567198133259_8195706647794042901_n.jpg\",\"datePublished\":\"2023-04-05T20:10:24+00:00\",\"breadcrumb\":{\"@id\":\"https:\/\/pagina10.com\/web\/por-intensas-lluvias-recomiendan-no-hacer-caminatas-a-sitios-de-peregrinacion\/#breadcrumb\"},\"inLanguage\":\"es\",\"potentialAction\":[{\"@type\":\"ReadAction\",\"target\":[\"https:\/\/pagina10.com\/web\/por-intensas-lluvias-recomiendan-no-hacer-caminatas-a-sitios-de-peregrinacion\/\"]}]},{\"@type\":\"ImageObject\",\"inLanguage\":\"es\",\"@id\":\"https:\/\/pagina10.com\/web\/por-intensas-lluvias-recomiendan-no-hacer-caminatas-a-sitios-de-peregrinacion\/#primaryimage\",\"url\":\"https:\/\/pagina10.com\/web\/wp-content\/uploads\/2023\/04\/337288218_541567198133259_8195706647794042901_n.jpg\",\"contentUrl\":\"https:\/\/pagina10.com\/web\/wp-content\/uploads\/2023\/04\/337288218_541567198133259_8195706647794042901_n.jpg\",\"width\":1600,\"height\":1078},{\"@type\":\"BreadcrumbList\",\"@id\":\"https:\/\/pagina10.com\/web\/por-intensas-lluvias-recomiendan-no-hacer-caminatas-a-sitios-de-peregrinacion\/#breadcrumb\",\"itemListElement\":[{\"@type\":\"ListItem\",\"position\":1,\"name\":\"Portada\",\"item\":\"https:\/\/pagina10.com\/web\/\"},{\"@type\":\"ListItem\",\"position\":2,\"name\":\"Por intensas lluvias, recomiendan no hacer caminatas a sitios de peregrinaci\u00f3n\"}]},{\"@type\":\"WebSite\",\"@id\":\"https:\/\/pagina10.com\/web\/#website\",\"url\":\"https:\/\/pagina10.com\/web\/\",\"name\":\"P\u00e1gina10\",\"description\":\"Peri\u00f3dico Regional\",\"publisher\":{\"@id\":\"https:\/\/pagina10.com\/web\/#organization\"},\"alternateName\":\"P\u00e1gina10 Peri\u00f3dico Regional\",\"potentialAction\":[{\"@type\":\"SearchAction\",\"target\":{\"@type\":\"EntryPoint\",\"urlTemplate\":\"https:\/\/pagina10.com\/web\/?s={search_term_string}\"},\"query-input\":{\"@type\":\"PropertyValueSpecification\",\"valueRequired\":true,\"valueName\":\"search_term_string\"}}],\"inLanguage\":\"es\"},{\"@type\":\"Organization\",\"@id\":\"https:\/\/pagina10.com\/web\/#organization\",\"name\":\"P\u00e1gina10\",\"alternateName\":\"P\u00e1gina10 Peri\u00f3dico Regional\",\"url\":\"https:\/\/pagina10.com\/web\/\",\"logo\":{\"@type\":\"ImageObject\",\"inLanguage\":\"es\",\"@id\":\"https:\/\/pagina10.com\/web\/#\/schema\/logo\/image\/\",\"url\":\"https:\/\/pagina10.com\/web\/wp-content\/uploads\/2024\/01\/40-pagina-10-periodico-regional-pasto.jpg\",\"contentUrl\":\"https:\/\/pagina10.com\/web\/wp-content\/uploads\/2024\/01\/40-pagina-10-periodico-regional-pasto.jpg\",\"width\":1280,\"height\":720,\"caption\":\"P\u00e1gina10\"},\"image\":{\"@id\":\"https:\/\/pagina10.com\/web\/#\/schema\/logo\/image\/\"},\"sameAs\":[\"https:\/\/www.facebook.com\/pag10com\",\"https:\/\/x.com\/Pag10com\",\"https:\/\/www.instagram.com\/pagina10col\/\",\"https:\/\/youtube.com\/channel\/pag10\",\"https:\/\/www.tiktok.com\/@p10col\"]},{\"@type\":\"Person\",\"@id\":\"https:\/\/pagina10.com\/web\/#\/schema\/person\/2efc4a090d25b667d3bc796798a3a81b\",\"name\":\"P\u00e1gina 10\",\"description\":\"P\u00e1gina 10 es un peri\u00f3dico regional que nace en Colombia, en el departamento de Nari\u00f1o, con un enfoque global, fundamentado en cuatro pilares esenciales: la libertad, el pluralismo, la inclusi\u00f3n y la independencia. P\u00e1gina 10 hace referencia a Nari\u00f1o como el d\u00e9cimo departamento creado en Colombia, despu\u00e9s de un proceso pol\u00edtico liderado por actores y actrices regionales con el fin de obtener la independencia y autonom\u00eda de nuestros territorios. Con la creaci\u00f3n de P\u00e1gina 10 se pretende abrir un escenario para el dialogo, la reflexi\u00f3n y el debate que se extienda a otras geograf\u00edas de Am\u00e9rica Latina y del planeta, en una apuesta por transformar colectivamente los desaf\u00edos de un mundo contempor\u00e1neo, m\u00e1s all\u00e1 de las fronteras impuestas.\",\"url\":\"https:\/\/pagina10.com\/web\/author\/pdiezadmin\/\"}]}<\/script>\n<!-- \/ Yoast SEO plugin. -->","yoast_head_json":{"title":"Por intensas lluvias, recomiendan no hacer caminatas a sitios de peregrinaci\u00f3n | P\u00e1gina10","robots":{"index":"index","follow":"follow","max-snippet":"max-snippet:-1","max-image-preview":"max-image-preview:large","max-video-preview":"max-video-preview:-1"},"canonical":"https:\/\/pagina10.com\/web\/por-intensas-lluvias-recomiendan-no-hacer-caminatas-a-sitios-de-peregrinacion\/","og_locale":"es_ES","og_type":"article","og_title":"Por intensas lluvias, recomiendan no hacer caminatas a sitios de peregrinaci\u00f3n | P\u00e1gina10","og_description":"El IDEAM informa que, durante la Semana Mayor, se registrar\u00e1n fuertes lluvias en el territorio nari\u00f1ense, desde la DAGRD se entregan recomendaciones para feligreses y comunidad que viajara durante los d\u00edas Santos. \u201cDesde la Direcci\u00f3n de Gesti\u00f3n del Riesgo, estamos invitando a toda la comunidad de Nari\u00f1o a que no realice las caminatas tradicionales, los [&hellip;]","og_url":"https:\/\/pagina10.com\/web\/por-intensas-lluvias-recomiendan-no-hacer-caminatas-a-sitios-de-peregrinacion\/","og_site_name":"P\u00e1gina10","article_publisher":"https:\/\/www.facebook.com\/pag10com","article_published_time":"2023-04-05T20:10:24+00:00","og_image":[{"width":1600,"height":1078,"url":"https:\/\/pagina10.com\/web\/wp-content\/uploads\/2023\/04\/337288218_541567198133259_8195706647794042901_n.jpg","type":"image\/jpeg"}],"author":"P\u00e1gina 10","twitter_card":"summary_large_image","twitter_creator":"@Pag10com","twitter_site":"@Pag10com","twitter_misc":{"Escrito por":"P\u00e1gina 10","Tiempo de lectura":"2 minutos"},"schema":{"@context":"https:\/\/schema.org","@graph":[{"@type":"Article","@id":"https:\/\/pagina10.com\/web\/por-intensas-lluvias-recomiendan-no-hacer-caminatas-a-sitios-de-peregrinacion\/#article","isPartOf":{"@id":"https:\/\/pagina10.com\/web\/por-intensas-lluvias-recomiendan-no-hacer-caminatas-a-sitios-de-peregrinacion\/"},"author":{"name":"P\u00e1gina 10","@id":"https:\/\/pagina10.com\/web\/#\/schema\/person\/2efc4a090d25b667d3bc796798a3a81b"},"headline":"Por intensas lluvias, recomiendan no hacer caminatas a sitios de peregrinaci\u00f3n","datePublished":"2023-04-05T20:10:24+00:00","mainEntityOfPage":{"@id":"https:\/\/pagina10.com\/web\/por-intensas-lluvias-recomiendan-no-hacer-caminatas-a-sitios-de-peregrinacion\/"},"wordCount":319,"commentCount":0,"publisher":{"@id":"https:\/\/pagina10.com\/web\/#organization"},"image":{"@id":"https:\/\/pagina10.com\/web\/por-intensas-lluvias-recomiendan-no-hacer-caminatas-a-sitios-de-peregrinacion\/#primaryimage"},"thumbnailUrl":"https:\/\/pagina10.com\/web\/wp-content\/uploads\/2023\/04\/337288218_541567198133259_8195706647794042901_n.jpg","articleSection":["Regiones"],"inLanguage":"es","potentialAction":[{"@type":"CommentAction","name":"Comment","target":["https:\/\/pagina10.com\/web\/por-intensas-lluvias-recomiendan-no-hacer-caminatas-a-sitios-de-peregrinacion\/#respond"]}]},{"@type":"WebPage","@id":"https:\/\/pagina10.com\/web\/por-intensas-lluvias-recomiendan-no-hacer-caminatas-a-sitios-de-peregrinacion\/","url":"https:\/\/pagina10.com\/web\/por-intensas-lluvias-recomiendan-no-hacer-caminatas-a-sitios-de-peregrinacion\/","name":"Por intensas lluvias, recomiendan no hacer caminatas a sitios de peregrinaci\u00f3n | P\u00e1gina10","isPartOf":{"@id":"https:\/\/pagina10.com\/web\/#website"},"primaryImageOfPage":{"@id":"https:\/\/pagina10.com\/web\/por-intensas-lluvias-recomiendan-no-hacer-caminatas-a-sitios-de-peregrinacion\/#primaryimage"},"image":{"@id":"https:\/\/pagina10.com\/web\/por-intensas-lluvias-recomiendan-no-hacer-caminatas-a-sitios-de-peregrinacion\/#primaryimage"},"thumbnailUrl":"https:\/\/pagina10.com\/web\/wp-content\/uploads\/2023\/04\/337288218_541567198133259_8195706647794042901_n.jpg","datePublished":"2023-04-05T20:10:24+00:00","breadcrumb":{"@id":"https:\/\/pagina10.com\/web\/por-intensas-lluvias-recomiendan-no-hacer-caminatas-a-sitios-de-peregrinacion\/#breadcrumb"},"inLanguage":"es","potentialAction":[{"@type":"ReadAction","target":["https:\/\/pagina10.com\/web\/por-intensas-lluvias-recomiendan-no-hacer-caminatas-a-sitios-de-peregrinacion\/"]}]},{"@type":"ImageObject","inLanguage":"es","@id":"https:\/\/pagina10.com\/web\/por-intensas-lluvias-recomiendan-no-hacer-caminatas-a-sitios-de-peregrinacion\/#primaryimage","url":"https:\/\/pagina10.com\/web\/wp-content\/uploads\/2023\/04\/337288218_541567198133259_8195706647794042901_n.jpg","contentUrl":"https:\/\/pagina10.com\/web\/wp-content\/uploads\/2023\/04\/337288218_541567198133259_8195706647794042901_n.jpg","width":1600,"height":1078},{"@type":"BreadcrumbList","@id":"https:\/\/pagina10.com\/web\/por-intensas-lluvias-recomiendan-no-hacer-caminatas-a-sitios-de-peregrinacion\/#breadcrumb","itemListElement":[{"@type":"ListItem","position":1,"name":"Portada","item":"https:\/\/pagina10.com\/web\/"},{"@type":"ListItem","position":2,"name":"Por intensas lluvias, recomiendan no hacer caminatas a sitios de peregrinaci\u00f3n"}]},{"@type":"WebSite","@id":"https:\/\/pagina10.com\/web\/#website","url":"https:\/\/pagina10.com\/web\/","name":"P\u00e1gina10","description":"Peri\u00f3dico Regional","publisher":{"@id":"https:\/\/pagina10.com\/web\/#organization"},"alternateName":"P\u00e1gina10 Peri\u00f3dico Regional","potentialAction":[{"@type":"SearchAction","target":{"@type":"EntryPoint","urlTemplate":"https:\/\/pagina10.com\/web\/?s={search_term_string}"},"query-input":{"@type":"PropertyValueSpecification","valueRequired":true,"valueName":"search_term_string"}}],"inLanguage":"es"},{"@type":"Organization","@id":"https:\/\/pagina10.com\/web\/#organization","name":"P\u00e1gina10","alternateName":"P\u00e1gina10 Peri\u00f3dico Regional","url":"https:\/\/pagina10.com\/web\/","logo":{"@type":"ImageObject","inLanguage":"es","@id":"https:\/\/pagina10.com\/web\/#\/schema\/logo\/image\/","url":"https:\/\/pagina10.com\/web\/wp-content\/uploads\/2024\/01\/40-pagina-10-periodico-regional-pasto.jpg","contentUrl":"https:\/\/pagina10.com\/web\/wp-content\/uploads\/2024\/01\/40-pagina-10-periodico-regional-pasto.jpg","width":1280,"height":720,"caption":"P\u00e1gina10"},"image":{"@id":"https:\/\/pagina10.com\/web\/#\/schema\/logo\/image\/"},"sameAs":["https:\/\/www.facebook.com\/pag10com","https:\/\/x.com\/Pag10com","https:\/\/www.instagram.com\/pagina10col\/","https:\/\/youtube.com\/channel\/pag10","https:\/\/www.tiktok.com\/@p10col"]},{"@type":"Person","@id":"https:\/\/pagina10.com\/web\/#\/schema\/person\/2efc4a090d25b667d3bc796798a3a81b","name":"P\u00e1gina 10","description":"P\u00e1gina 10 es un peri\u00f3dico regional que nace en Colombia, en el departamento de Nari\u00f1o, con un enfoque global, fundamentado en cuatro pilares esenciales: la libertad, el pluralismo, la inclusi\u00f3n y la independencia. P\u00e1gina 10 hace referencia a Nari\u00f1o como el d\u00e9cimo departamento creado en Colombia, despu\u00e9s de un proceso pol\u00edtico liderado por actores y actrices regionales con el fin de obtener la independencia y autonom\u00eda de nuestros territorios. Con la creaci\u00f3n de P\u00e1gina 10 se pretende abrir un escenario para el dialogo, la reflexi\u00f3n y el debate que se extienda a otras geograf\u00edas de Am\u00e9rica Latina y del planeta, en una apuesta por transformar colectivamente los desaf\u00edos de un mundo contempor\u00e1neo, m\u00e1s all\u00e1 de las fronteras impuestas.","url":"https:\/\/pagina10.com\/web\/author\/pdiezadmin\/"}]}},"_links":{"self":[{"href":"https:\/\/pagina10.com\/web\/wp-json\/wp\/v2\/posts\/65361","targetHints":{"allow":["GET"]}}],"collection":[{"href":"https:\/\/pagina10.com\/web\/wp-json\/wp\/v2\/posts"}],"about":[{"href":"https:\/\/pagina10.com\/web\/wp-json\/wp\/v2\/types\/post"}],"author":[{"embeddable":true,"href":"https:\/\/pagina10.com\/web\/wp-json\/wp\/v2\/users\/1"}],"replies":[{"embeddable":true,"href":"https:\/\/pagina10.com\/web\/wp-json\/wp\/v2\/comments?post=65361"}],"version-history":[{"count":1,"href":"https:\/\/pagina10.com\/web\/wp-json\/wp\/v2\/posts\/65361\/revisions"}],"predecessor-version":[{"id":65363,"href":"https:\/\/pagina10.com\/web\/wp-json\/wp\/v2\/posts\/65361\/revisions\/65363"}],"wp:featuredmedia":[{"embeddable":true,"href":"https:\/\/pagina10.com\/web\/wp-json\/wp\/v2\/media\/65362"}],"wp:attachment":[{"href":"https:\/\/pagina10.com\/web\/wp-json\/wp\/v2\/media?parent=65361"}],"wp:term":[{"taxonomy":"category","embeddable":true,"href":"https:\/\/pagina10.com\/web\/wp-json\/wp\/v2\/categories?post=65361"},{"taxonomy":"post_tag","embeddable":true,"href":"https:\/\/pagina10.com\/web\/wp-json\/wp\/v2\/tags?post=65361"}],"curies":[{"name":"wp","href":"https:\/\/api.w.org\/{rel}","templated":true}]}}