{"id":65364,"date":"2023-04-05T15:31:39","date_gmt":"2023-04-05T20:31:39","guid":{"rendered":"https:\/\/pagina10.com\/web\/?p=65364"},"modified":"2023-04-05T15:31:39","modified_gmt":"2023-04-05T20:31:39","slug":"tumaqueno-alto-funcionario-de-la-contraloria-general-juan-camilo-zuluaga-es-el-personaje-10","status":"publish","type":"post","link":"https:\/\/pagina10.com\/web\/tumaqueno-alto-funcionario-de-la-contraloria-general-juan-camilo-zuluaga-es-el-personaje-10\/","title":{"rendered":"Tumaque\u00f1o alto funcionario de la Contralor\u00eda General,  Juan Camilo Zuluaga, es El Personaje 10."},"content":{"rendered":"<p style=\"text-align: justify;\">Abogado de la Universidad San Buenaventura de Cali, especialista en Gesti\u00f3n de Entidades Territoriales de la Universidad Externado de Colombia y Mag\u00edster en Derecho Constitucional de la Universidad de Valencia, Espa\u00f1a. Oriundo de Tumaco, egresado del colegio los Amigos de la Ciencia.<\/p>\n<p style=\"text-align: justify;\">En su vida profesional se ha destacado por su trayectoria en el sector p\u00fablico, desempe\u00f1\u00e1ndose en importantes entidades como asesor en los asuntos constitucionales y Legislativos de la Federaci\u00f3n Nacional de Departamentos, la Defensor\u00eda del Pueblo y la Registradur\u00eda Nacional del Estado Civil, as\u00ed mismo asesor\u00f3 en materia jur\u00eddica a la Agencia Nacional de Tierras, fungi\u00f3 como secretario privado del Se\u00f1or Auditor general y como Director de la Oficina de Planeaci\u00f3n en la Auditor\u00eda General de la Rep\u00fablica; actualmente se desempe\u00f1a como secretario privado del Contralor General de la Rep\u00fablica.<\/p>\n<p style=\"text-align: justify;\">A pesar de ejercer su profesi\u00f3n por fuera del departamento, lleva su arraigo y el amor por su regi\u00f3n en\u00e9rgicamente, haciendo visible el territorio y procurando que la institucionalidad haga presencia, desde las diferentes entidades de las que ha hecho parte.<\/p>\n","protected":false},"excerpt":{"rendered":"<p>Abogado de la Universidad San Buenaventura de Cali, especialista en Gesti\u00f3n de Entidades Territoriales de la Universidad Externado de Colombia y Mag\u00edster en Derecho Constitucional de la Universidad de Valencia, Espa\u00f1a. Oriundo de Tumaco, egresado del colegio los Amigos de la Ciencia. En su vida profesional se ha destacado por su trayectoria en el sector [&hellip;]<\/p>\n","protected":false},"author":1,"featured_media":65365,"comment_status":"open","ping_status":"open","sticky":false,"template":"","format":"standard","meta":{"footnotes":""},"categories":[84,1528],"tags":[],"class_list":["post-65364","post","type-post","status-publish","format-standard","has-post-thumbnail","hentry","category-global-2","category-titulares"],"yoast_head":"<!-- This site is optimized with the Yoast SEO plugin v27.1.1 - https:\/\/yoast.com\/product\/yoast-seo-wordpress\/ -->\n<title>Tumaque\u00f1o alto funcionario de la Contralor\u00eda General, Juan Camilo Zuluaga, es El Personaje 10. | P\u00e1gina10<\/title>\n<meta name=\"robots\" content=\"index, follow, max-snippet:-1, max-image-preview:large, max-video-preview:-1\" \/>\n<link rel=\"canonical\" href=\"https:\/\/pagina10.com\/web\/tumaqueno-alto-funcionario-de-la-contraloria-general-juan-camilo-zuluaga-es-el-personaje-10\/\" \/>\n<meta property=\"og:locale\" content=\"es_ES\" \/>\n<meta property=\"og:type\" content=\"article\" \/>\n<meta property=\"og:title\" content=\"Tumaque\u00f1o alto funcionario de la Contralor\u00eda General, Juan Camilo Zuluaga, es El Personaje 10. | P\u00e1gina10\" \/>\n<meta property=\"og:description\" content=\"Abogado de la Universidad San Buenaventura de Cali, especialista en Gesti\u00f3n de Entidades Territoriales de la Universidad Externado de Colombia y Mag\u00edster en Derecho Constitucional de la Universidad de Valencia, Espa\u00f1a. Oriundo de Tumaco, egresado del colegio los Amigos de la Ciencia. En su vida profesional se ha destacado por su trayectoria en el sector [&hellip;]\" \/>\n<meta property=\"og:url\" content=\"https:\/\/pagina10.com\/web\/tumaqueno-alto-funcionario-de-la-contraloria-general-juan-camilo-zuluaga-es-el-personaje-10\/\" \/>\n<meta property=\"og:site_name\" content=\"P\u00e1gina10\" \/>\n<meta property=\"article:publisher\" content=\"https:\/\/www.facebook.com\/pag10com\" \/>\n<meta property=\"article:published_time\" content=\"2023-04-05T20:31:39+00:00\" \/>\n<meta property=\"og:image\" content=\"https:\/\/pagina10.com\/web\/wp-content\/uploads\/2023\/04\/WhatsApp-Image-2023-04-05-at-3.30.22-PM-1.jpeg\" \/>\n\t<meta property=\"og:image:width\" content=\"1004\" \/>\n\t<meta property=\"og:image:height\" content=\"586\" \/>\n\t<meta property=\"og:image:type\" content=\"image\/jpeg\" \/>\n<meta name=\"author\" content=\"P\u00e1gina 10\" \/>\n<meta name=\"twitter:card\" content=\"summary_large_image\" \/>\n<meta name=\"twitter:creator\" content=\"@Pag10com\" \/>\n<meta name=\"twitter:site\" content=\"@Pag10com\" \/>\n<meta name=\"twitter:label1\" content=\"Escrito por\" \/>\n\t<meta name=\"twitter:data1\" content=\"P\u00e1gina 10\" \/>\n\t<meta name=\"twitter:label2\" content=\"Tiempo de lectura\" \/>\n\t<meta name=\"twitter:data2\" content=\"1 minuto\" \/>\n<script type=\"application\/ld+json\" class=\"yoast-schema-graph\">{\"@context\":\"https:\/\/schema.org\",\"@graph\":[{\"@type\":\"Article\",\"@id\":\"https:\/\/pagina10.com\/web\/tumaqueno-alto-funcionario-de-la-contraloria-general-juan-camilo-zuluaga-es-el-personaje-10\/#article\",\"isPartOf\":{\"@id\":\"https:\/\/pagina10.com\/web\/tumaqueno-alto-funcionario-de-la-contraloria-general-juan-camilo-zuluaga-es-el-personaje-10\/\"},\"author\":{\"name\":\"P\u00e1gina 10\",\"@id\":\"https:\/\/pagina10.com\/web\/#\/schema\/person\/2efc4a090d25b667d3bc796798a3a81b\"},\"headline\":\"Tumaque\u00f1o alto funcionario de la Contralor\u00eda General, Juan Camilo Zuluaga, es El Personaje 10.\",\"datePublished\":\"2023-04-05T20:31:39+00:00\",\"mainEntityOfPage\":{\"@id\":\"https:\/\/pagina10.com\/web\/tumaqueno-alto-funcionario-de-la-contraloria-general-juan-camilo-zuluaga-es-el-personaje-10\/\"},\"wordCount\":206,\"commentCount\":0,\"publisher\":{\"@id\":\"https:\/\/pagina10.com\/web\/#organization\"},\"image\":{\"@id\":\"https:\/\/pagina10.com\/web\/tumaqueno-alto-funcionario-de-la-contraloria-general-juan-camilo-zuluaga-es-el-personaje-10\/#primaryimage\"},\"thumbnailUrl\":\"https:\/\/pagina10.com\/web\/wp-content\/uploads\/2023\/04\/WhatsApp-Image-2023-04-05-at-3.30.22-PM-1.jpeg\",\"articleSection\":[\"Global\",\"Titulares\"],\"inLanguage\":\"es\",\"potentialAction\":[{\"@type\":\"CommentAction\",\"name\":\"Comment\",\"target\":[\"https:\/\/pagina10.com\/web\/tumaqueno-alto-funcionario-de-la-contraloria-general-juan-camilo-zuluaga-es-el-personaje-10\/#respond\"]}]},{\"@type\":\"WebPage\",\"@id\":\"https:\/\/pagina10.com\/web\/tumaqueno-alto-funcionario-de-la-contraloria-general-juan-camilo-zuluaga-es-el-personaje-10\/\",\"url\":\"https:\/\/pagina10.com\/web\/tumaqueno-alto-funcionario-de-la-contraloria-general-juan-camilo-zuluaga-es-el-personaje-10\/\",\"name\":\"Tumaque\u00f1o alto funcionario de la Contralor\u00eda General, Juan Camilo Zuluaga, es El Personaje 10. | P\u00e1gina10\",\"isPartOf\":{\"@id\":\"https:\/\/pagina10.com\/web\/#website\"},\"primaryImageOfPage\":{\"@id\":\"https:\/\/pagina10.com\/web\/tumaqueno-alto-funcionario-de-la-contraloria-general-juan-camilo-zuluaga-es-el-personaje-10\/#primaryimage\"},\"image\":{\"@id\":\"https:\/\/pagina10.com\/web\/tumaqueno-alto-funcionario-de-la-contraloria-general-juan-camilo-zuluaga-es-el-personaje-10\/#primaryimage\"},\"thumbnailUrl\":\"https:\/\/pagina10.com\/web\/wp-content\/uploads\/2023\/04\/WhatsApp-Image-2023-04-05-at-3.30.22-PM-1.jpeg\",\"datePublished\":\"2023-04-05T20:31:39+00:00\",\"breadcrumb\":{\"@id\":\"https:\/\/pagina10.com\/web\/tumaqueno-alto-funcionario-de-la-contraloria-general-juan-camilo-zuluaga-es-el-personaje-10\/#breadcrumb\"},\"inLanguage\":\"es\",\"potentialAction\":[{\"@type\":\"ReadAction\",\"target\":[\"https:\/\/pagina10.com\/web\/tumaqueno-alto-funcionario-de-la-contraloria-general-juan-camilo-zuluaga-es-el-personaje-10\/\"]}]},{\"@type\":\"ImageObject\",\"inLanguage\":\"es\",\"@id\":\"https:\/\/pagina10.com\/web\/tumaqueno-alto-funcionario-de-la-contraloria-general-juan-camilo-zuluaga-es-el-personaje-10\/#primaryimage\",\"url\":\"https:\/\/pagina10.com\/web\/wp-content\/uploads\/2023\/04\/WhatsApp-Image-2023-04-05-at-3.30.22-PM-1.jpeg\",\"contentUrl\":\"https:\/\/pagina10.com\/web\/wp-content\/uploads\/2023\/04\/WhatsApp-Image-2023-04-05-at-3.30.22-PM-1.jpeg\",\"width\":1004,\"height\":586},{\"@type\":\"BreadcrumbList\",\"@id\":\"https:\/\/pagina10.com\/web\/tumaqueno-alto-funcionario-de-la-contraloria-general-juan-camilo-zuluaga-es-el-personaje-10\/#breadcrumb\",\"itemListElement\":[{\"@type\":\"ListItem\",\"position\":1,\"name\":\"Portada\",\"item\":\"https:\/\/pagina10.com\/web\/\"},{\"@type\":\"ListItem\",\"position\":2,\"name\":\"Tumaque\u00f1o alto funcionario de la Contralor\u00eda General, Juan Camilo Zuluaga, es El Personaje 10.\"}]},{\"@type\":\"WebSite\",\"@id\":\"https:\/\/pagina10.com\/web\/#website\",\"url\":\"https:\/\/pagina10.com\/web\/\",\"name\":\"P\u00e1gina10\",\"description\":\"Peri\u00f3dico Regional\",\"publisher\":{\"@id\":\"https:\/\/pagina10.com\/web\/#organization\"},\"alternateName\":\"P\u00e1gina10 Peri\u00f3dico Regional\",\"potentialAction\":[{\"@type\":\"SearchAction\",\"target\":{\"@type\":\"EntryPoint\",\"urlTemplate\":\"https:\/\/pagina10.com\/web\/?s={search_term_string}\"},\"query-input\":{\"@type\":\"PropertyValueSpecification\",\"valueRequired\":true,\"valueName\":\"search_term_string\"}}],\"inLanguage\":\"es\"},{\"@type\":\"Organization\",\"@id\":\"https:\/\/pagina10.com\/web\/#organization\",\"name\":\"P\u00e1gina10\",\"alternateName\":\"P\u00e1gina10 Peri\u00f3dico Regional\",\"url\":\"https:\/\/pagina10.com\/web\/\",\"logo\":{\"@type\":\"ImageObject\",\"inLanguage\":\"es\",\"@id\":\"https:\/\/pagina10.com\/web\/#\/schema\/logo\/image\/\",\"url\":\"https:\/\/pagina10.com\/web\/wp-content\/uploads\/2024\/01\/40-pagina-10-periodico-regional-pasto.jpg\",\"contentUrl\":\"https:\/\/pagina10.com\/web\/wp-content\/uploads\/2024\/01\/40-pagina-10-periodico-regional-pasto.jpg\",\"width\":1280,\"height\":720,\"caption\":\"P\u00e1gina10\"},\"image\":{\"@id\":\"https:\/\/pagina10.com\/web\/#\/schema\/logo\/image\/\"},\"sameAs\":[\"https:\/\/www.facebook.com\/pag10com\",\"https:\/\/x.com\/Pag10com\",\"https:\/\/www.instagram.com\/pagina10col\/\",\"https:\/\/youtube.com\/channel\/pag10\",\"https:\/\/www.tiktok.com\/@p10col\"]},{\"@type\":\"Person\",\"@id\":\"https:\/\/pagina10.com\/web\/#\/schema\/person\/2efc4a090d25b667d3bc796798a3a81b\",\"name\":\"P\u00e1gina 10\",\"description\":\"P\u00e1gina 10 es un peri\u00f3dico regional que nace en Colombia, en el departamento de Nari\u00f1o, con un enfoque global, fundamentado en cuatro pilares esenciales: la libertad, el pluralismo, la inclusi\u00f3n y la independencia. P\u00e1gina 10 hace referencia a Nari\u00f1o como el d\u00e9cimo departamento creado en Colombia, despu\u00e9s de un proceso pol\u00edtico liderado por actores y actrices regionales con el fin de obtener la independencia y autonom\u00eda de nuestros territorios. Con la creaci\u00f3n de P\u00e1gina 10 se pretende abrir un escenario para el dialogo, la reflexi\u00f3n y el debate que se extienda a otras geograf\u00edas de Am\u00e9rica Latina y del planeta, en una apuesta por transformar colectivamente los desaf\u00edos de un mundo contempor\u00e1neo, m\u00e1s all\u00e1 de las fronteras impuestas.\",\"url\":\"https:\/\/pagina10.com\/web\/author\/pdiezadmin\/\"}]}<\/script>\n<!-- \/ Yoast SEO plugin. -->","yoast_head_json":{"title":"Tumaque\u00f1o alto funcionario de la Contralor\u00eda General, Juan Camilo Zuluaga, es El Personaje 10. | P\u00e1gina10","robots":{"index":"index","follow":"follow","max-snippet":"max-snippet:-1","max-image-preview":"max-image-preview:large","max-video-preview":"max-video-preview:-1"},"canonical":"https:\/\/pagina10.com\/web\/tumaqueno-alto-funcionario-de-la-contraloria-general-juan-camilo-zuluaga-es-el-personaje-10\/","og_locale":"es_ES","og_type":"article","og_title":"Tumaque\u00f1o alto funcionario de la Contralor\u00eda General, Juan Camilo Zuluaga, es El Personaje 10. | P\u00e1gina10","og_description":"Abogado de la Universidad San Buenaventura de Cali, especialista en Gesti\u00f3n de Entidades Territoriales de la Universidad Externado de Colombia y Mag\u00edster en Derecho Constitucional de la Universidad de Valencia, Espa\u00f1a. Oriundo de Tumaco, egresado del colegio los Amigos de la Ciencia. En su vida profesional se ha destacado por su trayectoria en el sector [&hellip;]","og_url":"https:\/\/pagina10.com\/web\/tumaqueno-alto-funcionario-de-la-contraloria-general-juan-camilo-zuluaga-es-el-personaje-10\/","og_site_name":"P\u00e1gina10","article_publisher":"https:\/\/www.facebook.com\/pag10com","article_published_time":"2023-04-05T20:31:39+00:00","og_image":[{"width":1004,"height":586,"url":"https:\/\/pagina10.com\/web\/wp-content\/uploads\/2023\/04\/WhatsApp-Image-2023-04-05-at-3.30.22-PM-1.jpeg","type":"image\/jpeg"}],"author":"P\u00e1gina 10","twitter_card":"summary_large_image","twitter_creator":"@Pag10com","twitter_site":"@Pag10com","twitter_misc":{"Escrito por":"P\u00e1gina 10","Tiempo de lectura":"1 minuto"},"schema":{"@context":"https:\/\/schema.org","@graph":[{"@type":"Article","@id":"https:\/\/pagina10.com\/web\/tumaqueno-alto-funcionario-de-la-contraloria-general-juan-camilo-zuluaga-es-el-personaje-10\/#article","isPartOf":{"@id":"https:\/\/pagina10.com\/web\/tumaqueno-alto-funcionario-de-la-contraloria-general-juan-camilo-zuluaga-es-el-personaje-10\/"},"author":{"name":"P\u00e1gina 10","@id":"https:\/\/pagina10.com\/web\/#\/schema\/person\/2efc4a090d25b667d3bc796798a3a81b"},"headline":"Tumaque\u00f1o alto funcionario de la Contralor\u00eda General, Juan Camilo Zuluaga, es El Personaje 10.","datePublished":"2023-04-05T20:31:39+00:00","mainEntityOfPage":{"@id":"https:\/\/pagina10.com\/web\/tumaqueno-alto-funcionario-de-la-contraloria-general-juan-camilo-zuluaga-es-el-personaje-10\/"},"wordCount":206,"commentCount":0,"publisher":{"@id":"https:\/\/pagina10.com\/web\/#organization"},"image":{"@id":"https:\/\/pagina10.com\/web\/tumaqueno-alto-funcionario-de-la-contraloria-general-juan-camilo-zuluaga-es-el-personaje-10\/#primaryimage"},"thumbnailUrl":"https:\/\/pagina10.com\/web\/wp-content\/uploads\/2023\/04\/WhatsApp-Image-2023-04-05-at-3.30.22-PM-1.jpeg","articleSection":["Global","Titulares"],"inLanguage":"es","potentialAction":[{"@type":"CommentAction","name":"Comment","target":["https:\/\/pagina10.com\/web\/tumaqueno-alto-funcionario-de-la-contraloria-general-juan-camilo-zuluaga-es-el-personaje-10\/#respond"]}]},{"@type":"WebPage","@id":"https:\/\/pagina10.com\/web\/tumaqueno-alto-funcionario-de-la-contraloria-general-juan-camilo-zuluaga-es-el-personaje-10\/","url":"https:\/\/pagina10.com\/web\/tumaqueno-alto-funcionario-de-la-contraloria-general-juan-camilo-zuluaga-es-el-personaje-10\/","name":"Tumaque\u00f1o alto funcionario de la Contralor\u00eda General, Juan Camilo Zuluaga, es El Personaje 10. | P\u00e1gina10","isPartOf":{"@id":"https:\/\/pagina10.com\/web\/#website"},"primaryImageOfPage":{"@id":"https:\/\/pagina10.com\/web\/tumaqueno-alto-funcionario-de-la-contraloria-general-juan-camilo-zuluaga-es-el-personaje-10\/#primaryimage"},"image":{"@id":"https:\/\/pagina10.com\/web\/tumaqueno-alto-funcionario-de-la-contraloria-general-juan-camilo-zuluaga-es-el-personaje-10\/#primaryimage"},"thumbnailUrl":"https:\/\/pagina10.com\/web\/wp-content\/uploads\/2023\/04\/WhatsApp-Image-2023-04-05-at-3.30.22-PM-1.jpeg","datePublished":"2023-04-05T20:31:39+00:00","breadcrumb":{"@id":"https:\/\/pagina10.com\/web\/tumaqueno-alto-funcionario-de-la-contraloria-general-juan-camilo-zuluaga-es-el-personaje-10\/#breadcrumb"},"inLanguage":"es","potentialAction":[{"@type":"ReadAction","target":["https:\/\/pagina10.com\/web\/tumaqueno-alto-funcionario-de-la-contraloria-general-juan-camilo-zuluaga-es-el-personaje-10\/"]}]},{"@type":"ImageObject","inLanguage":"es","@id":"https:\/\/pagina10.com\/web\/tumaqueno-alto-funcionario-de-la-contraloria-general-juan-camilo-zuluaga-es-el-personaje-10\/#primaryimage","url":"https:\/\/pagina10.com\/web\/wp-content\/uploads\/2023\/04\/WhatsApp-Image-2023-04-05-at-3.30.22-PM-1.jpeg","contentUrl":"https:\/\/pagina10.com\/web\/wp-content\/uploads\/2023\/04\/WhatsApp-Image-2023-04-05-at-3.30.22-PM-1.jpeg","width":1004,"height":586},{"@type":"BreadcrumbList","@id":"https:\/\/pagina10.com\/web\/tumaqueno-alto-funcionario-de-la-contraloria-general-juan-camilo-zuluaga-es-el-personaje-10\/#breadcrumb","itemListElement":[{"@type":"ListItem","position":1,"name":"Portada","item":"https:\/\/pagina10.com\/web\/"},{"@type":"ListItem","position":2,"name":"Tumaque\u00f1o alto funcionario de la Contralor\u00eda General, Juan Camilo Zuluaga, es El Personaje 10."}]},{"@type":"WebSite","@id":"https:\/\/pagina10.com\/web\/#website","url":"https:\/\/pagina10.com\/web\/","name":"P\u00e1gina10","description":"Peri\u00f3dico Regional","publisher":{"@id":"https:\/\/pagina10.com\/web\/#organization"},"alternateName":"P\u00e1gina10 Peri\u00f3dico Regional","potentialAction":[{"@type":"SearchAction","target":{"@type":"EntryPoint","urlTemplate":"https:\/\/pagina10.com\/web\/?s={search_term_string}"},"query-input":{"@type":"PropertyValueSpecification","valueRequired":true,"valueName":"search_term_string"}}],"inLanguage":"es"},{"@type":"Organization","@id":"https:\/\/pagina10.com\/web\/#organization","name":"P\u00e1gina10","alternateName":"P\u00e1gina10 Peri\u00f3dico Regional","url":"https:\/\/pagina10.com\/web\/","logo":{"@type":"ImageObject","inLanguage":"es","@id":"https:\/\/pagina10.com\/web\/#\/schema\/logo\/image\/","url":"https:\/\/pagina10.com\/web\/wp-content\/uploads\/2024\/01\/40-pagina-10-periodico-regional-pasto.jpg","contentUrl":"https:\/\/pagina10.com\/web\/wp-content\/uploads\/2024\/01\/40-pagina-10-periodico-regional-pasto.jpg","width":1280,"height":720,"caption":"P\u00e1gina10"},"image":{"@id":"https:\/\/pagina10.com\/web\/#\/schema\/logo\/image\/"},"sameAs":["https:\/\/www.facebook.com\/pag10com","https:\/\/x.com\/Pag10com","https:\/\/www.instagram.com\/pagina10col\/","https:\/\/youtube.com\/channel\/pag10","https:\/\/www.tiktok.com\/@p10col"]},{"@type":"Person","@id":"https:\/\/pagina10.com\/web\/#\/schema\/person\/2efc4a090d25b667d3bc796798a3a81b","name":"P\u00e1gina 10","description":"P\u00e1gina 10 es un peri\u00f3dico regional que nace en Colombia, en el departamento de Nari\u00f1o, con un enfoque global, fundamentado en cuatro pilares esenciales: la libertad, el pluralismo, la inclusi\u00f3n y la independencia. P\u00e1gina 10 hace referencia a Nari\u00f1o como el d\u00e9cimo departamento creado en Colombia, despu\u00e9s de un proceso pol\u00edtico liderado por actores y actrices regionales con el fin de obtener la independencia y autonom\u00eda de nuestros territorios. Con la creaci\u00f3n de P\u00e1gina 10 se pretende abrir un escenario para el dialogo, la reflexi\u00f3n y el debate que se extienda a otras geograf\u00edas de Am\u00e9rica Latina y del planeta, en una apuesta por transformar colectivamente los desaf\u00edos de un mundo contempor\u00e1neo, m\u00e1s all\u00e1 de las fronteras impuestas.","url":"https:\/\/pagina10.com\/web\/author\/pdiezadmin\/"}]}},"_links":{"self":[{"href":"https:\/\/pagina10.com\/web\/wp-json\/wp\/v2\/posts\/65364","targetHints":{"allow":["GET"]}}],"collection":[{"href":"https:\/\/pagina10.com\/web\/wp-json\/wp\/v2\/posts"}],"about":[{"href":"https:\/\/pagina10.com\/web\/wp-json\/wp\/v2\/types\/post"}],"author":[{"embeddable":true,"href":"https:\/\/pagina10.com\/web\/wp-json\/wp\/v2\/users\/1"}],"replies":[{"embeddable":true,"href":"https:\/\/pagina10.com\/web\/wp-json\/wp\/v2\/comments?post=65364"}],"version-history":[{"count":1,"href":"https:\/\/pagina10.com\/web\/wp-json\/wp\/v2\/posts\/65364\/revisions"}],"predecessor-version":[{"id":65366,"href":"https:\/\/pagina10.com\/web\/wp-json\/wp\/v2\/posts\/65364\/revisions\/65366"}],"wp:featuredmedia":[{"embeddable":true,"href":"https:\/\/pagina10.com\/web\/wp-json\/wp\/v2\/media\/65365"}],"wp:attachment":[{"href":"https:\/\/pagina10.com\/web\/wp-json\/wp\/v2\/media?parent=65364"}],"wp:term":[{"taxonomy":"category","embeddable":true,"href":"https:\/\/pagina10.com\/web\/wp-json\/wp\/v2\/categories?post=65364"},{"taxonomy":"post_tag","embeddable":true,"href":"https:\/\/pagina10.com\/web\/wp-json\/wp\/v2\/tags?post=65364"}],"curies":[{"name":"wp","href":"https:\/\/api.w.org\/{rel}","templated":true}]}}