{"id":65389,"date":"2023-04-07T23:24:02","date_gmt":"2023-04-08T04:24:02","guid":{"rendered":"https:\/\/pagina10.com\/web\/?p=65389"},"modified":"2023-04-07T23:24:02","modified_gmt":"2023-04-08T04:24:02","slug":"avanzan-las-obras-de-reconstruccion-en-mocoa-procuraduria-mantiene-7-alertas","status":"publish","type":"post","link":"https:\/\/pagina10.com\/web\/avanzan-las-obras-de-reconstruccion-en-mocoa-procuraduria-mantiene-7-alertas\/","title":{"rendered":"\u00bfAvanzan las obras de reconstrucci\u00f3n en Mocoa? Procuradur\u00eda mantiene 7 alertas"},"content":{"rendered":"<div>\n<p>&#8211;\u00a0El ente de control mantiene 7 proyectos en alerta que son cruciales para la recuperaci\u00f3n del municipio: en riesgo alto el proyecto de vivienda los Sauces II y III, la plaza de mercado y el centro penitenciario. Presentan avances las obras de mitigaci\u00f3n, el megacolegio y el acueducto.<\/p>\n<p>&nbsp;<\/p>\n<p>&#8211; La entidad ha emitido 14 requerimientos a las autoridades, que permitieron, a trav\u00e9s de la articulaci\u00f3n de las mismas, acelerar las obras de reconstrucci\u00f3n y garantizar derechos fundamentales de miles de damnificados mocoanos.<\/p>\n<\/div>\n<div style=\"text-align: justify;\"><\/div>\n<div style=\"text-align: justify;\">Se cumplen seis a\u00f1os de la tragedia en el municipio de Mocoa, departamento del Putumayo, donde una\u00a0avalancha provoc\u00f3 desbordamientos\u00a0de los r\u00edos Mocoa, Mulato y Sangoyaco, as\u00ed como las quebradas La Taruca y La Taruquita, que afect\u00f3 a 48 barrios y dej\u00f3 un saldo de\u00a0332 personas fallecidas, m\u00e1s de 400 heridos, 77 desaparecidos y m\u00e1s de 22.000 damnificados.<\/div>\n<div style=\"text-align: justify;\"><\/div>\n<div style=\"text-align: justify;\">La\u00a0Procuradur\u00eda\u00a0General de la Naci\u00f3n desde el 2021 ha realizado un trabajo minucioso de\u00a0seguimiento y vigilancia preventiva,\u00a0con el cual ha constatado retrasos sustanciales en la ejecuci\u00f3n del Plan Atenci\u00f3n Espec\u00edfico (PAE). Sin embargo, esta labor tambi\u00e9n ha permitido una\u00a0articulaci\u00f3n entre las instituciones del orden nacional, departamental, municipal y veedur\u00edas ciudadanas, para lograr mayor celeridad en la ejecuci\u00f3n de las obras, sumado al env\u00edo de alertas tempranas para garantizar derechos fundamentales de los damnificados.<\/div>\n<div style=\"text-align: justify;\"><\/div>\n<div style=\"text-align: justify;\">Dentro de las labores de seguimiento preventivo,\u00a0el ente de control a la fecha mantiene 7 proyectos en la mira que son cruciales para la reconstrucci\u00f3n\u00a0y recuperaci\u00f3n de Mocoa. En alerta roja se encuentra el proyecto de vivienda los Sauces II y III, el megacolegio y el centro penitenciario, mientras que\u00a0se presentan avances importantes en las obras de mitigaci\u00f3n, la plaza de mercado y el acueducto de la ciudad.<\/div>\n<div style=\"text-align: justify;\"><\/div>\n<div style=\"text-align: justify;\">Obras en alerta roja<\/div>\n<div style=\"text-align: justify;\"><\/div>\n<div style=\"text-align: justify;\">En vivienda, de acuerdo a la Procuradur\u00eda las obras en Sauces II\u00a0(909 viviendas) cuentan con un\u00a0retraso superior al 63%, y\u00a0Sauces III\u00a0(87 viviendas)\u00a0no presenta avances, dado que los lotes postulados por la Alcald\u00eda del municipio desde 2022 fueron rechazados por no cumplir determinantes ambientales.<\/div>\n<div style=\"text-align: justify;\"><\/div>\n<div style=\"text-align: justify;\">Con respecto a la Plaza de Mercado que beneficiar\u00e1 a 450 comerciantes, el ente de control inform\u00f3 que, el primer convenio con que se adquiri\u00f3 el lote para la construcci\u00f3n ya se venci\u00f3, por lo que se constituir\u00e1 un Fondo de Inversi\u00f3n (FIC) con la Alcald\u00eda Municipal, para que sea el ente territorial quien realice la nueva contrataci\u00f3n.<\/div>\n<div style=\"text-align: justify;\"><\/div>\n<div style=\"text-align: justify;\">Otro proyecto que se mantiene en\u00a0alerta para la Procuradur\u00eda es el centro penitenciario,\u00a0una obra que, debido al rechazo de la compra del predio seleccionado por parte del Concejo Municipal,\u00a0en el momento no presenta avances. Cabe destacar que esta construcci\u00f3n corresponde a un fallo de acci\u00f3n popular, por lo que se analiza jur\u00eddicamente para reanudarla lo antes posible.<\/div>\n<div style=\"text-align: justify;\"><\/div>\n<div style=\"text-align: justify;\">Obras con avances significativos<\/div>\n<div style=\"text-align: justify;\"><\/div>\n<div style=\"text-align: justify;\">En cuanto a las\u00a018 obras de mitigaci\u00f3n en la cuenca media y baja, sobre los r\u00edos Mocoa, Mulato y Sangoyaco y quebrada Taruca\u00a0se ha evidenciado avances significativos superiores al 90%.\u00a0No obstante,\u00a0se mantiene la alerta\u00a0debido a que en la cuenca alta a\u00fan no se han designado a los supervisores de los contratos y, sin ellos, no se pueden firmar las actas de inicio.\u00a0La Procuradur\u00eda se encuentra haciendo seguimiento a la reactivaci\u00f3n lo m\u00e1s pronto de estas obras vitales para la seguridad de las comunidades mocoanas.<\/div>\n<div style=\"text-align: justify;\"><\/div>\n<div style=\"text-align: justify;\">En cuanto al\u00a0megacolegio, una construcci\u00f3n de 24 aulas para 960 alumnos, seg\u00fan la Unidad Nacional de Gesti\u00f3n del Riesgo de Desastres (UNGRD)\u00a0el proyecto se encuentra en 97% de ejecuci\u00f3n de obra y 65% de ejecuci\u00f3n financiera. Dicha instituci\u00f3n inform\u00f3 que la obra ya cuenta con servicios p\u00fablicos y dotaci\u00f3n de mobiliario para las aulas, \u00e1rea administrativa y cocina. En este sentido,\u00a0la Procuradur\u00eda mantiene la alerta debido a que no puede entrar en funcionamiento\u00a0mientras no se terminen las obras de interconexi\u00f3n del alcantarillado del proyecto Sauces II.<\/div>\n<div style=\"text-align: justify;\"><\/div>\n<div style=\"text-align: justify;\">Finalmente,\u00a0el acueducto del municipio cuenta con avances del 94%.\u00a0Para la finalizaci\u00f3n del contrato, se est\u00e1n realizando obras complementarias al sistema de acueducto, correspondientes a cubiertas de la PTAR, cerramientos perimetrales, adecuaci\u00f3n parte administrativa de la empresa, entre otras. Seg\u00fan la Procuradur\u00eda, Findeter debe entregar un cronograma que evidencie la fecha cierta de terminaci\u00f3n de las actividades faltantes para la entrada en operaci\u00f3n.<\/div>\n","protected":false},"excerpt":{"rendered":"<p>&#8211;\u00a0El ente de control mantiene 7 proyectos en alerta que son cruciales para la recuperaci\u00f3n del municipio: en riesgo alto el proyecto de vivienda los Sauces II y III, la plaza de mercado y el centro penitenciario. Presentan avances las obras de mitigaci\u00f3n, el megacolegio y el acueducto. &nbsp; &#8211; La entidad ha emitido 14 [&hellip;]<\/p>\n","protected":false},"author":1,"featured_media":65390,"comment_status":"open","ping_status":"open","sticky":false,"template":"","format":"standard","meta":{"footnotes":""},"categories":[54],"tags":[],"class_list":["post-65389","post","type-post","status-publish","format-standard","has-post-thumbnail","hentry","category-putumayo"],"yoast_head":"<!-- This site is optimized with the Yoast SEO plugin v27.1.1 - https:\/\/yoast.com\/product\/yoast-seo-wordpress\/ -->\n<title>\u00bfAvanzan las obras de reconstrucci\u00f3n en Mocoa? Procuradur\u00eda mantiene 7 alertas | P\u00e1gina10<\/title>\n<meta name=\"robots\" content=\"index, follow, max-snippet:-1, max-image-preview:large, max-video-preview:-1\" \/>\n<link rel=\"canonical\" href=\"https:\/\/pagina10.com\/web\/avanzan-las-obras-de-reconstruccion-en-mocoa-procuraduria-mantiene-7-alertas\/\" \/>\n<meta property=\"og:locale\" content=\"es_ES\" \/>\n<meta property=\"og:type\" content=\"article\" \/>\n<meta property=\"og:title\" content=\"\u00bfAvanzan las obras de reconstrucci\u00f3n en Mocoa? Procuradur\u00eda mantiene 7 alertas | P\u00e1gina10\" \/>\n<meta property=\"og:description\" content=\"&#8211;\u00a0El ente de control mantiene 7 proyectos en alerta que son cruciales para la recuperaci\u00f3n del municipio: en riesgo alto el proyecto de vivienda los Sauces II y III, la plaza de mercado y el centro penitenciario. Presentan avances las obras de mitigaci\u00f3n, el megacolegio y el acueducto. &nbsp; &#8211; La entidad ha emitido 14 [&hellip;]\" \/>\n<meta property=\"og:url\" content=\"https:\/\/pagina10.com\/web\/avanzan-las-obras-de-reconstruccion-en-mocoa-procuraduria-mantiene-7-alertas\/\" \/>\n<meta property=\"og:site_name\" content=\"P\u00e1gina10\" \/>\n<meta property=\"article:publisher\" content=\"https:\/\/www.facebook.com\/pag10com\" \/>\n<meta property=\"article:published_time\" content=\"2023-04-08T04:24:02+00:00\" \/>\n<meta property=\"og:image\" content=\"https:\/\/pagina10.com\/web\/wp-content\/uploads\/2023\/04\/WhatsApp-Image-2023-04-07-at-11.23.09-PM.jpeg\" \/>\n\t<meta property=\"og:image:width\" content=\"1024\" \/>\n\t<meta property=\"og:image:height\" content=\"768\" \/>\n\t<meta property=\"og:image:type\" content=\"image\/jpeg\" \/>\n<meta name=\"author\" content=\"P\u00e1gina 10\" \/>\n<meta name=\"twitter:card\" content=\"summary_large_image\" \/>\n<meta name=\"twitter:creator\" content=\"@Pag10com\" \/>\n<meta name=\"twitter:site\" content=\"@Pag10com\" \/>\n<meta name=\"twitter:label1\" content=\"Escrito por\" \/>\n\t<meta name=\"twitter:data1\" content=\"P\u00e1gina 10\" \/>\n\t<meta name=\"twitter:label2\" content=\"Tiempo de lectura\" \/>\n\t<meta name=\"twitter:data2\" content=\"4 minutos\" \/>\n<script type=\"application\/ld+json\" class=\"yoast-schema-graph\">{\"@context\":\"https:\/\/schema.org\",\"@graph\":[{\"@type\":\"Article\",\"@id\":\"https:\/\/pagina10.com\/web\/avanzan-las-obras-de-reconstruccion-en-mocoa-procuraduria-mantiene-7-alertas\/#article\",\"isPartOf\":{\"@id\":\"https:\/\/pagina10.com\/web\/avanzan-las-obras-de-reconstruccion-en-mocoa-procuraduria-mantiene-7-alertas\/\"},\"author\":{\"name\":\"P\u00e1gina 10\",\"@id\":\"https:\/\/pagina10.com\/web\/#\/schema\/person\/2efc4a090d25b667d3bc796798a3a81b\"},\"headline\":\"\u00bfAvanzan las obras de reconstrucci\u00f3n en Mocoa? Procuradur\u00eda mantiene 7 alertas\",\"datePublished\":\"2023-04-08T04:24:02+00:00\",\"mainEntityOfPage\":{\"@id\":\"https:\/\/pagina10.com\/web\/avanzan-las-obras-de-reconstruccion-en-mocoa-procuraduria-mantiene-7-alertas\/\"},\"wordCount\":756,\"commentCount\":0,\"publisher\":{\"@id\":\"https:\/\/pagina10.com\/web\/#organization\"},\"image\":{\"@id\":\"https:\/\/pagina10.com\/web\/avanzan-las-obras-de-reconstruccion-en-mocoa-procuraduria-mantiene-7-alertas\/#primaryimage\"},\"thumbnailUrl\":\"https:\/\/pagina10.com\/web\/wp-content\/uploads\/2023\/04\/WhatsApp-Image-2023-04-07-at-11.23.09-PM.jpeg\",\"articleSection\":[\"Putumayo\"],\"inLanguage\":\"es\",\"potentialAction\":[{\"@type\":\"CommentAction\",\"name\":\"Comment\",\"target\":[\"https:\/\/pagina10.com\/web\/avanzan-las-obras-de-reconstruccion-en-mocoa-procuraduria-mantiene-7-alertas\/#respond\"]}]},{\"@type\":\"WebPage\",\"@id\":\"https:\/\/pagina10.com\/web\/avanzan-las-obras-de-reconstruccion-en-mocoa-procuraduria-mantiene-7-alertas\/\",\"url\":\"https:\/\/pagina10.com\/web\/avanzan-las-obras-de-reconstruccion-en-mocoa-procuraduria-mantiene-7-alertas\/\",\"name\":\"\u00bfAvanzan las obras de reconstrucci\u00f3n en Mocoa? Procuradur\u00eda mantiene 7 alertas | P\u00e1gina10\",\"isPartOf\":{\"@id\":\"https:\/\/pagina10.com\/web\/#website\"},\"primaryImageOfPage\":{\"@id\":\"https:\/\/pagina10.com\/web\/avanzan-las-obras-de-reconstruccion-en-mocoa-procuraduria-mantiene-7-alertas\/#primaryimage\"},\"image\":{\"@id\":\"https:\/\/pagina10.com\/web\/avanzan-las-obras-de-reconstruccion-en-mocoa-procuraduria-mantiene-7-alertas\/#primaryimage\"},\"thumbnailUrl\":\"https:\/\/pagina10.com\/web\/wp-content\/uploads\/2023\/04\/WhatsApp-Image-2023-04-07-at-11.23.09-PM.jpeg\",\"datePublished\":\"2023-04-08T04:24:02+00:00\",\"breadcrumb\":{\"@id\":\"https:\/\/pagina10.com\/web\/avanzan-las-obras-de-reconstruccion-en-mocoa-procuraduria-mantiene-7-alertas\/#breadcrumb\"},\"inLanguage\":\"es\",\"potentialAction\":[{\"@type\":\"ReadAction\",\"target\":[\"https:\/\/pagina10.com\/web\/avanzan-las-obras-de-reconstruccion-en-mocoa-procuraduria-mantiene-7-alertas\/\"]}]},{\"@type\":\"ImageObject\",\"inLanguage\":\"es\",\"@id\":\"https:\/\/pagina10.com\/web\/avanzan-las-obras-de-reconstruccion-en-mocoa-procuraduria-mantiene-7-alertas\/#primaryimage\",\"url\":\"https:\/\/pagina10.com\/web\/wp-content\/uploads\/2023\/04\/WhatsApp-Image-2023-04-07-at-11.23.09-PM.jpeg\",\"contentUrl\":\"https:\/\/pagina10.com\/web\/wp-content\/uploads\/2023\/04\/WhatsApp-Image-2023-04-07-at-11.23.09-PM.jpeg\",\"width\":1024,\"height\":768},{\"@type\":\"BreadcrumbList\",\"@id\":\"https:\/\/pagina10.com\/web\/avanzan-las-obras-de-reconstruccion-en-mocoa-procuraduria-mantiene-7-alertas\/#breadcrumb\",\"itemListElement\":[{\"@type\":\"ListItem\",\"position\":1,\"name\":\"Portada\",\"item\":\"https:\/\/pagina10.com\/web\/\"},{\"@type\":\"ListItem\",\"position\":2,\"name\":\"\u00bfAvanzan las obras de reconstrucci\u00f3n en Mocoa? Procuradur\u00eda mantiene 7 alertas\"}]},{\"@type\":\"WebSite\",\"@id\":\"https:\/\/pagina10.com\/web\/#website\",\"url\":\"https:\/\/pagina10.com\/web\/\",\"name\":\"P\u00e1gina10\",\"description\":\"Peri\u00f3dico Regional\",\"publisher\":{\"@id\":\"https:\/\/pagina10.com\/web\/#organization\"},\"alternateName\":\"P\u00e1gina10 Peri\u00f3dico Regional\",\"potentialAction\":[{\"@type\":\"SearchAction\",\"target\":{\"@type\":\"EntryPoint\",\"urlTemplate\":\"https:\/\/pagina10.com\/web\/?s={search_term_string}\"},\"query-input\":{\"@type\":\"PropertyValueSpecification\",\"valueRequired\":true,\"valueName\":\"search_term_string\"}}],\"inLanguage\":\"es\"},{\"@type\":\"Organization\",\"@id\":\"https:\/\/pagina10.com\/web\/#organization\",\"name\":\"P\u00e1gina10\",\"alternateName\":\"P\u00e1gina10 Peri\u00f3dico Regional\",\"url\":\"https:\/\/pagina10.com\/web\/\",\"logo\":{\"@type\":\"ImageObject\",\"inLanguage\":\"es\",\"@id\":\"https:\/\/pagina10.com\/web\/#\/schema\/logo\/image\/\",\"url\":\"https:\/\/pagina10.com\/web\/wp-content\/uploads\/2024\/01\/40-pagina-10-periodico-regional-pasto.jpg\",\"contentUrl\":\"https:\/\/pagina10.com\/web\/wp-content\/uploads\/2024\/01\/40-pagina-10-periodico-regional-pasto.jpg\",\"width\":1280,\"height\":720,\"caption\":\"P\u00e1gina10\"},\"image\":{\"@id\":\"https:\/\/pagina10.com\/web\/#\/schema\/logo\/image\/\"},\"sameAs\":[\"https:\/\/www.facebook.com\/pag10com\",\"https:\/\/x.com\/Pag10com\",\"https:\/\/www.instagram.com\/pagina10col\/\",\"https:\/\/youtube.com\/channel\/pag10\",\"https:\/\/www.tiktok.com\/@p10col\"]},{\"@type\":\"Person\",\"@id\":\"https:\/\/pagina10.com\/web\/#\/schema\/person\/2efc4a090d25b667d3bc796798a3a81b\",\"name\":\"P\u00e1gina 10\",\"description\":\"P\u00e1gina 10 es un peri\u00f3dico regional que nace en Colombia, en el departamento de Nari\u00f1o, con un enfoque global, fundamentado en cuatro pilares esenciales: la libertad, el pluralismo, la inclusi\u00f3n y la independencia. P\u00e1gina 10 hace referencia a Nari\u00f1o como el d\u00e9cimo departamento creado en Colombia, despu\u00e9s de un proceso pol\u00edtico liderado por actores y actrices regionales con el fin de obtener la independencia y autonom\u00eda de nuestros territorios. Con la creaci\u00f3n de P\u00e1gina 10 se pretende abrir un escenario para el dialogo, la reflexi\u00f3n y el debate que se extienda a otras geograf\u00edas de Am\u00e9rica Latina y del planeta, en una apuesta por transformar colectivamente los desaf\u00edos de un mundo contempor\u00e1neo, m\u00e1s all\u00e1 de las fronteras impuestas.\",\"url\":\"https:\/\/pagina10.com\/web\/author\/pdiezadmin\/\"}]}<\/script>\n<!-- \/ Yoast SEO plugin. -->","yoast_head_json":{"title":"\u00bfAvanzan las obras de reconstrucci\u00f3n en Mocoa? Procuradur\u00eda mantiene 7 alertas | P\u00e1gina10","robots":{"index":"index","follow":"follow","max-snippet":"max-snippet:-1","max-image-preview":"max-image-preview:large","max-video-preview":"max-video-preview:-1"},"canonical":"https:\/\/pagina10.com\/web\/avanzan-las-obras-de-reconstruccion-en-mocoa-procuraduria-mantiene-7-alertas\/","og_locale":"es_ES","og_type":"article","og_title":"\u00bfAvanzan las obras de reconstrucci\u00f3n en Mocoa? Procuradur\u00eda mantiene 7 alertas | P\u00e1gina10","og_description":"&#8211;\u00a0El ente de control mantiene 7 proyectos en alerta que son cruciales para la recuperaci\u00f3n del municipio: en riesgo alto el proyecto de vivienda los Sauces II y III, la plaza de mercado y el centro penitenciario. Presentan avances las obras de mitigaci\u00f3n, el megacolegio y el acueducto. &nbsp; &#8211; La entidad ha emitido 14 [&hellip;]","og_url":"https:\/\/pagina10.com\/web\/avanzan-las-obras-de-reconstruccion-en-mocoa-procuraduria-mantiene-7-alertas\/","og_site_name":"P\u00e1gina10","article_publisher":"https:\/\/www.facebook.com\/pag10com","article_published_time":"2023-04-08T04:24:02+00:00","og_image":[{"width":1024,"height":768,"url":"https:\/\/pagina10.com\/web\/wp-content\/uploads\/2023\/04\/WhatsApp-Image-2023-04-07-at-11.23.09-PM.jpeg","type":"image\/jpeg"}],"author":"P\u00e1gina 10","twitter_card":"summary_large_image","twitter_creator":"@Pag10com","twitter_site":"@Pag10com","twitter_misc":{"Escrito por":"P\u00e1gina 10","Tiempo de lectura":"4 minutos"},"schema":{"@context":"https:\/\/schema.org","@graph":[{"@type":"Article","@id":"https:\/\/pagina10.com\/web\/avanzan-las-obras-de-reconstruccion-en-mocoa-procuraduria-mantiene-7-alertas\/#article","isPartOf":{"@id":"https:\/\/pagina10.com\/web\/avanzan-las-obras-de-reconstruccion-en-mocoa-procuraduria-mantiene-7-alertas\/"},"author":{"name":"P\u00e1gina 10","@id":"https:\/\/pagina10.com\/web\/#\/schema\/person\/2efc4a090d25b667d3bc796798a3a81b"},"headline":"\u00bfAvanzan las obras de reconstrucci\u00f3n en Mocoa? Procuradur\u00eda mantiene 7 alertas","datePublished":"2023-04-08T04:24:02+00:00","mainEntityOfPage":{"@id":"https:\/\/pagina10.com\/web\/avanzan-las-obras-de-reconstruccion-en-mocoa-procuraduria-mantiene-7-alertas\/"},"wordCount":756,"commentCount":0,"publisher":{"@id":"https:\/\/pagina10.com\/web\/#organization"},"image":{"@id":"https:\/\/pagina10.com\/web\/avanzan-las-obras-de-reconstruccion-en-mocoa-procuraduria-mantiene-7-alertas\/#primaryimage"},"thumbnailUrl":"https:\/\/pagina10.com\/web\/wp-content\/uploads\/2023\/04\/WhatsApp-Image-2023-04-07-at-11.23.09-PM.jpeg","articleSection":["Putumayo"],"inLanguage":"es","potentialAction":[{"@type":"CommentAction","name":"Comment","target":["https:\/\/pagina10.com\/web\/avanzan-las-obras-de-reconstruccion-en-mocoa-procuraduria-mantiene-7-alertas\/#respond"]}]},{"@type":"WebPage","@id":"https:\/\/pagina10.com\/web\/avanzan-las-obras-de-reconstruccion-en-mocoa-procuraduria-mantiene-7-alertas\/","url":"https:\/\/pagina10.com\/web\/avanzan-las-obras-de-reconstruccion-en-mocoa-procuraduria-mantiene-7-alertas\/","name":"\u00bfAvanzan las obras de reconstrucci\u00f3n en Mocoa? Procuradur\u00eda mantiene 7 alertas | P\u00e1gina10","isPartOf":{"@id":"https:\/\/pagina10.com\/web\/#website"},"primaryImageOfPage":{"@id":"https:\/\/pagina10.com\/web\/avanzan-las-obras-de-reconstruccion-en-mocoa-procuraduria-mantiene-7-alertas\/#primaryimage"},"image":{"@id":"https:\/\/pagina10.com\/web\/avanzan-las-obras-de-reconstruccion-en-mocoa-procuraduria-mantiene-7-alertas\/#primaryimage"},"thumbnailUrl":"https:\/\/pagina10.com\/web\/wp-content\/uploads\/2023\/04\/WhatsApp-Image-2023-04-07-at-11.23.09-PM.jpeg","datePublished":"2023-04-08T04:24:02+00:00","breadcrumb":{"@id":"https:\/\/pagina10.com\/web\/avanzan-las-obras-de-reconstruccion-en-mocoa-procuraduria-mantiene-7-alertas\/#breadcrumb"},"inLanguage":"es","potentialAction":[{"@type":"ReadAction","target":["https:\/\/pagina10.com\/web\/avanzan-las-obras-de-reconstruccion-en-mocoa-procuraduria-mantiene-7-alertas\/"]}]},{"@type":"ImageObject","inLanguage":"es","@id":"https:\/\/pagina10.com\/web\/avanzan-las-obras-de-reconstruccion-en-mocoa-procuraduria-mantiene-7-alertas\/#primaryimage","url":"https:\/\/pagina10.com\/web\/wp-content\/uploads\/2023\/04\/WhatsApp-Image-2023-04-07-at-11.23.09-PM.jpeg","contentUrl":"https:\/\/pagina10.com\/web\/wp-content\/uploads\/2023\/04\/WhatsApp-Image-2023-04-07-at-11.23.09-PM.jpeg","width":1024,"height":768},{"@type":"BreadcrumbList","@id":"https:\/\/pagina10.com\/web\/avanzan-las-obras-de-reconstruccion-en-mocoa-procuraduria-mantiene-7-alertas\/#breadcrumb","itemListElement":[{"@type":"ListItem","position":1,"name":"Portada","item":"https:\/\/pagina10.com\/web\/"},{"@type":"ListItem","position":2,"name":"\u00bfAvanzan las obras de reconstrucci\u00f3n en Mocoa? Procuradur\u00eda mantiene 7 alertas"}]},{"@type":"WebSite","@id":"https:\/\/pagina10.com\/web\/#website","url":"https:\/\/pagina10.com\/web\/","name":"P\u00e1gina10","description":"Peri\u00f3dico Regional","publisher":{"@id":"https:\/\/pagina10.com\/web\/#organization"},"alternateName":"P\u00e1gina10 Peri\u00f3dico Regional","potentialAction":[{"@type":"SearchAction","target":{"@type":"EntryPoint","urlTemplate":"https:\/\/pagina10.com\/web\/?s={search_term_string}"},"query-input":{"@type":"PropertyValueSpecification","valueRequired":true,"valueName":"search_term_string"}}],"inLanguage":"es"},{"@type":"Organization","@id":"https:\/\/pagina10.com\/web\/#organization","name":"P\u00e1gina10","alternateName":"P\u00e1gina10 Peri\u00f3dico Regional","url":"https:\/\/pagina10.com\/web\/","logo":{"@type":"ImageObject","inLanguage":"es","@id":"https:\/\/pagina10.com\/web\/#\/schema\/logo\/image\/","url":"https:\/\/pagina10.com\/web\/wp-content\/uploads\/2024\/01\/40-pagina-10-periodico-regional-pasto.jpg","contentUrl":"https:\/\/pagina10.com\/web\/wp-content\/uploads\/2024\/01\/40-pagina-10-periodico-regional-pasto.jpg","width":1280,"height":720,"caption":"P\u00e1gina10"},"image":{"@id":"https:\/\/pagina10.com\/web\/#\/schema\/logo\/image\/"},"sameAs":["https:\/\/www.facebook.com\/pag10com","https:\/\/x.com\/Pag10com","https:\/\/www.instagram.com\/pagina10col\/","https:\/\/youtube.com\/channel\/pag10","https:\/\/www.tiktok.com\/@p10col"]},{"@type":"Person","@id":"https:\/\/pagina10.com\/web\/#\/schema\/person\/2efc4a090d25b667d3bc796798a3a81b","name":"P\u00e1gina 10","description":"P\u00e1gina 10 es un peri\u00f3dico regional que nace en Colombia, en el departamento de Nari\u00f1o, con un enfoque global, fundamentado en cuatro pilares esenciales: la libertad, el pluralismo, la inclusi\u00f3n y la independencia. P\u00e1gina 10 hace referencia a Nari\u00f1o como el d\u00e9cimo departamento creado en Colombia, despu\u00e9s de un proceso pol\u00edtico liderado por actores y actrices regionales con el fin de obtener la independencia y autonom\u00eda de nuestros territorios. Con la creaci\u00f3n de P\u00e1gina 10 se pretende abrir un escenario para el dialogo, la reflexi\u00f3n y el debate que se extienda a otras geograf\u00edas de Am\u00e9rica Latina y del planeta, en una apuesta por transformar colectivamente los desaf\u00edos de un mundo contempor\u00e1neo, m\u00e1s all\u00e1 de las fronteras impuestas.","url":"https:\/\/pagina10.com\/web\/author\/pdiezadmin\/"}]}},"_links":{"self":[{"href":"https:\/\/pagina10.com\/web\/wp-json\/wp\/v2\/posts\/65389","targetHints":{"allow":["GET"]}}],"collection":[{"href":"https:\/\/pagina10.com\/web\/wp-json\/wp\/v2\/posts"}],"about":[{"href":"https:\/\/pagina10.com\/web\/wp-json\/wp\/v2\/types\/post"}],"author":[{"embeddable":true,"href":"https:\/\/pagina10.com\/web\/wp-json\/wp\/v2\/users\/1"}],"replies":[{"embeddable":true,"href":"https:\/\/pagina10.com\/web\/wp-json\/wp\/v2\/comments?post=65389"}],"version-history":[{"count":1,"href":"https:\/\/pagina10.com\/web\/wp-json\/wp\/v2\/posts\/65389\/revisions"}],"predecessor-version":[{"id":65391,"href":"https:\/\/pagina10.com\/web\/wp-json\/wp\/v2\/posts\/65389\/revisions\/65391"}],"wp:featuredmedia":[{"embeddable":true,"href":"https:\/\/pagina10.com\/web\/wp-json\/wp\/v2\/media\/65390"}],"wp:attachment":[{"href":"https:\/\/pagina10.com\/web\/wp-json\/wp\/v2\/media?parent=65389"}],"wp:term":[{"taxonomy":"category","embeddable":true,"href":"https:\/\/pagina10.com\/web\/wp-json\/wp\/v2\/categories?post=65389"},{"taxonomy":"post_tag","embeddable":true,"href":"https:\/\/pagina10.com\/web\/wp-json\/wp\/v2\/tags?post=65389"}],"curies":[{"name":"wp","href":"https:\/\/api.w.org\/{rel}","templated":true}]}}