{"id":65634,"date":"2023-04-26T23:13:21","date_gmt":"2023-04-27T04:13:21","guid":{"rendered":"https:\/\/pagina10.com\/web\/?p=65634"},"modified":"2023-04-26T23:13:21","modified_gmt":"2023-04-27T04:13:21","slug":"cultivos-afectados-por-lluvias-en-narino-superan-las-3-200-hectareas","status":"publish","type":"post","link":"https:\/\/pagina10.com\/web\/cultivos-afectados-por-lluvias-en-narino-superan-las-3-200-hectareas\/","title":{"rendered":"Cultivos afectados por lluvias en Nari\u00f1o superan las 3.200 hect\u00e1reas"},"content":{"rendered":"<p style=\"text-align: justify;\">La temporada de lluvias ha sido intensa en el departamento de Nari\u00f1o, lo cual ha generado graves afectaciones en la infraestructura y en la producci\u00f3n agr\u00edcola de varios municipios. De acuerdo con los informes del IDEAM, se espera que las lluvias contin\u00faen durante todo el semestre, lo que podr\u00eda empeorar la situaci\u00f3n en las zonas m\u00e1s vulnerables.<\/p>\n<p style=\"text-align: justify;\">Hasta el momento se encuentran afectadas alrededor de 3.210 hect\u00e1reas de cultivos en la zona sur y centro y 2.100 productores afectados en estas zonas. \u201cLos municipios que nos han reportado hasta el momento son: Santa Barbara de Iscuand\u00e9, quienes reportan 367 hect\u00e1reas afectadas; Funes, con 109 hect\u00e1reas afectadas; Arboleda, 2.100 hect\u00e1reas afectadas; San Bernardo, 130 hect\u00e1reas afectadas; y San Pablo, 502 hect\u00e1reas afectadas, los cultivos afectados son papa, frijol, caf\u00e9, ma\u00edz, frutales, uchuva, entre otros\u201d, indic\u00f3 el Secretario de Agricultura y Desarrollo Rural de Nari\u00f1o, Mauricio Ortiz.<\/p>\n<p style=\"text-align: justify;\">\u2022 En el municipio de Santa B\u00e1rbara de Iscuand\u00e9, se registr\u00f3 una inundaci\u00f3n por desbordamiento del r\u00edo Iscuand\u00e9 que afect\u00f3 los cultivos de papa china, ca\u00f1a, pl\u00e1tano, ma\u00edz y yuca.<br \/>\n\u2022 En Funes, se presentaron precipitaciones fuertes que afectaron los cultivos de frijol, ma\u00edz, cebolla, caf\u00e9, tomate, aguacate, arveja.<br \/>\n\u2022 En San Bernardo, se reportaron deslizamientos y avalanchas que afectaron los cultivos de caf\u00e9, fique y ma\u00edz.<br \/>\n\u2022 En San Pablo, se presentaron precipitaciones intensas que afectaron los cultivos de caf\u00e9, uchuva, ma\u00edz, papa y pastos.<br \/>\n\u2022 En Arboleda, se registraron precipitaciones fuertes que afectaron los cultivos de caf\u00e9, frutales, ma\u00edz, frijol, mora, lulo y pastos.<\/p>\n<p style=\"text-align: justify;\">La Gobernaci\u00f3n de Nari\u00f1o, hace un llamado urgente a todos los productores del departamento para colaborar en la recopilaci\u00f3n de informaci\u00f3n sobre los hallazgos de afectaci\u00f3n clim\u00e1tica. Es fundamental compartir esta informaci\u00f3n con las UMATAS de los respectivos municipios, para hacer frente a los efectos de la temporada de lluvia en el sector agropecuario.<\/p>\n","protected":false},"excerpt":{"rendered":"<p>La temporada de lluvias ha sido intensa en el departamento de Nari\u00f1o, lo cual ha generado graves afectaciones en la infraestructura y en la producci\u00f3n agr\u00edcola de varios municipios. De acuerdo con los informes del IDEAM, se espera que las lluvias contin\u00faen durante todo el semestre, lo que podr\u00eda empeorar la situaci\u00f3n en las zonas [&hellip;]<\/p>\n","protected":false},"author":1,"featured_media":65635,"comment_status":"open","ping_status":"open","sticky":false,"template":"","format":"standard","meta":{"footnotes":""},"categories":[53],"tags":[],"class_list":["post-65634","post","type-post","status-publish","format-standard","has-post-thumbnail","hentry","category-regiones"],"yoast_head":"<!-- This site is optimized with the Yoast SEO plugin v27.1.1 - https:\/\/yoast.com\/product\/yoast-seo-wordpress\/ -->\n<title>Cultivos afectados por lluvias en Nari\u00f1o superan las 3.200 hect\u00e1reas | P\u00e1gina10<\/title>\n<meta name=\"robots\" content=\"index, follow, max-snippet:-1, max-image-preview:large, max-video-preview:-1\" \/>\n<link rel=\"canonical\" href=\"https:\/\/pagina10.com\/web\/cultivos-afectados-por-lluvias-en-narino-superan-las-3-200-hectareas\/\" \/>\n<meta property=\"og:locale\" content=\"es_ES\" \/>\n<meta property=\"og:type\" content=\"article\" \/>\n<meta property=\"og:title\" content=\"Cultivos afectados por lluvias en Nari\u00f1o superan las 3.200 hect\u00e1reas | P\u00e1gina10\" \/>\n<meta property=\"og:description\" content=\"La temporada de lluvias ha sido intensa en el departamento de Nari\u00f1o, lo cual ha generado graves afectaciones en la infraestructura y en la producci\u00f3n agr\u00edcola de varios municipios. De acuerdo con los informes del IDEAM, se espera que las lluvias contin\u00faen durante todo el semestre, lo que podr\u00eda empeorar la situaci\u00f3n en las zonas [&hellip;]\" \/>\n<meta property=\"og:url\" content=\"https:\/\/pagina10.com\/web\/cultivos-afectados-por-lluvias-en-narino-superan-las-3-200-hectareas\/\" \/>\n<meta property=\"og:site_name\" content=\"P\u00e1gina10\" \/>\n<meta property=\"article:publisher\" content=\"https:\/\/www.facebook.com\/pag10com\" \/>\n<meta property=\"article:published_time\" content=\"2023-04-27T04:13:21+00:00\" \/>\n<meta property=\"og:image\" content=\"https:\/\/pagina10.com\/web\/wp-content\/uploads\/2023\/04\/342910602_1386748668791164_4100939248853890548_n.jpg\" \/>\n\t<meta property=\"og:image:width\" content=\"1600\" \/>\n\t<meta property=\"og:image:height\" content=\"902\" \/>\n\t<meta property=\"og:image:type\" content=\"image\/jpeg\" \/>\n<meta name=\"author\" content=\"P\u00e1gina 10\" \/>\n<meta name=\"twitter:card\" content=\"summary_large_image\" \/>\n<meta name=\"twitter:creator\" content=\"@Pag10com\" \/>\n<meta name=\"twitter:site\" content=\"@Pag10com\" \/>\n<meta name=\"twitter:label1\" content=\"Escrito por\" \/>\n\t<meta name=\"twitter:data1\" content=\"P\u00e1gina 10\" \/>\n\t<meta name=\"twitter:label2\" content=\"Tiempo de lectura\" \/>\n\t<meta name=\"twitter:data2\" content=\"2 minutos\" \/>\n<script type=\"application\/ld+json\" class=\"yoast-schema-graph\">{\"@context\":\"https:\/\/schema.org\",\"@graph\":[{\"@type\":\"Article\",\"@id\":\"https:\/\/pagina10.com\/web\/cultivos-afectados-por-lluvias-en-narino-superan-las-3-200-hectareas\/#article\",\"isPartOf\":{\"@id\":\"https:\/\/pagina10.com\/web\/cultivos-afectados-por-lluvias-en-narino-superan-las-3-200-hectareas\/\"},\"author\":{\"name\":\"P\u00e1gina 10\",\"@id\":\"https:\/\/pagina10.com\/web\/#\/schema\/person\/2efc4a090d25b667d3bc796798a3a81b\"},\"headline\":\"Cultivos afectados por lluvias en Nari\u00f1o superan las 3.200 hect\u00e1reas\",\"datePublished\":\"2023-04-27T04:13:21+00:00\",\"mainEntityOfPage\":{\"@id\":\"https:\/\/pagina10.com\/web\/cultivos-afectados-por-lluvias-en-narino-superan-las-3-200-hectareas\/\"},\"wordCount\":336,\"commentCount\":0,\"publisher\":{\"@id\":\"https:\/\/pagina10.com\/web\/#organization\"},\"image\":{\"@id\":\"https:\/\/pagina10.com\/web\/cultivos-afectados-por-lluvias-en-narino-superan-las-3-200-hectareas\/#primaryimage\"},\"thumbnailUrl\":\"https:\/\/pagina10.com\/web\/wp-content\/uploads\/2023\/04\/342910602_1386748668791164_4100939248853890548_n.jpg\",\"articleSection\":[\"Regiones\"],\"inLanguage\":\"es\",\"potentialAction\":[{\"@type\":\"CommentAction\",\"name\":\"Comment\",\"target\":[\"https:\/\/pagina10.com\/web\/cultivos-afectados-por-lluvias-en-narino-superan-las-3-200-hectareas\/#respond\"]}]},{\"@type\":\"WebPage\",\"@id\":\"https:\/\/pagina10.com\/web\/cultivos-afectados-por-lluvias-en-narino-superan-las-3-200-hectareas\/\",\"url\":\"https:\/\/pagina10.com\/web\/cultivos-afectados-por-lluvias-en-narino-superan-las-3-200-hectareas\/\",\"name\":\"Cultivos afectados por lluvias en Nari\u00f1o superan las 3.200 hect\u00e1reas | P\u00e1gina10\",\"isPartOf\":{\"@id\":\"https:\/\/pagina10.com\/web\/#website\"},\"primaryImageOfPage\":{\"@id\":\"https:\/\/pagina10.com\/web\/cultivos-afectados-por-lluvias-en-narino-superan-las-3-200-hectareas\/#primaryimage\"},\"image\":{\"@id\":\"https:\/\/pagina10.com\/web\/cultivos-afectados-por-lluvias-en-narino-superan-las-3-200-hectareas\/#primaryimage\"},\"thumbnailUrl\":\"https:\/\/pagina10.com\/web\/wp-content\/uploads\/2023\/04\/342910602_1386748668791164_4100939248853890548_n.jpg\",\"datePublished\":\"2023-04-27T04:13:21+00:00\",\"breadcrumb\":{\"@id\":\"https:\/\/pagina10.com\/web\/cultivos-afectados-por-lluvias-en-narino-superan-las-3-200-hectareas\/#breadcrumb\"},\"inLanguage\":\"es\",\"potentialAction\":[{\"@type\":\"ReadAction\",\"target\":[\"https:\/\/pagina10.com\/web\/cultivos-afectados-por-lluvias-en-narino-superan-las-3-200-hectareas\/\"]}]},{\"@type\":\"ImageObject\",\"inLanguage\":\"es\",\"@id\":\"https:\/\/pagina10.com\/web\/cultivos-afectados-por-lluvias-en-narino-superan-las-3-200-hectareas\/#primaryimage\",\"url\":\"https:\/\/pagina10.com\/web\/wp-content\/uploads\/2023\/04\/342910602_1386748668791164_4100939248853890548_n.jpg\",\"contentUrl\":\"https:\/\/pagina10.com\/web\/wp-content\/uploads\/2023\/04\/342910602_1386748668791164_4100939248853890548_n.jpg\",\"width\":1600,\"height\":902},{\"@type\":\"BreadcrumbList\",\"@id\":\"https:\/\/pagina10.com\/web\/cultivos-afectados-por-lluvias-en-narino-superan-las-3-200-hectareas\/#breadcrumb\",\"itemListElement\":[{\"@type\":\"ListItem\",\"position\":1,\"name\":\"Portada\",\"item\":\"https:\/\/pagina10.com\/web\/\"},{\"@type\":\"ListItem\",\"position\":2,\"name\":\"Cultivos afectados por lluvias en Nari\u00f1o superan las 3.200 hect\u00e1reas\"}]},{\"@type\":\"WebSite\",\"@id\":\"https:\/\/pagina10.com\/web\/#website\",\"url\":\"https:\/\/pagina10.com\/web\/\",\"name\":\"P\u00e1gina10\",\"description\":\"Peri\u00f3dico Regional\",\"publisher\":{\"@id\":\"https:\/\/pagina10.com\/web\/#organization\"},\"alternateName\":\"P\u00e1gina10 Peri\u00f3dico Regional\",\"potentialAction\":[{\"@type\":\"SearchAction\",\"target\":{\"@type\":\"EntryPoint\",\"urlTemplate\":\"https:\/\/pagina10.com\/web\/?s={search_term_string}\"},\"query-input\":{\"@type\":\"PropertyValueSpecification\",\"valueRequired\":true,\"valueName\":\"search_term_string\"}}],\"inLanguage\":\"es\"},{\"@type\":\"Organization\",\"@id\":\"https:\/\/pagina10.com\/web\/#organization\",\"name\":\"P\u00e1gina10\",\"alternateName\":\"P\u00e1gina10 Peri\u00f3dico Regional\",\"url\":\"https:\/\/pagina10.com\/web\/\",\"logo\":{\"@type\":\"ImageObject\",\"inLanguage\":\"es\",\"@id\":\"https:\/\/pagina10.com\/web\/#\/schema\/logo\/image\/\",\"url\":\"https:\/\/pagina10.com\/web\/wp-content\/uploads\/2024\/01\/40-pagina-10-periodico-regional-pasto.jpg\",\"contentUrl\":\"https:\/\/pagina10.com\/web\/wp-content\/uploads\/2024\/01\/40-pagina-10-periodico-regional-pasto.jpg\",\"width\":1280,\"height\":720,\"caption\":\"P\u00e1gina10\"},\"image\":{\"@id\":\"https:\/\/pagina10.com\/web\/#\/schema\/logo\/image\/\"},\"sameAs\":[\"https:\/\/www.facebook.com\/pag10com\",\"https:\/\/x.com\/Pag10com\",\"https:\/\/www.instagram.com\/pagina10col\/\",\"https:\/\/youtube.com\/channel\/pag10\",\"https:\/\/www.tiktok.com\/@p10col\"]},{\"@type\":\"Person\",\"@id\":\"https:\/\/pagina10.com\/web\/#\/schema\/person\/2efc4a090d25b667d3bc796798a3a81b\",\"name\":\"P\u00e1gina 10\",\"description\":\"P\u00e1gina 10 es un peri\u00f3dico regional que nace en Colombia, en el departamento de Nari\u00f1o, con un enfoque global, fundamentado en cuatro pilares esenciales: la libertad, el pluralismo, la inclusi\u00f3n y la independencia. P\u00e1gina 10 hace referencia a Nari\u00f1o como el d\u00e9cimo departamento creado en Colombia, despu\u00e9s de un proceso pol\u00edtico liderado por actores y actrices regionales con el fin de obtener la independencia y autonom\u00eda de nuestros territorios. Con la creaci\u00f3n de P\u00e1gina 10 se pretende abrir un escenario para el dialogo, la reflexi\u00f3n y el debate que se extienda a otras geograf\u00edas de Am\u00e9rica Latina y del planeta, en una apuesta por transformar colectivamente los desaf\u00edos de un mundo contempor\u00e1neo, m\u00e1s all\u00e1 de las fronteras impuestas.\",\"url\":\"https:\/\/pagina10.com\/web\/author\/pdiezadmin\/\"}]}<\/script>\n<!-- \/ Yoast SEO plugin. -->","yoast_head_json":{"title":"Cultivos afectados por lluvias en Nari\u00f1o superan las 3.200 hect\u00e1reas | P\u00e1gina10","robots":{"index":"index","follow":"follow","max-snippet":"max-snippet:-1","max-image-preview":"max-image-preview:large","max-video-preview":"max-video-preview:-1"},"canonical":"https:\/\/pagina10.com\/web\/cultivos-afectados-por-lluvias-en-narino-superan-las-3-200-hectareas\/","og_locale":"es_ES","og_type":"article","og_title":"Cultivos afectados por lluvias en Nari\u00f1o superan las 3.200 hect\u00e1reas | P\u00e1gina10","og_description":"La temporada de lluvias ha sido intensa en el departamento de Nari\u00f1o, lo cual ha generado graves afectaciones en la infraestructura y en la producci\u00f3n agr\u00edcola de varios municipios. De acuerdo con los informes del IDEAM, se espera que las lluvias contin\u00faen durante todo el semestre, lo que podr\u00eda empeorar la situaci\u00f3n en las zonas [&hellip;]","og_url":"https:\/\/pagina10.com\/web\/cultivos-afectados-por-lluvias-en-narino-superan-las-3-200-hectareas\/","og_site_name":"P\u00e1gina10","article_publisher":"https:\/\/www.facebook.com\/pag10com","article_published_time":"2023-04-27T04:13:21+00:00","og_image":[{"width":1600,"height":902,"url":"https:\/\/pagina10.com\/web\/wp-content\/uploads\/2023\/04\/342910602_1386748668791164_4100939248853890548_n.jpg","type":"image\/jpeg"}],"author":"P\u00e1gina 10","twitter_card":"summary_large_image","twitter_creator":"@Pag10com","twitter_site":"@Pag10com","twitter_misc":{"Escrito por":"P\u00e1gina 10","Tiempo de lectura":"2 minutos"},"schema":{"@context":"https:\/\/schema.org","@graph":[{"@type":"Article","@id":"https:\/\/pagina10.com\/web\/cultivos-afectados-por-lluvias-en-narino-superan-las-3-200-hectareas\/#article","isPartOf":{"@id":"https:\/\/pagina10.com\/web\/cultivos-afectados-por-lluvias-en-narino-superan-las-3-200-hectareas\/"},"author":{"name":"P\u00e1gina 10","@id":"https:\/\/pagina10.com\/web\/#\/schema\/person\/2efc4a090d25b667d3bc796798a3a81b"},"headline":"Cultivos afectados por lluvias en Nari\u00f1o superan las 3.200 hect\u00e1reas","datePublished":"2023-04-27T04:13:21+00:00","mainEntityOfPage":{"@id":"https:\/\/pagina10.com\/web\/cultivos-afectados-por-lluvias-en-narino-superan-las-3-200-hectareas\/"},"wordCount":336,"commentCount":0,"publisher":{"@id":"https:\/\/pagina10.com\/web\/#organization"},"image":{"@id":"https:\/\/pagina10.com\/web\/cultivos-afectados-por-lluvias-en-narino-superan-las-3-200-hectareas\/#primaryimage"},"thumbnailUrl":"https:\/\/pagina10.com\/web\/wp-content\/uploads\/2023\/04\/342910602_1386748668791164_4100939248853890548_n.jpg","articleSection":["Regiones"],"inLanguage":"es","potentialAction":[{"@type":"CommentAction","name":"Comment","target":["https:\/\/pagina10.com\/web\/cultivos-afectados-por-lluvias-en-narino-superan-las-3-200-hectareas\/#respond"]}]},{"@type":"WebPage","@id":"https:\/\/pagina10.com\/web\/cultivos-afectados-por-lluvias-en-narino-superan-las-3-200-hectareas\/","url":"https:\/\/pagina10.com\/web\/cultivos-afectados-por-lluvias-en-narino-superan-las-3-200-hectareas\/","name":"Cultivos afectados por lluvias en Nari\u00f1o superan las 3.200 hect\u00e1reas | P\u00e1gina10","isPartOf":{"@id":"https:\/\/pagina10.com\/web\/#website"},"primaryImageOfPage":{"@id":"https:\/\/pagina10.com\/web\/cultivos-afectados-por-lluvias-en-narino-superan-las-3-200-hectareas\/#primaryimage"},"image":{"@id":"https:\/\/pagina10.com\/web\/cultivos-afectados-por-lluvias-en-narino-superan-las-3-200-hectareas\/#primaryimage"},"thumbnailUrl":"https:\/\/pagina10.com\/web\/wp-content\/uploads\/2023\/04\/342910602_1386748668791164_4100939248853890548_n.jpg","datePublished":"2023-04-27T04:13:21+00:00","breadcrumb":{"@id":"https:\/\/pagina10.com\/web\/cultivos-afectados-por-lluvias-en-narino-superan-las-3-200-hectareas\/#breadcrumb"},"inLanguage":"es","potentialAction":[{"@type":"ReadAction","target":["https:\/\/pagina10.com\/web\/cultivos-afectados-por-lluvias-en-narino-superan-las-3-200-hectareas\/"]}]},{"@type":"ImageObject","inLanguage":"es","@id":"https:\/\/pagina10.com\/web\/cultivos-afectados-por-lluvias-en-narino-superan-las-3-200-hectareas\/#primaryimage","url":"https:\/\/pagina10.com\/web\/wp-content\/uploads\/2023\/04\/342910602_1386748668791164_4100939248853890548_n.jpg","contentUrl":"https:\/\/pagina10.com\/web\/wp-content\/uploads\/2023\/04\/342910602_1386748668791164_4100939248853890548_n.jpg","width":1600,"height":902},{"@type":"BreadcrumbList","@id":"https:\/\/pagina10.com\/web\/cultivos-afectados-por-lluvias-en-narino-superan-las-3-200-hectareas\/#breadcrumb","itemListElement":[{"@type":"ListItem","position":1,"name":"Portada","item":"https:\/\/pagina10.com\/web\/"},{"@type":"ListItem","position":2,"name":"Cultivos afectados por lluvias en Nari\u00f1o superan las 3.200 hect\u00e1reas"}]},{"@type":"WebSite","@id":"https:\/\/pagina10.com\/web\/#website","url":"https:\/\/pagina10.com\/web\/","name":"P\u00e1gina10","description":"Peri\u00f3dico Regional","publisher":{"@id":"https:\/\/pagina10.com\/web\/#organization"},"alternateName":"P\u00e1gina10 Peri\u00f3dico Regional","potentialAction":[{"@type":"SearchAction","target":{"@type":"EntryPoint","urlTemplate":"https:\/\/pagina10.com\/web\/?s={search_term_string}"},"query-input":{"@type":"PropertyValueSpecification","valueRequired":true,"valueName":"search_term_string"}}],"inLanguage":"es"},{"@type":"Organization","@id":"https:\/\/pagina10.com\/web\/#organization","name":"P\u00e1gina10","alternateName":"P\u00e1gina10 Peri\u00f3dico Regional","url":"https:\/\/pagina10.com\/web\/","logo":{"@type":"ImageObject","inLanguage":"es","@id":"https:\/\/pagina10.com\/web\/#\/schema\/logo\/image\/","url":"https:\/\/pagina10.com\/web\/wp-content\/uploads\/2024\/01\/40-pagina-10-periodico-regional-pasto.jpg","contentUrl":"https:\/\/pagina10.com\/web\/wp-content\/uploads\/2024\/01\/40-pagina-10-periodico-regional-pasto.jpg","width":1280,"height":720,"caption":"P\u00e1gina10"},"image":{"@id":"https:\/\/pagina10.com\/web\/#\/schema\/logo\/image\/"},"sameAs":["https:\/\/www.facebook.com\/pag10com","https:\/\/x.com\/Pag10com","https:\/\/www.instagram.com\/pagina10col\/","https:\/\/youtube.com\/channel\/pag10","https:\/\/www.tiktok.com\/@p10col"]},{"@type":"Person","@id":"https:\/\/pagina10.com\/web\/#\/schema\/person\/2efc4a090d25b667d3bc796798a3a81b","name":"P\u00e1gina 10","description":"P\u00e1gina 10 es un peri\u00f3dico regional que nace en Colombia, en el departamento de Nari\u00f1o, con un enfoque global, fundamentado en cuatro pilares esenciales: la libertad, el pluralismo, la inclusi\u00f3n y la independencia. P\u00e1gina 10 hace referencia a Nari\u00f1o como el d\u00e9cimo departamento creado en Colombia, despu\u00e9s de un proceso pol\u00edtico liderado por actores y actrices regionales con el fin de obtener la independencia y autonom\u00eda de nuestros territorios. Con la creaci\u00f3n de P\u00e1gina 10 se pretende abrir un escenario para el dialogo, la reflexi\u00f3n y el debate que se extienda a otras geograf\u00edas de Am\u00e9rica Latina y del planeta, en una apuesta por transformar colectivamente los desaf\u00edos de un mundo contempor\u00e1neo, m\u00e1s all\u00e1 de las fronteras impuestas.","url":"https:\/\/pagina10.com\/web\/author\/pdiezadmin\/"}]}},"_links":{"self":[{"href":"https:\/\/pagina10.com\/web\/wp-json\/wp\/v2\/posts\/65634","targetHints":{"allow":["GET"]}}],"collection":[{"href":"https:\/\/pagina10.com\/web\/wp-json\/wp\/v2\/posts"}],"about":[{"href":"https:\/\/pagina10.com\/web\/wp-json\/wp\/v2\/types\/post"}],"author":[{"embeddable":true,"href":"https:\/\/pagina10.com\/web\/wp-json\/wp\/v2\/users\/1"}],"replies":[{"embeddable":true,"href":"https:\/\/pagina10.com\/web\/wp-json\/wp\/v2\/comments?post=65634"}],"version-history":[{"count":1,"href":"https:\/\/pagina10.com\/web\/wp-json\/wp\/v2\/posts\/65634\/revisions"}],"predecessor-version":[{"id":65636,"href":"https:\/\/pagina10.com\/web\/wp-json\/wp\/v2\/posts\/65634\/revisions\/65636"}],"wp:featuredmedia":[{"embeddable":true,"href":"https:\/\/pagina10.com\/web\/wp-json\/wp\/v2\/media\/65635"}],"wp:attachment":[{"href":"https:\/\/pagina10.com\/web\/wp-json\/wp\/v2\/media?parent=65634"}],"wp:term":[{"taxonomy":"category","embeddable":true,"href":"https:\/\/pagina10.com\/web\/wp-json\/wp\/v2\/categories?post=65634"},{"taxonomy":"post_tag","embeddable":true,"href":"https:\/\/pagina10.com\/web\/wp-json\/wp\/v2\/tags?post=65634"}],"curies":[{"name":"wp","href":"https:\/\/api.w.org\/{rel}","templated":true}]}}