{"id":65641,"date":"2023-04-27T16:35:44","date_gmt":"2023-04-27T21:35:44","guid":{"rendered":"https:\/\/pagina10.com\/web\/?p=65641"},"modified":"2023-04-27T16:35:44","modified_gmt":"2023-04-27T21:35:44","slug":"jurista-narinense-fue-elegida-magistrada-de-la-corte-suprema-de-justicia","status":"publish","type":"post","link":"https:\/\/pagina10.com\/web\/jurista-narinense-fue-elegida-magistrada-de-la-corte-suprema-de-justicia\/","title":{"rendered":"Jurista nari\u00f1ense fue elegida magistrada de la Corte Suprema de Justicia."},"content":{"rendered":"<p style=\"text-align: justify;\">La Sala Plena de la Corte Suprema de Justica eligi\u00f3 a la jurista Clara In\u00e9s L\u00f3pez D\u00e1vila como nueva magistrada de la Sala de Casaci\u00f3n Laboral de la corporaci\u00f3n.<\/p>\n<p style=\"text-align: justify;\">La magistrada Clara In\u00e9s L\u00f3pez D\u00e1vila, nacida en el municipio de El Tambo (Nari\u00f1o), es abogada egresada de la Universidad de Caldas, con t\u00edtulo de maestr\u00eda en Derecho Procesal y especialista en Derecho Procesal Contempor\u00e1neo de la Universidad de Medell\u00edn, y especialista en Derecho Administrativo de la Universidad de Nari\u00f1o y en Derecho del Trabajo de la Universidad Nacional de Colombia.<\/p>\n<p style=\"text-align: justify;\">A la fecha se ven\u00eda desempe\u00f1ando como magistrada de la Sala Laboral del Tribunal Superior de Pasto, luego de haber ejercido como magistrada de los tribunales superiores de Medell\u00edn y Santa Marta, juez laboral del circuito de Tumaco y Pasto, juez promiscuo municipal de El Tambo, abogada litigante y jefe de la Oficina de Control Interno de Gesti\u00f3n, jefe de Quejas y Reclamos, abogada auxiliar y subsecretaria de Talento Humano de la Gobernaci\u00f3n de Nari\u00f1o.<\/p>\n","protected":false},"excerpt":{"rendered":"<p>La Sala Plena de la Corte Suprema de Justica eligi\u00f3 a la jurista Clara In\u00e9s L\u00f3pez D\u00e1vila como nueva magistrada de la Sala de Casaci\u00f3n Laboral de la corporaci\u00f3n. La magistrada Clara In\u00e9s L\u00f3pez D\u00e1vila, nacida en el municipio de El Tambo (Nari\u00f1o), es abogada egresada de la Universidad de Caldas, con t\u00edtulo de maestr\u00eda [&hellip;]<\/p>\n","protected":false},"author":1,"featured_media":65642,"comment_status":"open","ping_status":"open","sticky":false,"template":"","format":"standard","meta":{"footnotes":""},"categories":[84,1528],"tags":[],"class_list":["post-65641","post","type-post","status-publish","format-standard","has-post-thumbnail","hentry","category-global-2","category-titulares"],"yoast_head":"<!-- This site is optimized with the Yoast SEO plugin v27.1.1 - https:\/\/yoast.com\/product\/yoast-seo-wordpress\/ -->\n<title>Jurista nari\u00f1ense fue elegida magistrada de la Corte Suprema de Justicia. | P\u00e1gina10<\/title>\n<meta name=\"robots\" content=\"index, follow, max-snippet:-1, max-image-preview:large, max-video-preview:-1\" \/>\n<link rel=\"canonical\" href=\"https:\/\/pagina10.com\/web\/jurista-narinense-fue-elegida-magistrada-de-la-corte-suprema-de-justicia\/\" \/>\n<meta property=\"og:locale\" content=\"es_ES\" \/>\n<meta property=\"og:type\" content=\"article\" \/>\n<meta property=\"og:title\" content=\"Jurista nari\u00f1ense fue elegida magistrada de la Corte Suprema de Justicia. | P\u00e1gina10\" \/>\n<meta property=\"og:description\" content=\"La Sala Plena de la Corte Suprema de Justica eligi\u00f3 a la jurista Clara In\u00e9s L\u00f3pez D\u00e1vila como nueva magistrada de la Sala de Casaci\u00f3n Laboral de la corporaci\u00f3n. La magistrada Clara In\u00e9s L\u00f3pez D\u00e1vila, nacida en el municipio de El Tambo (Nari\u00f1o), es abogada egresada de la Universidad de Caldas, con t\u00edtulo de maestr\u00eda [&hellip;]\" \/>\n<meta property=\"og:url\" content=\"https:\/\/pagina10.com\/web\/jurista-narinense-fue-elegida-magistrada-de-la-corte-suprema-de-justicia\/\" \/>\n<meta property=\"og:site_name\" content=\"P\u00e1gina10\" \/>\n<meta property=\"article:publisher\" content=\"https:\/\/www.facebook.com\/pag10com\" \/>\n<meta property=\"article:published_time\" content=\"2023-04-27T21:35:44+00:00\" \/>\n<meta property=\"og:image\" content=\"https:\/\/pagina10.com\/web\/wp-content\/uploads\/2023\/04\/WhatsApp-Image-2023-04-27-at-4.34.10-PM.jpeg\" \/>\n\t<meta property=\"og:image:width\" content=\"893\" \/>\n\t<meta property=\"og:image:height\" content=\"539\" \/>\n\t<meta property=\"og:image:type\" content=\"image\/jpeg\" \/>\n<meta name=\"author\" content=\"P\u00e1gina 10\" \/>\n<meta name=\"twitter:card\" content=\"summary_large_image\" \/>\n<meta name=\"twitter:creator\" content=\"@Pag10com\" \/>\n<meta name=\"twitter:site\" content=\"@Pag10com\" \/>\n<meta name=\"twitter:label1\" content=\"Escrito por\" \/>\n\t<meta name=\"twitter:data1\" content=\"P\u00e1gina 10\" \/>\n\t<meta name=\"twitter:label2\" content=\"Tiempo de lectura\" \/>\n\t<meta name=\"twitter:data2\" content=\"1 minuto\" \/>\n<script type=\"application\/ld+json\" class=\"yoast-schema-graph\">{\"@context\":\"https:\/\/schema.org\",\"@graph\":[{\"@type\":\"Article\",\"@id\":\"https:\/\/pagina10.com\/web\/jurista-narinense-fue-elegida-magistrada-de-la-corte-suprema-de-justicia\/#article\",\"isPartOf\":{\"@id\":\"https:\/\/pagina10.com\/web\/jurista-narinense-fue-elegida-magistrada-de-la-corte-suprema-de-justicia\/\"},\"author\":{\"name\":\"P\u00e1gina 10\",\"@id\":\"https:\/\/pagina10.com\/web\/#\/schema\/person\/2efc4a090d25b667d3bc796798a3a81b\"},\"headline\":\"Jurista nari\u00f1ense fue elegida magistrada de la Corte Suprema de Justicia.\",\"datePublished\":\"2023-04-27T21:35:44+00:00\",\"mainEntityOfPage\":{\"@id\":\"https:\/\/pagina10.com\/web\/jurista-narinense-fue-elegida-magistrada-de-la-corte-suprema-de-justicia\/\"},\"wordCount\":197,\"commentCount\":0,\"publisher\":{\"@id\":\"https:\/\/pagina10.com\/web\/#organization\"},\"image\":{\"@id\":\"https:\/\/pagina10.com\/web\/jurista-narinense-fue-elegida-magistrada-de-la-corte-suprema-de-justicia\/#primaryimage\"},\"thumbnailUrl\":\"https:\/\/pagina10.com\/web\/wp-content\/uploads\/2023\/04\/WhatsApp-Image-2023-04-27-at-4.34.10-PM.jpeg\",\"articleSection\":[\"Global\",\"Titulares\"],\"inLanguage\":\"es\",\"potentialAction\":[{\"@type\":\"CommentAction\",\"name\":\"Comment\",\"target\":[\"https:\/\/pagina10.com\/web\/jurista-narinense-fue-elegida-magistrada-de-la-corte-suprema-de-justicia\/#respond\"]}]},{\"@type\":\"WebPage\",\"@id\":\"https:\/\/pagina10.com\/web\/jurista-narinense-fue-elegida-magistrada-de-la-corte-suprema-de-justicia\/\",\"url\":\"https:\/\/pagina10.com\/web\/jurista-narinense-fue-elegida-magistrada-de-la-corte-suprema-de-justicia\/\",\"name\":\"Jurista nari\u00f1ense fue elegida magistrada de la Corte Suprema de Justicia. | P\u00e1gina10\",\"isPartOf\":{\"@id\":\"https:\/\/pagina10.com\/web\/#website\"},\"primaryImageOfPage\":{\"@id\":\"https:\/\/pagina10.com\/web\/jurista-narinense-fue-elegida-magistrada-de-la-corte-suprema-de-justicia\/#primaryimage\"},\"image\":{\"@id\":\"https:\/\/pagina10.com\/web\/jurista-narinense-fue-elegida-magistrada-de-la-corte-suprema-de-justicia\/#primaryimage\"},\"thumbnailUrl\":\"https:\/\/pagina10.com\/web\/wp-content\/uploads\/2023\/04\/WhatsApp-Image-2023-04-27-at-4.34.10-PM.jpeg\",\"datePublished\":\"2023-04-27T21:35:44+00:00\",\"breadcrumb\":{\"@id\":\"https:\/\/pagina10.com\/web\/jurista-narinense-fue-elegida-magistrada-de-la-corte-suprema-de-justicia\/#breadcrumb\"},\"inLanguage\":\"es\",\"potentialAction\":[{\"@type\":\"ReadAction\",\"target\":[\"https:\/\/pagina10.com\/web\/jurista-narinense-fue-elegida-magistrada-de-la-corte-suprema-de-justicia\/\"]}]},{\"@type\":\"ImageObject\",\"inLanguage\":\"es\",\"@id\":\"https:\/\/pagina10.com\/web\/jurista-narinense-fue-elegida-magistrada-de-la-corte-suprema-de-justicia\/#primaryimage\",\"url\":\"https:\/\/pagina10.com\/web\/wp-content\/uploads\/2023\/04\/WhatsApp-Image-2023-04-27-at-4.34.10-PM.jpeg\",\"contentUrl\":\"https:\/\/pagina10.com\/web\/wp-content\/uploads\/2023\/04\/WhatsApp-Image-2023-04-27-at-4.34.10-PM.jpeg\",\"width\":893,\"height\":539},{\"@type\":\"BreadcrumbList\",\"@id\":\"https:\/\/pagina10.com\/web\/jurista-narinense-fue-elegida-magistrada-de-la-corte-suprema-de-justicia\/#breadcrumb\",\"itemListElement\":[{\"@type\":\"ListItem\",\"position\":1,\"name\":\"Portada\",\"item\":\"https:\/\/pagina10.com\/web\/\"},{\"@type\":\"ListItem\",\"position\":2,\"name\":\"Jurista nari\u00f1ense fue elegida magistrada de la Corte Suprema de Justicia.\"}]},{\"@type\":\"WebSite\",\"@id\":\"https:\/\/pagina10.com\/web\/#website\",\"url\":\"https:\/\/pagina10.com\/web\/\",\"name\":\"P\u00e1gina10\",\"description\":\"Peri\u00f3dico Regional\",\"publisher\":{\"@id\":\"https:\/\/pagina10.com\/web\/#organization\"},\"alternateName\":\"P\u00e1gina10 Peri\u00f3dico Regional\",\"potentialAction\":[{\"@type\":\"SearchAction\",\"target\":{\"@type\":\"EntryPoint\",\"urlTemplate\":\"https:\/\/pagina10.com\/web\/?s={search_term_string}\"},\"query-input\":{\"@type\":\"PropertyValueSpecification\",\"valueRequired\":true,\"valueName\":\"search_term_string\"}}],\"inLanguage\":\"es\"},{\"@type\":\"Organization\",\"@id\":\"https:\/\/pagina10.com\/web\/#organization\",\"name\":\"P\u00e1gina10\",\"alternateName\":\"P\u00e1gina10 Peri\u00f3dico Regional\",\"url\":\"https:\/\/pagina10.com\/web\/\",\"logo\":{\"@type\":\"ImageObject\",\"inLanguage\":\"es\",\"@id\":\"https:\/\/pagina10.com\/web\/#\/schema\/logo\/image\/\",\"url\":\"https:\/\/pagina10.com\/web\/wp-content\/uploads\/2024\/01\/40-pagina-10-periodico-regional-pasto.jpg\",\"contentUrl\":\"https:\/\/pagina10.com\/web\/wp-content\/uploads\/2024\/01\/40-pagina-10-periodico-regional-pasto.jpg\",\"width\":1280,\"height\":720,\"caption\":\"P\u00e1gina10\"},\"image\":{\"@id\":\"https:\/\/pagina10.com\/web\/#\/schema\/logo\/image\/\"},\"sameAs\":[\"https:\/\/www.facebook.com\/pag10com\",\"https:\/\/x.com\/Pag10com\",\"https:\/\/www.instagram.com\/pagina10col\/\",\"https:\/\/youtube.com\/channel\/pag10\",\"https:\/\/www.tiktok.com\/@p10col\"]},{\"@type\":\"Person\",\"@id\":\"https:\/\/pagina10.com\/web\/#\/schema\/person\/2efc4a090d25b667d3bc796798a3a81b\",\"name\":\"P\u00e1gina 10\",\"description\":\"P\u00e1gina 10 es un peri\u00f3dico regional que nace en Colombia, en el departamento de Nari\u00f1o, con un enfoque global, fundamentado en cuatro pilares esenciales: la libertad, el pluralismo, la inclusi\u00f3n y la independencia. P\u00e1gina 10 hace referencia a Nari\u00f1o como el d\u00e9cimo departamento creado en Colombia, despu\u00e9s de un proceso pol\u00edtico liderado por actores y actrices regionales con el fin de obtener la independencia y autonom\u00eda de nuestros territorios. Con la creaci\u00f3n de P\u00e1gina 10 se pretende abrir un escenario para el dialogo, la reflexi\u00f3n y el debate que se extienda a otras geograf\u00edas de Am\u00e9rica Latina y del planeta, en una apuesta por transformar colectivamente los desaf\u00edos de un mundo contempor\u00e1neo, m\u00e1s all\u00e1 de las fronteras impuestas.\",\"url\":\"https:\/\/pagina10.com\/web\/author\/pdiezadmin\/\"}]}<\/script>\n<!-- \/ Yoast SEO plugin. -->","yoast_head_json":{"title":"Jurista nari\u00f1ense fue elegida magistrada de la Corte Suprema de Justicia. | P\u00e1gina10","robots":{"index":"index","follow":"follow","max-snippet":"max-snippet:-1","max-image-preview":"max-image-preview:large","max-video-preview":"max-video-preview:-1"},"canonical":"https:\/\/pagina10.com\/web\/jurista-narinense-fue-elegida-magistrada-de-la-corte-suprema-de-justicia\/","og_locale":"es_ES","og_type":"article","og_title":"Jurista nari\u00f1ense fue elegida magistrada de la Corte Suprema de Justicia. | P\u00e1gina10","og_description":"La Sala Plena de la Corte Suprema de Justica eligi\u00f3 a la jurista Clara In\u00e9s L\u00f3pez D\u00e1vila como nueva magistrada de la Sala de Casaci\u00f3n Laboral de la corporaci\u00f3n. La magistrada Clara In\u00e9s L\u00f3pez D\u00e1vila, nacida en el municipio de El Tambo (Nari\u00f1o), es abogada egresada de la Universidad de Caldas, con t\u00edtulo de maestr\u00eda [&hellip;]","og_url":"https:\/\/pagina10.com\/web\/jurista-narinense-fue-elegida-magistrada-de-la-corte-suprema-de-justicia\/","og_site_name":"P\u00e1gina10","article_publisher":"https:\/\/www.facebook.com\/pag10com","article_published_time":"2023-04-27T21:35:44+00:00","og_image":[{"width":893,"height":539,"url":"https:\/\/pagina10.com\/web\/wp-content\/uploads\/2023\/04\/WhatsApp-Image-2023-04-27-at-4.34.10-PM.jpeg","type":"image\/jpeg"}],"author":"P\u00e1gina 10","twitter_card":"summary_large_image","twitter_creator":"@Pag10com","twitter_site":"@Pag10com","twitter_misc":{"Escrito por":"P\u00e1gina 10","Tiempo de lectura":"1 minuto"},"schema":{"@context":"https:\/\/schema.org","@graph":[{"@type":"Article","@id":"https:\/\/pagina10.com\/web\/jurista-narinense-fue-elegida-magistrada-de-la-corte-suprema-de-justicia\/#article","isPartOf":{"@id":"https:\/\/pagina10.com\/web\/jurista-narinense-fue-elegida-magistrada-de-la-corte-suprema-de-justicia\/"},"author":{"name":"P\u00e1gina 10","@id":"https:\/\/pagina10.com\/web\/#\/schema\/person\/2efc4a090d25b667d3bc796798a3a81b"},"headline":"Jurista nari\u00f1ense fue elegida magistrada de la Corte Suprema de Justicia.","datePublished":"2023-04-27T21:35:44+00:00","mainEntityOfPage":{"@id":"https:\/\/pagina10.com\/web\/jurista-narinense-fue-elegida-magistrada-de-la-corte-suprema-de-justicia\/"},"wordCount":197,"commentCount":0,"publisher":{"@id":"https:\/\/pagina10.com\/web\/#organization"},"image":{"@id":"https:\/\/pagina10.com\/web\/jurista-narinense-fue-elegida-magistrada-de-la-corte-suprema-de-justicia\/#primaryimage"},"thumbnailUrl":"https:\/\/pagina10.com\/web\/wp-content\/uploads\/2023\/04\/WhatsApp-Image-2023-04-27-at-4.34.10-PM.jpeg","articleSection":["Global","Titulares"],"inLanguage":"es","potentialAction":[{"@type":"CommentAction","name":"Comment","target":["https:\/\/pagina10.com\/web\/jurista-narinense-fue-elegida-magistrada-de-la-corte-suprema-de-justicia\/#respond"]}]},{"@type":"WebPage","@id":"https:\/\/pagina10.com\/web\/jurista-narinense-fue-elegida-magistrada-de-la-corte-suprema-de-justicia\/","url":"https:\/\/pagina10.com\/web\/jurista-narinense-fue-elegida-magistrada-de-la-corte-suprema-de-justicia\/","name":"Jurista nari\u00f1ense fue elegida magistrada de la Corte Suprema de Justicia. | P\u00e1gina10","isPartOf":{"@id":"https:\/\/pagina10.com\/web\/#website"},"primaryImageOfPage":{"@id":"https:\/\/pagina10.com\/web\/jurista-narinense-fue-elegida-magistrada-de-la-corte-suprema-de-justicia\/#primaryimage"},"image":{"@id":"https:\/\/pagina10.com\/web\/jurista-narinense-fue-elegida-magistrada-de-la-corte-suprema-de-justicia\/#primaryimage"},"thumbnailUrl":"https:\/\/pagina10.com\/web\/wp-content\/uploads\/2023\/04\/WhatsApp-Image-2023-04-27-at-4.34.10-PM.jpeg","datePublished":"2023-04-27T21:35:44+00:00","breadcrumb":{"@id":"https:\/\/pagina10.com\/web\/jurista-narinense-fue-elegida-magistrada-de-la-corte-suprema-de-justicia\/#breadcrumb"},"inLanguage":"es","potentialAction":[{"@type":"ReadAction","target":["https:\/\/pagina10.com\/web\/jurista-narinense-fue-elegida-magistrada-de-la-corte-suprema-de-justicia\/"]}]},{"@type":"ImageObject","inLanguage":"es","@id":"https:\/\/pagina10.com\/web\/jurista-narinense-fue-elegida-magistrada-de-la-corte-suprema-de-justicia\/#primaryimage","url":"https:\/\/pagina10.com\/web\/wp-content\/uploads\/2023\/04\/WhatsApp-Image-2023-04-27-at-4.34.10-PM.jpeg","contentUrl":"https:\/\/pagina10.com\/web\/wp-content\/uploads\/2023\/04\/WhatsApp-Image-2023-04-27-at-4.34.10-PM.jpeg","width":893,"height":539},{"@type":"BreadcrumbList","@id":"https:\/\/pagina10.com\/web\/jurista-narinense-fue-elegida-magistrada-de-la-corte-suprema-de-justicia\/#breadcrumb","itemListElement":[{"@type":"ListItem","position":1,"name":"Portada","item":"https:\/\/pagina10.com\/web\/"},{"@type":"ListItem","position":2,"name":"Jurista nari\u00f1ense fue elegida magistrada de la Corte Suprema de Justicia."}]},{"@type":"WebSite","@id":"https:\/\/pagina10.com\/web\/#website","url":"https:\/\/pagina10.com\/web\/","name":"P\u00e1gina10","description":"Peri\u00f3dico Regional","publisher":{"@id":"https:\/\/pagina10.com\/web\/#organization"},"alternateName":"P\u00e1gina10 Peri\u00f3dico Regional","potentialAction":[{"@type":"SearchAction","target":{"@type":"EntryPoint","urlTemplate":"https:\/\/pagina10.com\/web\/?s={search_term_string}"},"query-input":{"@type":"PropertyValueSpecification","valueRequired":true,"valueName":"search_term_string"}}],"inLanguage":"es"},{"@type":"Organization","@id":"https:\/\/pagina10.com\/web\/#organization","name":"P\u00e1gina10","alternateName":"P\u00e1gina10 Peri\u00f3dico Regional","url":"https:\/\/pagina10.com\/web\/","logo":{"@type":"ImageObject","inLanguage":"es","@id":"https:\/\/pagina10.com\/web\/#\/schema\/logo\/image\/","url":"https:\/\/pagina10.com\/web\/wp-content\/uploads\/2024\/01\/40-pagina-10-periodico-regional-pasto.jpg","contentUrl":"https:\/\/pagina10.com\/web\/wp-content\/uploads\/2024\/01\/40-pagina-10-periodico-regional-pasto.jpg","width":1280,"height":720,"caption":"P\u00e1gina10"},"image":{"@id":"https:\/\/pagina10.com\/web\/#\/schema\/logo\/image\/"},"sameAs":["https:\/\/www.facebook.com\/pag10com","https:\/\/x.com\/Pag10com","https:\/\/www.instagram.com\/pagina10col\/","https:\/\/youtube.com\/channel\/pag10","https:\/\/www.tiktok.com\/@p10col"]},{"@type":"Person","@id":"https:\/\/pagina10.com\/web\/#\/schema\/person\/2efc4a090d25b667d3bc796798a3a81b","name":"P\u00e1gina 10","description":"P\u00e1gina 10 es un peri\u00f3dico regional que nace en Colombia, en el departamento de Nari\u00f1o, con un enfoque global, fundamentado en cuatro pilares esenciales: la libertad, el pluralismo, la inclusi\u00f3n y la independencia. P\u00e1gina 10 hace referencia a Nari\u00f1o como el d\u00e9cimo departamento creado en Colombia, despu\u00e9s de un proceso pol\u00edtico liderado por actores y actrices regionales con el fin de obtener la independencia y autonom\u00eda de nuestros territorios. Con la creaci\u00f3n de P\u00e1gina 10 se pretende abrir un escenario para el dialogo, la reflexi\u00f3n y el debate que se extienda a otras geograf\u00edas de Am\u00e9rica Latina y del planeta, en una apuesta por transformar colectivamente los desaf\u00edos de un mundo contempor\u00e1neo, m\u00e1s all\u00e1 de las fronteras impuestas.","url":"https:\/\/pagina10.com\/web\/author\/pdiezadmin\/"}]}},"_links":{"self":[{"href":"https:\/\/pagina10.com\/web\/wp-json\/wp\/v2\/posts\/65641","targetHints":{"allow":["GET"]}}],"collection":[{"href":"https:\/\/pagina10.com\/web\/wp-json\/wp\/v2\/posts"}],"about":[{"href":"https:\/\/pagina10.com\/web\/wp-json\/wp\/v2\/types\/post"}],"author":[{"embeddable":true,"href":"https:\/\/pagina10.com\/web\/wp-json\/wp\/v2\/users\/1"}],"replies":[{"embeddable":true,"href":"https:\/\/pagina10.com\/web\/wp-json\/wp\/v2\/comments?post=65641"}],"version-history":[{"count":1,"href":"https:\/\/pagina10.com\/web\/wp-json\/wp\/v2\/posts\/65641\/revisions"}],"predecessor-version":[{"id":65643,"href":"https:\/\/pagina10.com\/web\/wp-json\/wp\/v2\/posts\/65641\/revisions\/65643"}],"wp:featuredmedia":[{"embeddable":true,"href":"https:\/\/pagina10.com\/web\/wp-json\/wp\/v2\/media\/65642"}],"wp:attachment":[{"href":"https:\/\/pagina10.com\/web\/wp-json\/wp\/v2\/media?parent=65641"}],"wp:term":[{"taxonomy":"category","embeddable":true,"href":"https:\/\/pagina10.com\/web\/wp-json\/wp\/v2\/categories?post=65641"},{"taxonomy":"post_tag","embeddable":true,"href":"https:\/\/pagina10.com\/web\/wp-json\/wp\/v2\/tags?post=65641"}],"curies":[{"name":"wp","href":"https:\/\/api.w.org\/{rel}","templated":true}]}}