{"id":65647,"date":"2023-04-27T17:13:07","date_gmt":"2023-04-27T22:13:07","guid":{"rendered":"https:\/\/pagina10.com\/web\/?p=65647"},"modified":"2023-04-27T17:13:07","modified_gmt":"2023-04-27T22:13:07","slug":"resguardo-indigena-inga-de-aponte-recibe-casa-guardia","status":"publish","type":"post","link":"https:\/\/pagina10.com\/web\/resguardo-indigena-inga-de-aponte-recibe-casa-guardia\/","title":{"rendered":"Resguardo Ind\u00edgena INGA de Aponte recibe Casa Guardia"},"content":{"rendered":"<p style=\"text-align: justify;\">A trav\u00e9s de la Casa Guardia, la comunidad ind\u00edgena de Aponte, fortalece la atenci\u00f3n y la preservaci\u00f3n de sus tradiciones culturales y ancestrales.<\/p>\n<p style=\"text-align: justify;\">La Gobernaci\u00f3n de Nari\u00f1o, a trav\u00e9s de la Secretar\u00eda de Gobierno, hizo entrega de la obra de infraestructura de la Casa Cultura Guardia de Aponte, proyecto que le permite a la guardia ind\u00edgena del pueblo INGA de Aponte, brindar un espacio de intercambio de costumbres y saberes, adem\u00e1s de mejorar la atenci\u00f3n de su comunidad, as\u00ed como lo manifest\u00f3 el Gobernador de este resguardo, Jader Chasoy, \u201cEs fundamental para el desarrollo y el progres\u00f3 de nuestra guardia y por supuesto para nuestro territorio, gracias por este proyecto que nos incentiva para seguir adelante \u201d.<\/p>\n<p style=\"text-align: justify;\">Durante la entrega de la obra, se realiz\u00f3 una ceremonia de armonizaci\u00f3n y de agradecimiento ancestral, debido a que este proyecto, era esperado hace mucho tiempo por esta comunidad asentada en el municipio de El Tabl\u00f3n de G\u00f3mez, \u201cLa Casa Guardia es esencial, muy primordial ya que en ella podemos hacer mingas de pensamiento para reconstruir y fortalecernos internamente\u201d, resalt\u00f3 el Gobernador del resguardo.<\/p>\n<p style=\"text-align: justify;\">Este proyecto, se logra a trav\u00e9s del componente \u00e9tnico de la Subsecretar\u00eda de Desarrollo Comunitario de la Gobernaci\u00f3n de Nari\u00f1o, donde estamos comprometidos con el mejoramiento de la calidad de vida de las comunidades ind\u00edgenas y la protecci\u00f3n de sus territorios y costumbres, como lo asegur\u00f3 el Subsecretario de Desarrollo Comunitario del Departamento, Gustavo Ojeda Luna: \u201cHoy queda entregada la Casa de Guardia que les va servir para el fortalecimiento en primer lugar de su guardia, para el fortalecimiento del cabildo y para que ellos puedan adelantar actividades propias de esta comunidad\u201d.<\/p>\n","protected":false},"excerpt":{"rendered":"<p>A trav\u00e9s de la Casa Guardia, la comunidad ind\u00edgena de Aponte, fortalece la atenci\u00f3n y la preservaci\u00f3n de sus tradiciones culturales y ancestrales. La Gobernaci\u00f3n de Nari\u00f1o, a trav\u00e9s de la Secretar\u00eda de Gobierno, hizo entrega de la obra de infraestructura de la Casa Cultura Guardia de Aponte, proyecto que le permite a la guardia [&hellip;]<\/p>\n","protected":false},"author":1,"featured_media":65648,"comment_status":"open","ping_status":"open","sticky":false,"template":"","format":"standard","meta":{"footnotes":""},"categories":[53],"tags":[],"class_list":["post-65647","post","type-post","status-publish","format-standard","has-post-thumbnail","hentry","category-regiones"],"yoast_head":"<!-- This site is optimized with the Yoast SEO plugin v27.1.1 - https:\/\/yoast.com\/product\/yoast-seo-wordpress\/ -->\n<title>Resguardo Ind\u00edgena INGA de Aponte recibe Casa Guardia | P\u00e1gina10<\/title>\n<meta name=\"robots\" content=\"index, follow, max-snippet:-1, max-image-preview:large, max-video-preview:-1\" \/>\n<link rel=\"canonical\" href=\"https:\/\/pagina10.com\/web\/resguardo-indigena-inga-de-aponte-recibe-casa-guardia\/\" \/>\n<meta property=\"og:locale\" content=\"es_ES\" \/>\n<meta property=\"og:type\" content=\"article\" \/>\n<meta property=\"og:title\" content=\"Resguardo Ind\u00edgena INGA de Aponte recibe Casa Guardia | P\u00e1gina10\" \/>\n<meta property=\"og:description\" content=\"A trav\u00e9s de la Casa Guardia, la comunidad ind\u00edgena de Aponte, fortalece la atenci\u00f3n y la preservaci\u00f3n de sus tradiciones culturales y ancestrales. La Gobernaci\u00f3n de Nari\u00f1o, a trav\u00e9s de la Secretar\u00eda de Gobierno, hizo entrega de la obra de infraestructura de la Casa Cultura Guardia de Aponte, proyecto que le permite a la guardia [&hellip;]\" \/>\n<meta property=\"og:url\" content=\"https:\/\/pagina10.com\/web\/resguardo-indigena-inga-de-aponte-recibe-casa-guardia\/\" \/>\n<meta property=\"og:site_name\" content=\"P\u00e1gina10\" \/>\n<meta property=\"article:publisher\" content=\"https:\/\/www.facebook.com\/pag10com\" \/>\n<meta property=\"article:published_time\" content=\"2023-04-27T22:13:07+00:00\" \/>\n<meta property=\"og:image\" content=\"https:\/\/pagina10.com\/web\/wp-content\/uploads\/2023\/04\/343590220_894583928501667_8794476721741621779_n.jpg\" \/>\n\t<meta property=\"og:image:width\" content=\"1600\" \/>\n\t<meta property=\"og:image:height\" content=\"901\" \/>\n\t<meta property=\"og:image:type\" content=\"image\/jpeg\" \/>\n<meta name=\"author\" content=\"P\u00e1gina 10\" \/>\n<meta name=\"twitter:card\" content=\"summary_large_image\" \/>\n<meta name=\"twitter:creator\" content=\"@Pag10com\" \/>\n<meta name=\"twitter:site\" content=\"@Pag10com\" \/>\n<meta name=\"twitter:label1\" content=\"Escrito por\" \/>\n\t<meta name=\"twitter:data1\" content=\"P\u00e1gina 10\" \/>\n\t<meta name=\"twitter:label2\" content=\"Tiempo de lectura\" \/>\n\t<meta name=\"twitter:data2\" content=\"1 minuto\" \/>\n<script type=\"application\/ld+json\" class=\"yoast-schema-graph\">{\"@context\":\"https:\/\/schema.org\",\"@graph\":[{\"@type\":\"Article\",\"@id\":\"https:\/\/pagina10.com\/web\/resguardo-indigena-inga-de-aponte-recibe-casa-guardia\/#article\",\"isPartOf\":{\"@id\":\"https:\/\/pagina10.com\/web\/resguardo-indigena-inga-de-aponte-recibe-casa-guardia\/\"},\"author\":{\"name\":\"P\u00e1gina 10\",\"@id\":\"https:\/\/pagina10.com\/web\/#\/schema\/person\/2efc4a090d25b667d3bc796798a3a81b\"},\"headline\":\"Resguardo Ind\u00edgena INGA de Aponte recibe Casa Guardia\",\"datePublished\":\"2023-04-27T22:13:07+00:00\",\"mainEntityOfPage\":{\"@id\":\"https:\/\/pagina10.com\/web\/resguardo-indigena-inga-de-aponte-recibe-casa-guardia\/\"},\"wordCount\":301,\"commentCount\":0,\"publisher\":{\"@id\":\"https:\/\/pagina10.com\/web\/#organization\"},\"image\":{\"@id\":\"https:\/\/pagina10.com\/web\/resguardo-indigena-inga-de-aponte-recibe-casa-guardia\/#primaryimage\"},\"thumbnailUrl\":\"https:\/\/pagina10.com\/web\/wp-content\/uploads\/2023\/04\/343590220_894583928501667_8794476721741621779_n.jpg\",\"articleSection\":[\"Regiones\"],\"inLanguage\":\"es\",\"potentialAction\":[{\"@type\":\"CommentAction\",\"name\":\"Comment\",\"target\":[\"https:\/\/pagina10.com\/web\/resguardo-indigena-inga-de-aponte-recibe-casa-guardia\/#respond\"]}]},{\"@type\":\"WebPage\",\"@id\":\"https:\/\/pagina10.com\/web\/resguardo-indigena-inga-de-aponte-recibe-casa-guardia\/\",\"url\":\"https:\/\/pagina10.com\/web\/resguardo-indigena-inga-de-aponte-recibe-casa-guardia\/\",\"name\":\"Resguardo Ind\u00edgena INGA de Aponte recibe Casa Guardia | P\u00e1gina10\",\"isPartOf\":{\"@id\":\"https:\/\/pagina10.com\/web\/#website\"},\"primaryImageOfPage\":{\"@id\":\"https:\/\/pagina10.com\/web\/resguardo-indigena-inga-de-aponte-recibe-casa-guardia\/#primaryimage\"},\"image\":{\"@id\":\"https:\/\/pagina10.com\/web\/resguardo-indigena-inga-de-aponte-recibe-casa-guardia\/#primaryimage\"},\"thumbnailUrl\":\"https:\/\/pagina10.com\/web\/wp-content\/uploads\/2023\/04\/343590220_894583928501667_8794476721741621779_n.jpg\",\"datePublished\":\"2023-04-27T22:13:07+00:00\",\"breadcrumb\":{\"@id\":\"https:\/\/pagina10.com\/web\/resguardo-indigena-inga-de-aponte-recibe-casa-guardia\/#breadcrumb\"},\"inLanguage\":\"es\",\"potentialAction\":[{\"@type\":\"ReadAction\",\"target\":[\"https:\/\/pagina10.com\/web\/resguardo-indigena-inga-de-aponte-recibe-casa-guardia\/\"]}]},{\"@type\":\"ImageObject\",\"inLanguage\":\"es\",\"@id\":\"https:\/\/pagina10.com\/web\/resguardo-indigena-inga-de-aponte-recibe-casa-guardia\/#primaryimage\",\"url\":\"https:\/\/pagina10.com\/web\/wp-content\/uploads\/2023\/04\/343590220_894583928501667_8794476721741621779_n.jpg\",\"contentUrl\":\"https:\/\/pagina10.com\/web\/wp-content\/uploads\/2023\/04\/343590220_894583928501667_8794476721741621779_n.jpg\",\"width\":1600,\"height\":901},{\"@type\":\"BreadcrumbList\",\"@id\":\"https:\/\/pagina10.com\/web\/resguardo-indigena-inga-de-aponte-recibe-casa-guardia\/#breadcrumb\",\"itemListElement\":[{\"@type\":\"ListItem\",\"position\":1,\"name\":\"Portada\",\"item\":\"https:\/\/pagina10.com\/web\/\"},{\"@type\":\"ListItem\",\"position\":2,\"name\":\"Resguardo Ind\u00edgena INGA de Aponte recibe Casa Guardia\"}]},{\"@type\":\"WebSite\",\"@id\":\"https:\/\/pagina10.com\/web\/#website\",\"url\":\"https:\/\/pagina10.com\/web\/\",\"name\":\"P\u00e1gina10\",\"description\":\"Peri\u00f3dico Regional\",\"publisher\":{\"@id\":\"https:\/\/pagina10.com\/web\/#organization\"},\"alternateName\":\"P\u00e1gina10 Peri\u00f3dico Regional\",\"potentialAction\":[{\"@type\":\"SearchAction\",\"target\":{\"@type\":\"EntryPoint\",\"urlTemplate\":\"https:\/\/pagina10.com\/web\/?s={search_term_string}\"},\"query-input\":{\"@type\":\"PropertyValueSpecification\",\"valueRequired\":true,\"valueName\":\"search_term_string\"}}],\"inLanguage\":\"es\"},{\"@type\":\"Organization\",\"@id\":\"https:\/\/pagina10.com\/web\/#organization\",\"name\":\"P\u00e1gina10\",\"alternateName\":\"P\u00e1gina10 Peri\u00f3dico Regional\",\"url\":\"https:\/\/pagina10.com\/web\/\",\"logo\":{\"@type\":\"ImageObject\",\"inLanguage\":\"es\",\"@id\":\"https:\/\/pagina10.com\/web\/#\/schema\/logo\/image\/\",\"url\":\"https:\/\/pagina10.com\/web\/wp-content\/uploads\/2024\/01\/40-pagina-10-periodico-regional-pasto.jpg\",\"contentUrl\":\"https:\/\/pagina10.com\/web\/wp-content\/uploads\/2024\/01\/40-pagina-10-periodico-regional-pasto.jpg\",\"width\":1280,\"height\":720,\"caption\":\"P\u00e1gina10\"},\"image\":{\"@id\":\"https:\/\/pagina10.com\/web\/#\/schema\/logo\/image\/\"},\"sameAs\":[\"https:\/\/www.facebook.com\/pag10com\",\"https:\/\/x.com\/Pag10com\",\"https:\/\/www.instagram.com\/pagina10col\/\",\"https:\/\/youtube.com\/channel\/pag10\",\"https:\/\/www.tiktok.com\/@p10col\"]},{\"@type\":\"Person\",\"@id\":\"https:\/\/pagina10.com\/web\/#\/schema\/person\/2efc4a090d25b667d3bc796798a3a81b\",\"name\":\"P\u00e1gina 10\",\"description\":\"P\u00e1gina 10 es un peri\u00f3dico regional que nace en Colombia, en el departamento de Nari\u00f1o, con un enfoque global, fundamentado en cuatro pilares esenciales: la libertad, el pluralismo, la inclusi\u00f3n y la independencia. P\u00e1gina 10 hace referencia a Nari\u00f1o como el d\u00e9cimo departamento creado en Colombia, despu\u00e9s de un proceso pol\u00edtico liderado por actores y actrices regionales con el fin de obtener la independencia y autonom\u00eda de nuestros territorios. Con la creaci\u00f3n de P\u00e1gina 10 se pretende abrir un escenario para el dialogo, la reflexi\u00f3n y el debate que se extienda a otras geograf\u00edas de Am\u00e9rica Latina y del planeta, en una apuesta por transformar colectivamente los desaf\u00edos de un mundo contempor\u00e1neo, m\u00e1s all\u00e1 de las fronteras impuestas.\",\"url\":\"https:\/\/pagina10.com\/web\/author\/pdiezadmin\/\"}]}<\/script>\n<!-- \/ Yoast SEO plugin. -->","yoast_head_json":{"title":"Resguardo Ind\u00edgena INGA de Aponte recibe Casa Guardia | P\u00e1gina10","robots":{"index":"index","follow":"follow","max-snippet":"max-snippet:-1","max-image-preview":"max-image-preview:large","max-video-preview":"max-video-preview:-1"},"canonical":"https:\/\/pagina10.com\/web\/resguardo-indigena-inga-de-aponte-recibe-casa-guardia\/","og_locale":"es_ES","og_type":"article","og_title":"Resguardo Ind\u00edgena INGA de Aponte recibe Casa Guardia | P\u00e1gina10","og_description":"A trav\u00e9s de la Casa Guardia, la comunidad ind\u00edgena de Aponte, fortalece la atenci\u00f3n y la preservaci\u00f3n de sus tradiciones culturales y ancestrales. La Gobernaci\u00f3n de Nari\u00f1o, a trav\u00e9s de la Secretar\u00eda de Gobierno, hizo entrega de la obra de infraestructura de la Casa Cultura Guardia de Aponte, proyecto que le permite a la guardia [&hellip;]","og_url":"https:\/\/pagina10.com\/web\/resguardo-indigena-inga-de-aponte-recibe-casa-guardia\/","og_site_name":"P\u00e1gina10","article_publisher":"https:\/\/www.facebook.com\/pag10com","article_published_time":"2023-04-27T22:13:07+00:00","og_image":[{"width":1600,"height":901,"url":"https:\/\/pagina10.com\/web\/wp-content\/uploads\/2023\/04\/343590220_894583928501667_8794476721741621779_n.jpg","type":"image\/jpeg"}],"author":"P\u00e1gina 10","twitter_card":"summary_large_image","twitter_creator":"@Pag10com","twitter_site":"@Pag10com","twitter_misc":{"Escrito por":"P\u00e1gina 10","Tiempo de lectura":"1 minuto"},"schema":{"@context":"https:\/\/schema.org","@graph":[{"@type":"Article","@id":"https:\/\/pagina10.com\/web\/resguardo-indigena-inga-de-aponte-recibe-casa-guardia\/#article","isPartOf":{"@id":"https:\/\/pagina10.com\/web\/resguardo-indigena-inga-de-aponte-recibe-casa-guardia\/"},"author":{"name":"P\u00e1gina 10","@id":"https:\/\/pagina10.com\/web\/#\/schema\/person\/2efc4a090d25b667d3bc796798a3a81b"},"headline":"Resguardo Ind\u00edgena INGA de Aponte recibe Casa Guardia","datePublished":"2023-04-27T22:13:07+00:00","mainEntityOfPage":{"@id":"https:\/\/pagina10.com\/web\/resguardo-indigena-inga-de-aponte-recibe-casa-guardia\/"},"wordCount":301,"commentCount":0,"publisher":{"@id":"https:\/\/pagina10.com\/web\/#organization"},"image":{"@id":"https:\/\/pagina10.com\/web\/resguardo-indigena-inga-de-aponte-recibe-casa-guardia\/#primaryimage"},"thumbnailUrl":"https:\/\/pagina10.com\/web\/wp-content\/uploads\/2023\/04\/343590220_894583928501667_8794476721741621779_n.jpg","articleSection":["Regiones"],"inLanguage":"es","potentialAction":[{"@type":"CommentAction","name":"Comment","target":["https:\/\/pagina10.com\/web\/resguardo-indigena-inga-de-aponte-recibe-casa-guardia\/#respond"]}]},{"@type":"WebPage","@id":"https:\/\/pagina10.com\/web\/resguardo-indigena-inga-de-aponte-recibe-casa-guardia\/","url":"https:\/\/pagina10.com\/web\/resguardo-indigena-inga-de-aponte-recibe-casa-guardia\/","name":"Resguardo Ind\u00edgena INGA de Aponte recibe Casa Guardia | P\u00e1gina10","isPartOf":{"@id":"https:\/\/pagina10.com\/web\/#website"},"primaryImageOfPage":{"@id":"https:\/\/pagina10.com\/web\/resguardo-indigena-inga-de-aponte-recibe-casa-guardia\/#primaryimage"},"image":{"@id":"https:\/\/pagina10.com\/web\/resguardo-indigena-inga-de-aponte-recibe-casa-guardia\/#primaryimage"},"thumbnailUrl":"https:\/\/pagina10.com\/web\/wp-content\/uploads\/2023\/04\/343590220_894583928501667_8794476721741621779_n.jpg","datePublished":"2023-04-27T22:13:07+00:00","breadcrumb":{"@id":"https:\/\/pagina10.com\/web\/resguardo-indigena-inga-de-aponte-recibe-casa-guardia\/#breadcrumb"},"inLanguage":"es","potentialAction":[{"@type":"ReadAction","target":["https:\/\/pagina10.com\/web\/resguardo-indigena-inga-de-aponte-recibe-casa-guardia\/"]}]},{"@type":"ImageObject","inLanguage":"es","@id":"https:\/\/pagina10.com\/web\/resguardo-indigena-inga-de-aponte-recibe-casa-guardia\/#primaryimage","url":"https:\/\/pagina10.com\/web\/wp-content\/uploads\/2023\/04\/343590220_894583928501667_8794476721741621779_n.jpg","contentUrl":"https:\/\/pagina10.com\/web\/wp-content\/uploads\/2023\/04\/343590220_894583928501667_8794476721741621779_n.jpg","width":1600,"height":901},{"@type":"BreadcrumbList","@id":"https:\/\/pagina10.com\/web\/resguardo-indigena-inga-de-aponte-recibe-casa-guardia\/#breadcrumb","itemListElement":[{"@type":"ListItem","position":1,"name":"Portada","item":"https:\/\/pagina10.com\/web\/"},{"@type":"ListItem","position":2,"name":"Resguardo Ind\u00edgena INGA de Aponte recibe Casa Guardia"}]},{"@type":"WebSite","@id":"https:\/\/pagina10.com\/web\/#website","url":"https:\/\/pagina10.com\/web\/","name":"P\u00e1gina10","description":"Peri\u00f3dico Regional","publisher":{"@id":"https:\/\/pagina10.com\/web\/#organization"},"alternateName":"P\u00e1gina10 Peri\u00f3dico Regional","potentialAction":[{"@type":"SearchAction","target":{"@type":"EntryPoint","urlTemplate":"https:\/\/pagina10.com\/web\/?s={search_term_string}"},"query-input":{"@type":"PropertyValueSpecification","valueRequired":true,"valueName":"search_term_string"}}],"inLanguage":"es"},{"@type":"Organization","@id":"https:\/\/pagina10.com\/web\/#organization","name":"P\u00e1gina10","alternateName":"P\u00e1gina10 Peri\u00f3dico Regional","url":"https:\/\/pagina10.com\/web\/","logo":{"@type":"ImageObject","inLanguage":"es","@id":"https:\/\/pagina10.com\/web\/#\/schema\/logo\/image\/","url":"https:\/\/pagina10.com\/web\/wp-content\/uploads\/2024\/01\/40-pagina-10-periodico-regional-pasto.jpg","contentUrl":"https:\/\/pagina10.com\/web\/wp-content\/uploads\/2024\/01\/40-pagina-10-periodico-regional-pasto.jpg","width":1280,"height":720,"caption":"P\u00e1gina10"},"image":{"@id":"https:\/\/pagina10.com\/web\/#\/schema\/logo\/image\/"},"sameAs":["https:\/\/www.facebook.com\/pag10com","https:\/\/x.com\/Pag10com","https:\/\/www.instagram.com\/pagina10col\/","https:\/\/youtube.com\/channel\/pag10","https:\/\/www.tiktok.com\/@p10col"]},{"@type":"Person","@id":"https:\/\/pagina10.com\/web\/#\/schema\/person\/2efc4a090d25b667d3bc796798a3a81b","name":"P\u00e1gina 10","description":"P\u00e1gina 10 es un peri\u00f3dico regional que nace en Colombia, en el departamento de Nari\u00f1o, con un enfoque global, fundamentado en cuatro pilares esenciales: la libertad, el pluralismo, la inclusi\u00f3n y la independencia. P\u00e1gina 10 hace referencia a Nari\u00f1o como el d\u00e9cimo departamento creado en Colombia, despu\u00e9s de un proceso pol\u00edtico liderado por actores y actrices regionales con el fin de obtener la independencia y autonom\u00eda de nuestros territorios. Con la creaci\u00f3n de P\u00e1gina 10 se pretende abrir un escenario para el dialogo, la reflexi\u00f3n y el debate que se extienda a otras geograf\u00edas de Am\u00e9rica Latina y del planeta, en una apuesta por transformar colectivamente los desaf\u00edos de un mundo contempor\u00e1neo, m\u00e1s all\u00e1 de las fronteras impuestas.","url":"https:\/\/pagina10.com\/web\/author\/pdiezadmin\/"}]}},"_links":{"self":[{"href":"https:\/\/pagina10.com\/web\/wp-json\/wp\/v2\/posts\/65647","targetHints":{"allow":["GET"]}}],"collection":[{"href":"https:\/\/pagina10.com\/web\/wp-json\/wp\/v2\/posts"}],"about":[{"href":"https:\/\/pagina10.com\/web\/wp-json\/wp\/v2\/types\/post"}],"author":[{"embeddable":true,"href":"https:\/\/pagina10.com\/web\/wp-json\/wp\/v2\/users\/1"}],"replies":[{"embeddable":true,"href":"https:\/\/pagina10.com\/web\/wp-json\/wp\/v2\/comments?post=65647"}],"version-history":[{"count":1,"href":"https:\/\/pagina10.com\/web\/wp-json\/wp\/v2\/posts\/65647\/revisions"}],"predecessor-version":[{"id":65649,"href":"https:\/\/pagina10.com\/web\/wp-json\/wp\/v2\/posts\/65647\/revisions\/65649"}],"wp:featuredmedia":[{"embeddable":true,"href":"https:\/\/pagina10.com\/web\/wp-json\/wp\/v2\/media\/65648"}],"wp:attachment":[{"href":"https:\/\/pagina10.com\/web\/wp-json\/wp\/v2\/media?parent=65647"}],"wp:term":[{"taxonomy":"category","embeddable":true,"href":"https:\/\/pagina10.com\/web\/wp-json\/wp\/v2\/categories?post=65647"},{"taxonomy":"post_tag","embeddable":true,"href":"https:\/\/pagina10.com\/web\/wp-json\/wp\/v2\/tags?post=65647"}],"curies":[{"name":"wp","href":"https:\/\/api.w.org\/{rel}","templated":true}]}}