{"id":65656,"date":"2023-04-28T19:30:35","date_gmt":"2023-04-29T00:30:35","guid":{"rendered":"https:\/\/pagina10.com\/web\/?p=65656"},"modified":"2023-04-28T19:30:35","modified_gmt":"2023-04-29T00:30:35","slug":"irregularidades-en-manejo-de-recursos-publicos-destinados-al-municipio-de-tumaco","status":"publish","type":"post","link":"https:\/\/pagina10.com\/web\/irregularidades-en-manejo-de-recursos-publicos-destinados-al-municipio-de-tumaco\/","title":{"rendered":"Irregularidades en manejo de recursos p\u00fablicos destinados al municipio de Tumaco"},"content":{"rendered":"<p style=\"text-align: justify;\">La Contralor\u00eda General de la Rep\u00fablica adelanta 7 procesos de responsabilidad fiscal representativos, por valor total de $9.461 millones, por irregularidades en el manejo de recursos p\u00fablicos destinados al Municipio de Tumaco.<\/p>\n<p style=\"text-align: justify;\">Los procesos en menci\u00f3n son los siguientes:<\/p>\n<h3 style=\"text-align: justify;\">PROCESO DE RESPONSABILIDAD FISCAL POR EL NO FUNCIONAMIENTO Y PUESTA EN OPERACI\u00d3N DEL SISTEMA PARA EL SUMINISTRO DE AGUA POTABLE EN EL MUNICIPIO DE TUMACO<\/h3>\n<p style=\"text-align: justify;\">Entidad Afectada: Municipio de Tumaco<\/p>\n<p style=\"text-align: justify;\">Cuant\u00eda del da\u00f1o: $4.684 millones<\/p>\n<p style=\"text-align: justify;\">La Contralor\u00eda General de la Rep\u00fablica adelanta Proceso Ordinario de Responsabilidad Fiscal, por presuntas irregularidades en la ejecuci\u00f3n del Convenio Interadministrativo No. C-052 de 2015, celebrado entre el municipio de Tumaco y Aguas de Tumaco S.A. E.S.P., cuyo objeto fue la\u00a0\u201cAmpliaci\u00f3n del suministro de agua potable para el sector de la Isla el Morro en el municipio de Tumaco \u2013 Nari\u00f1o\u201d,\u00a0por valor de $4.684 millones.<\/p>\n<p style=\"text-align: justify;\">El proceso de responsabilidad fiscal tuvo su origen en hallazgo fiscal configurado en desarrollo de una Actuaci\u00f3n Especial de Fiscalizaci\u00f3n adelantada por la Unidad de Seguimiento y Auditoria a Regal\u00edas de la CGR, en el cual se identific\u00f3 que el proyecto para la ampliaci\u00f3n del suministro de agua potable del sector de la Isla del Morro no se encuentra en funcionamiento, debido a que no se realiz\u00f3 el empalme con la red urbana del Municipio de Tumaco, situaci\u00f3n que afecta a 4.656 usuarios contemplados como beneficiarios del proyecto, quienes contin\u00faan con el suministro de agua mediante la red antigua.<\/p>\n<p style=\"text-align: justify;\">En desarrollo de esta actuaci\u00f3n se vincul\u00f3 a la compa\u00f1\u00eda aseguradora, con el fin de garantizar el resarcimiento del da\u00f1o al patrimonio.<\/p>\n<p style=\"text-align: justify;\">IRREGULARIDADES EN LA SUSCRIPCI\u00d3N DE CONTRATOS DE PRESTACI\u00d3N DE SERVICIOS PARA LAS INSTITUCIONES EDUCATIVAS EN EL MUNICIPIO DE TUMACO<\/p>\n<p style=\"text-align: justify;\">Entidad Afectada: Municipio de Tumaco<\/p>\n<p style=\"text-align: justify;\">Cuant\u00eda del da\u00f1o: $ 1.448 millones<\/p>\n<p style=\"text-align: justify;\">La Contralor\u00eda General de la Rep\u00fablica adelanta Proceso de Responsabilidad Fiscal por presuntas irregularidades detectadas en la suscripci\u00f3n de 836 contratos de prestaci\u00f3n de servicios de apoyo a la gesti\u00f3n para vincular personal a las instituciones educativas del municipio durante el a\u00f1o 2020.<\/p>\n<p style=\"text-align: justify;\">En este caso, se desconoci\u00f3 la proyecci\u00f3n de necesidades de personal para dicho a\u00f1o, efectuada por la Secretar\u00eda de Educaci\u00f3n Municipal, que previ\u00f3 un m\u00e1ximo de 367 personas a vincular.<\/p>\n<p style=\"text-align: justify;\">Dicha proyecci\u00f3n fue ajustada en el mes de agosto de 2020, aumentando a un total de 391 los contratos que se requer\u00edan.<\/p>\n<p style=\"text-align: justify;\">Lo anterior ha generado una afectaci\u00f3n a los recursos p\u00fablicos destinados a la educaci\u00f3n de los menores en el Municipio de Tumaco, al encontrar que se suscribieron contratos de prestaci\u00f3n de servicios para las instituciones educativas que no se requer\u00edan<\/p>\n<p style=\"text-align: justify;\">El proceso de responsabilidad fiscal tuvo su origen en una Auditor\u00eda de Cumplimiento adelantada por la Gerencia de la CGR en Nari\u00f1o.<\/p>\n<p style=\"text-align: justify;\">En desarrollo de esta actuaci\u00f3n se vincul\u00f3 a una compa\u00f1\u00eda aseguradora para garantizar el resarcimiento del da\u00f1o al patrimonio.<\/p>\n<h3 style=\"text-align: justify;\">IRREGULARIDADES EN LA CONSTRUCCI\u00d3N DE LA PLANTA DE TRATAMIENTO DE AGUAS RESIDUALES PARA LA URBANIZACI\u00d3N BRISAS LA CIUDADELA DEL MUNICIPIO DE TUMACO<\/h3>\n<p style=\"text-align: justify;\">Entidad Afectada: Municipio de Tumaco<\/p>\n<p style=\"text-align: justify;\">Cuant\u00eda del da\u00f1o: $1.285 millones<\/p>\n<p style=\"text-align: justify;\">La Contralor\u00eda General de la Rep\u00fablica adelanta Proceso Ordinario de Responsabilidad Fiscal por presuntas irregularidades evidenciadas en la ejecuci\u00f3n del contrato de obra No. LIC-012-2018, cuyo objeto fue la\u00a0\u201cConstrucci\u00f3n de una Planta de tratamiento de aguas residuales Urbanizaci\u00f3n Brisas La Ciudadela Municipio de Tumaco Nari\u00f1o\u201d,\u00a0suscrito entre el Municipio de Tumaco y el Consorcio Las Brisas 2018, por valor inicial de $1.788 millones.<\/p>\n<p style=\"text-align: justify;\">El proceso de responsabilidad fiscal tuvo su origen en Actuaci\u00f3n Especial adelantada por la Unidad de Seguimiento y Auditor\u00eda de Regal\u00edas de la CGR.<\/p>\n<p style=\"text-align: justify;\">El proyecto ha presentado m\u00faltiples incumplimientos del contratista en el cronograma de actividades, entre otras irregularidades.<\/p>\n<p style=\"text-align: justify;\">En desarrollo de esta actuaci\u00f3n, se vincul\u00f3 una compa\u00f1\u00eda aseguradora con el fin de garantizar el resarcimiento del da\u00f1o al patrimonio.<\/p>\n<h3 style=\"text-align: justify;\">IRREGULARIDADES EN LA FACTURACI\u00d3N DE LOS SERVICIOS DE SALUD PRESTADOS POR LA E.S.E. HOSPITAL SAN ANDR\u00c9S DE TUMACO<\/h3>\n<p style=\"text-align: justify;\">Entidad Afectada: Hospital San Andr\u00e9s de Tumaco E.S.E.<\/p>\n<p style=\"text-align: justify;\">Cuant\u00eda del da\u00f1o: $ 1.079 millones<\/p>\n<p style=\"text-align: justify;\">La Contralor\u00eda General de la Rep\u00fablica adelanta Proceso Ordinario de Responsabilidad Fiscal, por presuntas irregularidades detectadas en la facturaci\u00f3n de los servicios de salud (medicamentos y procedimientos), prestados por parte del Hospital San Andr\u00e9s de Tumaco a 3 Entidades Administradoras de Planes de Beneficios (EPS), por un valor que asciende a $1.079 millones.<\/p>\n<p style=\"text-align: justify;\">El proceso de responsabilidad fiscal tuvo su origen en una Auditor\u00eda de Cumplimiento realizada por la Gerencia Departamental de la CGR en Nari\u00f1o.<\/p>\n<p style=\"text-align: justify;\">De acuerdo con lo evidenciado, al confrontar los valores correspondientes a las tarifas pactadas seg\u00fan anexo tarifario y los precios registrados en los reportes de facturaci\u00f3n, se encontr\u00f3 que en 104.030 registros RIPS, la E.S.E. factur\u00f3 la prestaci\u00f3n de servicios m\u00e9dicos (procedimientos y medicamentos) a un precio inferior a la tarifa concertada en los anexos de los contratos suscritos con las EPS.<\/p>\n<p style=\"text-align: justify;\">Adicionalmente, se originaron deficiencias de control interno en la ejecuci\u00f3n de los procesos contractuales, la facturaci\u00f3n, el seguimiento y control a las tarifas de los insumos, medicamentos y procedimientos, establecidas en los anexos de los contratos suscritos por el Hospital San Andr\u00e9s de Tumaco.<\/p>\n<p style=\"text-align: justify;\">En desarrollo de esta actuaci\u00f3n, se vincul\u00f3 una compa\u00f1\u00eda aseguradora para garantizar el resarcimiento del da\u00f1o al patrimonio.<\/p>\n<h3 style=\"text-align: justify;\">IRREGULARIDADES GENERADAS POR MORA EN LA RADICACI\u00d3N DE LAS CUENTAS DE COBRO Y FACTURAS DE LOS SERVICIOS DE SALUD PRESTADOS POR EL HOSPITAL SAN ANDR\u00c9S DE TUMACO E.S.E.<\/h3>\n<p style=\"text-align: justify;\">Entidad Afectada: Hospital San Andr\u00e9s de Tumaco E.S.E.<\/p>\n<p style=\"text-align: justify;\">Cuant\u00eda del da\u00f1o: $583 millones.<\/p>\n<p style=\"text-align: justify;\">La Contralor\u00eda General de la Rep\u00fablica adelanta Proceso Ordinario de Responsabilidad Fiscal por presuntas irregularidades detectadas en la presentaci\u00f3n de las facturas y cuentas de cobro de los servicios de salud prestados por el Hospital San Andr\u00e9s de Tumaco E.S.E. a las distintas Administradoras de Planes de Beneficios (EPS).<\/p>\n<p style=\"text-align: justify;\">El proceso de responsabilidad fiscal tuvo su origen en una auditor\u00eda en la cual se evidenci\u00f3 que de las 7.343 facturas no cobradas por el Hospital, hasta el momento de realizaci\u00f3n de la misma, 1.090 corresponden a EPS liquidadas o en proceso de liquidaci\u00f3n, por lo que el Hospital, al no radicar la facturaci\u00f3n, no gestion\u00f3 su cobro, lo que implica que los costos de los servicios prestados a los pacientes de dichas EPS no tienen ya la posibilidad de recaudo, lesionando as\u00ed los recursos p\u00fablicos de la E.S.E.<\/p>\n<p style=\"text-align: justify;\">En desarrollo de esta actuaci\u00f3n, se vincul\u00f3 a las compa\u00f1\u00edas aseguradoras, para garantizar el resarcimiento del da\u00f1o al patrimonio.<\/p>\n<h3 style=\"text-align: justify;\">IRREGULARIDADES EN EL PAGO DE \u00d3RDENES DE PRESTACI\u00d3N DE SERVICIOS QUE NO CUMPLIERON LAS FUNCIONES CONTRATADAS, EN EL MUNICIPIO DE TUMACO<\/h3>\n<p style=\"text-align: justify;\">Entidad Afectada: Municipio de Tumaco<\/p>\n<p style=\"text-align: justify;\">Cuant\u00eda del da\u00f1o: $ 193 millones<\/p>\n<p style=\"text-align: justify;\">La Contralor\u00eda General de la Rep\u00fablica adelanta Proceso Ordinario de Responsabilidad Fiscal por presuntas irregularidades detectadas en el pago de \u00d3rdenes de Prestaci\u00f3n de Servicios (OPS) para el apoyo administrativo en las instituciones y centros educativos del municipio de Tumaco, de las cuales no existe evidencia sobre el cumplimiento de las funciones de apoyo pactadas contractualmente.<\/p>\n<p style=\"text-align: justify;\">El proceso surgi\u00f3 de un auditor\u00eda a los recursos del Sistema General de Participaciones -Educaci\u00f3n, de la vigencia 2016, efectuada al Municipio de Tumaco por parte de\u00a0 Contralor\u00eda Delegada para el Sector Social y en la cual se pudo determinar que la administraci\u00f3n municipal pag\u00f3 327 \u00f3rdenes de prestaci\u00f3n de servicios para el cumplimiento de funciones de apoyo administrativo en los centros e instituciones educativas de su jurisdicci\u00f3n, a pesar de que no existen soportes o evidencias del cumplimiento de las funciones contratadas, ocasionado con ello un da\u00f1o patrimonial en cuant\u00eda de $193 millones.<\/p>\n<p style=\"text-align: justify;\">Durante el desarrollo de esta actuaci\u00f3n, se vincul\u00f3 a una compa\u00f1\u00eda aseguradora, en aras de garantizar el resarcimiento del patrimonio p\u00fablico.<\/p>\n<h3 style=\"text-align: justify;\">IRREGULARIDADES EN EL RECONOCIMIENTO DE PAGOS POR AFILIADOS A LAS EPS DEL R\u00c9GIMEN CONTRIBUTIVO DE SALUD EN EL MUNICIPIO DE TUMACO<\/h3>\n<p style=\"text-align: justify;\">Entidad Afectada: Municipio de Tumaco<\/p>\n<p style=\"text-align: justify;\">Cuant\u00eda del da\u00f1o imputado: $189 millones<\/p>\n<p style=\"text-align: justify;\">La Contralor\u00eda General de la Rep\u00fablica adelanta Proceso Ordinario de Responsabilidad Fiscal por presuntas irregularidades detectadas en el proceso de reconocimiento y pago de afiliados al sistema de salud en el r\u00e9gimen contributivo, por registros duplicados, inexistentes en la Registradur\u00eda Nacional del Estado Civil, fallecidos y multiafiliados.<\/p>\n<p style=\"text-align: justify;\">El proceso surgi\u00f3 de una Auditor\u00eda de Cumplimiento que adelant\u00f3 la Gerencia Departamental de la CGR, en la cual se evidenci\u00f3 que en 5.082 registros se presentan inconsistencias tales como beneficiarios duplicados, inexistentes en la Registradur\u00eda Nacional del Estado Civil, docentes, fallecidos y multiafiliados en el r\u00e9gimen contributivo, lo cual gener\u00f3 apropiaciones y reconocimientos sin justa causa.<\/p>\n<p style=\"text-align: justify;\">Lo anterior obedeci\u00f3 a deficiencias por debilidades en el seguimiento y control en el manejo, liquidaci\u00f3n y giro de los recursos del Sistema General de Seguridad Social en Salud.<\/p>\n<p style=\"text-align: justify;\">En este proceso se profiri\u00f3 auto de imputaci\u00f3n de responsabilidad fiscal.<\/p>\n<p style=\"text-align: justify;\">Durante el desarrollo de este proceso, se vincul\u00f3 a una compa\u00f1\u00eda aseguradora, en aras de garantizar el resarcimiento del patrimonio p\u00fablico, y se decretaron medidas cautelares.<\/p>\n","protected":false},"excerpt":{"rendered":"<p>La Contralor\u00eda General de la Rep\u00fablica adelanta 7 procesos de responsabilidad fiscal representativos, por valor total de $9.461 millones, por irregularidades en el manejo de recursos p\u00fablicos destinados al Municipio de Tumaco. Los procesos en menci\u00f3n son los siguientes: PROCESO DE RESPONSABILIDAD FISCAL POR EL NO FUNCIONAMIENTO Y PUESTA EN OPERACI\u00d3N DEL SISTEMA PARA EL [&hellip;]<\/p>\n","protected":false},"author":1,"featured_media":65657,"comment_status":"open","ping_status":"open","sticky":false,"template":"","format":"standard","meta":{"footnotes":""},"categories":[10,1528],"tags":[],"class_list":["post-65656","post","type-post","status-publish","format-standard","has-post-thumbnail","hentry","category-pacifico","category-titulares"],"yoast_head":"<!-- This site is optimized with the Yoast SEO plugin v27.1.1 - https:\/\/yoast.com\/product\/yoast-seo-wordpress\/ -->\n<title>Irregularidades en manejo de recursos p\u00fablicos destinados al municipio de Tumaco | P\u00e1gina10<\/title>\n<meta name=\"robots\" content=\"index, follow, max-snippet:-1, max-image-preview:large, max-video-preview:-1\" \/>\n<link rel=\"canonical\" href=\"https:\/\/pagina10.com\/web\/irregularidades-en-manejo-de-recursos-publicos-destinados-al-municipio-de-tumaco\/\" \/>\n<meta property=\"og:locale\" content=\"es_ES\" \/>\n<meta property=\"og:type\" content=\"article\" \/>\n<meta property=\"og:title\" content=\"Irregularidades en manejo de recursos p\u00fablicos destinados al municipio de Tumaco | P\u00e1gina10\" \/>\n<meta property=\"og:description\" content=\"La Contralor\u00eda General de la Rep\u00fablica adelanta 7 procesos de responsabilidad fiscal representativos, por valor total de $9.461 millones, por irregularidades en el manejo de recursos p\u00fablicos destinados al Municipio de Tumaco. Los procesos en menci\u00f3n son los siguientes: PROCESO DE RESPONSABILIDAD FISCAL POR EL NO FUNCIONAMIENTO Y PUESTA EN OPERACI\u00d3N DEL SISTEMA PARA EL [&hellip;]\" \/>\n<meta property=\"og:url\" content=\"https:\/\/pagina10.com\/web\/irregularidades-en-manejo-de-recursos-publicos-destinados-al-municipio-de-tumaco\/\" \/>\n<meta property=\"og:site_name\" content=\"P\u00e1gina10\" \/>\n<meta property=\"article:publisher\" content=\"https:\/\/www.facebook.com\/pag10com\" \/>\n<meta property=\"article:published_time\" content=\"2023-04-29T00:30:35+00:00\" \/>\n<meta property=\"og:image\" content=\"https:\/\/pagina10.com\/web\/wp-content\/uploads\/2023\/04\/WhatsApp-Image-2023-04-28-at-7.29.43-PM.jpeg\" \/>\n\t<meta property=\"og:image:width\" content=\"1600\" \/>\n\t<meta property=\"og:image:height\" content=\"1200\" \/>\n\t<meta property=\"og:image:type\" content=\"image\/jpeg\" \/>\n<meta name=\"author\" content=\"P\u00e1gina 10\" \/>\n<meta name=\"twitter:card\" content=\"summary_large_image\" \/>\n<meta name=\"twitter:creator\" content=\"@Pag10com\" \/>\n<meta name=\"twitter:site\" content=\"@Pag10com\" \/>\n<meta name=\"twitter:label1\" content=\"Escrito por\" \/>\n\t<meta name=\"twitter:data1\" content=\"P\u00e1gina 10\" \/>\n\t<meta name=\"twitter:label2\" content=\"Tiempo de lectura\" \/>\n\t<meta name=\"twitter:data2\" content=\"8 minutos\" \/>\n<script type=\"application\/ld+json\" class=\"yoast-schema-graph\">{\"@context\":\"https:\/\/schema.org\",\"@graph\":[{\"@type\":\"Article\",\"@id\":\"https:\/\/pagina10.com\/web\/irregularidades-en-manejo-de-recursos-publicos-destinados-al-municipio-de-tumaco\/#article\",\"isPartOf\":{\"@id\":\"https:\/\/pagina10.com\/web\/irregularidades-en-manejo-de-recursos-publicos-destinados-al-municipio-de-tumaco\/\"},\"author\":{\"name\":\"P\u00e1gina 10\",\"@id\":\"https:\/\/pagina10.com\/web\/#\/schema\/person\/2efc4a090d25b667d3bc796798a3a81b\"},\"headline\":\"Irregularidades en manejo de recursos p\u00fablicos destinados al municipio de Tumaco\",\"datePublished\":\"2023-04-29T00:30:35+00:00\",\"mainEntityOfPage\":{\"@id\":\"https:\/\/pagina10.com\/web\/irregularidades-en-manejo-de-recursos-publicos-destinados-al-municipio-de-tumaco\/\"},\"wordCount\":1592,\"commentCount\":0,\"publisher\":{\"@id\":\"https:\/\/pagina10.com\/web\/#organization\"},\"image\":{\"@id\":\"https:\/\/pagina10.com\/web\/irregularidades-en-manejo-de-recursos-publicos-destinados-al-municipio-de-tumaco\/#primaryimage\"},\"thumbnailUrl\":\"https:\/\/pagina10.com\/web\/wp-content\/uploads\/2023\/04\/WhatsApp-Image-2023-04-28-at-7.29.43-PM.jpeg\",\"articleSection\":[\"Pac\u00edfico\",\"Titulares\"],\"inLanguage\":\"es\",\"potentialAction\":[{\"@type\":\"CommentAction\",\"name\":\"Comment\",\"target\":[\"https:\/\/pagina10.com\/web\/irregularidades-en-manejo-de-recursos-publicos-destinados-al-municipio-de-tumaco\/#respond\"]}]},{\"@type\":\"WebPage\",\"@id\":\"https:\/\/pagina10.com\/web\/irregularidades-en-manejo-de-recursos-publicos-destinados-al-municipio-de-tumaco\/\",\"url\":\"https:\/\/pagina10.com\/web\/irregularidades-en-manejo-de-recursos-publicos-destinados-al-municipio-de-tumaco\/\",\"name\":\"Irregularidades en manejo de recursos p\u00fablicos destinados al municipio de Tumaco | P\u00e1gina10\",\"isPartOf\":{\"@id\":\"https:\/\/pagina10.com\/web\/#website\"},\"primaryImageOfPage\":{\"@id\":\"https:\/\/pagina10.com\/web\/irregularidades-en-manejo-de-recursos-publicos-destinados-al-municipio-de-tumaco\/#primaryimage\"},\"image\":{\"@id\":\"https:\/\/pagina10.com\/web\/irregularidades-en-manejo-de-recursos-publicos-destinados-al-municipio-de-tumaco\/#primaryimage\"},\"thumbnailUrl\":\"https:\/\/pagina10.com\/web\/wp-content\/uploads\/2023\/04\/WhatsApp-Image-2023-04-28-at-7.29.43-PM.jpeg\",\"datePublished\":\"2023-04-29T00:30:35+00:00\",\"breadcrumb\":{\"@id\":\"https:\/\/pagina10.com\/web\/irregularidades-en-manejo-de-recursos-publicos-destinados-al-municipio-de-tumaco\/#breadcrumb\"},\"inLanguage\":\"es\",\"potentialAction\":[{\"@type\":\"ReadAction\",\"target\":[\"https:\/\/pagina10.com\/web\/irregularidades-en-manejo-de-recursos-publicos-destinados-al-municipio-de-tumaco\/\"]}]},{\"@type\":\"ImageObject\",\"inLanguage\":\"es\",\"@id\":\"https:\/\/pagina10.com\/web\/irregularidades-en-manejo-de-recursos-publicos-destinados-al-municipio-de-tumaco\/#primaryimage\",\"url\":\"https:\/\/pagina10.com\/web\/wp-content\/uploads\/2023\/04\/WhatsApp-Image-2023-04-28-at-7.29.43-PM.jpeg\",\"contentUrl\":\"https:\/\/pagina10.com\/web\/wp-content\/uploads\/2023\/04\/WhatsApp-Image-2023-04-28-at-7.29.43-PM.jpeg\",\"width\":1600,\"height\":1200},{\"@type\":\"BreadcrumbList\",\"@id\":\"https:\/\/pagina10.com\/web\/irregularidades-en-manejo-de-recursos-publicos-destinados-al-municipio-de-tumaco\/#breadcrumb\",\"itemListElement\":[{\"@type\":\"ListItem\",\"position\":1,\"name\":\"Portada\",\"item\":\"https:\/\/pagina10.com\/web\/\"},{\"@type\":\"ListItem\",\"position\":2,\"name\":\"Irregularidades en manejo de recursos p\u00fablicos destinados al municipio de Tumaco\"}]},{\"@type\":\"WebSite\",\"@id\":\"https:\/\/pagina10.com\/web\/#website\",\"url\":\"https:\/\/pagina10.com\/web\/\",\"name\":\"P\u00e1gina10\",\"description\":\"Peri\u00f3dico Regional\",\"publisher\":{\"@id\":\"https:\/\/pagina10.com\/web\/#organization\"},\"alternateName\":\"P\u00e1gina10 Peri\u00f3dico Regional\",\"potentialAction\":[{\"@type\":\"SearchAction\",\"target\":{\"@type\":\"EntryPoint\",\"urlTemplate\":\"https:\/\/pagina10.com\/web\/?s={search_term_string}\"},\"query-input\":{\"@type\":\"PropertyValueSpecification\",\"valueRequired\":true,\"valueName\":\"search_term_string\"}}],\"inLanguage\":\"es\"},{\"@type\":\"Organization\",\"@id\":\"https:\/\/pagina10.com\/web\/#organization\",\"name\":\"P\u00e1gina10\",\"alternateName\":\"P\u00e1gina10 Peri\u00f3dico Regional\",\"url\":\"https:\/\/pagina10.com\/web\/\",\"logo\":{\"@type\":\"ImageObject\",\"inLanguage\":\"es\",\"@id\":\"https:\/\/pagina10.com\/web\/#\/schema\/logo\/image\/\",\"url\":\"https:\/\/pagina10.com\/web\/wp-content\/uploads\/2024\/01\/40-pagina-10-periodico-regional-pasto.jpg\",\"contentUrl\":\"https:\/\/pagina10.com\/web\/wp-content\/uploads\/2024\/01\/40-pagina-10-periodico-regional-pasto.jpg\",\"width\":1280,\"height\":720,\"caption\":\"P\u00e1gina10\"},\"image\":{\"@id\":\"https:\/\/pagina10.com\/web\/#\/schema\/logo\/image\/\"},\"sameAs\":[\"https:\/\/www.facebook.com\/pag10com\",\"https:\/\/x.com\/Pag10com\",\"https:\/\/www.instagram.com\/pagina10col\/\",\"https:\/\/youtube.com\/channel\/pag10\",\"https:\/\/www.tiktok.com\/@p10col\"]},{\"@type\":\"Person\",\"@id\":\"https:\/\/pagina10.com\/web\/#\/schema\/person\/2efc4a090d25b667d3bc796798a3a81b\",\"name\":\"P\u00e1gina 10\",\"description\":\"P\u00e1gina 10 es un peri\u00f3dico regional que nace en Colombia, en el departamento de Nari\u00f1o, con un enfoque global, fundamentado en cuatro pilares esenciales: la libertad, el pluralismo, la inclusi\u00f3n y la independencia. P\u00e1gina 10 hace referencia a Nari\u00f1o como el d\u00e9cimo departamento creado en Colombia, despu\u00e9s de un proceso pol\u00edtico liderado por actores y actrices regionales con el fin de obtener la independencia y autonom\u00eda de nuestros territorios. Con la creaci\u00f3n de P\u00e1gina 10 se pretende abrir un escenario para el dialogo, la reflexi\u00f3n y el debate que se extienda a otras geograf\u00edas de Am\u00e9rica Latina y del planeta, en una apuesta por transformar colectivamente los desaf\u00edos de un mundo contempor\u00e1neo, m\u00e1s all\u00e1 de las fronteras impuestas.\",\"url\":\"https:\/\/pagina10.com\/web\/author\/pdiezadmin\/\"}]}<\/script>\n<!-- \/ Yoast SEO plugin. -->","yoast_head_json":{"title":"Irregularidades en manejo de recursos p\u00fablicos destinados al municipio de Tumaco | P\u00e1gina10","robots":{"index":"index","follow":"follow","max-snippet":"max-snippet:-1","max-image-preview":"max-image-preview:large","max-video-preview":"max-video-preview:-1"},"canonical":"https:\/\/pagina10.com\/web\/irregularidades-en-manejo-de-recursos-publicos-destinados-al-municipio-de-tumaco\/","og_locale":"es_ES","og_type":"article","og_title":"Irregularidades en manejo de recursos p\u00fablicos destinados al municipio de Tumaco | P\u00e1gina10","og_description":"La Contralor\u00eda General de la Rep\u00fablica adelanta 7 procesos de responsabilidad fiscal representativos, por valor total de $9.461 millones, por irregularidades en el manejo de recursos p\u00fablicos destinados al Municipio de Tumaco. Los procesos en menci\u00f3n son los siguientes: PROCESO DE RESPONSABILIDAD FISCAL POR EL NO FUNCIONAMIENTO Y PUESTA EN OPERACI\u00d3N DEL SISTEMA PARA EL [&hellip;]","og_url":"https:\/\/pagina10.com\/web\/irregularidades-en-manejo-de-recursos-publicos-destinados-al-municipio-de-tumaco\/","og_site_name":"P\u00e1gina10","article_publisher":"https:\/\/www.facebook.com\/pag10com","article_published_time":"2023-04-29T00:30:35+00:00","og_image":[{"width":1600,"height":1200,"url":"https:\/\/pagina10.com\/web\/wp-content\/uploads\/2023\/04\/WhatsApp-Image-2023-04-28-at-7.29.43-PM.jpeg","type":"image\/jpeg"}],"author":"P\u00e1gina 10","twitter_card":"summary_large_image","twitter_creator":"@Pag10com","twitter_site":"@Pag10com","twitter_misc":{"Escrito por":"P\u00e1gina 10","Tiempo de lectura":"8 minutos"},"schema":{"@context":"https:\/\/schema.org","@graph":[{"@type":"Article","@id":"https:\/\/pagina10.com\/web\/irregularidades-en-manejo-de-recursos-publicos-destinados-al-municipio-de-tumaco\/#article","isPartOf":{"@id":"https:\/\/pagina10.com\/web\/irregularidades-en-manejo-de-recursos-publicos-destinados-al-municipio-de-tumaco\/"},"author":{"name":"P\u00e1gina 10","@id":"https:\/\/pagina10.com\/web\/#\/schema\/person\/2efc4a090d25b667d3bc796798a3a81b"},"headline":"Irregularidades en manejo de recursos p\u00fablicos destinados al municipio de Tumaco","datePublished":"2023-04-29T00:30:35+00:00","mainEntityOfPage":{"@id":"https:\/\/pagina10.com\/web\/irregularidades-en-manejo-de-recursos-publicos-destinados-al-municipio-de-tumaco\/"},"wordCount":1592,"commentCount":0,"publisher":{"@id":"https:\/\/pagina10.com\/web\/#organization"},"image":{"@id":"https:\/\/pagina10.com\/web\/irregularidades-en-manejo-de-recursos-publicos-destinados-al-municipio-de-tumaco\/#primaryimage"},"thumbnailUrl":"https:\/\/pagina10.com\/web\/wp-content\/uploads\/2023\/04\/WhatsApp-Image-2023-04-28-at-7.29.43-PM.jpeg","articleSection":["Pac\u00edfico","Titulares"],"inLanguage":"es","potentialAction":[{"@type":"CommentAction","name":"Comment","target":["https:\/\/pagina10.com\/web\/irregularidades-en-manejo-de-recursos-publicos-destinados-al-municipio-de-tumaco\/#respond"]}]},{"@type":"WebPage","@id":"https:\/\/pagina10.com\/web\/irregularidades-en-manejo-de-recursos-publicos-destinados-al-municipio-de-tumaco\/","url":"https:\/\/pagina10.com\/web\/irregularidades-en-manejo-de-recursos-publicos-destinados-al-municipio-de-tumaco\/","name":"Irregularidades en manejo de recursos p\u00fablicos destinados al municipio de Tumaco | P\u00e1gina10","isPartOf":{"@id":"https:\/\/pagina10.com\/web\/#website"},"primaryImageOfPage":{"@id":"https:\/\/pagina10.com\/web\/irregularidades-en-manejo-de-recursos-publicos-destinados-al-municipio-de-tumaco\/#primaryimage"},"image":{"@id":"https:\/\/pagina10.com\/web\/irregularidades-en-manejo-de-recursos-publicos-destinados-al-municipio-de-tumaco\/#primaryimage"},"thumbnailUrl":"https:\/\/pagina10.com\/web\/wp-content\/uploads\/2023\/04\/WhatsApp-Image-2023-04-28-at-7.29.43-PM.jpeg","datePublished":"2023-04-29T00:30:35+00:00","breadcrumb":{"@id":"https:\/\/pagina10.com\/web\/irregularidades-en-manejo-de-recursos-publicos-destinados-al-municipio-de-tumaco\/#breadcrumb"},"inLanguage":"es","potentialAction":[{"@type":"ReadAction","target":["https:\/\/pagina10.com\/web\/irregularidades-en-manejo-de-recursos-publicos-destinados-al-municipio-de-tumaco\/"]}]},{"@type":"ImageObject","inLanguage":"es","@id":"https:\/\/pagina10.com\/web\/irregularidades-en-manejo-de-recursos-publicos-destinados-al-municipio-de-tumaco\/#primaryimage","url":"https:\/\/pagina10.com\/web\/wp-content\/uploads\/2023\/04\/WhatsApp-Image-2023-04-28-at-7.29.43-PM.jpeg","contentUrl":"https:\/\/pagina10.com\/web\/wp-content\/uploads\/2023\/04\/WhatsApp-Image-2023-04-28-at-7.29.43-PM.jpeg","width":1600,"height":1200},{"@type":"BreadcrumbList","@id":"https:\/\/pagina10.com\/web\/irregularidades-en-manejo-de-recursos-publicos-destinados-al-municipio-de-tumaco\/#breadcrumb","itemListElement":[{"@type":"ListItem","position":1,"name":"Portada","item":"https:\/\/pagina10.com\/web\/"},{"@type":"ListItem","position":2,"name":"Irregularidades en manejo de recursos p\u00fablicos destinados al municipio de Tumaco"}]},{"@type":"WebSite","@id":"https:\/\/pagina10.com\/web\/#website","url":"https:\/\/pagina10.com\/web\/","name":"P\u00e1gina10","description":"Peri\u00f3dico Regional","publisher":{"@id":"https:\/\/pagina10.com\/web\/#organization"},"alternateName":"P\u00e1gina10 Peri\u00f3dico Regional","potentialAction":[{"@type":"SearchAction","target":{"@type":"EntryPoint","urlTemplate":"https:\/\/pagina10.com\/web\/?s={search_term_string}"},"query-input":{"@type":"PropertyValueSpecification","valueRequired":true,"valueName":"search_term_string"}}],"inLanguage":"es"},{"@type":"Organization","@id":"https:\/\/pagina10.com\/web\/#organization","name":"P\u00e1gina10","alternateName":"P\u00e1gina10 Peri\u00f3dico Regional","url":"https:\/\/pagina10.com\/web\/","logo":{"@type":"ImageObject","inLanguage":"es","@id":"https:\/\/pagina10.com\/web\/#\/schema\/logo\/image\/","url":"https:\/\/pagina10.com\/web\/wp-content\/uploads\/2024\/01\/40-pagina-10-periodico-regional-pasto.jpg","contentUrl":"https:\/\/pagina10.com\/web\/wp-content\/uploads\/2024\/01\/40-pagina-10-periodico-regional-pasto.jpg","width":1280,"height":720,"caption":"P\u00e1gina10"},"image":{"@id":"https:\/\/pagina10.com\/web\/#\/schema\/logo\/image\/"},"sameAs":["https:\/\/www.facebook.com\/pag10com","https:\/\/x.com\/Pag10com","https:\/\/www.instagram.com\/pagina10col\/","https:\/\/youtube.com\/channel\/pag10","https:\/\/www.tiktok.com\/@p10col"]},{"@type":"Person","@id":"https:\/\/pagina10.com\/web\/#\/schema\/person\/2efc4a090d25b667d3bc796798a3a81b","name":"P\u00e1gina 10","description":"P\u00e1gina 10 es un peri\u00f3dico regional que nace en Colombia, en el departamento de Nari\u00f1o, con un enfoque global, fundamentado en cuatro pilares esenciales: la libertad, el pluralismo, la inclusi\u00f3n y la independencia. P\u00e1gina 10 hace referencia a Nari\u00f1o como el d\u00e9cimo departamento creado en Colombia, despu\u00e9s de un proceso pol\u00edtico liderado por actores y actrices regionales con el fin de obtener la independencia y autonom\u00eda de nuestros territorios. Con la creaci\u00f3n de P\u00e1gina 10 se pretende abrir un escenario para el dialogo, la reflexi\u00f3n y el debate que se extienda a otras geograf\u00edas de Am\u00e9rica Latina y del planeta, en una apuesta por transformar colectivamente los desaf\u00edos de un mundo contempor\u00e1neo, m\u00e1s all\u00e1 de las fronteras impuestas.","url":"https:\/\/pagina10.com\/web\/author\/pdiezadmin\/"}]}},"_links":{"self":[{"href":"https:\/\/pagina10.com\/web\/wp-json\/wp\/v2\/posts\/65656","targetHints":{"allow":["GET"]}}],"collection":[{"href":"https:\/\/pagina10.com\/web\/wp-json\/wp\/v2\/posts"}],"about":[{"href":"https:\/\/pagina10.com\/web\/wp-json\/wp\/v2\/types\/post"}],"author":[{"embeddable":true,"href":"https:\/\/pagina10.com\/web\/wp-json\/wp\/v2\/users\/1"}],"replies":[{"embeddable":true,"href":"https:\/\/pagina10.com\/web\/wp-json\/wp\/v2\/comments?post=65656"}],"version-history":[{"count":1,"href":"https:\/\/pagina10.com\/web\/wp-json\/wp\/v2\/posts\/65656\/revisions"}],"predecessor-version":[{"id":65658,"href":"https:\/\/pagina10.com\/web\/wp-json\/wp\/v2\/posts\/65656\/revisions\/65658"}],"wp:featuredmedia":[{"embeddable":true,"href":"https:\/\/pagina10.com\/web\/wp-json\/wp\/v2\/media\/65657"}],"wp:attachment":[{"href":"https:\/\/pagina10.com\/web\/wp-json\/wp\/v2\/media?parent=65656"}],"wp:term":[{"taxonomy":"category","embeddable":true,"href":"https:\/\/pagina10.com\/web\/wp-json\/wp\/v2\/categories?post=65656"},{"taxonomy":"post_tag","embeddable":true,"href":"https:\/\/pagina10.com\/web\/wp-json\/wp\/v2\/tags?post=65656"}],"curies":[{"name":"wp","href":"https:\/\/api.w.org\/{rel}","templated":true}]}}