{"id":65659,"date":"2023-04-28T19:40:19","date_gmt":"2023-04-29T00:40:19","guid":{"rendered":"https:\/\/pagina10.com\/web\/?p=65659"},"modified":"2023-04-28T19:40:19","modified_gmt":"2023-04-29T00:40:19","slug":"en-imues-narino-proyecto-de-regalias-abandonado-desde-el-2017","status":"publish","type":"post","link":"https:\/\/pagina10.com\/web\/en-imues-narino-proyecto-de-regalias-abandonado-desde-el-2017\/","title":{"rendered":"En Imues- Nari\u00f1o, proyecto de regal\u00edas abandonado desde el 2017."},"content":{"rendered":"<p style=\"text-align: justify;\">La Contralor\u00eda General de la Rep\u00fablica adelanta Proceso Ordinario de Responsabilidad Fiscal, por presuntas irregularidades presentadas en la ejecuci\u00f3n del contrato de obra No. 003\u2013L.P.2013 de 2013, cuyo objeto fue la\u00a0<i>\u201cConstrucci\u00f3n Distrito de Riego Paz Verde, Imu\u00e9s \u2013 Nari\u00f1o Occidente\u201d\u00a0<\/i>suscrito entre el Municipio de Imu\u00e9s &#8211; Nari\u00f1o y el Consorcio Paz Verde Trece y Sergio Bastidas Olarte, por valor de $7.854 millones, y el contrato de interventor\u00eda No. 01 de 2014, celebrado con el Consorcio Riegos de Nari\u00f1o, por valor de $306 millones.<\/p>\n<p style=\"text-align: justify;\">El proceso de responsabilidad fiscal tuvo su origen en el hallazgo fiscal configurado en desarrollo en la Actuaci\u00f3n Especial adelantada por la Unidad de Seguimiento y Auditor\u00eda de Regal\u00edas de la Contralor\u00eda General de la Rep\u00fablica, en el cual se evidenci\u00f3 que la obra se encuentra suspendida desde febrero de 2017, debido a la falta de permisos y legalizaci\u00f3n de servidumbre para la instalaci\u00f3n de tuber\u00edas y la construcci\u00f3n de la bocatoma y desarenador, situaci\u00f3n que afecta a 137 usuarios como beneficiarios del proyecto.<\/p>\n<p style=\"text-align: justify;\">En desarrollo de esta actuaci\u00f3n se vincul\u00f3 a la compa\u00f1\u00eda aseguradora para garantizar el resarcimiento del da\u00f1o al patrimonio.<\/p>\n<p style=\"text-align: justify;\"><b>Entidad Afectada: Municipio de Imu\u00e9s<\/b><\/p>\n<p style=\"text-align: justify;\"><b>Cuant\u00eda del da\u00f1o: $4.700 millones.<\/b><\/p>\n","protected":false},"excerpt":{"rendered":"<p>La Contralor\u00eda General de la Rep\u00fablica adelanta Proceso Ordinario de Responsabilidad Fiscal, por presuntas irregularidades presentadas en la ejecuci\u00f3n del contrato de obra No. 003\u2013L.P.2013 de 2013, cuyo objeto fue la\u00a0\u201cConstrucci\u00f3n Distrito de Riego Paz Verde, Imu\u00e9s \u2013 Nari\u00f1o Occidente\u201d\u00a0suscrito entre el Municipio de Imu\u00e9s &#8211; Nari\u00f1o y el Consorcio Paz Verde Trece y Sergio [&hellip;]<\/p>\n","protected":false},"author":1,"featured_media":65660,"comment_status":"open","ping_status":"open","sticky":false,"template":"","format":"standard","meta":{"footnotes":""},"categories":[53],"tags":[],"class_list":["post-65659","post","type-post","status-publish","format-standard","has-post-thumbnail","hentry","category-regiones"],"yoast_head":"<!-- This site is optimized with the Yoast SEO plugin v27.1.1 - https:\/\/yoast.com\/product\/yoast-seo-wordpress\/ -->\n<title>En Imues- Nari\u00f1o, proyecto de regal\u00edas abandonado desde el 2017. | P\u00e1gina10<\/title>\n<meta name=\"robots\" content=\"index, follow, max-snippet:-1, max-image-preview:large, max-video-preview:-1\" \/>\n<link rel=\"canonical\" href=\"https:\/\/pagina10.com\/web\/en-imues-narino-proyecto-de-regalias-abandonado-desde-el-2017\/\" \/>\n<meta property=\"og:locale\" content=\"es_ES\" \/>\n<meta property=\"og:type\" content=\"article\" \/>\n<meta property=\"og:title\" content=\"En Imues- Nari\u00f1o, proyecto de regal\u00edas abandonado desde el 2017. | P\u00e1gina10\" \/>\n<meta property=\"og:description\" content=\"La Contralor\u00eda General de la Rep\u00fablica adelanta Proceso Ordinario de Responsabilidad Fiscal, por presuntas irregularidades presentadas en la ejecuci\u00f3n del contrato de obra No. 003\u2013L.P.2013 de 2013, cuyo objeto fue la\u00a0\u201cConstrucci\u00f3n Distrito de Riego Paz Verde, Imu\u00e9s \u2013 Nari\u00f1o Occidente\u201d\u00a0suscrito entre el Municipio de Imu\u00e9s &#8211; Nari\u00f1o y el Consorcio Paz Verde Trece y Sergio [&hellip;]\" \/>\n<meta property=\"og:url\" content=\"https:\/\/pagina10.com\/web\/en-imues-narino-proyecto-de-regalias-abandonado-desde-el-2017\/\" \/>\n<meta property=\"og:site_name\" content=\"P\u00e1gina10\" \/>\n<meta property=\"article:publisher\" content=\"https:\/\/www.facebook.com\/pag10com\" \/>\n<meta property=\"article:published_time\" content=\"2023-04-29T00:40:19+00:00\" \/>\n<meta property=\"og:image\" content=\"https:\/\/pagina10.com\/web\/wp-content\/uploads\/2023\/04\/WhatsApp-Image-2023-04-28-at-7.39.11-PM.jpeg\" \/>\n\t<meta property=\"og:image:width\" content=\"1600\" \/>\n\t<meta property=\"og:image:height\" content=\"1064\" \/>\n\t<meta property=\"og:image:type\" content=\"image\/jpeg\" \/>\n<meta name=\"author\" content=\"P\u00e1gina 10\" \/>\n<meta name=\"twitter:card\" content=\"summary_large_image\" \/>\n<meta name=\"twitter:creator\" content=\"@Pag10com\" \/>\n<meta name=\"twitter:site\" content=\"@Pag10com\" \/>\n<meta name=\"twitter:label1\" content=\"Escrito por\" \/>\n\t<meta name=\"twitter:data1\" content=\"P\u00e1gina 10\" \/>\n\t<meta name=\"twitter:label2\" content=\"Tiempo de lectura\" \/>\n\t<meta name=\"twitter:data2\" content=\"1 minuto\" \/>\n<script type=\"application\/ld+json\" class=\"yoast-schema-graph\">{\"@context\":\"https:\/\/schema.org\",\"@graph\":[{\"@type\":\"Article\",\"@id\":\"https:\/\/pagina10.com\/web\/en-imues-narino-proyecto-de-regalias-abandonado-desde-el-2017\/#article\",\"isPartOf\":{\"@id\":\"https:\/\/pagina10.com\/web\/en-imues-narino-proyecto-de-regalias-abandonado-desde-el-2017\/\"},\"author\":{\"name\":\"P\u00e1gina 10\",\"@id\":\"https:\/\/pagina10.com\/web\/#\/schema\/person\/2efc4a090d25b667d3bc796798a3a81b\"},\"headline\":\"En Imues- Nari\u00f1o, proyecto de regal\u00edas abandonado desde el 2017.\",\"datePublished\":\"2023-04-29T00:40:19+00:00\",\"mainEntityOfPage\":{\"@id\":\"https:\/\/pagina10.com\/web\/en-imues-narino-proyecto-de-regalias-abandonado-desde-el-2017\/\"},\"wordCount\":227,\"commentCount\":0,\"publisher\":{\"@id\":\"https:\/\/pagina10.com\/web\/#organization\"},\"image\":{\"@id\":\"https:\/\/pagina10.com\/web\/en-imues-narino-proyecto-de-regalias-abandonado-desde-el-2017\/#primaryimage\"},\"thumbnailUrl\":\"https:\/\/pagina10.com\/web\/wp-content\/uploads\/2023\/04\/WhatsApp-Image-2023-04-28-at-7.39.11-PM.jpeg\",\"articleSection\":[\"Regiones\"],\"inLanguage\":\"es\",\"potentialAction\":[{\"@type\":\"CommentAction\",\"name\":\"Comment\",\"target\":[\"https:\/\/pagina10.com\/web\/en-imues-narino-proyecto-de-regalias-abandonado-desde-el-2017\/#respond\"]}]},{\"@type\":\"WebPage\",\"@id\":\"https:\/\/pagina10.com\/web\/en-imues-narino-proyecto-de-regalias-abandonado-desde-el-2017\/\",\"url\":\"https:\/\/pagina10.com\/web\/en-imues-narino-proyecto-de-regalias-abandonado-desde-el-2017\/\",\"name\":\"En Imues- Nari\u00f1o, proyecto de regal\u00edas abandonado desde el 2017. | P\u00e1gina10\",\"isPartOf\":{\"@id\":\"https:\/\/pagina10.com\/web\/#website\"},\"primaryImageOfPage\":{\"@id\":\"https:\/\/pagina10.com\/web\/en-imues-narino-proyecto-de-regalias-abandonado-desde-el-2017\/#primaryimage\"},\"image\":{\"@id\":\"https:\/\/pagina10.com\/web\/en-imues-narino-proyecto-de-regalias-abandonado-desde-el-2017\/#primaryimage\"},\"thumbnailUrl\":\"https:\/\/pagina10.com\/web\/wp-content\/uploads\/2023\/04\/WhatsApp-Image-2023-04-28-at-7.39.11-PM.jpeg\",\"datePublished\":\"2023-04-29T00:40:19+00:00\",\"breadcrumb\":{\"@id\":\"https:\/\/pagina10.com\/web\/en-imues-narino-proyecto-de-regalias-abandonado-desde-el-2017\/#breadcrumb\"},\"inLanguage\":\"es\",\"potentialAction\":[{\"@type\":\"ReadAction\",\"target\":[\"https:\/\/pagina10.com\/web\/en-imues-narino-proyecto-de-regalias-abandonado-desde-el-2017\/\"]}]},{\"@type\":\"ImageObject\",\"inLanguage\":\"es\",\"@id\":\"https:\/\/pagina10.com\/web\/en-imues-narino-proyecto-de-regalias-abandonado-desde-el-2017\/#primaryimage\",\"url\":\"https:\/\/pagina10.com\/web\/wp-content\/uploads\/2023\/04\/WhatsApp-Image-2023-04-28-at-7.39.11-PM.jpeg\",\"contentUrl\":\"https:\/\/pagina10.com\/web\/wp-content\/uploads\/2023\/04\/WhatsApp-Image-2023-04-28-at-7.39.11-PM.jpeg\",\"width\":1600,\"height\":1064},{\"@type\":\"BreadcrumbList\",\"@id\":\"https:\/\/pagina10.com\/web\/en-imues-narino-proyecto-de-regalias-abandonado-desde-el-2017\/#breadcrumb\",\"itemListElement\":[{\"@type\":\"ListItem\",\"position\":1,\"name\":\"Portada\",\"item\":\"https:\/\/pagina10.com\/web\/\"},{\"@type\":\"ListItem\",\"position\":2,\"name\":\"En Imues- Nari\u00f1o, proyecto de regal\u00edas abandonado desde el 2017.\"}]},{\"@type\":\"WebSite\",\"@id\":\"https:\/\/pagina10.com\/web\/#website\",\"url\":\"https:\/\/pagina10.com\/web\/\",\"name\":\"P\u00e1gina10\",\"description\":\"Peri\u00f3dico Regional\",\"publisher\":{\"@id\":\"https:\/\/pagina10.com\/web\/#organization\"},\"alternateName\":\"P\u00e1gina10 Peri\u00f3dico Regional\",\"potentialAction\":[{\"@type\":\"SearchAction\",\"target\":{\"@type\":\"EntryPoint\",\"urlTemplate\":\"https:\/\/pagina10.com\/web\/?s={search_term_string}\"},\"query-input\":{\"@type\":\"PropertyValueSpecification\",\"valueRequired\":true,\"valueName\":\"search_term_string\"}}],\"inLanguage\":\"es\"},{\"@type\":\"Organization\",\"@id\":\"https:\/\/pagina10.com\/web\/#organization\",\"name\":\"P\u00e1gina10\",\"alternateName\":\"P\u00e1gina10 Peri\u00f3dico Regional\",\"url\":\"https:\/\/pagina10.com\/web\/\",\"logo\":{\"@type\":\"ImageObject\",\"inLanguage\":\"es\",\"@id\":\"https:\/\/pagina10.com\/web\/#\/schema\/logo\/image\/\",\"url\":\"https:\/\/pagina10.com\/web\/wp-content\/uploads\/2024\/01\/40-pagina-10-periodico-regional-pasto.jpg\",\"contentUrl\":\"https:\/\/pagina10.com\/web\/wp-content\/uploads\/2024\/01\/40-pagina-10-periodico-regional-pasto.jpg\",\"width\":1280,\"height\":720,\"caption\":\"P\u00e1gina10\"},\"image\":{\"@id\":\"https:\/\/pagina10.com\/web\/#\/schema\/logo\/image\/\"},\"sameAs\":[\"https:\/\/www.facebook.com\/pag10com\",\"https:\/\/x.com\/Pag10com\",\"https:\/\/www.instagram.com\/pagina10col\/\",\"https:\/\/youtube.com\/channel\/pag10\",\"https:\/\/www.tiktok.com\/@p10col\"]},{\"@type\":\"Person\",\"@id\":\"https:\/\/pagina10.com\/web\/#\/schema\/person\/2efc4a090d25b667d3bc796798a3a81b\",\"name\":\"P\u00e1gina 10\",\"description\":\"P\u00e1gina 10 es un peri\u00f3dico regional que nace en Colombia, en el departamento de Nari\u00f1o, con un enfoque global, fundamentado en cuatro pilares esenciales: la libertad, el pluralismo, la inclusi\u00f3n y la independencia. P\u00e1gina 10 hace referencia a Nari\u00f1o como el d\u00e9cimo departamento creado en Colombia, despu\u00e9s de un proceso pol\u00edtico liderado por actores y actrices regionales con el fin de obtener la independencia y autonom\u00eda de nuestros territorios. Con la creaci\u00f3n de P\u00e1gina 10 se pretende abrir un escenario para el dialogo, la reflexi\u00f3n y el debate que se extienda a otras geograf\u00edas de Am\u00e9rica Latina y del planeta, en una apuesta por transformar colectivamente los desaf\u00edos de un mundo contempor\u00e1neo, m\u00e1s all\u00e1 de las fronteras impuestas.\",\"url\":\"https:\/\/pagina10.com\/web\/author\/pdiezadmin\/\"}]}<\/script>\n<!-- \/ Yoast SEO plugin. -->","yoast_head_json":{"title":"En Imues- Nari\u00f1o, proyecto de regal\u00edas abandonado desde el 2017. | P\u00e1gina10","robots":{"index":"index","follow":"follow","max-snippet":"max-snippet:-1","max-image-preview":"max-image-preview:large","max-video-preview":"max-video-preview:-1"},"canonical":"https:\/\/pagina10.com\/web\/en-imues-narino-proyecto-de-regalias-abandonado-desde-el-2017\/","og_locale":"es_ES","og_type":"article","og_title":"En Imues- Nari\u00f1o, proyecto de regal\u00edas abandonado desde el 2017. | P\u00e1gina10","og_description":"La Contralor\u00eda General de la Rep\u00fablica adelanta Proceso Ordinario de Responsabilidad Fiscal, por presuntas irregularidades presentadas en la ejecuci\u00f3n del contrato de obra No. 003\u2013L.P.2013 de 2013, cuyo objeto fue la\u00a0\u201cConstrucci\u00f3n Distrito de Riego Paz Verde, Imu\u00e9s \u2013 Nari\u00f1o Occidente\u201d\u00a0suscrito entre el Municipio de Imu\u00e9s &#8211; Nari\u00f1o y el Consorcio Paz Verde Trece y Sergio [&hellip;]","og_url":"https:\/\/pagina10.com\/web\/en-imues-narino-proyecto-de-regalias-abandonado-desde-el-2017\/","og_site_name":"P\u00e1gina10","article_publisher":"https:\/\/www.facebook.com\/pag10com","article_published_time":"2023-04-29T00:40:19+00:00","og_image":[{"width":1600,"height":1064,"url":"https:\/\/pagina10.com\/web\/wp-content\/uploads\/2023\/04\/WhatsApp-Image-2023-04-28-at-7.39.11-PM.jpeg","type":"image\/jpeg"}],"author":"P\u00e1gina 10","twitter_card":"summary_large_image","twitter_creator":"@Pag10com","twitter_site":"@Pag10com","twitter_misc":{"Escrito por":"P\u00e1gina 10","Tiempo de lectura":"1 minuto"},"schema":{"@context":"https:\/\/schema.org","@graph":[{"@type":"Article","@id":"https:\/\/pagina10.com\/web\/en-imues-narino-proyecto-de-regalias-abandonado-desde-el-2017\/#article","isPartOf":{"@id":"https:\/\/pagina10.com\/web\/en-imues-narino-proyecto-de-regalias-abandonado-desde-el-2017\/"},"author":{"name":"P\u00e1gina 10","@id":"https:\/\/pagina10.com\/web\/#\/schema\/person\/2efc4a090d25b667d3bc796798a3a81b"},"headline":"En Imues- Nari\u00f1o, proyecto de regal\u00edas abandonado desde el 2017.","datePublished":"2023-04-29T00:40:19+00:00","mainEntityOfPage":{"@id":"https:\/\/pagina10.com\/web\/en-imues-narino-proyecto-de-regalias-abandonado-desde-el-2017\/"},"wordCount":227,"commentCount":0,"publisher":{"@id":"https:\/\/pagina10.com\/web\/#organization"},"image":{"@id":"https:\/\/pagina10.com\/web\/en-imues-narino-proyecto-de-regalias-abandonado-desde-el-2017\/#primaryimage"},"thumbnailUrl":"https:\/\/pagina10.com\/web\/wp-content\/uploads\/2023\/04\/WhatsApp-Image-2023-04-28-at-7.39.11-PM.jpeg","articleSection":["Regiones"],"inLanguage":"es","potentialAction":[{"@type":"CommentAction","name":"Comment","target":["https:\/\/pagina10.com\/web\/en-imues-narino-proyecto-de-regalias-abandonado-desde-el-2017\/#respond"]}]},{"@type":"WebPage","@id":"https:\/\/pagina10.com\/web\/en-imues-narino-proyecto-de-regalias-abandonado-desde-el-2017\/","url":"https:\/\/pagina10.com\/web\/en-imues-narino-proyecto-de-regalias-abandonado-desde-el-2017\/","name":"En Imues- Nari\u00f1o, proyecto de regal\u00edas abandonado desde el 2017. | P\u00e1gina10","isPartOf":{"@id":"https:\/\/pagina10.com\/web\/#website"},"primaryImageOfPage":{"@id":"https:\/\/pagina10.com\/web\/en-imues-narino-proyecto-de-regalias-abandonado-desde-el-2017\/#primaryimage"},"image":{"@id":"https:\/\/pagina10.com\/web\/en-imues-narino-proyecto-de-regalias-abandonado-desde-el-2017\/#primaryimage"},"thumbnailUrl":"https:\/\/pagina10.com\/web\/wp-content\/uploads\/2023\/04\/WhatsApp-Image-2023-04-28-at-7.39.11-PM.jpeg","datePublished":"2023-04-29T00:40:19+00:00","breadcrumb":{"@id":"https:\/\/pagina10.com\/web\/en-imues-narino-proyecto-de-regalias-abandonado-desde-el-2017\/#breadcrumb"},"inLanguage":"es","potentialAction":[{"@type":"ReadAction","target":["https:\/\/pagina10.com\/web\/en-imues-narino-proyecto-de-regalias-abandonado-desde-el-2017\/"]}]},{"@type":"ImageObject","inLanguage":"es","@id":"https:\/\/pagina10.com\/web\/en-imues-narino-proyecto-de-regalias-abandonado-desde-el-2017\/#primaryimage","url":"https:\/\/pagina10.com\/web\/wp-content\/uploads\/2023\/04\/WhatsApp-Image-2023-04-28-at-7.39.11-PM.jpeg","contentUrl":"https:\/\/pagina10.com\/web\/wp-content\/uploads\/2023\/04\/WhatsApp-Image-2023-04-28-at-7.39.11-PM.jpeg","width":1600,"height":1064},{"@type":"BreadcrumbList","@id":"https:\/\/pagina10.com\/web\/en-imues-narino-proyecto-de-regalias-abandonado-desde-el-2017\/#breadcrumb","itemListElement":[{"@type":"ListItem","position":1,"name":"Portada","item":"https:\/\/pagina10.com\/web\/"},{"@type":"ListItem","position":2,"name":"En Imues- Nari\u00f1o, proyecto de regal\u00edas abandonado desde el 2017."}]},{"@type":"WebSite","@id":"https:\/\/pagina10.com\/web\/#website","url":"https:\/\/pagina10.com\/web\/","name":"P\u00e1gina10","description":"Peri\u00f3dico Regional","publisher":{"@id":"https:\/\/pagina10.com\/web\/#organization"},"alternateName":"P\u00e1gina10 Peri\u00f3dico Regional","potentialAction":[{"@type":"SearchAction","target":{"@type":"EntryPoint","urlTemplate":"https:\/\/pagina10.com\/web\/?s={search_term_string}"},"query-input":{"@type":"PropertyValueSpecification","valueRequired":true,"valueName":"search_term_string"}}],"inLanguage":"es"},{"@type":"Organization","@id":"https:\/\/pagina10.com\/web\/#organization","name":"P\u00e1gina10","alternateName":"P\u00e1gina10 Peri\u00f3dico Regional","url":"https:\/\/pagina10.com\/web\/","logo":{"@type":"ImageObject","inLanguage":"es","@id":"https:\/\/pagina10.com\/web\/#\/schema\/logo\/image\/","url":"https:\/\/pagina10.com\/web\/wp-content\/uploads\/2024\/01\/40-pagina-10-periodico-regional-pasto.jpg","contentUrl":"https:\/\/pagina10.com\/web\/wp-content\/uploads\/2024\/01\/40-pagina-10-periodico-regional-pasto.jpg","width":1280,"height":720,"caption":"P\u00e1gina10"},"image":{"@id":"https:\/\/pagina10.com\/web\/#\/schema\/logo\/image\/"},"sameAs":["https:\/\/www.facebook.com\/pag10com","https:\/\/x.com\/Pag10com","https:\/\/www.instagram.com\/pagina10col\/","https:\/\/youtube.com\/channel\/pag10","https:\/\/www.tiktok.com\/@p10col"]},{"@type":"Person","@id":"https:\/\/pagina10.com\/web\/#\/schema\/person\/2efc4a090d25b667d3bc796798a3a81b","name":"P\u00e1gina 10","description":"P\u00e1gina 10 es un peri\u00f3dico regional que nace en Colombia, en el departamento de Nari\u00f1o, con un enfoque global, fundamentado en cuatro pilares esenciales: la libertad, el pluralismo, la inclusi\u00f3n y la independencia. P\u00e1gina 10 hace referencia a Nari\u00f1o como el d\u00e9cimo departamento creado en Colombia, despu\u00e9s de un proceso pol\u00edtico liderado por actores y actrices regionales con el fin de obtener la independencia y autonom\u00eda de nuestros territorios. Con la creaci\u00f3n de P\u00e1gina 10 se pretende abrir un escenario para el dialogo, la reflexi\u00f3n y el debate que se extienda a otras geograf\u00edas de Am\u00e9rica Latina y del planeta, en una apuesta por transformar colectivamente los desaf\u00edos de un mundo contempor\u00e1neo, m\u00e1s all\u00e1 de las fronteras impuestas.","url":"https:\/\/pagina10.com\/web\/author\/pdiezadmin\/"}]}},"_links":{"self":[{"href":"https:\/\/pagina10.com\/web\/wp-json\/wp\/v2\/posts\/65659","targetHints":{"allow":["GET"]}}],"collection":[{"href":"https:\/\/pagina10.com\/web\/wp-json\/wp\/v2\/posts"}],"about":[{"href":"https:\/\/pagina10.com\/web\/wp-json\/wp\/v2\/types\/post"}],"author":[{"embeddable":true,"href":"https:\/\/pagina10.com\/web\/wp-json\/wp\/v2\/users\/1"}],"replies":[{"embeddable":true,"href":"https:\/\/pagina10.com\/web\/wp-json\/wp\/v2\/comments?post=65659"}],"version-history":[{"count":1,"href":"https:\/\/pagina10.com\/web\/wp-json\/wp\/v2\/posts\/65659\/revisions"}],"predecessor-version":[{"id":65661,"href":"https:\/\/pagina10.com\/web\/wp-json\/wp\/v2\/posts\/65659\/revisions\/65661"}],"wp:featuredmedia":[{"embeddable":true,"href":"https:\/\/pagina10.com\/web\/wp-json\/wp\/v2\/media\/65660"}],"wp:attachment":[{"href":"https:\/\/pagina10.com\/web\/wp-json\/wp\/v2\/media?parent=65659"}],"wp:term":[{"taxonomy":"category","embeddable":true,"href":"https:\/\/pagina10.com\/web\/wp-json\/wp\/v2\/categories?post=65659"},{"taxonomy":"post_tag","embeddable":true,"href":"https:\/\/pagina10.com\/web\/wp-json\/wp\/v2\/tags?post=65659"}],"curies":[{"name":"wp","href":"https:\/\/api.w.org\/{rel}","templated":true}]}}