{"id":65684,"date":"2023-04-30T12:02:33","date_gmt":"2023-04-30T17:02:33","guid":{"rendered":"https:\/\/pagina10.com\/web\/?p=65684"},"modified":"2023-04-30T12:04:18","modified_gmt":"2023-04-30T17:04:18","slug":"presuntas-irregularidades-en-el-manejo-de-los-recursos-de-la-salud-por-parte-de-la-eps-emssanar","status":"publish","type":"post","link":"https:\/\/pagina10.com\/web\/presuntas-irregularidades-en-el-manejo-de-los-recursos-de-la-salud-por-parte-de-la-eps-emssanar\/","title":{"rendered":"Presuntas irregularidades en el manejo de los recursos de la salud por parte de la EPS EMSSANAR"},"content":{"rendered":"<p style=\"text-align: justify;\">La Contralor\u00eda General de la Rep\u00fablica adelanta Proceso de Responsabilidad Fiscal por presuntas irregularidades en el manejo de los recursos de la salud por parte de la EPS EMSSANAR, por incumplir las regulaciones emitidas para la contrataci\u00f3n de servicios de salud por el mecanismo de pago por capitaci\u00f3n, al aplicarse para el suministro de medicamentos con establecimientos farmac\u00e9uticos, contrariando as\u00ed las disposiciones normativas para optar por esta modalidad de contrataci\u00f3n en la compra de servicios de salud.<\/p>\n<p style=\"text-align: justify;\">Se evidenciaron diferencias considerables entre los pagos realizados por la EPS y el valor de los medicamentos suministrados por los contratistas a sus afiliados, pagos que no guardan relaci\u00f3n con el valor de los medicamentos entregados.<\/p>\n<p style=\"text-align: justify;\">El proceso de responsabilidad fiscal tuvo su origen en una Auditoria de Cumplimiento adelantada por la Gerencia Departamental de la CGR en Nari\u00f1o en la que se evidenci\u00f3 que la diferencia entre el valor de los suministros y el valor pagado, bajo la modalidad de capitaci\u00f3n, vulnera el adecuado manejo de los recursos parafiscales que se otorga a la Entidad Promotora de Salud.<\/p>\n<p style=\"text-align: justify;\">En desarrollo de esta actuaci\u00f3n se decretaron medidas cautelares.<\/p>\n<p style=\"text-align: justify;\">Entidad Afectada: Administradora de los Recursos de la Seguridad Social en Salud (ADRES).<\/p>\n<p style=\"text-align: justify;\">Cuant\u00eda del da\u00f1o: $ 8.169 millones.<\/p>\n<p><iframe style=\"border: none; overflow: hidden;\" src=\"https:\/\/www.facebook.com\/plugins\/video.php?height=314&amp;href=https%3A%2F%2Fwww.facebook.com%2Fpag10com%2Fvideos%2F548639474089923%2F&amp;show_text=false&amp;width=560&amp;t=0\" width=\"560\" height=\"314\" frameborder=\"0\" scrolling=\"no\" allowfullscreen=\"allowfullscreen\"><\/iframe><\/p>\n","protected":false},"excerpt":{"rendered":"<p>La Contralor\u00eda General de la Rep\u00fablica adelanta Proceso de Responsabilidad Fiscal por presuntas irregularidades en el manejo de los recursos de la salud por parte de la EPS EMSSANAR, por incumplir las regulaciones emitidas para la contrataci\u00f3n de servicios de salud por el mecanismo de pago por capitaci\u00f3n, al aplicarse para el suministro de medicamentos [&hellip;]<\/p>\n","protected":false},"author":1,"featured_media":65685,"comment_status":"open","ping_status":"open","sticky":false,"template":"","format":"standard","meta":{"footnotes":""},"categories":[53,1528],"tags":[],"class_list":["post-65684","post","type-post","status-publish","format-standard","has-post-thumbnail","hentry","category-regiones","category-titulares"],"yoast_head":"<!-- This site is optimized with the Yoast SEO plugin v27.1.1 - https:\/\/yoast.com\/product\/yoast-seo-wordpress\/ -->\n<title>Presuntas irregularidades en el manejo de los recursos de la salud por parte de la EPS EMSSANAR | P\u00e1gina10<\/title>\n<meta name=\"robots\" content=\"index, follow, max-snippet:-1, max-image-preview:large, max-video-preview:-1\" \/>\n<link rel=\"canonical\" href=\"https:\/\/pagina10.com\/web\/presuntas-irregularidades-en-el-manejo-de-los-recursos-de-la-salud-por-parte-de-la-eps-emssanar\/\" \/>\n<meta property=\"og:locale\" content=\"es_ES\" \/>\n<meta property=\"og:type\" content=\"article\" \/>\n<meta property=\"og:title\" content=\"Presuntas irregularidades en el manejo de los recursos de la salud por parte de la EPS EMSSANAR | P\u00e1gina10\" \/>\n<meta property=\"og:description\" content=\"La Contralor\u00eda General de la Rep\u00fablica adelanta Proceso de Responsabilidad Fiscal por presuntas irregularidades en el manejo de los recursos de la salud por parte de la EPS EMSSANAR, por incumplir las regulaciones emitidas para la contrataci\u00f3n de servicios de salud por el mecanismo de pago por capitaci\u00f3n, al aplicarse para el suministro de medicamentos [&hellip;]\" \/>\n<meta property=\"og:url\" content=\"https:\/\/pagina10.com\/web\/presuntas-irregularidades-en-el-manejo-de-los-recursos-de-la-salud-por-parte-de-la-eps-emssanar\/\" \/>\n<meta property=\"og:site_name\" content=\"P\u00e1gina10\" \/>\n<meta property=\"article:publisher\" content=\"https:\/\/www.facebook.com\/pag10com\" \/>\n<meta property=\"article:published_time\" content=\"2023-04-30T17:02:33+00:00\" \/>\n<meta property=\"article:modified_time\" content=\"2023-04-30T17:04:18+00:00\" \/>\n<meta property=\"og:image\" content=\"https:\/\/pagina10.com\/web\/wp-content\/uploads\/2023\/04\/323462392_888725745649061_4028243304197667952_n.jpg\" \/>\n\t<meta property=\"og:image:width\" content=\"960\" \/>\n\t<meta property=\"og:image:height\" content=\"960\" \/>\n\t<meta property=\"og:image:type\" content=\"image\/jpeg\" \/>\n<meta name=\"author\" content=\"P\u00e1gina 10\" \/>\n<meta name=\"twitter:card\" content=\"summary_large_image\" \/>\n<meta name=\"twitter:creator\" content=\"@Pag10com\" \/>\n<meta name=\"twitter:site\" content=\"@Pag10com\" \/>\n<meta name=\"twitter:label1\" content=\"Escrito por\" \/>\n\t<meta name=\"twitter:data1\" content=\"P\u00e1gina 10\" \/>\n\t<meta name=\"twitter:label2\" content=\"Tiempo de lectura\" \/>\n\t<meta name=\"twitter:data2\" content=\"1 minuto\" \/>\n<script type=\"application\/ld+json\" class=\"yoast-schema-graph\">{\"@context\":\"https:\/\/schema.org\",\"@graph\":[{\"@type\":\"Article\",\"@id\":\"https:\/\/pagina10.com\/web\/presuntas-irregularidades-en-el-manejo-de-los-recursos-de-la-salud-por-parte-de-la-eps-emssanar\/#article\",\"isPartOf\":{\"@id\":\"https:\/\/pagina10.com\/web\/presuntas-irregularidades-en-el-manejo-de-los-recursos-de-la-salud-por-parte-de-la-eps-emssanar\/\"},\"author\":{\"name\":\"P\u00e1gina 10\",\"@id\":\"https:\/\/pagina10.com\/web\/#\/schema\/person\/2efc4a090d25b667d3bc796798a3a81b\"},\"headline\":\"Presuntas irregularidades en el manejo de los recursos de la salud por parte de la EPS EMSSANAR\",\"datePublished\":\"2023-04-30T17:02:33+00:00\",\"dateModified\":\"2023-04-30T17:04:18+00:00\",\"mainEntityOfPage\":{\"@id\":\"https:\/\/pagina10.com\/web\/presuntas-irregularidades-en-el-manejo-de-los-recursos-de-la-salud-por-parte-de-la-eps-emssanar\/\"},\"wordCount\":231,\"commentCount\":0,\"publisher\":{\"@id\":\"https:\/\/pagina10.com\/web\/#organization\"},\"image\":{\"@id\":\"https:\/\/pagina10.com\/web\/presuntas-irregularidades-en-el-manejo-de-los-recursos-de-la-salud-por-parte-de-la-eps-emssanar\/#primaryimage\"},\"thumbnailUrl\":\"https:\/\/pagina10.com\/web\/wp-content\/uploads\/2023\/04\/323462392_888725745649061_4028243304197667952_n.jpg\",\"articleSection\":[\"Regiones\",\"Titulares\"],\"inLanguage\":\"es\",\"potentialAction\":[{\"@type\":\"CommentAction\",\"name\":\"Comment\",\"target\":[\"https:\/\/pagina10.com\/web\/presuntas-irregularidades-en-el-manejo-de-los-recursos-de-la-salud-por-parte-de-la-eps-emssanar\/#respond\"]}]},{\"@type\":\"WebPage\",\"@id\":\"https:\/\/pagina10.com\/web\/presuntas-irregularidades-en-el-manejo-de-los-recursos-de-la-salud-por-parte-de-la-eps-emssanar\/\",\"url\":\"https:\/\/pagina10.com\/web\/presuntas-irregularidades-en-el-manejo-de-los-recursos-de-la-salud-por-parte-de-la-eps-emssanar\/\",\"name\":\"Presuntas irregularidades en el manejo de los recursos de la salud por parte de la EPS EMSSANAR | P\u00e1gina10\",\"isPartOf\":{\"@id\":\"https:\/\/pagina10.com\/web\/#website\"},\"primaryImageOfPage\":{\"@id\":\"https:\/\/pagina10.com\/web\/presuntas-irregularidades-en-el-manejo-de-los-recursos-de-la-salud-por-parte-de-la-eps-emssanar\/#primaryimage\"},\"image\":{\"@id\":\"https:\/\/pagina10.com\/web\/presuntas-irregularidades-en-el-manejo-de-los-recursos-de-la-salud-por-parte-de-la-eps-emssanar\/#primaryimage\"},\"thumbnailUrl\":\"https:\/\/pagina10.com\/web\/wp-content\/uploads\/2023\/04\/323462392_888725745649061_4028243304197667952_n.jpg\",\"datePublished\":\"2023-04-30T17:02:33+00:00\",\"dateModified\":\"2023-04-30T17:04:18+00:00\",\"breadcrumb\":{\"@id\":\"https:\/\/pagina10.com\/web\/presuntas-irregularidades-en-el-manejo-de-los-recursos-de-la-salud-por-parte-de-la-eps-emssanar\/#breadcrumb\"},\"inLanguage\":\"es\",\"potentialAction\":[{\"@type\":\"ReadAction\",\"target\":[\"https:\/\/pagina10.com\/web\/presuntas-irregularidades-en-el-manejo-de-los-recursos-de-la-salud-por-parte-de-la-eps-emssanar\/\"]}]},{\"@type\":\"ImageObject\",\"inLanguage\":\"es\",\"@id\":\"https:\/\/pagina10.com\/web\/presuntas-irregularidades-en-el-manejo-de-los-recursos-de-la-salud-por-parte-de-la-eps-emssanar\/#primaryimage\",\"url\":\"https:\/\/pagina10.com\/web\/wp-content\/uploads\/2023\/04\/323462392_888725745649061_4028243304197667952_n.jpg\",\"contentUrl\":\"https:\/\/pagina10.com\/web\/wp-content\/uploads\/2023\/04\/323462392_888725745649061_4028243304197667952_n.jpg\",\"width\":960,\"height\":960},{\"@type\":\"BreadcrumbList\",\"@id\":\"https:\/\/pagina10.com\/web\/presuntas-irregularidades-en-el-manejo-de-los-recursos-de-la-salud-por-parte-de-la-eps-emssanar\/#breadcrumb\",\"itemListElement\":[{\"@type\":\"ListItem\",\"position\":1,\"name\":\"Portada\",\"item\":\"https:\/\/pagina10.com\/web\/\"},{\"@type\":\"ListItem\",\"position\":2,\"name\":\"Presuntas irregularidades en el manejo de los recursos de la salud por parte de la EPS EMSSANAR\"}]},{\"@type\":\"WebSite\",\"@id\":\"https:\/\/pagina10.com\/web\/#website\",\"url\":\"https:\/\/pagina10.com\/web\/\",\"name\":\"P\u00e1gina10\",\"description\":\"Peri\u00f3dico Regional\",\"publisher\":{\"@id\":\"https:\/\/pagina10.com\/web\/#organization\"},\"alternateName\":\"P\u00e1gina10 Peri\u00f3dico Regional\",\"potentialAction\":[{\"@type\":\"SearchAction\",\"target\":{\"@type\":\"EntryPoint\",\"urlTemplate\":\"https:\/\/pagina10.com\/web\/?s={search_term_string}\"},\"query-input\":{\"@type\":\"PropertyValueSpecification\",\"valueRequired\":true,\"valueName\":\"search_term_string\"}}],\"inLanguage\":\"es\"},{\"@type\":\"Organization\",\"@id\":\"https:\/\/pagina10.com\/web\/#organization\",\"name\":\"P\u00e1gina10\",\"alternateName\":\"P\u00e1gina10 Peri\u00f3dico Regional\",\"url\":\"https:\/\/pagina10.com\/web\/\",\"logo\":{\"@type\":\"ImageObject\",\"inLanguage\":\"es\",\"@id\":\"https:\/\/pagina10.com\/web\/#\/schema\/logo\/image\/\",\"url\":\"https:\/\/pagina10.com\/web\/wp-content\/uploads\/2024\/01\/40-pagina-10-periodico-regional-pasto.jpg\",\"contentUrl\":\"https:\/\/pagina10.com\/web\/wp-content\/uploads\/2024\/01\/40-pagina-10-periodico-regional-pasto.jpg\",\"width\":1280,\"height\":720,\"caption\":\"P\u00e1gina10\"},\"image\":{\"@id\":\"https:\/\/pagina10.com\/web\/#\/schema\/logo\/image\/\"},\"sameAs\":[\"https:\/\/www.facebook.com\/pag10com\",\"https:\/\/x.com\/Pag10com\",\"https:\/\/www.instagram.com\/pagina10col\/\",\"https:\/\/youtube.com\/channel\/pag10\",\"https:\/\/www.tiktok.com\/@p10col\"]},{\"@type\":\"Person\",\"@id\":\"https:\/\/pagina10.com\/web\/#\/schema\/person\/2efc4a090d25b667d3bc796798a3a81b\",\"name\":\"P\u00e1gina 10\",\"description\":\"P\u00e1gina 10 es un peri\u00f3dico regional que nace en Colombia, en el departamento de Nari\u00f1o, con un enfoque global, fundamentado en cuatro pilares esenciales: la libertad, el pluralismo, la inclusi\u00f3n y la independencia. P\u00e1gina 10 hace referencia a Nari\u00f1o como el d\u00e9cimo departamento creado en Colombia, despu\u00e9s de un proceso pol\u00edtico liderado por actores y actrices regionales con el fin de obtener la independencia y autonom\u00eda de nuestros territorios. Con la creaci\u00f3n de P\u00e1gina 10 se pretende abrir un escenario para el dialogo, la reflexi\u00f3n y el debate que se extienda a otras geograf\u00edas de Am\u00e9rica Latina y del planeta, en una apuesta por transformar colectivamente los desaf\u00edos de un mundo contempor\u00e1neo, m\u00e1s all\u00e1 de las fronteras impuestas.\",\"url\":\"https:\/\/pagina10.com\/web\/author\/pdiezadmin\/\"}]}<\/script>\n<!-- \/ Yoast SEO plugin. -->","yoast_head_json":{"title":"Presuntas irregularidades en el manejo de los recursos de la salud por parte de la EPS EMSSANAR | P\u00e1gina10","robots":{"index":"index","follow":"follow","max-snippet":"max-snippet:-1","max-image-preview":"max-image-preview:large","max-video-preview":"max-video-preview:-1"},"canonical":"https:\/\/pagina10.com\/web\/presuntas-irregularidades-en-el-manejo-de-los-recursos-de-la-salud-por-parte-de-la-eps-emssanar\/","og_locale":"es_ES","og_type":"article","og_title":"Presuntas irregularidades en el manejo de los recursos de la salud por parte de la EPS EMSSANAR | P\u00e1gina10","og_description":"La Contralor\u00eda General de la Rep\u00fablica adelanta Proceso de Responsabilidad Fiscal por presuntas irregularidades en el manejo de los recursos de la salud por parte de la EPS EMSSANAR, por incumplir las regulaciones emitidas para la contrataci\u00f3n de servicios de salud por el mecanismo de pago por capitaci\u00f3n, al aplicarse para el suministro de medicamentos [&hellip;]","og_url":"https:\/\/pagina10.com\/web\/presuntas-irregularidades-en-el-manejo-de-los-recursos-de-la-salud-por-parte-de-la-eps-emssanar\/","og_site_name":"P\u00e1gina10","article_publisher":"https:\/\/www.facebook.com\/pag10com","article_published_time":"2023-04-30T17:02:33+00:00","article_modified_time":"2023-04-30T17:04:18+00:00","og_image":[{"width":960,"height":960,"url":"https:\/\/pagina10.com\/web\/wp-content\/uploads\/2023\/04\/323462392_888725745649061_4028243304197667952_n.jpg","type":"image\/jpeg"}],"author":"P\u00e1gina 10","twitter_card":"summary_large_image","twitter_creator":"@Pag10com","twitter_site":"@Pag10com","twitter_misc":{"Escrito por":"P\u00e1gina 10","Tiempo de lectura":"1 minuto"},"schema":{"@context":"https:\/\/schema.org","@graph":[{"@type":"Article","@id":"https:\/\/pagina10.com\/web\/presuntas-irregularidades-en-el-manejo-de-los-recursos-de-la-salud-por-parte-de-la-eps-emssanar\/#article","isPartOf":{"@id":"https:\/\/pagina10.com\/web\/presuntas-irregularidades-en-el-manejo-de-los-recursos-de-la-salud-por-parte-de-la-eps-emssanar\/"},"author":{"name":"P\u00e1gina 10","@id":"https:\/\/pagina10.com\/web\/#\/schema\/person\/2efc4a090d25b667d3bc796798a3a81b"},"headline":"Presuntas irregularidades en el manejo de los recursos de la salud por parte de la EPS EMSSANAR","datePublished":"2023-04-30T17:02:33+00:00","dateModified":"2023-04-30T17:04:18+00:00","mainEntityOfPage":{"@id":"https:\/\/pagina10.com\/web\/presuntas-irregularidades-en-el-manejo-de-los-recursos-de-la-salud-por-parte-de-la-eps-emssanar\/"},"wordCount":231,"commentCount":0,"publisher":{"@id":"https:\/\/pagina10.com\/web\/#organization"},"image":{"@id":"https:\/\/pagina10.com\/web\/presuntas-irregularidades-en-el-manejo-de-los-recursos-de-la-salud-por-parte-de-la-eps-emssanar\/#primaryimage"},"thumbnailUrl":"https:\/\/pagina10.com\/web\/wp-content\/uploads\/2023\/04\/323462392_888725745649061_4028243304197667952_n.jpg","articleSection":["Regiones","Titulares"],"inLanguage":"es","potentialAction":[{"@type":"CommentAction","name":"Comment","target":["https:\/\/pagina10.com\/web\/presuntas-irregularidades-en-el-manejo-de-los-recursos-de-la-salud-por-parte-de-la-eps-emssanar\/#respond"]}]},{"@type":"WebPage","@id":"https:\/\/pagina10.com\/web\/presuntas-irregularidades-en-el-manejo-de-los-recursos-de-la-salud-por-parte-de-la-eps-emssanar\/","url":"https:\/\/pagina10.com\/web\/presuntas-irregularidades-en-el-manejo-de-los-recursos-de-la-salud-por-parte-de-la-eps-emssanar\/","name":"Presuntas irregularidades en el manejo de los recursos de la salud por parte de la EPS EMSSANAR | P\u00e1gina10","isPartOf":{"@id":"https:\/\/pagina10.com\/web\/#website"},"primaryImageOfPage":{"@id":"https:\/\/pagina10.com\/web\/presuntas-irregularidades-en-el-manejo-de-los-recursos-de-la-salud-por-parte-de-la-eps-emssanar\/#primaryimage"},"image":{"@id":"https:\/\/pagina10.com\/web\/presuntas-irregularidades-en-el-manejo-de-los-recursos-de-la-salud-por-parte-de-la-eps-emssanar\/#primaryimage"},"thumbnailUrl":"https:\/\/pagina10.com\/web\/wp-content\/uploads\/2023\/04\/323462392_888725745649061_4028243304197667952_n.jpg","datePublished":"2023-04-30T17:02:33+00:00","dateModified":"2023-04-30T17:04:18+00:00","breadcrumb":{"@id":"https:\/\/pagina10.com\/web\/presuntas-irregularidades-en-el-manejo-de-los-recursos-de-la-salud-por-parte-de-la-eps-emssanar\/#breadcrumb"},"inLanguage":"es","potentialAction":[{"@type":"ReadAction","target":["https:\/\/pagina10.com\/web\/presuntas-irregularidades-en-el-manejo-de-los-recursos-de-la-salud-por-parte-de-la-eps-emssanar\/"]}]},{"@type":"ImageObject","inLanguage":"es","@id":"https:\/\/pagina10.com\/web\/presuntas-irregularidades-en-el-manejo-de-los-recursos-de-la-salud-por-parte-de-la-eps-emssanar\/#primaryimage","url":"https:\/\/pagina10.com\/web\/wp-content\/uploads\/2023\/04\/323462392_888725745649061_4028243304197667952_n.jpg","contentUrl":"https:\/\/pagina10.com\/web\/wp-content\/uploads\/2023\/04\/323462392_888725745649061_4028243304197667952_n.jpg","width":960,"height":960},{"@type":"BreadcrumbList","@id":"https:\/\/pagina10.com\/web\/presuntas-irregularidades-en-el-manejo-de-los-recursos-de-la-salud-por-parte-de-la-eps-emssanar\/#breadcrumb","itemListElement":[{"@type":"ListItem","position":1,"name":"Portada","item":"https:\/\/pagina10.com\/web\/"},{"@type":"ListItem","position":2,"name":"Presuntas irregularidades en el manejo de los recursos de la salud por parte de la EPS EMSSANAR"}]},{"@type":"WebSite","@id":"https:\/\/pagina10.com\/web\/#website","url":"https:\/\/pagina10.com\/web\/","name":"P\u00e1gina10","description":"Peri\u00f3dico Regional","publisher":{"@id":"https:\/\/pagina10.com\/web\/#organization"},"alternateName":"P\u00e1gina10 Peri\u00f3dico Regional","potentialAction":[{"@type":"SearchAction","target":{"@type":"EntryPoint","urlTemplate":"https:\/\/pagina10.com\/web\/?s={search_term_string}"},"query-input":{"@type":"PropertyValueSpecification","valueRequired":true,"valueName":"search_term_string"}}],"inLanguage":"es"},{"@type":"Organization","@id":"https:\/\/pagina10.com\/web\/#organization","name":"P\u00e1gina10","alternateName":"P\u00e1gina10 Peri\u00f3dico Regional","url":"https:\/\/pagina10.com\/web\/","logo":{"@type":"ImageObject","inLanguage":"es","@id":"https:\/\/pagina10.com\/web\/#\/schema\/logo\/image\/","url":"https:\/\/pagina10.com\/web\/wp-content\/uploads\/2024\/01\/40-pagina-10-periodico-regional-pasto.jpg","contentUrl":"https:\/\/pagina10.com\/web\/wp-content\/uploads\/2024\/01\/40-pagina-10-periodico-regional-pasto.jpg","width":1280,"height":720,"caption":"P\u00e1gina10"},"image":{"@id":"https:\/\/pagina10.com\/web\/#\/schema\/logo\/image\/"},"sameAs":["https:\/\/www.facebook.com\/pag10com","https:\/\/x.com\/Pag10com","https:\/\/www.instagram.com\/pagina10col\/","https:\/\/youtube.com\/channel\/pag10","https:\/\/www.tiktok.com\/@p10col"]},{"@type":"Person","@id":"https:\/\/pagina10.com\/web\/#\/schema\/person\/2efc4a090d25b667d3bc796798a3a81b","name":"P\u00e1gina 10","description":"P\u00e1gina 10 es un peri\u00f3dico regional que nace en Colombia, en el departamento de Nari\u00f1o, con un enfoque global, fundamentado en cuatro pilares esenciales: la libertad, el pluralismo, la inclusi\u00f3n y la independencia. P\u00e1gina 10 hace referencia a Nari\u00f1o como el d\u00e9cimo departamento creado en Colombia, despu\u00e9s de un proceso pol\u00edtico liderado por actores y actrices regionales con el fin de obtener la independencia y autonom\u00eda de nuestros territorios. Con la creaci\u00f3n de P\u00e1gina 10 se pretende abrir un escenario para el dialogo, la reflexi\u00f3n y el debate que se extienda a otras geograf\u00edas de Am\u00e9rica Latina y del planeta, en una apuesta por transformar colectivamente los desaf\u00edos de un mundo contempor\u00e1neo, m\u00e1s all\u00e1 de las fronteras impuestas.","url":"https:\/\/pagina10.com\/web\/author\/pdiezadmin\/"}]}},"_links":{"self":[{"href":"https:\/\/pagina10.com\/web\/wp-json\/wp\/v2\/posts\/65684","targetHints":{"allow":["GET"]}}],"collection":[{"href":"https:\/\/pagina10.com\/web\/wp-json\/wp\/v2\/posts"}],"about":[{"href":"https:\/\/pagina10.com\/web\/wp-json\/wp\/v2\/types\/post"}],"author":[{"embeddable":true,"href":"https:\/\/pagina10.com\/web\/wp-json\/wp\/v2\/users\/1"}],"replies":[{"embeddable":true,"href":"https:\/\/pagina10.com\/web\/wp-json\/wp\/v2\/comments?post=65684"}],"version-history":[{"count":2,"href":"https:\/\/pagina10.com\/web\/wp-json\/wp\/v2\/posts\/65684\/revisions"}],"predecessor-version":[{"id":65687,"href":"https:\/\/pagina10.com\/web\/wp-json\/wp\/v2\/posts\/65684\/revisions\/65687"}],"wp:featuredmedia":[{"embeddable":true,"href":"https:\/\/pagina10.com\/web\/wp-json\/wp\/v2\/media\/65685"}],"wp:attachment":[{"href":"https:\/\/pagina10.com\/web\/wp-json\/wp\/v2\/media?parent=65684"}],"wp:term":[{"taxonomy":"category","embeddable":true,"href":"https:\/\/pagina10.com\/web\/wp-json\/wp\/v2\/categories?post=65684"},{"taxonomy":"post_tag","embeddable":true,"href":"https:\/\/pagina10.com\/web\/wp-json\/wp\/v2\/tags?post=65684"}],"curies":[{"name":"wp","href":"https:\/\/api.w.org\/{rel}","templated":true}]}}