{"id":65688,"date":"2023-04-30T12:08:28","date_gmt":"2023-04-30T17:08:28","guid":{"rendered":"https:\/\/pagina10.com\/web\/?p=65688"},"modified":"2023-04-30T12:08:28","modified_gmt":"2023-04-30T17:08:28","slug":"contraloria-general-encuentra-63-elefantes-blancos-en-narino","status":"publish","type":"post","link":"https:\/\/pagina10.com\/web\/contraloria-general-encuentra-63-elefantes-blancos-en-narino\/","title":{"rendered":"Contralor\u00eda General encuentra 63 Elefantes Blancos en Nari\u00f1o"},"content":{"rendered":"<p style=\"text-align: justify;\">La Contralor\u00eda General de la Rep\u00fablica adelanta actualmente en el departamento de Nari\u00f1o 236 procesos de responsabilidad fiscal, por una cuant\u00eda total de $137.441 millones.<\/p>\n<p style=\"text-align: justify;\">Para destacar los siguientes procesos referidos a proyectos relevantes. Se trata de:<\/p>\n<h3 style=\"text-align: justify;\">UN (1)\u00a0PROCESO DE RESPONSABILIDAD FISCAL POR IRREGULARIDADES EN LA GESTI\u00d3N DE LA EPS EMSSANAR SAS, AL ASUMIR GASTOS FINANCIEROS COMO OPERACIONES DE FACTORING (COMPRA DE CARTERA) CON CARGO A GASTOS ADMINISTRATIVOS QUE PAGA LA UPC (UNIDAD DE PAGO POR CAPITACI\u00d3N)<\/h3>\n<p style=\"text-align: justify;\">Entidad Afectada: Sistema de Seguridad Social en Salud (SGSSS) y Administradora de los Recursos de la Seguridad Social en Salud (ADRES).<\/p>\n<p style=\"text-align: justify;\">Cuant\u00eda del da\u00f1o: $10.031 millones.<\/p>\n<p style=\"text-align: justify;\">La Contralor\u00eda General de la Rep\u00fablica adelanta Proceso de Responsabilidad Fiscal por presuntas irregularidades en el manejo de los recursos de la salud por parte de la EPS EMSSANAR, al vulnerar la normatividad que regula el flujo de recursos en el Sistema de Seguridad Social en Salud, al acudir al mecanismo de factoring como medio de pago de la prestaci\u00f3n de los servicios de salud, cuya fuente es el porcentaje de gastos de administraci\u00f3n en salud asignados a trav\u00e9s de la Unidad de Pago por Capitaci\u00f3n a esta EPS.<\/p>\n<p style=\"text-align: justify;\">El proceso de responsabilidad fiscal tuvo su origen en una Auditoria de Cumplimiento adelantada por la Gerencia Departamental de la CGR en Nari\u00f1o, en la cual se evidenci\u00f3 que EMSSANAR S.A.S. asumi\u00f3 gastos financieros como resultado de operaciones de factoring con cargo a gastos administrativos que paga la Unidad de Pago por Capitaci\u00f3n y que tienen destinaci\u00f3n espec\u00edfica (coadyuvar en la prestaci\u00f3n del servicio de salud).<\/p>\n<p style=\"text-align: justify;\">En desarrollo de esta actuaci\u00f3n se decretaron medias cautelares.<\/p>\n<h3 style=\"text-align: justify;\">UN\u00a0(1)\u00a0PROCESO DE RESPONSABILIDAD FISCAL POR IRREGULARIDADES EN LA PLATAFORMA TECNOL\u00d3GICA Y NO CONECTIVIDAD A INTERNET DE LOS CONTENIDOS PEDAGOGICOS EN 750 INSTITUCIONES EDUCATIVAS<\/h3>\n<p style=\"text-align: justify;\">\u00a0Entidad Afectada: Departamento de Nari\u00f1o<\/p>\n<p style=\"text-align: justify;\">\u00a0Cuant\u00eda del da\u00f1o: $8.433 millones<\/p>\n<p style=\"text-align: justify;\">\u00a0La Contralor\u00eda General de la Rep\u00fablica adelanta Proceso Ordinario de Responsabilidad Fiscal, por presuntas irregularidades en la ejecuci\u00f3n del Convenio interadministrativo No. GN1737-2013,\u00a0para el desarrollo del proyecto denominado \u201cFORTALECIMIENTO DE LA CULTURA CIUDADANA Y DEMOCR\u00c1TICA EN CIENCIA Y TECNOLOG\u00cdA A TRAV\u00c9S DE LA INVESTIGACI\u00d3N COMO ESTRATEGIA PEDAG\u00d3GICA APOYADA EN TICs EN EL DEPARTAMENTO DE NARI\u00d1O\u201d, suscrito entre el Departamento de Nari\u00f1o y la Universidad de Nari\u00f1o, por valor de $10.599 millones.<\/p>\n<p style=\"text-align: justify;\">El proceso de responsabilidad fiscal se origin\u00f3 en un hallazgo fiscal, configurado en desarrollo de Actuaci\u00f3n Especial adelantada por la Unidad de Seguimiento y Auditor\u00eda de Regal\u00edas de la Contralor\u00eda General de la Rep\u00fablica, en el cual se determin\u00f3 que el software desarrollado en cumplimento del convenio interadministrativo se encuentra \u201cen un continuo desuso\u201d y \u201cno se recibieron los beneficios del proyecto\u201d, toda vez que, la plataforma tecnol\u00f3gica nunca se implement\u00f3 en las 750 instituciones educativas del Departamento de Nari\u00f1o beneficiarias del proyecto, debido a que la misma fue jaqueada y toda la informaci\u00f3n fue encriptada, haciendo imposible su recuperaci\u00f3n.<\/p>\n<p style=\"text-align: justify;\">Adicionalmente, ninguno de los establecimientos educativos tuvo conectividad a internet para acceder a los contenidos pedag\u00f3gicos de la plataforma, al no haberse puesto en l\u00ednea dicha herramienta por parte de la Gobernaci\u00f3n de Nari\u00f1o.<\/p>\n<p style=\"text-align: justify;\">En desarrollo de esta actuaci\u00f3n se vincul\u00f3 a la compa\u00f1\u00eda aseguradora para garantizar el resarcimiento del da\u00f1o al patrimonio.<\/p>\n<h3 style=\"text-align: justify;\">UN (1) PROCESO DE RESPONSABILIDAD FISCAL POR IRREGULARIDADES EN LA GESTI\u00d3N DE LA EPS EMSSANAR SAS, AL USAR LA MODALIDAD DE PAGO POR CAPITACI\u00d3N PARA EL SUMINISTRO DE MEDICAMENTOS A TRAV\u00c9S DE ESTABLECIMIENTOS FARMACE\u00daTICOS<\/h3>\n<p style=\"text-align: justify;\">Entidad Afectada: Administradora de los Recursos de la Seguridad Social en Salud (ADRES).<\/p>\n<p style=\"text-align: justify;\">Cuant\u00eda del da\u00f1o: $ 8.169 millones.<\/p>\n<p style=\"text-align: justify;\">La Contralor\u00eda General de la Rep\u00fablica adelanta Proceso de Responsabilidad Fiscal por presuntas irregularidades en el manejo de los recursos de la salud por parte de la EPS EMSSANAR, por incumplir las regulaciones emitidas para la contrataci\u00f3n de servicios de salud por el mecanismo de pago por capitaci\u00f3n, al aplicarse para el suministro de medicamentos con establecimientos farmac\u00e9uticos, contrariando as\u00ed las disposiciones normativas para optar por esta modalidad de contrataci\u00f3n en la compra de servicios de salud.<\/p>\n<p style=\"text-align: justify;\">Se evidenciaron diferencias considerables entre los pagos realizados por la EPS y el valor de los medicamentos suministrados por los contratistas a sus afiliados, pagos que no guardan relaci\u00f3n con el valor de los medicamentos entregados.<\/p>\n<p style=\"text-align: justify;\">El proceso de responsabilidad fiscal tuvo su origen en una Auditoria de Cumplimiento adelantada por la Gerencia Departamental de la CGR en Nari\u00f1o en la que se evidenci\u00f3 que la diferencia entre el valor de los suministros y el valor pagado, bajo la modalidad de capitaci\u00f3n, vulnera el adecuado manejo de los recursos parafiscales que se otorga a la Entidad Promotora de Salud.<\/p>\n<p style=\"text-align: justify;\">En desarrollo de esta actuaci\u00f3n se decretaron medidas cautelares.<\/p>\n<h3 style=\"text-align: justify;\">UN (1) PROCESO DE RESPONSABILIDAD FISCAL POR IRREGULARIDADES EN LA CONSTRUCCI\u00d3N DEL DISTRITO DE RIESGO PAZ VERDE DEL MUNICIPIO DE IMU\u00c9S<\/h3>\n<p style=\"text-align: justify;\">Entidad Afectada: Municipio de Imu\u00e9s<\/p>\n<p style=\"text-align: justify;\">Cuant\u00eda del da\u00f1o: $4.700 millones.<\/p>\n<p style=\"text-align: justify;\">La Contralor\u00eda General de la Rep\u00fablica adelanta Proceso Ordinario de Responsabilidad Fiscal, por presuntas irregularidades presentadas en la ejecuci\u00f3n del contrato de obra No. 003\u2013L.P.2013 de 2013, cuyo objeto fue la\u00a0\u201cConstrucci\u00f3n Distrito de Riego Paz Verde, Imu\u00e9s \u2013 Nari\u00f1o Occidente\u201d\u00a0suscrito entre el Municipio de Imu\u00e9s &#8211; Nari\u00f1o y el Consorcio Paz Verde Trece y Sergio Bastidas Olarte, por valor de $7.854 millones, y el contrato de interventor\u00eda No. 01 de 2014, celebrado con el Consorcio Riegos de Nari\u00f1o, por valor de $306 millones.<\/p>\n<p style=\"text-align: justify;\">El proceso de responsabilidad fiscal tuvo su origen en el hallazgo fiscal configurado en desarrollo en la Actuaci\u00f3n Especial adelantada por la Unidad de Seguimiento y Auditor\u00eda de Regal\u00edas de la Contralor\u00eda General de la Rep\u00fablica, en el cual se evidenci\u00f3 que la obra se encuentra suspendida desde febrero de 2017, debido a la falta de permisos y legalizaci\u00f3n de servidumbre para la instalaci\u00f3n de tuber\u00edas y la construcci\u00f3n de la bocatoma y desarenador, situaci\u00f3n que afecta a 137 usuarios como beneficiarios del proyecto.<\/p>\n<p style=\"text-align: justify;\">En desarrollo de esta actuaci\u00f3n se vincul\u00f3 a la compa\u00f1\u00eda aseguradora para garantizar el resarcimiento del da\u00f1o al patrimonio.<\/p>\n<h3 style=\"text-align: justify;\">UN (1) PROCESO DE RESPONSABILIDAD FISCAL POR IRREGULARIDADES EN EL MANEJO DE EFECTIVO DE LA CUENTA DE PROP\u00d3SITO GENERAL DEL MUNICIPIO DE LA TOLA<\/h3>\n<p style=\"text-align: justify;\">Entidad Afectada: Municipio de La Tola<\/p>\n<p style=\"text-align: justify;\">Cuant\u00eda del da\u00f1o: $ 4.488 millones.<\/p>\n<p style=\"text-align: justify;\">La Contralor\u00eda General de la Rep\u00fablica adelanta Proceso de Responsabilidad Fiscal por presuntas irregularidades en el manejo de los recursos del Municipio de La Tola, en el cual se estableci\u00f3 que la administraci\u00f3n municipal orden\u00f3 retiros bancarios en el a\u00f1o 2018, correspondientes a los movimientos de cr\u00e9dito y destinados a pagos a terceros, por un valor total de $4.488 millones.<\/p>\n<p style=\"text-align: justify;\">El proceso de responsabilidad fiscal tuvo su origen en una Auditoria de Cumplimiento en la que se evidenci\u00f3 que no existen comprobantes de pago con los soportes, como contratos, Certificados de Disponibilidad Presupuestal (CDO), Registro Presupuestal (RP), comprobantes de egreso, \u00f3rdenes de pago y dem\u00e1s documentos contractuales que amparen esos retiros.<\/p>\n<p style=\"text-align: justify;\">En desarrollo de esta actuaci\u00f3n se vincul\u00f3 a las compa\u00f1\u00edas aseguradoras para garantizar el resarcimiento del da\u00f1o al patrimonio y se decretaron medidas cautelares.<\/p>\n<h3 style=\"text-align: justify;\">UN (1) PROCESO DE RESPONSABILIDAD FISCAL POR IRREGULARIDADES EN LA CONSTRUCCI\u00d3N DE 95 VIVIENDAS UNIFAMILIARES DE INTER\u00c9S PRIORITARIO (VIP) EN EL MUNICIPIO DE LA UNI\u00d3N<\/h3>\n<p style=\"text-align: justify;\">Entidad Afectada: Fondo Adaptaci\u00f3n<\/p>\n<p style=\"text-align: justify;\">Cuant\u00eda del da\u00f1o: $4.405 millones.<\/p>\n<p style=\"text-align: justify;\">La Contralor\u00eda General de la Rep\u00fablica adelanta Proceso de Responsabilidad Fiscal por presuntas irregularidades presentadas en la ejecuci\u00f3n del contrato de construcci\u00f3n de viviendas No. CNT-2017-146, cuyo objeto fue &#8220;la construcci\u00f3n de 95 viviendas unifamiliares de inter\u00e9s prioritario (VIP) mediante r\u00e9gimen de propiedad horizontal, con su respective urbanismo y la construcci\u00f3n de una Planta de Tratamiento de Aguas Residuales (PTAR)\u201d.<\/p>\n<p style=\"text-align: justify;\">Este contrato fue suscrito entre COMFENALCO VALLE DE LA GENTE Y LA UNI\u00d3N TEMPORAL CANAL ETERNIT, por valor de $4.799 millones, de los cuales so cancelaron $4.406 millones.<\/p>\n<p style=\"text-align: justify;\">El proceso de responsabilidad fiscal se origin\u00f3 en una denuncia ciudadana que dio lugar una visita especial por parte de los funcionarios de la Contralor\u00eda General de la Rep\u00fablica, en la que se evidenci\u00f3 la construcci\u00f3n de 6 Bloques, 5 pisos y 4 apartamentos por piso, para un total de 20 apartamentos por bloque y 100 apartamentos construidos. Sin embargo, la Planta de Tratamiento de Aguas Residuales (PTAR) no se encuentra instalada, ni el descole a la quebrada La Fragua, motivo por el cual a la fecha no se ha realizado la entrega de las soluciones de vivienda a los beneficiarios y las torres de apartamentos construidas se encuentran en estado de abandono.<\/p>\n<p style=\"text-align: justify;\">En desarrollo de esta actuaci\u00f3n se vincul\u00f3 a las compa\u00f1\u00edas aseguradoras para garantizar el resarcimiento del da\u00f1o al patrimonio.<\/p>\n<h3 style=\"text-align: justify;\">UN (1) PROCESO DE RESPONSABILIDAD FISCAL POR IRREGULARIDADES EN LA LEGALIZACI\u00d3N DE ANTICIPOS PAGADOS CON BASE EN CONTRATOS DE SERVICIOS M\u00c9DICOS CELEBRADOS POR PARTE DE MALLAMAS ESP IND\u00cdGENA \u2013 MUNICIPIO DE IPIALES-<\/h3>\n<p style=\"text-align: justify;\">Entidad Afectada: Administradora de los Recursos del Sistema General de Seguridad Social en Salud \u2014 ADRES<\/p>\n<p style=\"text-align: justify;\">Cuant\u00eda del da\u00f1o: $4.281 millones<\/p>\n<p style=\"text-align: justify;\">La Contralor\u00eda General de la Rep\u00fablica adelanta Proceso Ordinario de Responsabilidad Fiscal, por presuntas irregularidades encontradas en la gesti\u00f3n de recursos del Sistema de Salud por parte de la EPS-I MALLAM\u00c1S.<\/p>\n<p style=\"text-align: justify;\">El proceso de responsabilidad fiscal tuvo su origen en una Auditor\u00eda de Cumplimiento donde se evidenci\u00f3 que la EPS-I MALLAM\u00c1S pag\u00f3 anticipos para obtener servicios de salud para sus afiliados, sin realizar un seguimiento oportuno, adecuada conciliaci\u00f3n y depuraci\u00f3n al cierre de cada vigencia para solicitar su reintegro. As\u00ed mismo, la Contralor\u00eda constat\u00f3 que se prestaran los servicios requeridos, lo que a la postre gener\u00f3 la imposibilidad de que estos dineros se amortizaran y legalizaran contablemente o en su defecto se accediera a las devoluciones por servicios que no se prestaron.<\/p>\n<p style=\"text-align: justify;\">En desarrollo de esta actuaci\u00f3n se vincul\u00f3 la compa\u00f1\u00eda aseguradora con el fin de garantizar el resarcimiento del da\u00f1o al patrimonio.<\/p>\n<h3 style=\"text-align: justify;\">\u00a0Otros 3 procesos relevantes<\/h3>\n<ul>\n<li style=\"text-align: justify;\">Proceso de responsabilidad fiscal por $3.887 millones, por irregularidades en la construcci\u00f3n del Hospital ID IPS Municipal, en el municipio de Ipiales.<\/li>\n<li style=\"text-align: justify;\">Proceso de responsabilidad fiscal por $3.157 millones, por irregularidades en la construcci\u00f3n del puente met\u00e1lico colgante sobre el r\u00edo Guaitara, en el municipio de Sandon\u00e1.<\/li>\n<li style=\"text-align: justify;\">Proceso de responsabilidad fiscal por $3.091 millones, por irregularidades en la construcci\u00f3n del Centro C\u00edvico Municipal Tur\u00edstico Piedra de Bol\u00edvar, corregimiento de Bombon\u00e1, municipio de Consac\u00e1.<\/li>\n<\/ul>\n","protected":false},"excerpt":{"rendered":"<p>La Contralor\u00eda General de la Rep\u00fablica adelanta actualmente en el departamento de Nari\u00f1o 236 procesos de responsabilidad fiscal, por una cuant\u00eda total de $137.441 millones. Para destacar los siguientes procesos referidos a proyectos relevantes. Se trata de: UN (1)\u00a0PROCESO DE RESPONSABILIDAD FISCAL POR IRREGULARIDADES EN LA GESTI\u00d3N DE LA EPS EMSSANAR SAS, AL ASUMIR GASTOS [&hellip;]<\/p>\n","protected":false},"author":1,"featured_media":33249,"comment_status":"open","ping_status":"open","sticky":false,"template":"","format":"standard","meta":{"footnotes":""},"categories":[53],"tags":[],"class_list":["post-65688","post","type-post","status-publish","format-standard","has-post-thumbnail","hentry","category-regiones"],"yoast_head":"<!-- This site is optimized with the Yoast SEO plugin v27.1.1 - https:\/\/yoast.com\/product\/yoast-seo-wordpress\/ -->\n<title>Contralor\u00eda General encuentra 63 Elefantes Blancos en Nari\u00f1o | P\u00e1gina10<\/title>\n<meta name=\"robots\" content=\"index, follow, max-snippet:-1, max-image-preview:large, max-video-preview:-1\" \/>\n<link rel=\"canonical\" href=\"https:\/\/pagina10.com\/web\/contraloria-general-encuentra-63-elefantes-blancos-en-narino\/\" \/>\n<meta property=\"og:locale\" content=\"es_ES\" \/>\n<meta property=\"og:type\" content=\"article\" \/>\n<meta property=\"og:title\" content=\"Contralor\u00eda General encuentra 63 Elefantes Blancos en Nari\u00f1o | P\u00e1gina10\" \/>\n<meta property=\"og:description\" content=\"La Contralor\u00eda General de la Rep\u00fablica adelanta actualmente en el departamento de Nari\u00f1o 236 procesos de responsabilidad fiscal, por una cuant\u00eda total de $137.441 millones. Para destacar los siguientes procesos referidos a proyectos relevantes. Se trata de: UN (1)\u00a0PROCESO DE RESPONSABILIDAD FISCAL POR IRREGULARIDADES EN LA GESTI\u00d3N DE LA EPS EMSSANAR SAS, AL ASUMIR GASTOS [&hellip;]\" \/>\n<meta property=\"og:url\" content=\"https:\/\/pagina10.com\/web\/contraloria-general-encuentra-63-elefantes-blancos-en-narino\/\" \/>\n<meta property=\"og:site_name\" content=\"P\u00e1gina10\" \/>\n<meta property=\"article:publisher\" content=\"https:\/\/www.facebook.com\/pag10com\" \/>\n<meta property=\"article:published_time\" content=\"2023-04-30T17:08:28+00:00\" \/>\n<meta property=\"og:image\" content=\"https:\/\/pagina10.com\/web\/wp-content\/uploads\/2018\/08\/rpt-noticias-valledupar-contraloria.jpg\" \/>\n\t<meta property=\"og:image:width\" content=\"960\" \/>\n\t<meta property=\"og:image:height\" content=\"540\" \/>\n\t<meta property=\"og:image:type\" content=\"image\/jpeg\" \/>\n<meta name=\"author\" content=\"P\u00e1gina 10\" \/>\n<meta name=\"twitter:card\" content=\"summary_large_image\" \/>\n<meta name=\"twitter:creator\" content=\"@Pag10com\" \/>\n<meta name=\"twitter:site\" content=\"@Pag10com\" \/>\n<meta name=\"twitter:label1\" content=\"Escrito por\" \/>\n\t<meta name=\"twitter:data1\" content=\"P\u00e1gina 10\" \/>\n\t<meta name=\"twitter:label2\" content=\"Tiempo de lectura\" \/>\n\t<meta name=\"twitter:data2\" content=\"9 minutos\" \/>\n<script type=\"application\/ld+json\" class=\"yoast-schema-graph\">{\"@context\":\"https:\/\/schema.org\",\"@graph\":[{\"@type\":\"Article\",\"@id\":\"https:\/\/pagina10.com\/web\/contraloria-general-encuentra-63-elefantes-blancos-en-narino\/#article\",\"isPartOf\":{\"@id\":\"https:\/\/pagina10.com\/web\/contraloria-general-encuentra-63-elefantes-blancos-en-narino\/\"},\"author\":{\"name\":\"P\u00e1gina 10\",\"@id\":\"https:\/\/pagina10.com\/web\/#\/schema\/person\/2efc4a090d25b667d3bc796798a3a81b\"},\"headline\":\"Contralor\u00eda General encuentra 63 Elefantes Blancos en Nari\u00f1o\",\"datePublished\":\"2023-04-30T17:08:28+00:00\",\"mainEntityOfPage\":{\"@id\":\"https:\/\/pagina10.com\/web\/contraloria-general-encuentra-63-elefantes-blancos-en-narino\/\"},\"wordCount\":1804,\"commentCount\":0,\"publisher\":{\"@id\":\"https:\/\/pagina10.com\/web\/#organization\"},\"image\":{\"@id\":\"https:\/\/pagina10.com\/web\/contraloria-general-encuentra-63-elefantes-blancos-en-narino\/#primaryimage\"},\"thumbnailUrl\":\"https:\/\/pagina10.com\/web\/wp-content\/uploads\/2018\/08\/rpt-noticias-valledupar-contraloria.jpg\",\"articleSection\":[\"Regiones\"],\"inLanguage\":\"es\",\"potentialAction\":[{\"@type\":\"CommentAction\",\"name\":\"Comment\",\"target\":[\"https:\/\/pagina10.com\/web\/contraloria-general-encuentra-63-elefantes-blancos-en-narino\/#respond\"]}]},{\"@type\":\"WebPage\",\"@id\":\"https:\/\/pagina10.com\/web\/contraloria-general-encuentra-63-elefantes-blancos-en-narino\/\",\"url\":\"https:\/\/pagina10.com\/web\/contraloria-general-encuentra-63-elefantes-blancos-en-narino\/\",\"name\":\"Contralor\u00eda General encuentra 63 Elefantes Blancos en Nari\u00f1o | P\u00e1gina10\",\"isPartOf\":{\"@id\":\"https:\/\/pagina10.com\/web\/#website\"},\"primaryImageOfPage\":{\"@id\":\"https:\/\/pagina10.com\/web\/contraloria-general-encuentra-63-elefantes-blancos-en-narino\/#primaryimage\"},\"image\":{\"@id\":\"https:\/\/pagina10.com\/web\/contraloria-general-encuentra-63-elefantes-blancos-en-narino\/#primaryimage\"},\"thumbnailUrl\":\"https:\/\/pagina10.com\/web\/wp-content\/uploads\/2018\/08\/rpt-noticias-valledupar-contraloria.jpg\",\"datePublished\":\"2023-04-30T17:08:28+00:00\",\"breadcrumb\":{\"@id\":\"https:\/\/pagina10.com\/web\/contraloria-general-encuentra-63-elefantes-blancos-en-narino\/#breadcrumb\"},\"inLanguage\":\"es\",\"potentialAction\":[{\"@type\":\"ReadAction\",\"target\":[\"https:\/\/pagina10.com\/web\/contraloria-general-encuentra-63-elefantes-blancos-en-narino\/\"]}]},{\"@type\":\"ImageObject\",\"inLanguage\":\"es\",\"@id\":\"https:\/\/pagina10.com\/web\/contraloria-general-encuentra-63-elefantes-blancos-en-narino\/#primaryimage\",\"url\":\"https:\/\/pagina10.com\/web\/wp-content\/uploads\/2018\/08\/rpt-noticias-valledupar-contraloria.jpg\",\"contentUrl\":\"https:\/\/pagina10.com\/web\/wp-content\/uploads\/2018\/08\/rpt-noticias-valledupar-contraloria.jpg\",\"width\":960,\"height\":540},{\"@type\":\"BreadcrumbList\",\"@id\":\"https:\/\/pagina10.com\/web\/contraloria-general-encuentra-63-elefantes-blancos-en-narino\/#breadcrumb\",\"itemListElement\":[{\"@type\":\"ListItem\",\"position\":1,\"name\":\"Portada\",\"item\":\"https:\/\/pagina10.com\/web\/\"},{\"@type\":\"ListItem\",\"position\":2,\"name\":\"Contralor\u00eda General encuentra 63 Elefantes Blancos en Nari\u00f1o\"}]},{\"@type\":\"WebSite\",\"@id\":\"https:\/\/pagina10.com\/web\/#website\",\"url\":\"https:\/\/pagina10.com\/web\/\",\"name\":\"P\u00e1gina10\",\"description\":\"Peri\u00f3dico Regional\",\"publisher\":{\"@id\":\"https:\/\/pagina10.com\/web\/#organization\"},\"alternateName\":\"P\u00e1gina10 Peri\u00f3dico Regional\",\"potentialAction\":[{\"@type\":\"SearchAction\",\"target\":{\"@type\":\"EntryPoint\",\"urlTemplate\":\"https:\/\/pagina10.com\/web\/?s={search_term_string}\"},\"query-input\":{\"@type\":\"PropertyValueSpecification\",\"valueRequired\":true,\"valueName\":\"search_term_string\"}}],\"inLanguage\":\"es\"},{\"@type\":\"Organization\",\"@id\":\"https:\/\/pagina10.com\/web\/#organization\",\"name\":\"P\u00e1gina10\",\"alternateName\":\"P\u00e1gina10 Peri\u00f3dico Regional\",\"url\":\"https:\/\/pagina10.com\/web\/\",\"logo\":{\"@type\":\"ImageObject\",\"inLanguage\":\"es\",\"@id\":\"https:\/\/pagina10.com\/web\/#\/schema\/logo\/image\/\",\"url\":\"https:\/\/pagina10.com\/web\/wp-content\/uploads\/2024\/01\/40-pagina-10-periodico-regional-pasto.jpg\",\"contentUrl\":\"https:\/\/pagina10.com\/web\/wp-content\/uploads\/2024\/01\/40-pagina-10-periodico-regional-pasto.jpg\",\"width\":1280,\"height\":720,\"caption\":\"P\u00e1gina10\"},\"image\":{\"@id\":\"https:\/\/pagina10.com\/web\/#\/schema\/logo\/image\/\"},\"sameAs\":[\"https:\/\/www.facebook.com\/pag10com\",\"https:\/\/x.com\/Pag10com\",\"https:\/\/www.instagram.com\/pagina10col\/\",\"https:\/\/youtube.com\/channel\/pag10\",\"https:\/\/www.tiktok.com\/@p10col\"]},{\"@type\":\"Person\",\"@id\":\"https:\/\/pagina10.com\/web\/#\/schema\/person\/2efc4a090d25b667d3bc796798a3a81b\",\"name\":\"P\u00e1gina 10\",\"description\":\"P\u00e1gina 10 es un peri\u00f3dico regional que nace en Colombia, en el departamento de Nari\u00f1o, con un enfoque global, fundamentado en cuatro pilares esenciales: la libertad, el pluralismo, la inclusi\u00f3n y la independencia. P\u00e1gina 10 hace referencia a Nari\u00f1o como el d\u00e9cimo departamento creado en Colombia, despu\u00e9s de un proceso pol\u00edtico liderado por actores y actrices regionales con el fin de obtener la independencia y autonom\u00eda de nuestros territorios. Con la creaci\u00f3n de P\u00e1gina 10 se pretende abrir un escenario para el dialogo, la reflexi\u00f3n y el debate que se extienda a otras geograf\u00edas de Am\u00e9rica Latina y del planeta, en una apuesta por transformar colectivamente los desaf\u00edos de un mundo contempor\u00e1neo, m\u00e1s all\u00e1 de las fronteras impuestas.\",\"url\":\"https:\/\/pagina10.com\/web\/author\/pdiezadmin\/\"}]}<\/script>\n<!-- \/ Yoast SEO plugin. -->","yoast_head_json":{"title":"Contralor\u00eda General encuentra 63 Elefantes Blancos en Nari\u00f1o | P\u00e1gina10","robots":{"index":"index","follow":"follow","max-snippet":"max-snippet:-1","max-image-preview":"max-image-preview:large","max-video-preview":"max-video-preview:-1"},"canonical":"https:\/\/pagina10.com\/web\/contraloria-general-encuentra-63-elefantes-blancos-en-narino\/","og_locale":"es_ES","og_type":"article","og_title":"Contralor\u00eda General encuentra 63 Elefantes Blancos en Nari\u00f1o | P\u00e1gina10","og_description":"La Contralor\u00eda General de la Rep\u00fablica adelanta actualmente en el departamento de Nari\u00f1o 236 procesos de responsabilidad fiscal, por una cuant\u00eda total de $137.441 millones. Para destacar los siguientes procesos referidos a proyectos relevantes. Se trata de: UN (1)\u00a0PROCESO DE RESPONSABILIDAD FISCAL POR IRREGULARIDADES EN LA GESTI\u00d3N DE LA EPS EMSSANAR SAS, AL ASUMIR GASTOS [&hellip;]","og_url":"https:\/\/pagina10.com\/web\/contraloria-general-encuentra-63-elefantes-blancos-en-narino\/","og_site_name":"P\u00e1gina10","article_publisher":"https:\/\/www.facebook.com\/pag10com","article_published_time":"2023-04-30T17:08:28+00:00","og_image":[{"width":960,"height":540,"url":"https:\/\/pagina10.com\/web\/wp-content\/uploads\/2018\/08\/rpt-noticias-valledupar-contraloria.jpg","type":"image\/jpeg"}],"author":"P\u00e1gina 10","twitter_card":"summary_large_image","twitter_creator":"@Pag10com","twitter_site":"@Pag10com","twitter_misc":{"Escrito por":"P\u00e1gina 10","Tiempo de lectura":"9 minutos"},"schema":{"@context":"https:\/\/schema.org","@graph":[{"@type":"Article","@id":"https:\/\/pagina10.com\/web\/contraloria-general-encuentra-63-elefantes-blancos-en-narino\/#article","isPartOf":{"@id":"https:\/\/pagina10.com\/web\/contraloria-general-encuentra-63-elefantes-blancos-en-narino\/"},"author":{"name":"P\u00e1gina 10","@id":"https:\/\/pagina10.com\/web\/#\/schema\/person\/2efc4a090d25b667d3bc796798a3a81b"},"headline":"Contralor\u00eda General encuentra 63 Elefantes Blancos en Nari\u00f1o","datePublished":"2023-04-30T17:08:28+00:00","mainEntityOfPage":{"@id":"https:\/\/pagina10.com\/web\/contraloria-general-encuentra-63-elefantes-blancos-en-narino\/"},"wordCount":1804,"commentCount":0,"publisher":{"@id":"https:\/\/pagina10.com\/web\/#organization"},"image":{"@id":"https:\/\/pagina10.com\/web\/contraloria-general-encuentra-63-elefantes-blancos-en-narino\/#primaryimage"},"thumbnailUrl":"https:\/\/pagina10.com\/web\/wp-content\/uploads\/2018\/08\/rpt-noticias-valledupar-contraloria.jpg","articleSection":["Regiones"],"inLanguage":"es","potentialAction":[{"@type":"CommentAction","name":"Comment","target":["https:\/\/pagina10.com\/web\/contraloria-general-encuentra-63-elefantes-blancos-en-narino\/#respond"]}]},{"@type":"WebPage","@id":"https:\/\/pagina10.com\/web\/contraloria-general-encuentra-63-elefantes-blancos-en-narino\/","url":"https:\/\/pagina10.com\/web\/contraloria-general-encuentra-63-elefantes-blancos-en-narino\/","name":"Contralor\u00eda General encuentra 63 Elefantes Blancos en Nari\u00f1o | P\u00e1gina10","isPartOf":{"@id":"https:\/\/pagina10.com\/web\/#website"},"primaryImageOfPage":{"@id":"https:\/\/pagina10.com\/web\/contraloria-general-encuentra-63-elefantes-blancos-en-narino\/#primaryimage"},"image":{"@id":"https:\/\/pagina10.com\/web\/contraloria-general-encuentra-63-elefantes-blancos-en-narino\/#primaryimage"},"thumbnailUrl":"https:\/\/pagina10.com\/web\/wp-content\/uploads\/2018\/08\/rpt-noticias-valledupar-contraloria.jpg","datePublished":"2023-04-30T17:08:28+00:00","breadcrumb":{"@id":"https:\/\/pagina10.com\/web\/contraloria-general-encuentra-63-elefantes-blancos-en-narino\/#breadcrumb"},"inLanguage":"es","potentialAction":[{"@type":"ReadAction","target":["https:\/\/pagina10.com\/web\/contraloria-general-encuentra-63-elefantes-blancos-en-narino\/"]}]},{"@type":"ImageObject","inLanguage":"es","@id":"https:\/\/pagina10.com\/web\/contraloria-general-encuentra-63-elefantes-blancos-en-narino\/#primaryimage","url":"https:\/\/pagina10.com\/web\/wp-content\/uploads\/2018\/08\/rpt-noticias-valledupar-contraloria.jpg","contentUrl":"https:\/\/pagina10.com\/web\/wp-content\/uploads\/2018\/08\/rpt-noticias-valledupar-contraloria.jpg","width":960,"height":540},{"@type":"BreadcrumbList","@id":"https:\/\/pagina10.com\/web\/contraloria-general-encuentra-63-elefantes-blancos-en-narino\/#breadcrumb","itemListElement":[{"@type":"ListItem","position":1,"name":"Portada","item":"https:\/\/pagina10.com\/web\/"},{"@type":"ListItem","position":2,"name":"Contralor\u00eda General encuentra 63 Elefantes Blancos en Nari\u00f1o"}]},{"@type":"WebSite","@id":"https:\/\/pagina10.com\/web\/#website","url":"https:\/\/pagina10.com\/web\/","name":"P\u00e1gina10","description":"Peri\u00f3dico Regional","publisher":{"@id":"https:\/\/pagina10.com\/web\/#organization"},"alternateName":"P\u00e1gina10 Peri\u00f3dico Regional","potentialAction":[{"@type":"SearchAction","target":{"@type":"EntryPoint","urlTemplate":"https:\/\/pagina10.com\/web\/?s={search_term_string}"},"query-input":{"@type":"PropertyValueSpecification","valueRequired":true,"valueName":"search_term_string"}}],"inLanguage":"es"},{"@type":"Organization","@id":"https:\/\/pagina10.com\/web\/#organization","name":"P\u00e1gina10","alternateName":"P\u00e1gina10 Peri\u00f3dico Regional","url":"https:\/\/pagina10.com\/web\/","logo":{"@type":"ImageObject","inLanguage":"es","@id":"https:\/\/pagina10.com\/web\/#\/schema\/logo\/image\/","url":"https:\/\/pagina10.com\/web\/wp-content\/uploads\/2024\/01\/40-pagina-10-periodico-regional-pasto.jpg","contentUrl":"https:\/\/pagina10.com\/web\/wp-content\/uploads\/2024\/01\/40-pagina-10-periodico-regional-pasto.jpg","width":1280,"height":720,"caption":"P\u00e1gina10"},"image":{"@id":"https:\/\/pagina10.com\/web\/#\/schema\/logo\/image\/"},"sameAs":["https:\/\/www.facebook.com\/pag10com","https:\/\/x.com\/Pag10com","https:\/\/www.instagram.com\/pagina10col\/","https:\/\/youtube.com\/channel\/pag10","https:\/\/www.tiktok.com\/@p10col"]},{"@type":"Person","@id":"https:\/\/pagina10.com\/web\/#\/schema\/person\/2efc4a090d25b667d3bc796798a3a81b","name":"P\u00e1gina 10","description":"P\u00e1gina 10 es un peri\u00f3dico regional que nace en Colombia, en el departamento de Nari\u00f1o, con un enfoque global, fundamentado en cuatro pilares esenciales: la libertad, el pluralismo, la inclusi\u00f3n y la independencia. P\u00e1gina 10 hace referencia a Nari\u00f1o como el d\u00e9cimo departamento creado en Colombia, despu\u00e9s de un proceso pol\u00edtico liderado por actores y actrices regionales con el fin de obtener la independencia y autonom\u00eda de nuestros territorios. Con la creaci\u00f3n de P\u00e1gina 10 se pretende abrir un escenario para el dialogo, la reflexi\u00f3n y el debate que se extienda a otras geograf\u00edas de Am\u00e9rica Latina y del planeta, en una apuesta por transformar colectivamente los desaf\u00edos de un mundo contempor\u00e1neo, m\u00e1s all\u00e1 de las fronteras impuestas.","url":"https:\/\/pagina10.com\/web\/author\/pdiezadmin\/"}]}},"_links":{"self":[{"href":"https:\/\/pagina10.com\/web\/wp-json\/wp\/v2\/posts\/65688","targetHints":{"allow":["GET"]}}],"collection":[{"href":"https:\/\/pagina10.com\/web\/wp-json\/wp\/v2\/posts"}],"about":[{"href":"https:\/\/pagina10.com\/web\/wp-json\/wp\/v2\/types\/post"}],"author":[{"embeddable":true,"href":"https:\/\/pagina10.com\/web\/wp-json\/wp\/v2\/users\/1"}],"replies":[{"embeddable":true,"href":"https:\/\/pagina10.com\/web\/wp-json\/wp\/v2\/comments?post=65688"}],"version-history":[{"count":1,"href":"https:\/\/pagina10.com\/web\/wp-json\/wp\/v2\/posts\/65688\/revisions"}],"predecessor-version":[{"id":65689,"href":"https:\/\/pagina10.com\/web\/wp-json\/wp\/v2\/posts\/65688\/revisions\/65689"}],"wp:featuredmedia":[{"embeddable":true,"href":"https:\/\/pagina10.com\/web\/wp-json\/wp\/v2\/media\/33249"}],"wp:attachment":[{"href":"https:\/\/pagina10.com\/web\/wp-json\/wp\/v2\/media?parent=65688"}],"wp:term":[{"taxonomy":"category","embeddable":true,"href":"https:\/\/pagina10.com\/web\/wp-json\/wp\/v2\/categories?post=65688"},{"taxonomy":"post_tag","embeddable":true,"href":"https:\/\/pagina10.com\/web\/wp-json\/wp\/v2\/tags?post=65688"}],"curies":[{"name":"wp","href":"https:\/\/api.w.org\/{rel}","templated":true}]}}